{"id":63836,"date":"2021-07-01T14:15:00","date_gmt":"2021-07-01T17:15:00","guid":{"rendered":"https:\/\/www.gaveanews.com\/?p=63836"},"modified":"2021-07-01T18:03:24","modified_gmt":"2021-07-01T21:03:24","slug":"pedro-sabe-desde-o-inicio-que-nao-seria-liberado-revela-braz","status":"publish","type":"post","link":"https:\/\/www.gaveanews.com\/index.php\/2021\/07\/01\/pedro-sabe-desde-o-inicio-que-nao-seria-liberado-revela-braz\/","title":{"rendered":"&#8220;Pedro sabe desde o in\u00edcio que n\u00e3o seria liberado&#8221;, revela Braz"},"content":{"rendered":"\n<p>Marcos Braz, vice-presidente de futebol do Flamengo, minimizou o fato de o clube n\u00e3o liberar o atacante Pedro para defender a sele\u00e7\u00e3o brasileira nas Olimp\u00edadas. O dirigente flamenguista afirmou que o jogador sempre soube a posi\u00e7\u00e3o do time. Ontem, o Superior Tribunal de Justi\u00e7a Desportiva (STJD) concedeu uma liminar que permite que Pedro fique fora dos Jogos Ol\u00edmpicos.<\/p>\n\n\n\n<p>O dirigente ainda disse que entende cada posi\u00e7\u00e3o com muita naturalidade, desde o interesse da Confedera\u00e7\u00e3o Brasileira de Futebol (CBF) em contar com o jogador at\u00e9 a recusa do Flamengo. Marcos Braz afirmou que o clube n\u00e3o tem tratado a situa\u00e7\u00e3o como uma pol\u00eamica para que n\u00e3o haja interfer\u00eancias no dia a dia da equipe.<\/p>\n\n\n\n<p><strong><em>\u2014 \u00c9 a coisa mais natural do mundo a CBF convocar o Pedro. Mais natural ainda \u00e9 o Flamengo n\u00e3o liberar. \u00c9 uma maneira de se resguardar. A CBF convocou, o Flamengo n\u00e3o vai liberar e segue o jogo. N\u00e3o tem o que brigar, o que discutir. Temos uma decis\u00e3o em nosso favor no STJD e n\u00e3o poderia ser diferente. O Flamengo tem esse direito porque n\u00e3o \u00e9 data Fifa<\/em><\/strong>, disse em entrevista ao canal Paparazzo Rubro-Negro.<\/p>\n\n\n\n<p><strong><em>\u2014 O Pedro, diferente do que alguns disseram, sabe desde o in\u00edcio que n\u00e3o ia ser liberado. As coisas tem que ser tratadas com mais naturalidade, menos conflito e menos &#8216;mimimi&#8217;. Eu entendo os jornalistas que abordam os temas, mas temos que tratar isso com naturalidade para n\u00e3o impactar no dia a dia. O Pedro sabia desde a convoca\u00e7\u00e3o que n\u00e3o seria liberado. Aqui no Flamengo, a gente trata as coisas com transpar\u00eancia<\/em><\/strong>, complementou.<\/p>\n\n\n\n<p>Retirado de: UOL<\/p>\n","protected":false},"excerpt":{"rendered":"<p>Marcos Braz, vice-presidente de futebol do Flamengo, minimizou o fato de o clube n\u00e3o liberar o atacante Pedro para defender a sele\u00e7\u00e3o brasileira nas Olimp\u00edadas. O dirigente flamenguista afirmou que o jogador sempre soube a posi\u00e7\u00e3o do time. Ontem, o Superior Tribunal de Justi\u00e7a Desportiva (STJD) concedeu uma liminar que permite que Pedro fique fora [&hellip;]<\/p>\n","protected":false},"author":1,"featured_media":62638,"comment_status":"open","ping_status":"closed","sticky":false,"template":"","format":"standard","meta":{"footnotes":""},"categories":[1],"tags":[],"class_list":["post-63836","post","type-post","status-publish","format-standard","has-post-thumbnail","hentry","category-flamengo"],"yoast_head":"<!-- This site is optimized with the Yoast SEO Premium plugin v24.2 (Yoast SEO v26.9) - https:\/\/yoast.com\/product\/yoast-seo-premium-wordpress\/ -->\n<title>&quot;Pedro sabe desde o in\u00edcio que n\u00e3o seria liberado&quot;, revela Braz<\/title>\n<meta name=\"robots\" content=\"index, follow, max-snippet:-1, max-image-preview:large, max-video-preview:-1\" \/>\n<link rel=\"canonical\" href=\"https:\/\/www.gaveanews.com\/index.php\/2021\/07\/01\/pedro-sabe-desde-o-inicio-que-nao-seria-liberado-revela-braz\/\" \/>\n<meta property=\"og:locale\" content=\"pt_BR\" \/>\n<meta property=\"og:type\" content=\"article\" \/>\n<meta property=\"og:title\" content=\"&quot;Pedro sabe desde o in\u00edcio que n\u00e3o seria liberado&quot;, revela Braz\" \/>\n<meta property=\"og:description\" content=\"Marcos Braz, vice-presidente de futebol do Flamengo, minimizou o fato de o clube n\u00e3o liberar o atacante Pedro para defender a sele\u00e7\u00e3o brasileira nas Olimp\u00edadas. O dirigente flamenguista afirmou que o jogador sempre soube a posi\u00e7\u00e3o do time. Ontem, o Superior Tribunal de Justi\u00e7a Desportiva (STJD) concedeu uma liminar que permite que Pedro fique fora [&hellip;]\" \/>\n<meta property=\"og:url\" content=\"https:\/\/www.gaveanews.com\/index.php\/2021\/07\/01\/pedro-sabe-desde-o-inicio-que-nao-seria-liberado-revela-braz\/\" \/>\n<meta property=\"og:site_name\" content=\"G\u00e1vea News\" \/>\n<meta property=\"article:publisher\" content=\"https:\/\/facebook.com\/gaveaNews\/\" \/>\n<meta property=\"article:published_time\" content=\"2021-07-01T17:15:00+00:00\" \/>\n<meta property=\"article:modified_time\" content=\"2021-07-01T21:03:24+00:00\" \/>\n<meta property=\"og:image\" content=\"https:\/\/www.gaveanews.com\/wp-content\/uploads\/Pedro-em-acao-pela-Selecao-Olimpica.webp\" \/>\n\t<meta property=\"og:image:width\" content=\"640\" \/>\n\t<meta property=\"og:image:height\" content=\"360\" \/>\n\t<meta property=\"og:image:type\" content=\"image\/jpeg\" \/>\n<meta name=\"author\" content=\"Equipe G\u00e1vea News\" \/>\n<meta name=\"twitter:card\" content=\"summary_large_image\" \/>\n<meta name=\"twitter:label1\" content=\"Escrito por\" \/>\n\t<meta name=\"twitter:data1\" content=\"Equipe G\u00e1vea News\" \/>\n\t<meta name=\"twitter:label2\" content=\"Est. tempo de leitura\" \/>\n\t<meta name=\"twitter:data2\" content=\"2 minutos\" \/>\n<script type=\"application\/ld+json\" class=\"yoast-schema-graph\">{\"@context\":\"https:\/\/schema.org\",\"@graph\":[{\"@type\":\"NewsArticle\",\"@id\":\"https:\/\/www.gaveanews.com\/index.php\/2021\/07\/01\/pedro-sabe-desde-o-inicio-que-nao-seria-liberado-revela-braz\/#article\",\"isPartOf\":{\"@id\":\"https:\/\/www.gaveanews.com\/index.php\/2021\/07\/01\/pedro-sabe-desde-o-inicio-que-nao-seria-liberado-revela-braz\/\"},\"author\":{\"name\":\"Equipe G\u00e1vea News\",\"@id\":\"https:\/\/www.gaveanews.com\/#\/schema\/person\/2ec14f73fb96be2caf28f91afb14749d\"},\"headline\":\"&#8220;Pedro sabe desde o in\u00edcio que n\u00e3o seria liberado&#8221;, revela Braz\",\"datePublished\":\"2021-07-01T17:15:00+00:00\",\"dateModified\":\"2021-07-01T21:03:24+00:00\",\"mainEntityOfPage\":{\"@id\":\"https:\/\/www.gaveanews.com\/index.php\/2021\/07\/01\/pedro-sabe-desde-o-inicio-que-nao-seria-liberado-revela-braz\/\"},\"wordCount\":299,\"commentCount\":4,\"image\":{\"@id\":\"https:\/\/www.gaveanews.com\/index.php\/2021\/07\/01\/pedro-sabe-desde-o-inicio-que-nao-seria-liberado-revela-braz\/#primaryimage\"},\"thumbnailUrl\":\"https:\/\/www.gaveanews.com\/wp-content\/uploads\/Pedro-em-acao-pela-Selecao-Olimpica.webp\",\"articleSection\":[\"Flamengo\"],\"inLanguage\":\"pt-BR\",\"potentialAction\":[{\"@type\":\"CommentAction\",\"name\":\"Comment\",\"target\":[\"https:\/\/www.gaveanews.com\/index.php\/2021\/07\/01\/pedro-sabe-desde-o-inicio-que-nao-seria-liberado-revela-braz\/#respond\"]}],\"copyrightYear\":\"2021\",\"copyrightHolder\":{\"@id\":\"https:\/\/www.gaveanews.com\/#organization\"}},{\"@type\":\"WebPage\",\"@id\":\"https:\/\/www.gaveanews.com\/index.php\/2021\/07\/01\/pedro-sabe-desde-o-inicio-que-nao-seria-liberado-revela-braz\/\",\"url\":\"https:\/\/www.gaveanews.com\/index.php\/2021\/07\/01\/pedro-sabe-desde-o-inicio-que-nao-seria-liberado-revela-braz\/\",\"name\":\"\\\"Pedro sabe desde o in\u00edcio que n\u00e3o seria liberado\\\", revela Braz\",\"isPartOf\":{\"@id\":\"https:\/\/www.gaveanews.com\/#website\"},\"primaryImageOfPage\":{\"@id\":\"https:\/\/www.gaveanews.com\/index.php\/2021\/07\/01\/pedro-sabe-desde-o-inicio-que-nao-seria-liberado-revela-braz\/#primaryimage\"},\"image\":{\"@id\":\"https:\/\/www.gaveanews.com\/index.php\/2021\/07\/01\/pedro-sabe-desde-o-inicio-que-nao-seria-liberado-revela-braz\/#primaryimage\"},\"thumbnailUrl\":\"https:\/\/www.gaveanews.com\/wp-content\/uploads\/Pedro-em-acao-pela-Selecao-Olimpica.webp\",\"datePublished\":\"2021-07-01T17:15:00+00:00\",\"dateModified\":\"2021-07-01T21:03:24+00:00\",\"author\":{\"@id\":\"https:\/\/www.gaveanews.com\/#\/schema\/person\/2ec14f73fb96be2caf28f91afb14749d\"},\"breadcrumb\":{\"@id\":\"https:\/\/www.gaveanews.com\/index.php\/2021\/07\/01\/pedro-sabe-desde-o-inicio-que-nao-seria-liberado-revela-braz\/#breadcrumb\"},\"inLanguage\":\"pt-BR\",\"potentialAction\":[{\"@type\":\"ReadAction\",\"target\":[\"https:\/\/www.gaveanews.com\/index.php\/2021\/07\/01\/pedro-sabe-desde-o-inicio-que-nao-seria-liberado-revela-braz\/\"]}]},{\"@type\":\"ImageObject\",\"inLanguage\":\"pt-BR\",\"@id\":\"https:\/\/www.gaveanews.com\/index.php\/2021\/07\/01\/pedro-sabe-desde-o-inicio-que-nao-seria-liberado-revela-braz\/#primaryimage\",\"url\":\"https:\/\/www.gaveanews.com\/wp-content\/uploads\/Pedro-em-acao-pela-Selecao-Olimpica.webp\",\"contentUrl\":\"https:\/\/www.gaveanews.com\/wp-content\/uploads\/Pedro-em-acao-pela-Selecao-Olimpica.webp\",\"width\":640,\"height\":360,\"caption\":\"Pedro em a\u00e7\u00e3o pela Sele\u00e7\u00e3o Ol\u00edmpica (Foto: Divulga\u00e7\u00e3o\/CBF)\"},{\"@type\":\"BreadcrumbList\",\"@id\":\"https:\/\/www.gaveanews.com\/index.php\/2021\/07\/01\/pedro-sabe-desde-o-inicio-que-nao-seria-liberado-revela-braz\/#breadcrumb\",\"itemListElement\":[{\"@type\":\"ListItem\",\"position\":1,\"name\":\"Home\",\"item\":\"https:\/\/www.gaveanews.com\/\"},{\"@type\":\"ListItem\",\"position\":2,\"name\":\"&#8220;Pedro sabe desde o in\u00edcio que n\u00e3o seria liberado&#8221;, revela Braz\"}]},{\"@type\":\"WebSite\",\"@id\":\"https:\/\/www.gaveanews.com\/#website\",\"url\":\"https:\/\/www.gaveanews.com\/\",\"name\":\"G\u00e1vea News\",\"description\":\"Veja todas as not\u00edcias sobre o Flamengo: Contrata\u00e7\u00f5es, categorias de base, resultados das partidas, tabela de classifica\u00e7\u00e3o, pr\u00f3ximos jogos!\",\"potentialAction\":[{\"@type\":\"SearchAction\",\"target\":{\"@type\":\"EntryPoint\",\"urlTemplate\":\"https:\/\/www.gaveanews.com\/?s={search_term_string}\"},\"query-input\":{\"@type\":\"PropertyValueSpecification\",\"valueRequired\":true,\"valueName\":\"search_term_string\"}}],\"inLanguage\":\"pt-BR\"},{\"@type\":\"Person\",\"@id\":\"https:\/\/www.gaveanews.com\/#\/schema\/person\/2ec14f73fb96be2caf28f91afb14749d\",\"name\":\"Equipe G\u00e1vea News\",\"image\":{\"@type\":\"ImageObject\",\"inLanguage\":\"pt-BR\",\"@id\":\"https:\/\/www.gaveanews.com\/#\/schema\/person\/image\/\",\"url\":\"https:\/\/secure.gravatar.com\/avatar\/1e1956f1facbffd3f8fa53a326721950116b3b9dc9bd44939c01180fd4a745a9?s=96&d=mm&r=g\",\"contentUrl\":\"https:\/\/secure.gravatar.com\/avatar\/1e1956f1facbffd3f8fa53a326721950116b3b9dc9bd44939c01180fd4a745a9?s=96&d=mm&r=g\",\"caption\":\"Equipe G\u00e1vea News\"}}]}<\/script>\n<!-- \/ Yoast SEO Premium plugin. -->","yoast_head_json":{"title":"\"Pedro sabe desde o in\u00edcio que n\u00e3o seria liberado\", revela Braz","robots":{"index":"index","follow":"follow","max-snippet":"max-snippet:-1","max-image-preview":"max-image-preview:large","max-video-preview":"max-video-preview:-1"},"canonical":"https:\/\/www.gaveanews.com\/index.php\/2021\/07\/01\/pedro-sabe-desde-o-inicio-que-nao-seria-liberado-revela-braz\/","og_locale":"pt_BR","og_type":"article","og_title":"\"Pedro sabe desde o in\u00edcio que n\u00e3o seria liberado\", revela Braz","og_description":"Marcos Braz, vice-presidente de futebol do Flamengo, minimizou o fato de o clube n\u00e3o liberar o atacante Pedro para defender a sele\u00e7\u00e3o brasileira nas Olimp\u00edadas. O dirigente flamenguista afirmou que o jogador sempre soube a posi\u00e7\u00e3o do time. Ontem, o Superior Tribunal de Justi\u00e7a Desportiva (STJD) concedeu uma liminar que permite que Pedro fique fora [&hellip;]","og_url":"https:\/\/www.gaveanews.com\/index.php\/2021\/07\/01\/pedro-sabe-desde-o-inicio-que-nao-seria-liberado-revela-braz\/","og_site_name":"G\u00e1vea News","article_publisher":"https:\/\/facebook.com\/gaveaNews\/","article_published_time":"2021-07-01T17:15:00+00:00","article_modified_time":"2021-07-01T21:03:24+00:00","og_image":[{"width":640,"height":360,"url":"https:\/\/www.gaveanews.com\/wp-content\/uploads\/Pedro-em-acao-pela-Selecao-Olimpica.webp","type":"image\/jpeg"}],"author":"Equipe G\u00e1vea News","twitter_card":"summary_large_image","twitter_misc":{"Escrito por":"Equipe G\u00e1vea News","Est. tempo de leitura":"2 minutos"},"schema":{"@context":"https:\/\/schema.org","@graph":[{"@type":"NewsArticle","@id":"https:\/\/www.gaveanews.com\/index.php\/2021\/07\/01\/pedro-sabe-desde-o-inicio-que-nao-seria-liberado-revela-braz\/#article","isPartOf":{"@id":"https:\/\/www.gaveanews.com\/index.php\/2021\/07\/01\/pedro-sabe-desde-o-inicio-que-nao-seria-liberado-revela-braz\/"},"author":{"name":"Equipe G\u00e1vea News","@id":"https:\/\/www.gaveanews.com\/#\/schema\/person\/2ec14f73fb96be2caf28f91afb14749d"},"headline":"&#8220;Pedro sabe desde o in\u00edcio que n\u00e3o seria liberado&#8221;, revela Braz","datePublished":"2021-07-01T17:15:00+00:00","dateModified":"2021-07-01T21:03:24+00:00","mainEntityOfPage":{"@id":"https:\/\/www.gaveanews.com\/index.php\/2021\/07\/01\/pedro-sabe-desde-o-inicio-que-nao-seria-liberado-revela-braz\/"},"wordCount":299,"commentCount":4,"image":{"@id":"https:\/\/www.gaveanews.com\/index.php\/2021\/07\/01\/pedro-sabe-desde-o-inicio-que-nao-seria-liberado-revela-braz\/#primaryimage"},"thumbnailUrl":"https:\/\/www.gaveanews.com\/wp-content\/uploads\/Pedro-em-acao-pela-Selecao-Olimpica.webp","articleSection":["Flamengo"],"inLanguage":"pt-BR","potentialAction":[{"@type":"CommentAction","name":"Comment","target":["https:\/\/www.gaveanews.com\/index.php\/2021\/07\/01\/pedro-sabe-desde-o-inicio-que-nao-seria-liberado-revela-braz\/#respond"]}],"copyrightYear":"2021","copyrightHolder":{"@id":"https:\/\/www.gaveanews.com\/#organization"}},{"@type":"WebPage","@id":"https:\/\/www.gaveanews.com\/index.php\/2021\/07\/01\/pedro-sabe-desde-o-inicio-que-nao-seria-liberado-revela-braz\/","url":"https:\/\/www.gaveanews.com\/index.php\/2021\/07\/01\/pedro-sabe-desde-o-inicio-que-nao-seria-liberado-revela-braz\/","name":"\"Pedro sabe desde o in\u00edcio que n\u00e3o seria liberado\", revela Braz","isPartOf":{"@id":"https:\/\/www.gaveanews.com\/#website"},"primaryImageOfPage":{"@id":"https:\/\/www.gaveanews.com\/index.php\/2021\/07\/01\/pedro-sabe-desde-o-inicio-que-nao-seria-liberado-revela-braz\/#primaryimage"},"image":{"@id":"https:\/\/www.gaveanews.com\/index.php\/2021\/07\/01\/pedro-sabe-desde-o-inicio-que-nao-seria-liberado-revela-braz\/#primaryimage"},"thumbnailUrl":"https:\/\/www.gaveanews.com\/wp-content\/uploads\/Pedro-em-acao-pela-Selecao-Olimpica.webp","datePublished":"2021-07-01T17:15:00+00:00","dateModified":"2021-07-01T21:03:24+00:00","author":{"@id":"https:\/\/www.gaveanews.com\/#\/schema\/person\/2ec14f73fb96be2caf28f91afb14749d"},"breadcrumb":{"@id":"https:\/\/www.gaveanews.com\/index.php\/2021\/07\/01\/pedro-sabe-desde-o-inicio-que-nao-seria-liberado-revela-braz\/#breadcrumb"},"inLanguage":"pt-BR","potentialAction":[{"@type":"ReadAction","target":["https:\/\/www.gaveanews.com\/index.php\/2021\/07\/01\/pedro-sabe-desde-o-inicio-que-nao-seria-liberado-revela-braz\/"]}]},{"@type":"ImageObject","inLanguage":"pt-BR","@id":"https:\/\/www.gaveanews.com\/index.php\/2021\/07\/01\/pedro-sabe-desde-o-inicio-que-nao-seria-liberado-revela-braz\/#primaryimage","url":"https:\/\/www.gaveanews.com\/wp-content\/uploads\/Pedro-em-acao-pela-Selecao-Olimpica.webp","contentUrl":"https:\/\/www.gaveanews.com\/wp-content\/uploads\/Pedro-em-acao-pela-Selecao-Olimpica.webp","width":640,"height":360,"caption":"Pedro em a\u00e7\u00e3o pela Sele\u00e7\u00e3o Ol\u00edmpica (Foto: Divulga\u00e7\u00e3o\/CBF)"},{"@type":"BreadcrumbList","@id":"https:\/\/www.gaveanews.com\/index.php\/2021\/07\/01\/pedro-sabe-desde-o-inicio-que-nao-seria-liberado-revela-braz\/#breadcrumb","itemListElement":[{"@type":"ListItem","position":1,"name":"Home","item":"https:\/\/www.gaveanews.com\/"},{"@type":"ListItem","position":2,"name":"&#8220;Pedro sabe desde o in\u00edcio que n\u00e3o seria liberado&#8221;, revela Braz"}]},{"@type":"WebSite","@id":"https:\/\/www.gaveanews.com\/#website","url":"https:\/\/www.gaveanews.com\/","name":"G\u00e1vea News","description":"Veja todas as not\u00edcias sobre o Flamengo: Contrata\u00e7\u00f5es, categorias de base, resultados das partidas, tabela de classifica\u00e7\u00e3o, pr\u00f3ximos jogos!","potentialAction":[{"@type":"SearchAction","target":{"@type":"EntryPoint","urlTemplate":"https:\/\/www.gaveanews.com\/?s={search_term_string}"},"query-input":{"@type":"PropertyValueSpecification","valueRequired":true,"valueName":"search_term_string"}}],"inLanguage":"pt-BR"},{"@type":"Person","@id":"https:\/\/www.gaveanews.com\/#\/schema\/person\/2ec14f73fb96be2caf28f91afb14749d","name":"Equipe G\u00e1vea News","image":{"@type":"ImageObject","inLanguage":"pt-BR","@id":"https:\/\/www.gaveanews.com\/#\/schema\/person\/image\/","url":"https:\/\/secure.gravatar.com\/avatar\/1e1956f1facbffd3f8fa53a326721950116b3b9dc9bd44939c01180fd4a745a9?s=96&d=mm&r=g","contentUrl":"https:\/\/secure.gravatar.com\/avatar\/1e1956f1facbffd3f8fa53a326721950116b3b9dc9bd44939c01180fd4a745a9?s=96&d=mm&r=g","caption":"Equipe G\u00e1vea News"}}]}},"_links":{"self":[{"href":"https:\/\/www.gaveanews.com\/index.php\/wp-json\/wp\/v2\/posts\/63836","targetHints":{"allow":["GET"]}}],"collection":[{"href":"https:\/\/www.gaveanews.com\/index.php\/wp-json\/wp\/v2\/posts"}],"about":[{"href":"https:\/\/www.gaveanews.com\/index.php\/wp-json\/wp\/v2\/types\/post"}],"author":[{"embeddable":true,"href":"https:\/\/www.gaveanews.com\/index.php\/wp-json\/wp\/v2\/users\/1"}],"replies":[{"embeddable":true,"href":"https:\/\/www.gaveanews.com\/index.php\/wp-json\/wp\/v2\/comments?post=63836"}],"version-history":[{"count":0,"href":"https:\/\/www.gaveanews.com\/index.php\/wp-json\/wp\/v2\/posts\/63836\/revisions"}],"wp:featuredmedia":[{"embeddable":true,"href":"https:\/\/www.gaveanews.com\/index.php\/wp-json\/wp\/v2\/media\/62638"}],"wp:attachment":[{"href":"https:\/\/www.gaveanews.com\/index.php\/wp-json\/wp\/v2\/media?parent=63836"}],"wp:term":[{"taxonomy":"category","embeddable":true,"href":"https:\/\/www.gaveanews.com\/index.php\/wp-json\/wp\/v2\/categories?post=63836"},{"taxonomy":"post_tag","embeddable":true,"href":"https:\/\/www.gaveanews.com\/index.php\/wp-json\/wp\/v2\/tags?post=63836"}],"curies":[{"name":"wp","href":"https:\/\/api.w.org\/{rel}","templated":true}]}}