{"id":63851,"date":"2021-07-01T15:53:09","date_gmt":"2021-07-01T18:53:09","guid":{"rendered":"https:\/\/www.gaveanews.com\/?p=63851"},"modified":"2021-07-01T16:00:27","modified_gmt":"2021-07-01T19:00:27","slug":"presidente-do-vasco-revela-inspirar-se-no-flamengo","status":"publish","type":"post","link":"https:\/\/www.gaveanews.com\/index.php\/2021\/07\/01\/presidente-do-vasco-revela-inspirar-se-no-flamengo\/","title":{"rendered":"Presidente do Vasco revela inspirar-se no Flamengo"},"content":{"rendered":"\n<p>Ap\u00f3s o seu quarto rebaixamento para a S\u00e9rie B e com uma d\u00edvida alta, o Vasco tenta se reerguer financeiramente e esportivamente sob o comando do presidente Jorge Salgado, que assumiu o clube este ano e tem meta de recupera\u00e7\u00e3o seguindo um modelo que j\u00e1 foi visto no rival Flamengo, que passou por dificuldades e hoje v\u00ea o reflexo dentro de campo.<\/p>\n\n\n\n<p>Em entrevista a Mauro Cezar Pereira, no programa Dividida, do Canal UOL, Jorge Salgado afirma que seu mandato \u00e9 para tentar arrumar a casa e criar uma base para que nos pr\u00f3ximos anos o Vasco volte a ser um dos clubes mais vencedores do pa\u00eds como foi no final dos anos 90 e in\u00edcio dos anos 2000.<\/p>\n\n\n\n<p><strong><em>\u2014 Eu estou pegando o Vasco em uma situa\u00e7\u00e3o parecida com o nosso maior rival. Voc\u00ea acompanhou a ascens\u00e3o do rival, viu como \u00e9 que ela se deu, os primeiros anos foram muito dif\u00edceis, quase caiu para a segunda divis\u00e3o, e a gente est\u00e1 em uma situa\u00e7\u00e3o semelhante ao que era o que se passou naquele clube. Ent\u00e3o a nossa dire\u00e7\u00e3o, se a gente tiver seis, nove, os mandatos s\u00e3o de tr\u00eas anos, o primeiro mandato, o meu mandato vai ser um mandato de arruma\u00e7\u00e3o e de mostrar o caminho\u201d, afirma Salgado. \u201cAlgu\u00e9m tem que dar esse pontap\u00e9 inicial e eu fui o escolhido para fazer isso, com responsabilidade, sabendo qual \u00e9 a dire\u00e7\u00e3o que eu tenho que ir, n\u00e3o vou me afastar dessa dire\u00e7\u00e3o, ainda que sofra muita press\u00e3o<\/em><\/strong>, completa.<\/p>\n\n\n\n<p>O dirigente lembra que esteve na vice-presid\u00eancia de finan\u00e7as do clube quando houve a contrata\u00e7\u00e3o de Bebeto, em 1989, quando o jogador atuava no maior rival, e que gostaria novamente de fazer frente aos principais clubes do pa\u00eds na disputa por refor\u00e7os, mas que no momento a prioridade de sua gest\u00e3o \u00e9 o ajuste das finan\u00e7as.<\/p>\n\n\n\n<p><strong><em>\u2014 Eu gostaria de contratar jogadores de ponta, eu vivi essa experi\u00eancia no Vasco muitos anos atr\u00e1s, quando eu era vice-presidente de finan\u00e7as aqui, em uma gest\u00e3o do Cal\u00e7ada e do Eurico a gente contratou o Bebeto, que era o jogador mais caro do futebol brasileiro, tirando ele do nosso maior rival, que era o Flamengo. Eu gostaria de estar fazendo isso novamente, mas n\u00e3o vou fazer, n\u00e3o tenho condi\u00e7\u00f5es de fazer, n\u00e3o posso colocar a carro\u00e7a na frente dos bois<\/em><\/strong>, declara Salgado.<\/p>\n\n\n\n<p>Ele tamb\u00e9m revela durante a entrevista que emprestou dinheiro do bolso ao clube para o pagamento de contas, elogia o elenco atual do Vasco, aponta os motivos para que se tenha chegado ao est\u00e1gio atual financeiro e esportivo, al\u00e9m de comentar como ficou a pol\u00edtica interna ap\u00f3s a morte de Eurico Miranda.<\/p>\n\n\n\n<p>Retirado de: UOL<\/p>\n","protected":false},"excerpt":{"rendered":"<p>Ap\u00f3s o seu quarto rebaixamento para a S\u00e9rie B e com uma d\u00edvida alta, o Vasco tenta se reerguer financeiramente e esportivamente sob o comando do presidente Jorge Salgado, que assumiu o clube este ano e tem meta de recupera\u00e7\u00e3o seguindo um modelo que j\u00e1 foi visto no rival Flamengo, que passou por dificuldades e [&hellip;]<\/p>\n","protected":false},"author":1,"featured_media":15081,"comment_status":"open","ping_status":"closed","sticky":false,"template":"","format":"standard","meta":{"footnotes":""},"categories":[1],"tags":[],"class_list":["post-63851","post","type-post","status-publish","format-standard","has-post-thumbnail","hentry","category-flamengo"],"yoast_head":"<!-- This site is optimized with the Yoast SEO Premium plugin v24.2 (Yoast SEO v26.9) - https:\/\/yoast.com\/product\/yoast-seo-premium-wordpress\/ -->\n<title>Presidente do Vasco revela inspirar-se no Flamengo<\/title>\n<meta name=\"robots\" content=\"index, follow, max-snippet:-1, max-image-preview:large, max-video-preview:-1\" \/>\n<link rel=\"canonical\" href=\"https:\/\/www.gaveanews.com\/index.php\/2021\/07\/01\/presidente-do-vasco-revela-inspirar-se-no-flamengo\/\" \/>\n<meta property=\"og:locale\" content=\"pt_BR\" \/>\n<meta property=\"og:type\" content=\"article\" \/>\n<meta property=\"og:title\" content=\"Presidente do Vasco revela inspirar-se no Flamengo\" \/>\n<meta property=\"og:description\" content=\"Ap\u00f3s o seu quarto rebaixamento para a S\u00e9rie B e com uma d\u00edvida alta, o Vasco tenta se reerguer financeiramente e esportivamente sob o comando do presidente Jorge Salgado, que assumiu o clube este ano e tem meta de recupera\u00e7\u00e3o seguindo um modelo que j\u00e1 foi visto no rival Flamengo, que passou por dificuldades e [&hellip;]\" \/>\n<meta property=\"og:url\" content=\"https:\/\/www.gaveanews.com\/index.php\/2021\/07\/01\/presidente-do-vasco-revela-inspirar-se-no-flamengo\/\" \/>\n<meta property=\"og:site_name\" content=\"G\u00e1vea News\" \/>\n<meta property=\"article:publisher\" content=\"https:\/\/facebook.com\/gaveaNews\/\" \/>\n<meta property=\"article:published_time\" content=\"2021-07-01T18:53:09+00:00\" \/>\n<meta property=\"article:modified_time\" content=\"2021-07-01T19:00:27+00:00\" \/>\n<meta property=\"og:image\" content=\"https:\/\/www.gaveanews.com\/wp-content\/uploads\/2019\/03\/Escudo-do-Flamengo-e-exposto-proximo-a-um-dos-gols-no-gramado-do-Maracana.webp\" \/>\n\t<meta property=\"og:image:width\" content=\"1\" \/>\n\t<meta property=\"og:image:height\" content=\"1\" \/>\n\t<meta property=\"og:image:type\" content=\"image\/jpeg\" \/>\n<meta name=\"author\" content=\"Equipe G\u00e1vea News\" \/>\n<meta name=\"twitter:card\" content=\"summary_large_image\" \/>\n<meta name=\"twitter:label1\" content=\"Escrito por\" \/>\n\t<meta name=\"twitter:data1\" content=\"Equipe G\u00e1vea News\" \/>\n\t<meta name=\"twitter:label2\" content=\"Est. tempo de leitura\" \/>\n\t<meta name=\"twitter:data2\" content=\"2 minutos\" \/>\n<script type=\"application\/ld+json\" class=\"yoast-schema-graph\">{\"@context\":\"https:\/\/schema.org\",\"@graph\":[{\"@type\":\"NewsArticle\",\"@id\":\"https:\/\/www.gaveanews.com\/index.php\/2021\/07\/01\/presidente-do-vasco-revela-inspirar-se-no-flamengo\/#article\",\"isPartOf\":{\"@id\":\"https:\/\/www.gaveanews.com\/index.php\/2021\/07\/01\/presidente-do-vasco-revela-inspirar-se-no-flamengo\/\"},\"author\":{\"name\":\"Equipe G\u00e1vea News\",\"@id\":\"https:\/\/www.gaveanews.com\/#\/schema\/person\/2ec14f73fb96be2caf28f91afb14749d\"},\"headline\":\"Presidente do Vasco revela inspirar-se no Flamengo\",\"datePublished\":\"2021-07-01T18:53:09+00:00\",\"dateModified\":\"2021-07-01T19:00:27+00:00\",\"mainEntityOfPage\":{\"@id\":\"https:\/\/www.gaveanews.com\/index.php\/2021\/07\/01\/presidente-do-vasco-revela-inspirar-se-no-flamengo\/\"},\"wordCount\":486,\"commentCount\":13,\"image\":{\"@id\":\"https:\/\/www.gaveanews.com\/index.php\/2021\/07\/01\/presidente-do-vasco-revela-inspirar-se-no-flamengo\/#primaryimage\"},\"thumbnailUrl\":\"https:\/\/www.gaveanews.com\/wp-content\/uploads\/2019\/03\/Escudo-do-Flamengo-e-exposto-proximo-a-um-dos-gols-no-gramado-do-Maracana.webp\",\"articleSection\":[\"Flamengo\"],\"inLanguage\":\"pt-BR\",\"potentialAction\":[{\"@type\":\"CommentAction\",\"name\":\"Comment\",\"target\":[\"https:\/\/www.gaveanews.com\/index.php\/2021\/07\/01\/presidente-do-vasco-revela-inspirar-se-no-flamengo\/#respond\"]}],\"copyrightYear\":\"2021\",\"copyrightHolder\":{\"@id\":\"https:\/\/www.gaveanews.com\/#organization\"}},{\"@type\":\"WebPage\",\"@id\":\"https:\/\/www.gaveanews.com\/index.php\/2021\/07\/01\/presidente-do-vasco-revela-inspirar-se-no-flamengo\/\",\"url\":\"https:\/\/www.gaveanews.com\/index.php\/2021\/07\/01\/presidente-do-vasco-revela-inspirar-se-no-flamengo\/\",\"name\":\"Presidente do Vasco revela inspirar-se no Flamengo\",\"isPartOf\":{\"@id\":\"https:\/\/www.gaveanews.com\/#website\"},\"primaryImageOfPage\":{\"@id\":\"https:\/\/www.gaveanews.com\/index.php\/2021\/07\/01\/presidente-do-vasco-revela-inspirar-se-no-flamengo\/#primaryimage\"},\"image\":{\"@id\":\"https:\/\/www.gaveanews.com\/index.php\/2021\/07\/01\/presidente-do-vasco-revela-inspirar-se-no-flamengo\/#primaryimage\"},\"thumbnailUrl\":\"https:\/\/www.gaveanews.com\/wp-content\/uploads\/2019\/03\/Escudo-do-Flamengo-e-exposto-proximo-a-um-dos-gols-no-gramado-do-Maracana.webp\",\"datePublished\":\"2021-07-01T18:53:09+00:00\",\"dateModified\":\"2021-07-01T19:00:27+00:00\",\"author\":{\"@id\":\"https:\/\/www.gaveanews.com\/#\/schema\/person\/2ec14f73fb96be2caf28f91afb14749d\"},\"breadcrumb\":{\"@id\":\"https:\/\/www.gaveanews.com\/index.php\/2021\/07\/01\/presidente-do-vasco-revela-inspirar-se-no-flamengo\/#breadcrumb\"},\"inLanguage\":\"pt-BR\",\"potentialAction\":[{\"@type\":\"ReadAction\",\"target\":[\"https:\/\/www.gaveanews.com\/index.php\/2021\/07\/01\/presidente-do-vasco-revela-inspirar-se-no-flamengo\/\"]}]},{\"@type\":\"ImageObject\",\"inLanguage\":\"pt-BR\",\"@id\":\"https:\/\/www.gaveanews.com\/index.php\/2021\/07\/01\/presidente-do-vasco-revela-inspirar-se-no-flamengo\/#primaryimage\",\"url\":\"https:\/\/www.gaveanews.com\/wp-content\/uploads\/2019\/03\/Escudo-do-Flamengo-e-exposto-proximo-a-um-dos-gols-no-gramado-do-Maracana.webp\",\"contentUrl\":\"https:\/\/www.gaveanews.com\/wp-content\/uploads\/2019\/03\/Escudo-do-Flamengo-e-exposto-proximo-a-um-dos-gols-no-gramado-do-Maracana.webp\",\"caption\":\"Escudo do Flamengo \u00e9 exposto pr\u00f3ximo a um dos gols, no gramado do Maracan\u00e3 (Foto: Daniel Castelo Branco)\"},{\"@type\":\"BreadcrumbList\",\"@id\":\"https:\/\/www.gaveanews.com\/index.php\/2021\/07\/01\/presidente-do-vasco-revela-inspirar-se-no-flamengo\/#breadcrumb\",\"itemListElement\":[{\"@type\":\"ListItem\",\"position\":1,\"name\":\"Home\",\"item\":\"https:\/\/www.gaveanews.com\/\"},{\"@type\":\"ListItem\",\"position\":2,\"name\":\"Presidente do Vasco revela inspirar-se no Flamengo\"}]},{\"@type\":\"WebSite\",\"@id\":\"https:\/\/www.gaveanews.com\/#website\",\"url\":\"https:\/\/www.gaveanews.com\/\",\"name\":\"G\u00e1vea News\",\"description\":\"Veja todas as not\u00edcias sobre o Flamengo: Contrata\u00e7\u00f5es, categorias de base, resultados das partidas, tabela de classifica\u00e7\u00e3o, pr\u00f3ximos jogos!\",\"potentialAction\":[{\"@type\":\"SearchAction\",\"target\":{\"@type\":\"EntryPoint\",\"urlTemplate\":\"https:\/\/www.gaveanews.com\/?s={search_term_string}\"},\"query-input\":{\"@type\":\"PropertyValueSpecification\",\"valueRequired\":true,\"valueName\":\"search_term_string\"}}],\"inLanguage\":\"pt-BR\"},{\"@type\":\"Person\",\"@id\":\"https:\/\/www.gaveanews.com\/#\/schema\/person\/2ec14f73fb96be2caf28f91afb14749d\",\"name\":\"Equipe G\u00e1vea News\",\"image\":{\"@type\":\"ImageObject\",\"inLanguage\":\"pt-BR\",\"@id\":\"https:\/\/www.gaveanews.com\/#\/schema\/person\/image\/\",\"url\":\"https:\/\/secure.gravatar.com\/avatar\/1e1956f1facbffd3f8fa53a326721950116b3b9dc9bd44939c01180fd4a745a9?s=96&d=mm&r=g\",\"contentUrl\":\"https:\/\/secure.gravatar.com\/avatar\/1e1956f1facbffd3f8fa53a326721950116b3b9dc9bd44939c01180fd4a745a9?s=96&d=mm&r=g\",\"caption\":\"Equipe G\u00e1vea News\"}}]}<\/script>\n<!-- \/ Yoast SEO Premium plugin. -->","yoast_head_json":{"title":"Presidente do Vasco revela inspirar-se no Flamengo","robots":{"index":"index","follow":"follow","max-snippet":"max-snippet:-1","max-image-preview":"max-image-preview:large","max-video-preview":"max-video-preview:-1"},"canonical":"https:\/\/www.gaveanews.com\/index.php\/2021\/07\/01\/presidente-do-vasco-revela-inspirar-se-no-flamengo\/","og_locale":"pt_BR","og_type":"article","og_title":"Presidente do Vasco revela inspirar-se no Flamengo","og_description":"Ap\u00f3s o seu quarto rebaixamento para a S\u00e9rie B e com uma d\u00edvida alta, o Vasco tenta se reerguer financeiramente e esportivamente sob o comando do presidente Jorge Salgado, que assumiu o clube este ano e tem meta de recupera\u00e7\u00e3o seguindo um modelo que j\u00e1 foi visto no rival Flamengo, que passou por dificuldades e [&hellip;]","og_url":"https:\/\/www.gaveanews.com\/index.php\/2021\/07\/01\/presidente-do-vasco-revela-inspirar-se-no-flamengo\/","og_site_name":"G\u00e1vea News","article_publisher":"https:\/\/facebook.com\/gaveaNews\/","article_published_time":"2021-07-01T18:53:09+00:00","article_modified_time":"2021-07-01T19:00:27+00:00","og_image":[{"url":"https:\/\/www.gaveanews.com\/wp-content\/uploads\/2019\/03\/Escudo-do-Flamengo-e-exposto-proximo-a-um-dos-gols-no-gramado-do-Maracana.webp","width":1,"height":1,"type":"image\/jpeg"}],"author":"Equipe G\u00e1vea News","twitter_card":"summary_large_image","twitter_misc":{"Escrito por":"Equipe G\u00e1vea News","Est. tempo de leitura":"2 minutos"},"schema":{"@context":"https:\/\/schema.org","@graph":[{"@type":"NewsArticle","@id":"https:\/\/www.gaveanews.com\/index.php\/2021\/07\/01\/presidente-do-vasco-revela-inspirar-se-no-flamengo\/#article","isPartOf":{"@id":"https:\/\/www.gaveanews.com\/index.php\/2021\/07\/01\/presidente-do-vasco-revela-inspirar-se-no-flamengo\/"},"author":{"name":"Equipe G\u00e1vea News","@id":"https:\/\/www.gaveanews.com\/#\/schema\/person\/2ec14f73fb96be2caf28f91afb14749d"},"headline":"Presidente do Vasco revela inspirar-se no Flamengo","datePublished":"2021-07-01T18:53:09+00:00","dateModified":"2021-07-01T19:00:27+00:00","mainEntityOfPage":{"@id":"https:\/\/www.gaveanews.com\/index.php\/2021\/07\/01\/presidente-do-vasco-revela-inspirar-se-no-flamengo\/"},"wordCount":486,"commentCount":13,"image":{"@id":"https:\/\/www.gaveanews.com\/index.php\/2021\/07\/01\/presidente-do-vasco-revela-inspirar-se-no-flamengo\/#primaryimage"},"thumbnailUrl":"https:\/\/www.gaveanews.com\/wp-content\/uploads\/2019\/03\/Escudo-do-Flamengo-e-exposto-proximo-a-um-dos-gols-no-gramado-do-Maracana.webp","articleSection":["Flamengo"],"inLanguage":"pt-BR","potentialAction":[{"@type":"CommentAction","name":"Comment","target":["https:\/\/www.gaveanews.com\/index.php\/2021\/07\/01\/presidente-do-vasco-revela-inspirar-se-no-flamengo\/#respond"]}],"copyrightYear":"2021","copyrightHolder":{"@id":"https:\/\/www.gaveanews.com\/#organization"}},{"@type":"WebPage","@id":"https:\/\/www.gaveanews.com\/index.php\/2021\/07\/01\/presidente-do-vasco-revela-inspirar-se-no-flamengo\/","url":"https:\/\/www.gaveanews.com\/index.php\/2021\/07\/01\/presidente-do-vasco-revela-inspirar-se-no-flamengo\/","name":"Presidente do Vasco revela inspirar-se no Flamengo","isPartOf":{"@id":"https:\/\/www.gaveanews.com\/#website"},"primaryImageOfPage":{"@id":"https:\/\/www.gaveanews.com\/index.php\/2021\/07\/01\/presidente-do-vasco-revela-inspirar-se-no-flamengo\/#primaryimage"},"image":{"@id":"https:\/\/www.gaveanews.com\/index.php\/2021\/07\/01\/presidente-do-vasco-revela-inspirar-se-no-flamengo\/#primaryimage"},"thumbnailUrl":"https:\/\/www.gaveanews.com\/wp-content\/uploads\/2019\/03\/Escudo-do-Flamengo-e-exposto-proximo-a-um-dos-gols-no-gramado-do-Maracana.webp","datePublished":"2021-07-01T18:53:09+00:00","dateModified":"2021-07-01T19:00:27+00:00","author":{"@id":"https:\/\/www.gaveanews.com\/#\/schema\/person\/2ec14f73fb96be2caf28f91afb14749d"},"breadcrumb":{"@id":"https:\/\/www.gaveanews.com\/index.php\/2021\/07\/01\/presidente-do-vasco-revela-inspirar-se-no-flamengo\/#breadcrumb"},"inLanguage":"pt-BR","potentialAction":[{"@type":"ReadAction","target":["https:\/\/www.gaveanews.com\/index.php\/2021\/07\/01\/presidente-do-vasco-revela-inspirar-se-no-flamengo\/"]}]},{"@type":"ImageObject","inLanguage":"pt-BR","@id":"https:\/\/www.gaveanews.com\/index.php\/2021\/07\/01\/presidente-do-vasco-revela-inspirar-se-no-flamengo\/#primaryimage","url":"https:\/\/www.gaveanews.com\/wp-content\/uploads\/2019\/03\/Escudo-do-Flamengo-e-exposto-proximo-a-um-dos-gols-no-gramado-do-Maracana.webp","contentUrl":"https:\/\/www.gaveanews.com\/wp-content\/uploads\/2019\/03\/Escudo-do-Flamengo-e-exposto-proximo-a-um-dos-gols-no-gramado-do-Maracana.webp","caption":"Escudo do Flamengo \u00e9 exposto pr\u00f3ximo a um dos gols, no gramado do Maracan\u00e3 (Foto: Daniel Castelo Branco)"},{"@type":"BreadcrumbList","@id":"https:\/\/www.gaveanews.com\/index.php\/2021\/07\/01\/presidente-do-vasco-revela-inspirar-se-no-flamengo\/#breadcrumb","itemListElement":[{"@type":"ListItem","position":1,"name":"Home","item":"https:\/\/www.gaveanews.com\/"},{"@type":"ListItem","position":2,"name":"Presidente do Vasco revela inspirar-se no Flamengo"}]},{"@type":"WebSite","@id":"https:\/\/www.gaveanews.com\/#website","url":"https:\/\/www.gaveanews.com\/","name":"G\u00e1vea News","description":"Veja todas as not\u00edcias sobre o Flamengo: Contrata\u00e7\u00f5es, categorias de base, resultados das partidas, tabela de classifica\u00e7\u00e3o, pr\u00f3ximos jogos!","potentialAction":[{"@type":"SearchAction","target":{"@type":"EntryPoint","urlTemplate":"https:\/\/www.gaveanews.com\/?s={search_term_string}"},"query-input":{"@type":"PropertyValueSpecification","valueRequired":true,"valueName":"search_term_string"}}],"inLanguage":"pt-BR"},{"@type":"Person","@id":"https:\/\/www.gaveanews.com\/#\/schema\/person\/2ec14f73fb96be2caf28f91afb14749d","name":"Equipe G\u00e1vea News","image":{"@type":"ImageObject","inLanguage":"pt-BR","@id":"https:\/\/www.gaveanews.com\/#\/schema\/person\/image\/","url":"https:\/\/secure.gravatar.com\/avatar\/1e1956f1facbffd3f8fa53a326721950116b3b9dc9bd44939c01180fd4a745a9?s=96&d=mm&r=g","contentUrl":"https:\/\/secure.gravatar.com\/avatar\/1e1956f1facbffd3f8fa53a326721950116b3b9dc9bd44939c01180fd4a745a9?s=96&d=mm&r=g","caption":"Equipe G\u00e1vea News"}}]}},"_links":{"self":[{"href":"https:\/\/www.gaveanews.com\/index.php\/wp-json\/wp\/v2\/posts\/63851","targetHints":{"allow":["GET"]}}],"collection":[{"href":"https:\/\/www.gaveanews.com\/index.php\/wp-json\/wp\/v2\/posts"}],"about":[{"href":"https:\/\/www.gaveanews.com\/index.php\/wp-json\/wp\/v2\/types\/post"}],"author":[{"embeddable":true,"href":"https:\/\/www.gaveanews.com\/index.php\/wp-json\/wp\/v2\/users\/1"}],"replies":[{"embeddable":true,"href":"https:\/\/www.gaveanews.com\/index.php\/wp-json\/wp\/v2\/comments?post=63851"}],"version-history":[{"count":0,"href":"https:\/\/www.gaveanews.com\/index.php\/wp-json\/wp\/v2\/posts\/63851\/revisions"}],"wp:featuredmedia":[{"embeddable":true,"href":"https:\/\/www.gaveanews.com\/index.php\/wp-json\/wp\/v2\/media\/15081"}],"wp:attachment":[{"href":"https:\/\/www.gaveanews.com\/index.php\/wp-json\/wp\/v2\/media?parent=63851"}],"wp:term":[{"taxonomy":"category","embeddable":true,"href":"https:\/\/www.gaveanews.com\/index.php\/wp-json\/wp\/v2\/categories?post=63851"},{"taxonomy":"post_tag","embeddable":true,"href":"https:\/\/www.gaveanews.com\/index.php\/wp-json\/wp\/v2\/tags?post=63851"}],"curies":[{"name":"wp","href":"https:\/\/api.w.org\/{rel}","templated":true}]}}