{"id":63882,"date":"2021-07-01T23:55:02","date_gmt":"2021-07-02T02:55:02","guid":{"rendered":"https:\/\/www.gaveanews.com\/?p=63882"},"modified":"2021-07-01T23:55:27","modified_gmt":"2021-07-02T02:55:27","slug":"emprestado-pelo-flamengo-natan-lidera-a-zaga-do-lider-bragantino","status":"publish","type":"post","link":"https:\/\/www.gaveanews.com\/index.php\/2021\/07\/01\/emprestado-pelo-flamengo-natan-lidera-a-zaga-do-lider-bragantino\/","title":{"rendered":"Emprestado pelo Flamengo, Natan lidera a zaga do l\u00edder Bragantino"},"content":{"rendered":"\n<p>A lideran\u00e7a do Brasileir\u00e3o por parte do Red Bull Bragantino tem sido uma das grandes hist\u00f3rias da temporada at\u00e9 aqui. E um certo motivo de desgosto por parte do Flamengo, atual campe\u00e3o. Ainda mais pelo bom desempenho de uma promessa rubro-negra pela equipe paulista.<\/p>\n\n\n\n<p>Nesta quinta-feira (1), o zagueiro Natan, emprestado pelo Fla no in\u00edcio do ano, foi um dos destaques do empate entre o Braga e o Cear\u00e1, em partida v\u00e1lida pela 8\u00aa rodada. Se a falta de gols do l\u00edder foi decepcionante, ao menos a melhora do sistema defensivo \u00e9 algo a ser comemorado.<\/p>\n\n\n\n<p>O Red Bull Bragantino, afinal, chegou ao seu segundo jogo consecutivo sem sofrer gols. Vale lembrar que o time, que tem o melhor ataque do Brasileir\u00e3o, com 17 gols, tem a segunda pior defesa do G4, com 9 gols sofridos, melhor somente que os 10 do Palmeiras.<\/p>\n\n\n\n<p>O papel de Natan, nesse feito, foi imprescind\u00edvel. O defensor fez uma partida muito segura contra o Cear\u00e1, com 3 cortes, 1 desarme e 1 intercepta\u00e7\u00e3o, al\u00e9m de 50% dos duelos a\u00e9reos ganhos e 100% dos duelos terrestres vencidos. O jogador ainda foi bem com a bola no p\u00e9, acertando 6 de 10 tentativas de bolas longas e terminando os 90 minutos com 91% de precis\u00e3o nos passes.<\/p>\n\n\n\n<figure class=\"wp-block-embed is-type-rich is-provider-twitter wp-block-embed-twitter\"><div class=\"wp-block-embed__wrapper\">\n<blockquote class=\"twitter-tweet\" data-width=\"550\" data-dnt=\"true\"><p lang=\"pt\" dir=\"ltr\"><a href=\"https:\/\/twitter.com\/hashtag\/Brasileir%C3%A3o?src=hash&amp;ref_src=twsrc%5Etfw\">#Brasileir\u00e3o<\/a> \ud83c\udde7\ud83c\uddf7<br><br>Natan (20 anos) vs Cear\u00e1:<br><br>\u2022 Acertou 91% dos passes (69\/76) e 60% das bolas longas (6\/10).<br><br>\u2022 Perdeu a posse apenas 7 vezes em 84 a\u00e7\u00f5es.<br><br>\u2022 Teve 3 cortes, 2 chutes travados, 1 intercepta\u00e7\u00e3o e 1 desarme.<br><br>\u2022 Maior Nota SofaScore (7.6) entre os atletas de linha. <a href=\"https:\/\/t.co\/ehQOm2OCLp\">pic.twitter.com\/ehQOm2OCLp<\/a><\/p>&mdash; Sofascore Brazil (@SofascoreBR) <a href=\"https:\/\/twitter.com\/SofascoreBR\/status\/1410706602953433089?ref_src=twsrc%5Etfw\">July 1, 2021<\/a><\/blockquote><script async src=\"https:\/\/platform.twitter.com\/widgets.js\" charset=\"utf-8\"><\/script>\n<\/div><\/figure>\n\n\n\n<h2 class=\"wp-block-heading\" id=\"h-natan-substituiu-zagueiro-da-sele-o-brasileira\">Natan substituiu zagueiro da sele\u00e7\u00e3o brasileira<\/h2>\n\n\n\n<p>At\u00e9 aqui, Natan fez 6 partidas pelo Red Bull Bragantino no Brasileir\u00e3o 2021, 4 delas como titular. Nesta \u00faltima, substituiu ningu\u00e9m menos que L\u00e9o Ortiz, zagueiro convocado por Tite para a sele\u00e7\u00e3o brasileira na Copa Am\u00e9rica.<\/p>\n\n\n\n<p>Se a atua\u00e7\u00e3o de seu ex-jogador frustra a torcida flamenguista, seu contrato com a equipe paulista o deve fazer ainda mais. O acordo pelo zagueiro, afinal, tem uma cl\u00e1usula que obriga o Braga a fazer a compra em caso de um n\u00famero m\u00ednimo de partidas.<\/p>\n\n\n\n<p>Retirado de: Torcedores<\/p>\n","protected":false},"excerpt":{"rendered":"<p>A lideran\u00e7a do Brasileir\u00e3o por parte do Red Bull Bragantino tem sido uma das grandes hist\u00f3rias da temporada at\u00e9 aqui. E um certo motivo de desgosto por parte do Flamengo, atual campe\u00e3o. Ainda mais pelo bom desempenho de uma promessa rubro-negra pela equipe paulista. Nesta quinta-feira (1), o zagueiro Natan, emprestado pelo Fla no in\u00edcio [&hellip;]<\/p>\n","protected":false},"author":1,"featured_media":48285,"comment_status":"open","ping_status":"closed","sticky":false,"template":"","format":"standard","meta":{"footnotes":""},"categories":[1],"tags":[],"class_list":["post-63882","post","type-post","status-publish","format-standard","has-post-thumbnail","hentry","category-flamengo"],"yoast_head":"<!-- This site is optimized with the Yoast SEO Premium plugin v24.2 (Yoast SEO v26.9) - https:\/\/yoast.com\/product\/yoast-seo-premium-wordpress\/ -->\n<title>Emprestado pelo Flamengo, Natan lidera a zaga do l\u00edder Bragantino<\/title>\n<meta name=\"robots\" content=\"index, follow, max-snippet:-1, max-image-preview:large, max-video-preview:-1\" \/>\n<link rel=\"canonical\" href=\"https:\/\/www.gaveanews.com\/index.php\/2021\/07\/01\/emprestado-pelo-flamengo-natan-lidera-a-zaga-do-lider-bragantino\/\" \/>\n<meta property=\"og:locale\" content=\"pt_BR\" \/>\n<meta property=\"og:type\" content=\"article\" \/>\n<meta property=\"og:title\" content=\"Emprestado pelo Flamengo, Natan lidera a zaga do l\u00edder Bragantino\" \/>\n<meta property=\"og:description\" content=\"A lideran\u00e7a do Brasileir\u00e3o por parte do Red Bull Bragantino tem sido uma das grandes hist\u00f3rias da temporada at\u00e9 aqui. E um certo motivo de desgosto por parte do Flamengo, atual campe\u00e3o. Ainda mais pelo bom desempenho de uma promessa rubro-negra pela equipe paulista. Nesta quinta-feira (1), o zagueiro Natan, emprestado pelo Fla no in\u00edcio [&hellip;]\" \/>\n<meta property=\"og:url\" content=\"https:\/\/www.gaveanews.com\/index.php\/2021\/07\/01\/emprestado-pelo-flamengo-natan-lidera-a-zaga-do-lider-bragantino\/\" \/>\n<meta property=\"og:site_name\" content=\"G\u00e1vea News\" \/>\n<meta property=\"article:publisher\" content=\"https:\/\/facebook.com\/gaveaNews\/\" \/>\n<meta property=\"article:published_time\" content=\"2021-07-02T02:55:02+00:00\" \/>\n<meta property=\"article:modified_time\" content=\"2021-07-02T02:55:27+00:00\" \/>\n<meta property=\"og:image\" content=\"https:\/\/www.gaveanews.com\/wp-content\/uploads\/Natan-em-acao-pelo-Flamengo-na-partida-contra-o-Independiente-del-Valle-pela-Copa-Libertadores-de-2020.webp\" \/>\n\t<meta property=\"og:image:width\" content=\"799\" \/>\n\t<meta property=\"og:image:height\" content=\"532\" \/>\n\t<meta property=\"og:image:type\" content=\"image\/jpeg\" \/>\n<meta name=\"author\" content=\"Equipe G\u00e1vea News\" \/>\n<meta name=\"twitter:card\" content=\"summary_large_image\" \/>\n<meta name=\"twitter:label1\" content=\"Escrito por\" \/>\n\t<meta name=\"twitter:data1\" content=\"Equipe G\u00e1vea News\" \/>\n\t<meta name=\"twitter:label2\" content=\"Est. tempo de leitura\" \/>\n\t<meta name=\"twitter:data2\" content=\"2 minutos\" \/>\n<script type=\"application\/ld+json\" class=\"yoast-schema-graph\">{\"@context\":\"https:\/\/schema.org\",\"@graph\":[{\"@type\":\"NewsArticle\",\"@id\":\"https:\/\/www.gaveanews.com\/index.php\/2021\/07\/01\/emprestado-pelo-flamengo-natan-lidera-a-zaga-do-lider-bragantino\/#article\",\"isPartOf\":{\"@id\":\"https:\/\/www.gaveanews.com\/index.php\/2021\/07\/01\/emprestado-pelo-flamengo-natan-lidera-a-zaga-do-lider-bragantino\/\"},\"author\":{\"name\":\"Equipe G\u00e1vea News\",\"@id\":\"https:\/\/www.gaveanews.com\/#\/schema\/person\/2ec14f73fb96be2caf28f91afb14749d\"},\"headline\":\"Emprestado pelo Flamengo, Natan lidera a zaga do l\u00edder Bragantino\",\"datePublished\":\"2021-07-02T02:55:02+00:00\",\"dateModified\":\"2021-07-02T02:55:27+00:00\",\"mainEntityOfPage\":{\"@id\":\"https:\/\/www.gaveanews.com\/index.php\/2021\/07\/01\/emprestado-pelo-flamengo-natan-lidera-a-zaga-do-lider-bragantino\/\"},\"wordCount\":322,\"commentCount\":16,\"image\":{\"@id\":\"https:\/\/www.gaveanews.com\/index.php\/2021\/07\/01\/emprestado-pelo-flamengo-natan-lidera-a-zaga-do-lider-bragantino\/#primaryimage\"},\"thumbnailUrl\":\"https:\/\/www.gaveanews.com\/wp-content\/uploads\/Natan-em-acao-pelo-Flamengo-na-partida-contra-o-Independiente-del-Valle-pela-Copa-Libertadores-de-2020.webp\",\"articleSection\":[\"Flamengo\"],\"inLanguage\":\"pt-BR\",\"potentialAction\":[{\"@type\":\"CommentAction\",\"name\":\"Comment\",\"target\":[\"https:\/\/www.gaveanews.com\/index.php\/2021\/07\/01\/emprestado-pelo-flamengo-natan-lidera-a-zaga-do-lider-bragantino\/#respond\"]}],\"copyrightYear\":\"2021\",\"copyrightHolder\":{\"@id\":\"https:\/\/www.gaveanews.com\/#organization\"}},{\"@type\":\"WebPage\",\"@id\":\"https:\/\/www.gaveanews.com\/index.php\/2021\/07\/01\/emprestado-pelo-flamengo-natan-lidera-a-zaga-do-lider-bragantino\/\",\"url\":\"https:\/\/www.gaveanews.com\/index.php\/2021\/07\/01\/emprestado-pelo-flamengo-natan-lidera-a-zaga-do-lider-bragantino\/\",\"name\":\"Emprestado pelo Flamengo, Natan lidera a zaga do l\u00edder Bragantino\",\"isPartOf\":{\"@id\":\"https:\/\/www.gaveanews.com\/#website\"},\"primaryImageOfPage\":{\"@id\":\"https:\/\/www.gaveanews.com\/index.php\/2021\/07\/01\/emprestado-pelo-flamengo-natan-lidera-a-zaga-do-lider-bragantino\/#primaryimage\"},\"image\":{\"@id\":\"https:\/\/www.gaveanews.com\/index.php\/2021\/07\/01\/emprestado-pelo-flamengo-natan-lidera-a-zaga-do-lider-bragantino\/#primaryimage\"},\"thumbnailUrl\":\"https:\/\/www.gaveanews.com\/wp-content\/uploads\/Natan-em-acao-pelo-Flamengo-na-partida-contra-o-Independiente-del-Valle-pela-Copa-Libertadores-de-2020.webp\",\"datePublished\":\"2021-07-02T02:55:02+00:00\",\"dateModified\":\"2021-07-02T02:55:27+00:00\",\"author\":{\"@id\":\"https:\/\/www.gaveanews.com\/#\/schema\/person\/2ec14f73fb96be2caf28f91afb14749d\"},\"breadcrumb\":{\"@id\":\"https:\/\/www.gaveanews.com\/index.php\/2021\/07\/01\/emprestado-pelo-flamengo-natan-lidera-a-zaga-do-lider-bragantino\/#breadcrumb\"},\"inLanguage\":\"pt-BR\",\"potentialAction\":[{\"@type\":\"ReadAction\",\"target\":[\"https:\/\/www.gaveanews.com\/index.php\/2021\/07\/01\/emprestado-pelo-flamengo-natan-lidera-a-zaga-do-lider-bragantino\/\"]}]},{\"@type\":\"ImageObject\",\"inLanguage\":\"pt-BR\",\"@id\":\"https:\/\/www.gaveanews.com\/index.php\/2021\/07\/01\/emprestado-pelo-flamengo-natan-lidera-a-zaga-do-lider-bragantino\/#primaryimage\",\"url\":\"https:\/\/www.gaveanews.com\/wp-content\/uploads\/Natan-em-acao-pelo-Flamengo-na-partida-contra-o-Independiente-del-Valle-pela-Copa-Libertadores-de-2020.webp\",\"contentUrl\":\"https:\/\/www.gaveanews.com\/wp-content\/uploads\/Natan-em-acao-pelo-Flamengo-na-partida-contra-o-Independiente-del-Valle-pela-Copa-Libertadores-de-2020.webp\",\"width\":799,\"height\":532,\"caption\":\"Natan em a\u00e7\u00e3o pelo Flamengo na partida contra o Independiente del Valle pela Copa Libertadores de 2020 (Foto: Alexandre Vidal\/Flamengo)\"},{\"@type\":\"BreadcrumbList\",\"@id\":\"https:\/\/www.gaveanews.com\/index.php\/2021\/07\/01\/emprestado-pelo-flamengo-natan-lidera-a-zaga-do-lider-bragantino\/#breadcrumb\",\"itemListElement\":[{\"@type\":\"ListItem\",\"position\":1,\"name\":\"Home\",\"item\":\"https:\/\/www.gaveanews.com\/\"},{\"@type\":\"ListItem\",\"position\":2,\"name\":\"Emprestado pelo Flamengo, Natan lidera a zaga do l\u00edder Bragantino\"}]},{\"@type\":\"WebSite\",\"@id\":\"https:\/\/www.gaveanews.com\/#website\",\"url\":\"https:\/\/www.gaveanews.com\/\",\"name\":\"G\u00e1vea News\",\"description\":\"Veja todas as not\u00edcias sobre o Flamengo: Contrata\u00e7\u00f5es, categorias de base, resultados das partidas, tabela de classifica\u00e7\u00e3o, pr\u00f3ximos jogos!\",\"potentialAction\":[{\"@type\":\"SearchAction\",\"target\":{\"@type\":\"EntryPoint\",\"urlTemplate\":\"https:\/\/www.gaveanews.com\/?s={search_term_string}\"},\"query-input\":{\"@type\":\"PropertyValueSpecification\",\"valueRequired\":true,\"valueName\":\"search_term_string\"}}],\"inLanguage\":\"pt-BR\"},{\"@type\":\"Person\",\"@id\":\"https:\/\/www.gaveanews.com\/#\/schema\/person\/2ec14f73fb96be2caf28f91afb14749d\",\"name\":\"Equipe G\u00e1vea News\",\"image\":{\"@type\":\"ImageObject\",\"inLanguage\":\"pt-BR\",\"@id\":\"https:\/\/www.gaveanews.com\/#\/schema\/person\/image\/\",\"url\":\"https:\/\/secure.gravatar.com\/avatar\/1e1956f1facbffd3f8fa53a326721950116b3b9dc9bd44939c01180fd4a745a9?s=96&d=mm&r=g\",\"contentUrl\":\"https:\/\/secure.gravatar.com\/avatar\/1e1956f1facbffd3f8fa53a326721950116b3b9dc9bd44939c01180fd4a745a9?s=96&d=mm&r=g\",\"caption\":\"Equipe G\u00e1vea News\"}}]}<\/script>\n<!-- \/ Yoast SEO Premium plugin. -->","yoast_head_json":{"title":"Emprestado pelo Flamengo, Natan lidera a zaga do l\u00edder Bragantino","robots":{"index":"index","follow":"follow","max-snippet":"max-snippet:-1","max-image-preview":"max-image-preview:large","max-video-preview":"max-video-preview:-1"},"canonical":"https:\/\/www.gaveanews.com\/index.php\/2021\/07\/01\/emprestado-pelo-flamengo-natan-lidera-a-zaga-do-lider-bragantino\/","og_locale":"pt_BR","og_type":"article","og_title":"Emprestado pelo Flamengo, Natan lidera a zaga do l\u00edder Bragantino","og_description":"A lideran\u00e7a do Brasileir\u00e3o por parte do Red Bull Bragantino tem sido uma das grandes hist\u00f3rias da temporada at\u00e9 aqui. E um certo motivo de desgosto por parte do Flamengo, atual campe\u00e3o. Ainda mais pelo bom desempenho de uma promessa rubro-negra pela equipe paulista. Nesta quinta-feira (1), o zagueiro Natan, emprestado pelo Fla no in\u00edcio [&hellip;]","og_url":"https:\/\/www.gaveanews.com\/index.php\/2021\/07\/01\/emprestado-pelo-flamengo-natan-lidera-a-zaga-do-lider-bragantino\/","og_site_name":"G\u00e1vea News","article_publisher":"https:\/\/facebook.com\/gaveaNews\/","article_published_time":"2021-07-02T02:55:02+00:00","article_modified_time":"2021-07-02T02:55:27+00:00","og_image":[{"width":799,"height":532,"url":"https:\/\/www.gaveanews.com\/wp-content\/uploads\/Natan-em-acao-pelo-Flamengo-na-partida-contra-o-Independiente-del-Valle-pela-Copa-Libertadores-de-2020.webp","type":"image\/jpeg"}],"author":"Equipe G\u00e1vea News","twitter_card":"summary_large_image","twitter_misc":{"Escrito por":"Equipe G\u00e1vea News","Est. tempo de leitura":"2 minutos"},"schema":{"@context":"https:\/\/schema.org","@graph":[{"@type":"NewsArticle","@id":"https:\/\/www.gaveanews.com\/index.php\/2021\/07\/01\/emprestado-pelo-flamengo-natan-lidera-a-zaga-do-lider-bragantino\/#article","isPartOf":{"@id":"https:\/\/www.gaveanews.com\/index.php\/2021\/07\/01\/emprestado-pelo-flamengo-natan-lidera-a-zaga-do-lider-bragantino\/"},"author":{"name":"Equipe G\u00e1vea News","@id":"https:\/\/www.gaveanews.com\/#\/schema\/person\/2ec14f73fb96be2caf28f91afb14749d"},"headline":"Emprestado pelo Flamengo, Natan lidera a zaga do l\u00edder Bragantino","datePublished":"2021-07-02T02:55:02+00:00","dateModified":"2021-07-02T02:55:27+00:00","mainEntityOfPage":{"@id":"https:\/\/www.gaveanews.com\/index.php\/2021\/07\/01\/emprestado-pelo-flamengo-natan-lidera-a-zaga-do-lider-bragantino\/"},"wordCount":322,"commentCount":16,"image":{"@id":"https:\/\/www.gaveanews.com\/index.php\/2021\/07\/01\/emprestado-pelo-flamengo-natan-lidera-a-zaga-do-lider-bragantino\/#primaryimage"},"thumbnailUrl":"https:\/\/www.gaveanews.com\/wp-content\/uploads\/Natan-em-acao-pelo-Flamengo-na-partida-contra-o-Independiente-del-Valle-pela-Copa-Libertadores-de-2020.webp","articleSection":["Flamengo"],"inLanguage":"pt-BR","potentialAction":[{"@type":"CommentAction","name":"Comment","target":["https:\/\/www.gaveanews.com\/index.php\/2021\/07\/01\/emprestado-pelo-flamengo-natan-lidera-a-zaga-do-lider-bragantino\/#respond"]}],"copyrightYear":"2021","copyrightHolder":{"@id":"https:\/\/www.gaveanews.com\/#organization"}},{"@type":"WebPage","@id":"https:\/\/www.gaveanews.com\/index.php\/2021\/07\/01\/emprestado-pelo-flamengo-natan-lidera-a-zaga-do-lider-bragantino\/","url":"https:\/\/www.gaveanews.com\/index.php\/2021\/07\/01\/emprestado-pelo-flamengo-natan-lidera-a-zaga-do-lider-bragantino\/","name":"Emprestado pelo Flamengo, Natan lidera a zaga do l\u00edder Bragantino","isPartOf":{"@id":"https:\/\/www.gaveanews.com\/#website"},"primaryImageOfPage":{"@id":"https:\/\/www.gaveanews.com\/index.php\/2021\/07\/01\/emprestado-pelo-flamengo-natan-lidera-a-zaga-do-lider-bragantino\/#primaryimage"},"image":{"@id":"https:\/\/www.gaveanews.com\/index.php\/2021\/07\/01\/emprestado-pelo-flamengo-natan-lidera-a-zaga-do-lider-bragantino\/#primaryimage"},"thumbnailUrl":"https:\/\/www.gaveanews.com\/wp-content\/uploads\/Natan-em-acao-pelo-Flamengo-na-partida-contra-o-Independiente-del-Valle-pela-Copa-Libertadores-de-2020.webp","datePublished":"2021-07-02T02:55:02+00:00","dateModified":"2021-07-02T02:55:27+00:00","author":{"@id":"https:\/\/www.gaveanews.com\/#\/schema\/person\/2ec14f73fb96be2caf28f91afb14749d"},"breadcrumb":{"@id":"https:\/\/www.gaveanews.com\/index.php\/2021\/07\/01\/emprestado-pelo-flamengo-natan-lidera-a-zaga-do-lider-bragantino\/#breadcrumb"},"inLanguage":"pt-BR","potentialAction":[{"@type":"ReadAction","target":["https:\/\/www.gaveanews.com\/index.php\/2021\/07\/01\/emprestado-pelo-flamengo-natan-lidera-a-zaga-do-lider-bragantino\/"]}]},{"@type":"ImageObject","inLanguage":"pt-BR","@id":"https:\/\/www.gaveanews.com\/index.php\/2021\/07\/01\/emprestado-pelo-flamengo-natan-lidera-a-zaga-do-lider-bragantino\/#primaryimage","url":"https:\/\/www.gaveanews.com\/wp-content\/uploads\/Natan-em-acao-pelo-Flamengo-na-partida-contra-o-Independiente-del-Valle-pela-Copa-Libertadores-de-2020.webp","contentUrl":"https:\/\/www.gaveanews.com\/wp-content\/uploads\/Natan-em-acao-pelo-Flamengo-na-partida-contra-o-Independiente-del-Valle-pela-Copa-Libertadores-de-2020.webp","width":799,"height":532,"caption":"Natan em a\u00e7\u00e3o pelo Flamengo na partida contra o Independiente del Valle pela Copa Libertadores de 2020 (Foto: Alexandre Vidal\/Flamengo)"},{"@type":"BreadcrumbList","@id":"https:\/\/www.gaveanews.com\/index.php\/2021\/07\/01\/emprestado-pelo-flamengo-natan-lidera-a-zaga-do-lider-bragantino\/#breadcrumb","itemListElement":[{"@type":"ListItem","position":1,"name":"Home","item":"https:\/\/www.gaveanews.com\/"},{"@type":"ListItem","position":2,"name":"Emprestado pelo Flamengo, Natan lidera a zaga do l\u00edder Bragantino"}]},{"@type":"WebSite","@id":"https:\/\/www.gaveanews.com\/#website","url":"https:\/\/www.gaveanews.com\/","name":"G\u00e1vea News","description":"Veja todas as not\u00edcias sobre o Flamengo: Contrata\u00e7\u00f5es, categorias de base, resultados das partidas, tabela de classifica\u00e7\u00e3o, pr\u00f3ximos jogos!","potentialAction":[{"@type":"SearchAction","target":{"@type":"EntryPoint","urlTemplate":"https:\/\/www.gaveanews.com\/?s={search_term_string}"},"query-input":{"@type":"PropertyValueSpecification","valueRequired":true,"valueName":"search_term_string"}}],"inLanguage":"pt-BR"},{"@type":"Person","@id":"https:\/\/www.gaveanews.com\/#\/schema\/person\/2ec14f73fb96be2caf28f91afb14749d","name":"Equipe G\u00e1vea News","image":{"@type":"ImageObject","inLanguage":"pt-BR","@id":"https:\/\/www.gaveanews.com\/#\/schema\/person\/image\/","url":"https:\/\/secure.gravatar.com\/avatar\/1e1956f1facbffd3f8fa53a326721950116b3b9dc9bd44939c01180fd4a745a9?s=96&d=mm&r=g","contentUrl":"https:\/\/secure.gravatar.com\/avatar\/1e1956f1facbffd3f8fa53a326721950116b3b9dc9bd44939c01180fd4a745a9?s=96&d=mm&r=g","caption":"Equipe G\u00e1vea News"}}]}},"_links":{"self":[{"href":"https:\/\/www.gaveanews.com\/index.php\/wp-json\/wp\/v2\/posts\/63882","targetHints":{"allow":["GET"]}}],"collection":[{"href":"https:\/\/www.gaveanews.com\/index.php\/wp-json\/wp\/v2\/posts"}],"about":[{"href":"https:\/\/www.gaveanews.com\/index.php\/wp-json\/wp\/v2\/types\/post"}],"author":[{"embeddable":true,"href":"https:\/\/www.gaveanews.com\/index.php\/wp-json\/wp\/v2\/users\/1"}],"replies":[{"embeddable":true,"href":"https:\/\/www.gaveanews.com\/index.php\/wp-json\/wp\/v2\/comments?post=63882"}],"version-history":[{"count":0,"href":"https:\/\/www.gaveanews.com\/index.php\/wp-json\/wp\/v2\/posts\/63882\/revisions"}],"wp:featuredmedia":[{"embeddable":true,"href":"https:\/\/www.gaveanews.com\/index.php\/wp-json\/wp\/v2\/media\/48285"}],"wp:attachment":[{"href":"https:\/\/www.gaveanews.com\/index.php\/wp-json\/wp\/v2\/media?parent=63882"}],"wp:term":[{"taxonomy":"category","embeddable":true,"href":"https:\/\/www.gaveanews.com\/index.php\/wp-json\/wp\/v2\/categories?post=63882"},{"taxonomy":"post_tag","embeddable":true,"href":"https:\/\/www.gaveanews.com\/index.php\/wp-json\/wp\/v2\/tags?post=63882"}],"curies":[{"name":"wp","href":"https:\/\/api.w.org\/{rel}","templated":true}]}}