{"id":63888,"date":"2021-07-02T00:45:12","date_gmt":"2021-07-02T03:45:12","guid":{"rendered":"https:\/\/www.gaveanews.com\/?p=63888"},"modified":"2021-07-02T00:45:35","modified_gmt":"2021-07-02T03:45:35","slug":"treinador-do-flamengo-ceni-lamenta-lesao-de-diego-ribas","status":"publish","type":"post","link":"https:\/\/www.gaveanews.com\/index.php\/2021\/07\/02\/treinador-do-flamengo-ceni-lamenta-lesao-de-diego-ribas\/","title":{"rendered":"Treinador do Flamengo, Ceni lamenta les\u00e3o de Diego Ribas"},"content":{"rendered":"\n<p>Em entrevista coletiva, na noite desta quinta-feira, ap\u00f3s a vit\u00f3ria por 2 a 0 contra o Cuiab\u00e1, o t\u00e9cnico Rog\u00e9rio Ceni mostrou preocupa\u00e7\u00e3o com a les\u00e3o do meio-campo Diego Ribas. Veja abaixo como foi o papo com&nbsp; treinador rubro-negro.<\/p>\n\n\n\n<h3 class=\"wp-block-heading\" id=\"h-les-o-de-diego-ribas\"><strong>Les\u00e3o de Diego Ribas<\/strong><\/h3>\n\n\n\n<p>\u2014 Era para ter sa\u00eddo por volta de 15 minutos do segundo tempo. Ele vem de jogos consecutivos. O cansa\u00e7o bate para todo mundo. Uma pena ele ter tomado uma pancada. Melhor avalia\u00e7\u00e3o s\u00f3 amanh\u00e3 no CT. Tomara que n\u00e3o seja nada grave.<\/p>\n\n\n\n<h3 class=\"wp-block-heading\" id=\"h-diego-alves\"><strong>Diego Alves<\/strong><\/h3>\n\n\n\n<p>\u2014 Hoje, o Diego Alves n\u00e3o veio, porque dentro dos exames, constatou-se um risco de les\u00e3o. Ele trabalha essa semana e volta provavelmente no domingo contra o Fluminense. N\u00e3o pode ter recursos e n\u00e3o utilizar. Ele faz muita falta. \u00c9 prefer\u00edvel perder ele por um jogo. Converso bastante com a equipe de fisiologista.<\/p>\n\n\n\n<h3 class=\"wp-block-heading\" id=\"h-sa-da-de-jo-o-gomes\"><strong>Sa\u00edda de Jo\u00e3o Gomes<\/strong><\/h3>\n\n\n\n<p>\u2014 Est\u00e1 um pouco cansado no intervalo. E, principalmente, porque vi o Diego na maca, tenho que pensar no pr\u00f3ximo jogo. A intensidade cai com os garotos da base. N\u00e3o sei se \u00e9 uma situa\u00e7\u00e3o boa ou ruim terminar com seis jogadores da base. J\u00e1 perdi o Diego, n\u00e3o sei quanto tempo o Thiago Maia aguenta e o Jo\u00e3o est\u00e1 numa posi\u00e7\u00e3o fundamental para gente.<\/p>\n\n\n\n<p>Retirado de: Di\u00e1rio do Fla<\/p>\n","protected":false},"excerpt":{"rendered":"<p>Em entrevista coletiva, na noite desta quinta-feira, ap\u00f3s a vit\u00f3ria por 2 a 0 contra o Cuiab\u00e1, o t\u00e9cnico Rog\u00e9rio Ceni mostrou preocupa\u00e7\u00e3o com a les\u00e3o do meio-campo Diego Ribas. Veja abaixo como foi o papo com&nbsp; treinador rubro-negro. Les\u00e3o de Diego Ribas \u2014 Era para ter sa\u00eddo por volta de 15 minutos do segundo [&hellip;]<\/p>\n","protected":false},"author":1,"featured_media":63489,"comment_status":"open","ping_status":"closed","sticky":false,"template":"","format":"standard","meta":{"footnotes":""},"categories":[1],"tags":[],"class_list":["post-63888","post","type-post","status-publish","format-standard","has-post-thumbnail","hentry","category-flamengo"],"yoast_head":"<!-- This site is optimized with the Yoast SEO Premium plugin v24.2 (Yoast SEO v26.9) - https:\/\/yoast.com\/product\/yoast-seo-premium-wordpress\/ -->\n<title>Treinador do Flamengo, Ceni lamenta les\u00e3o de Diego Ribas<\/title>\n<meta name=\"robots\" content=\"index, follow, max-snippet:-1, max-image-preview:large, max-video-preview:-1\" \/>\n<link rel=\"canonical\" href=\"https:\/\/www.gaveanews.com\/index.php\/2021\/07\/02\/treinador-do-flamengo-ceni-lamenta-lesao-de-diego-ribas\/\" \/>\n<meta property=\"og:locale\" content=\"pt_BR\" \/>\n<meta property=\"og:type\" content=\"article\" \/>\n<meta property=\"og:title\" content=\"Treinador do Flamengo, Ceni lamenta les\u00e3o de Diego Ribas\" \/>\n<meta property=\"og:description\" content=\"Em entrevista coletiva, na noite desta quinta-feira, ap\u00f3s a vit\u00f3ria por 2 a 0 contra o Cuiab\u00e1, o t\u00e9cnico Rog\u00e9rio Ceni mostrou preocupa\u00e7\u00e3o com a les\u00e3o do meio-campo Diego Ribas. Veja abaixo como foi o papo com&nbsp; treinador rubro-negro. Les\u00e3o de Diego Ribas \u2014 Era para ter sa\u00eddo por volta de 15 minutos do segundo [&hellip;]\" \/>\n<meta property=\"og:url\" content=\"https:\/\/www.gaveanews.com\/index.php\/2021\/07\/02\/treinador-do-flamengo-ceni-lamenta-lesao-de-diego-ribas\/\" \/>\n<meta property=\"og:site_name\" content=\"G\u00e1vea News\" \/>\n<meta property=\"article:publisher\" content=\"https:\/\/facebook.com\/gaveaNews\/\" \/>\n<meta property=\"article:published_time\" content=\"2021-07-02T03:45:12+00:00\" \/>\n<meta property=\"article:modified_time\" content=\"2021-07-02T03:45:35+00:00\" \/>\n<meta property=\"og:image\" content=\"https:\/\/www.gaveanews.com\/wp-content\/uploads\/Ceni-durante-coletiva-de-imprensa-no-estadio-do-Maracana.webp\" \/>\n\t<meta property=\"og:image:width\" content=\"799\" \/>\n\t<meta property=\"og:image:height\" content=\"532\" \/>\n\t<meta property=\"og:image:type\" content=\"image\/jpeg\" \/>\n<meta name=\"author\" content=\"Equipe G\u00e1vea News\" \/>\n<meta name=\"twitter:card\" content=\"summary_large_image\" \/>\n<meta name=\"twitter:label1\" content=\"Escrito por\" \/>\n\t<meta name=\"twitter:data1\" content=\"Equipe G\u00e1vea News\" \/>\n\t<meta name=\"twitter:label2\" content=\"Est. tempo de leitura\" \/>\n\t<meta name=\"twitter:data2\" content=\"1 minuto\" \/>\n<script type=\"application\/ld+json\" class=\"yoast-schema-graph\">{\"@context\":\"https:\/\/schema.org\",\"@graph\":[{\"@type\":\"NewsArticle\",\"@id\":\"https:\/\/www.gaveanews.com\/index.php\/2021\/07\/02\/treinador-do-flamengo-ceni-lamenta-lesao-de-diego-ribas\/#article\",\"isPartOf\":{\"@id\":\"https:\/\/www.gaveanews.com\/index.php\/2021\/07\/02\/treinador-do-flamengo-ceni-lamenta-lesao-de-diego-ribas\/\"},\"author\":{\"name\":\"Equipe G\u00e1vea News\",\"@id\":\"https:\/\/www.gaveanews.com\/#\/schema\/person\/2ec14f73fb96be2caf28f91afb14749d\"},\"headline\":\"Treinador do Flamengo, Ceni lamenta les\u00e3o de Diego Ribas\",\"datePublished\":\"2021-07-02T03:45:12+00:00\",\"dateModified\":\"2021-07-02T03:45:35+00:00\",\"mainEntityOfPage\":{\"@id\":\"https:\/\/www.gaveanews.com\/index.php\/2021\/07\/02\/treinador-do-flamengo-ceni-lamenta-lesao-de-diego-ribas\/\"},\"wordCount\":243,\"commentCount\":3,\"image\":{\"@id\":\"https:\/\/www.gaveanews.com\/index.php\/2021\/07\/02\/treinador-do-flamengo-ceni-lamenta-lesao-de-diego-ribas\/#primaryimage\"},\"thumbnailUrl\":\"https:\/\/www.gaveanews.com\/wp-content\/uploads\/Ceni-durante-coletiva-de-imprensa-no-estadio-do-Maracana.webp\",\"articleSection\":[\"Flamengo\"],\"inLanguage\":\"pt-BR\",\"potentialAction\":[{\"@type\":\"CommentAction\",\"name\":\"Comment\",\"target\":[\"https:\/\/www.gaveanews.com\/index.php\/2021\/07\/02\/treinador-do-flamengo-ceni-lamenta-lesao-de-diego-ribas\/#respond\"]}],\"copyrightYear\":\"2021\",\"copyrightHolder\":{\"@id\":\"https:\/\/www.gaveanews.com\/#organization\"}},{\"@type\":\"WebPage\",\"@id\":\"https:\/\/www.gaveanews.com\/index.php\/2021\/07\/02\/treinador-do-flamengo-ceni-lamenta-lesao-de-diego-ribas\/\",\"url\":\"https:\/\/www.gaveanews.com\/index.php\/2021\/07\/02\/treinador-do-flamengo-ceni-lamenta-lesao-de-diego-ribas\/\",\"name\":\"Treinador do Flamengo, Ceni lamenta les\u00e3o de Diego Ribas\",\"isPartOf\":{\"@id\":\"https:\/\/www.gaveanews.com\/#website\"},\"primaryImageOfPage\":{\"@id\":\"https:\/\/www.gaveanews.com\/index.php\/2021\/07\/02\/treinador-do-flamengo-ceni-lamenta-lesao-de-diego-ribas\/#primaryimage\"},\"image\":{\"@id\":\"https:\/\/www.gaveanews.com\/index.php\/2021\/07\/02\/treinador-do-flamengo-ceni-lamenta-lesao-de-diego-ribas\/#primaryimage\"},\"thumbnailUrl\":\"https:\/\/www.gaveanews.com\/wp-content\/uploads\/Ceni-durante-coletiva-de-imprensa-no-estadio-do-Maracana.webp\",\"datePublished\":\"2021-07-02T03:45:12+00:00\",\"dateModified\":\"2021-07-02T03:45:35+00:00\",\"author\":{\"@id\":\"https:\/\/www.gaveanews.com\/#\/schema\/person\/2ec14f73fb96be2caf28f91afb14749d\"},\"breadcrumb\":{\"@id\":\"https:\/\/www.gaveanews.com\/index.php\/2021\/07\/02\/treinador-do-flamengo-ceni-lamenta-lesao-de-diego-ribas\/#breadcrumb\"},\"inLanguage\":\"pt-BR\",\"potentialAction\":[{\"@type\":\"ReadAction\",\"target\":[\"https:\/\/www.gaveanews.com\/index.php\/2021\/07\/02\/treinador-do-flamengo-ceni-lamenta-lesao-de-diego-ribas\/\"]}]},{\"@type\":\"ImageObject\",\"inLanguage\":\"pt-BR\",\"@id\":\"https:\/\/www.gaveanews.com\/index.php\/2021\/07\/02\/treinador-do-flamengo-ceni-lamenta-lesao-de-diego-ribas\/#primaryimage\",\"url\":\"https:\/\/www.gaveanews.com\/wp-content\/uploads\/Ceni-durante-coletiva-de-imprensa-no-estadio-do-Maracana.webp\",\"contentUrl\":\"https:\/\/www.gaveanews.com\/wp-content\/uploads\/Ceni-durante-coletiva-de-imprensa-no-estadio-do-Maracana.webp\",\"width\":799,\"height\":532,\"caption\":\"Ceni durante coletiva de imprensa no est\u00e1dio do Maracan\u00e3 (Foto: Alexandre Vidal\/Flamengo)\"},{\"@type\":\"BreadcrumbList\",\"@id\":\"https:\/\/www.gaveanews.com\/index.php\/2021\/07\/02\/treinador-do-flamengo-ceni-lamenta-lesao-de-diego-ribas\/#breadcrumb\",\"itemListElement\":[{\"@type\":\"ListItem\",\"position\":1,\"name\":\"Home\",\"item\":\"https:\/\/www.gaveanews.com\/\"},{\"@type\":\"ListItem\",\"position\":2,\"name\":\"Treinador do Flamengo, Ceni lamenta les\u00e3o de Diego Ribas\"}]},{\"@type\":\"WebSite\",\"@id\":\"https:\/\/www.gaveanews.com\/#website\",\"url\":\"https:\/\/www.gaveanews.com\/\",\"name\":\"G\u00e1vea News\",\"description\":\"Veja todas as not\u00edcias sobre o Flamengo: Contrata\u00e7\u00f5es, categorias de base, resultados das partidas, tabela de classifica\u00e7\u00e3o, pr\u00f3ximos jogos!\",\"potentialAction\":[{\"@type\":\"SearchAction\",\"target\":{\"@type\":\"EntryPoint\",\"urlTemplate\":\"https:\/\/www.gaveanews.com\/?s={search_term_string}\"},\"query-input\":{\"@type\":\"PropertyValueSpecification\",\"valueRequired\":true,\"valueName\":\"search_term_string\"}}],\"inLanguage\":\"pt-BR\"},{\"@type\":\"Person\",\"@id\":\"https:\/\/www.gaveanews.com\/#\/schema\/person\/2ec14f73fb96be2caf28f91afb14749d\",\"name\":\"Equipe G\u00e1vea News\",\"image\":{\"@type\":\"ImageObject\",\"inLanguage\":\"pt-BR\",\"@id\":\"https:\/\/www.gaveanews.com\/#\/schema\/person\/image\/\",\"url\":\"https:\/\/secure.gravatar.com\/avatar\/1e1956f1facbffd3f8fa53a326721950116b3b9dc9bd44939c01180fd4a745a9?s=96&d=mm&r=g\",\"contentUrl\":\"https:\/\/secure.gravatar.com\/avatar\/1e1956f1facbffd3f8fa53a326721950116b3b9dc9bd44939c01180fd4a745a9?s=96&d=mm&r=g\",\"caption\":\"Equipe G\u00e1vea News\"}}]}<\/script>\n<!-- \/ Yoast SEO Premium plugin. -->","yoast_head_json":{"title":"Treinador do Flamengo, Ceni lamenta les\u00e3o de Diego Ribas","robots":{"index":"index","follow":"follow","max-snippet":"max-snippet:-1","max-image-preview":"max-image-preview:large","max-video-preview":"max-video-preview:-1"},"canonical":"https:\/\/www.gaveanews.com\/index.php\/2021\/07\/02\/treinador-do-flamengo-ceni-lamenta-lesao-de-diego-ribas\/","og_locale":"pt_BR","og_type":"article","og_title":"Treinador do Flamengo, Ceni lamenta les\u00e3o de Diego Ribas","og_description":"Em entrevista coletiva, na noite desta quinta-feira, ap\u00f3s a vit\u00f3ria por 2 a 0 contra o Cuiab\u00e1, o t\u00e9cnico Rog\u00e9rio Ceni mostrou preocupa\u00e7\u00e3o com a les\u00e3o do meio-campo Diego Ribas. Veja abaixo como foi o papo com&nbsp; treinador rubro-negro. Les\u00e3o de Diego Ribas \u2014 Era para ter sa\u00eddo por volta de 15 minutos do segundo [&hellip;]","og_url":"https:\/\/www.gaveanews.com\/index.php\/2021\/07\/02\/treinador-do-flamengo-ceni-lamenta-lesao-de-diego-ribas\/","og_site_name":"G\u00e1vea News","article_publisher":"https:\/\/facebook.com\/gaveaNews\/","article_published_time":"2021-07-02T03:45:12+00:00","article_modified_time":"2021-07-02T03:45:35+00:00","og_image":[{"width":799,"height":532,"url":"https:\/\/www.gaveanews.com\/wp-content\/uploads\/Ceni-durante-coletiva-de-imprensa-no-estadio-do-Maracana.webp","type":"image\/jpeg"}],"author":"Equipe G\u00e1vea News","twitter_card":"summary_large_image","twitter_misc":{"Escrito por":"Equipe G\u00e1vea News","Est. tempo de leitura":"1 minuto"},"schema":{"@context":"https:\/\/schema.org","@graph":[{"@type":"NewsArticle","@id":"https:\/\/www.gaveanews.com\/index.php\/2021\/07\/02\/treinador-do-flamengo-ceni-lamenta-lesao-de-diego-ribas\/#article","isPartOf":{"@id":"https:\/\/www.gaveanews.com\/index.php\/2021\/07\/02\/treinador-do-flamengo-ceni-lamenta-lesao-de-diego-ribas\/"},"author":{"name":"Equipe G\u00e1vea News","@id":"https:\/\/www.gaveanews.com\/#\/schema\/person\/2ec14f73fb96be2caf28f91afb14749d"},"headline":"Treinador do Flamengo, Ceni lamenta les\u00e3o de Diego Ribas","datePublished":"2021-07-02T03:45:12+00:00","dateModified":"2021-07-02T03:45:35+00:00","mainEntityOfPage":{"@id":"https:\/\/www.gaveanews.com\/index.php\/2021\/07\/02\/treinador-do-flamengo-ceni-lamenta-lesao-de-diego-ribas\/"},"wordCount":243,"commentCount":3,"image":{"@id":"https:\/\/www.gaveanews.com\/index.php\/2021\/07\/02\/treinador-do-flamengo-ceni-lamenta-lesao-de-diego-ribas\/#primaryimage"},"thumbnailUrl":"https:\/\/www.gaveanews.com\/wp-content\/uploads\/Ceni-durante-coletiva-de-imprensa-no-estadio-do-Maracana.webp","articleSection":["Flamengo"],"inLanguage":"pt-BR","potentialAction":[{"@type":"CommentAction","name":"Comment","target":["https:\/\/www.gaveanews.com\/index.php\/2021\/07\/02\/treinador-do-flamengo-ceni-lamenta-lesao-de-diego-ribas\/#respond"]}],"copyrightYear":"2021","copyrightHolder":{"@id":"https:\/\/www.gaveanews.com\/#organization"}},{"@type":"WebPage","@id":"https:\/\/www.gaveanews.com\/index.php\/2021\/07\/02\/treinador-do-flamengo-ceni-lamenta-lesao-de-diego-ribas\/","url":"https:\/\/www.gaveanews.com\/index.php\/2021\/07\/02\/treinador-do-flamengo-ceni-lamenta-lesao-de-diego-ribas\/","name":"Treinador do Flamengo, Ceni lamenta les\u00e3o de Diego Ribas","isPartOf":{"@id":"https:\/\/www.gaveanews.com\/#website"},"primaryImageOfPage":{"@id":"https:\/\/www.gaveanews.com\/index.php\/2021\/07\/02\/treinador-do-flamengo-ceni-lamenta-lesao-de-diego-ribas\/#primaryimage"},"image":{"@id":"https:\/\/www.gaveanews.com\/index.php\/2021\/07\/02\/treinador-do-flamengo-ceni-lamenta-lesao-de-diego-ribas\/#primaryimage"},"thumbnailUrl":"https:\/\/www.gaveanews.com\/wp-content\/uploads\/Ceni-durante-coletiva-de-imprensa-no-estadio-do-Maracana.webp","datePublished":"2021-07-02T03:45:12+00:00","dateModified":"2021-07-02T03:45:35+00:00","author":{"@id":"https:\/\/www.gaveanews.com\/#\/schema\/person\/2ec14f73fb96be2caf28f91afb14749d"},"breadcrumb":{"@id":"https:\/\/www.gaveanews.com\/index.php\/2021\/07\/02\/treinador-do-flamengo-ceni-lamenta-lesao-de-diego-ribas\/#breadcrumb"},"inLanguage":"pt-BR","potentialAction":[{"@type":"ReadAction","target":["https:\/\/www.gaveanews.com\/index.php\/2021\/07\/02\/treinador-do-flamengo-ceni-lamenta-lesao-de-diego-ribas\/"]}]},{"@type":"ImageObject","inLanguage":"pt-BR","@id":"https:\/\/www.gaveanews.com\/index.php\/2021\/07\/02\/treinador-do-flamengo-ceni-lamenta-lesao-de-diego-ribas\/#primaryimage","url":"https:\/\/www.gaveanews.com\/wp-content\/uploads\/Ceni-durante-coletiva-de-imprensa-no-estadio-do-Maracana.webp","contentUrl":"https:\/\/www.gaveanews.com\/wp-content\/uploads\/Ceni-durante-coletiva-de-imprensa-no-estadio-do-Maracana.webp","width":799,"height":532,"caption":"Ceni durante coletiva de imprensa no est\u00e1dio do Maracan\u00e3 (Foto: Alexandre Vidal\/Flamengo)"},{"@type":"BreadcrumbList","@id":"https:\/\/www.gaveanews.com\/index.php\/2021\/07\/02\/treinador-do-flamengo-ceni-lamenta-lesao-de-diego-ribas\/#breadcrumb","itemListElement":[{"@type":"ListItem","position":1,"name":"Home","item":"https:\/\/www.gaveanews.com\/"},{"@type":"ListItem","position":2,"name":"Treinador do Flamengo, Ceni lamenta les\u00e3o de Diego Ribas"}]},{"@type":"WebSite","@id":"https:\/\/www.gaveanews.com\/#website","url":"https:\/\/www.gaveanews.com\/","name":"G\u00e1vea News","description":"Veja todas as not\u00edcias sobre o Flamengo: Contrata\u00e7\u00f5es, categorias de base, resultados das partidas, tabela de classifica\u00e7\u00e3o, pr\u00f3ximos jogos!","potentialAction":[{"@type":"SearchAction","target":{"@type":"EntryPoint","urlTemplate":"https:\/\/www.gaveanews.com\/?s={search_term_string}"},"query-input":{"@type":"PropertyValueSpecification","valueRequired":true,"valueName":"search_term_string"}}],"inLanguage":"pt-BR"},{"@type":"Person","@id":"https:\/\/www.gaveanews.com\/#\/schema\/person\/2ec14f73fb96be2caf28f91afb14749d","name":"Equipe G\u00e1vea News","image":{"@type":"ImageObject","inLanguage":"pt-BR","@id":"https:\/\/www.gaveanews.com\/#\/schema\/person\/image\/","url":"https:\/\/secure.gravatar.com\/avatar\/1e1956f1facbffd3f8fa53a326721950116b3b9dc9bd44939c01180fd4a745a9?s=96&d=mm&r=g","contentUrl":"https:\/\/secure.gravatar.com\/avatar\/1e1956f1facbffd3f8fa53a326721950116b3b9dc9bd44939c01180fd4a745a9?s=96&d=mm&r=g","caption":"Equipe G\u00e1vea News"}}]}},"_links":{"self":[{"href":"https:\/\/www.gaveanews.com\/index.php\/wp-json\/wp\/v2\/posts\/63888","targetHints":{"allow":["GET"]}}],"collection":[{"href":"https:\/\/www.gaveanews.com\/index.php\/wp-json\/wp\/v2\/posts"}],"about":[{"href":"https:\/\/www.gaveanews.com\/index.php\/wp-json\/wp\/v2\/types\/post"}],"author":[{"embeddable":true,"href":"https:\/\/www.gaveanews.com\/index.php\/wp-json\/wp\/v2\/users\/1"}],"replies":[{"embeddable":true,"href":"https:\/\/www.gaveanews.com\/index.php\/wp-json\/wp\/v2\/comments?post=63888"}],"version-history":[{"count":0,"href":"https:\/\/www.gaveanews.com\/index.php\/wp-json\/wp\/v2\/posts\/63888\/revisions"}],"wp:featuredmedia":[{"embeddable":true,"href":"https:\/\/www.gaveanews.com\/index.php\/wp-json\/wp\/v2\/media\/63489"}],"wp:attachment":[{"href":"https:\/\/www.gaveanews.com\/index.php\/wp-json\/wp\/v2\/media?parent=63888"}],"wp:term":[{"taxonomy":"category","embeddable":true,"href":"https:\/\/www.gaveanews.com\/index.php\/wp-json\/wp\/v2\/categories?post=63888"},{"taxonomy":"post_tag","embeddable":true,"href":"https:\/\/www.gaveanews.com\/index.php\/wp-json\/wp\/v2\/tags?post=63888"}],"curies":[{"name":"wp","href":"https:\/\/api.w.org\/{rel}","templated":true}]}}