{"id":63897,"date":"2021-07-02T07:00:00","date_gmt":"2021-07-02T10:00:00","guid":{"rendered":"https:\/\/www.gaveanews.com\/?p=63897"},"modified":"2021-07-02T02:58:41","modified_gmt":"2021-07-02T05:58:41","slug":"em-busca-de-reforcos-veja-detalhes-das-3-negociacoes-em-andamento-do-flamengo-no-momento","status":"publish","type":"post","link":"https:\/\/www.gaveanews.com\/index.php\/2021\/07\/02\/em-busca-de-reforcos-veja-detalhes-das-3-negociacoes-em-andamento-do-flamengo-no-momento\/","title":{"rendered":"Em busca de refor\u00e7os: veja detalhes das 3 negocia\u00e7\u00f5es em andamento do Flamengo no momento"},"content":{"rendered":"\n<p>A um m\u00eas da abertura da janela de transfer\u00eancias para contrata\u00e7\u00f5es de jogadores do exterior, o Flamengo se movimenta no mercado com ousadia, mas sem tirar os p\u00e9s do ch\u00e3o. O clube abriu algumas frentes de negocia\u00e7\u00e3o, entre elas com o atacante Kenedy, do Chelsea; o meia Thiago Mendes, do Lyon; e o volante Renato Augusto, do Beijing Guoan, da China.<\/p>\n\n\n\n<p>As duas primeiras investidas s\u00e3o consideradas quase imposs\u00edveis, uma vez que os dois atletas t\u00eam mais dois anos de contrato em suas equipes. Mas sinalizaram que voltariam ao Brasil. No caso de Renato Augusto, que tamb\u00e9m tem v\u00ednculo em vigor, h\u00e1 possibilidade de rompimento em fun\u00e7\u00e3o de d\u00edvidas com o clube chin\u00eas. O que abriria a possibilidade de o ex-rubro-negro de 33 anos retornar livre, apenas pelo sal\u00e1rio e luvas, ao clube onde foi revelado.<\/p>\n\n\n\n<p>O ponto principal \u00e9 que a venda de Gerson ao Olympique, da Fran\u00e7a, n\u00e3o \u00e9 sin\u00f4nimo de f\u00f4lego financeiro para grandes aportes no mercado. Pelo contr\u00e1rio. O Flamengo ainda se v\u00ea em um cen\u00e1rio de restri\u00e7\u00e3o financeira grande por conta da aus\u00eancia de receitas dos jogos com torcida e afins (como o s\u00f3cio torcedor). Por isso, os R$ 160 milh\u00f5es da negocia\u00e7\u00e3o com o clube franc\u00eas entram mais como um tranquilizante para fechar as contas em dia do que verba para investir.<\/p>\n\n\n\n<p><strong><em>\u2014 Deixou o clube saud\u00e1vel financeiramente e tranquilo. Mas n\u00e3o deu capacidade de investir pesado<\/em><\/strong>, explica uma fonte da diretoria.<\/p>\n\n\n\n<p>No caso de Kenedy, os contatos s\u00e3o para um empr\u00e9stimo nos mesmos moldes da passagem que ele teve pelo Granada, da Espanha, cedido pelo Chelsea. E, assim como a contrata\u00e7\u00e3o de Thiago Maia, por exemplo, com op\u00e7\u00e3o de compra no fim do per\u00edodo de um ano. Kenedy passou f\u00e9rias no Rio e chegou a tratar uma les\u00e3o no Ninho do Urubu, mas o Chelsea o chamou de volta. O vice de futebol Marcos Braz visualizou a chance e estreitou contatos com o jogador e seu agente, Evandro Ferreira. Na segunda-feira, atleta e Chelsea foram comunicados do interesse do Flamengo.<\/p>\n\n\n\n<p>O clube tamb\u00e9m tenta a contrata\u00e7\u00e3o de Thiago Mendes para substituir Gerson. O jogador foi indicado pelo t\u00e9cnico Rogerio Ceni, que ainda n\u00e3o teve o pedido de refor\u00e7os atendidos pela diretoria. Mas o momento \u00e9 prop\u00edcio para que Marcos Braz e o diretor Bruno Spindel usem a habilidade de mercado para contratar mesmo sem dinheiro. A ideia \u00e9 tentar que o Lyon libere o atleta tamb\u00e9m por empr\u00e9stimo. O Flamengo sabe que \u00e9 improv\u00e1vel, mas tenta.<\/p>\n\n\n\n<p>Ou seja, o ano m\u00e1gico de refor\u00e7os como 2019 n\u00e3o \u00e9 poss\u00edvel. A ideia \u00e9 agir de forma pontual para que o time n\u00e3o perca a qualidade. E seguir de olho em oportunidades. A senha \u00e9: para comprar, tem que vender. Por isso, al\u00e9m de Gerson, o clube aproveita a abertura da janela de pa\u00edses europeus para colocar na vitrine seus potenciais talentos.<\/p>\n\n\n\n<p>Vale lembrar que o Flamengo ainda precisa pagar parcelas de contrata\u00e7\u00f5es dos anos anteriores e da principal feita nesta temporada: Pedro, que custou 14 milh\u00f5es de euros, vindo da Fiorentina. O clube tamb\u00e9m espera renovar com Arrascaeta, para que o meia n\u00e3o tenha o mesmo destino de Gerson.<\/p>\n\n\n\n<p>Retirado de: O Globo<\/p>\n","protected":false},"excerpt":{"rendered":"<p>A um m\u00eas da abertura da janela de transfer\u00eancias para contrata\u00e7\u00f5es de jogadores do exterior, o Flamengo se movimenta no mercado com ousadia, mas sem tirar os p\u00e9s do ch\u00e3o. O clube abriu algumas frentes de negocia\u00e7\u00e3o, entre elas com o atacante Kenedy, do Chelsea; o meia Thiago Mendes, do Lyon; e o volante Renato [&hellip;]<\/p>\n","protected":false},"author":1,"featured_media":46957,"comment_status":"open","ping_status":"closed","sticky":false,"template":"","format":"standard","meta":{"footnotes":""},"categories":[48],"tags":[],"class_list":["post-63897","post","type-post","status-publish","format-standard","has-post-thumbnail","hentry","category-negociacoes"],"yoast_head":"<!-- This site is optimized with the Yoast SEO Premium plugin v24.2 (Yoast SEO v26.9) - https:\/\/yoast.com\/product\/yoast-seo-premium-wordpress\/ -->\n<title>Veja detalhes das 3 negocia\u00e7\u00f5es em andamento do Flamengo<\/title>\n<meta name=\"robots\" content=\"index, follow, max-snippet:-1, max-image-preview:large, max-video-preview:-1\" \/>\n<link rel=\"canonical\" href=\"https:\/\/www.gaveanews.com\/index.php\/2021\/07\/02\/em-busca-de-reforcos-veja-detalhes-das-3-negociacoes-em-andamento-do-flamengo-no-momento\/\" \/>\n<meta property=\"og:locale\" content=\"pt_BR\" \/>\n<meta property=\"og:type\" content=\"article\" \/>\n<meta property=\"og:title\" content=\"Em busca de refor\u00e7os: veja detalhes das 3 negocia\u00e7\u00f5es em andamento do Flamengo no momento\" \/>\n<meta property=\"og:description\" content=\"A um m\u00eas da abertura da janela de transfer\u00eancias para contrata\u00e7\u00f5es de jogadores do exterior, o Flamengo se movimenta no mercado com ousadia, mas sem tirar os p\u00e9s do ch\u00e3o. O clube abriu algumas frentes de negocia\u00e7\u00e3o, entre elas com o atacante Kenedy, do Chelsea; o meia Thiago Mendes, do Lyon; e o volante Renato [&hellip;]\" \/>\n<meta property=\"og:url\" content=\"https:\/\/www.gaveanews.com\/index.php\/2021\/07\/02\/em-busca-de-reforcos-veja-detalhes-das-3-negociacoes-em-andamento-do-flamengo-no-momento\/\" \/>\n<meta property=\"og:site_name\" content=\"G\u00e1vea News\" \/>\n<meta property=\"article:publisher\" content=\"https:\/\/facebook.com\/gaveaNews\/\" \/>\n<meta property=\"article:published_time\" content=\"2021-07-02T10:00:00+00:00\" \/>\n<meta property=\"og:image\" content=\"https:\/\/www.gaveanews.com\/wp-content\/uploads\/Marcos-Braz-no-gramado-do-Maracana.webp\" \/>\n\t<meta property=\"og:image:width\" content=\"799\" \/>\n\t<meta property=\"og:image:height\" content=\"532\" \/>\n\t<meta property=\"og:image:type\" content=\"image\/jpeg\" \/>\n<meta name=\"author\" content=\"Equipe G\u00e1vea News\" \/>\n<meta name=\"twitter:card\" content=\"summary_large_image\" \/>\n<meta name=\"twitter:label1\" content=\"Escrito por\" \/>\n\t<meta name=\"twitter:data1\" content=\"Equipe G\u00e1vea News\" \/>\n\t<meta name=\"twitter:label2\" content=\"Est. tempo de leitura\" \/>\n\t<meta name=\"twitter:data2\" content=\"3 minutos\" \/>\n<script type=\"application\/ld+json\" class=\"yoast-schema-graph\">{\"@context\":\"https:\/\/schema.org\",\"@graph\":[{\"@type\":\"NewsArticle\",\"@id\":\"https:\/\/www.gaveanews.com\/index.php\/2021\/07\/02\/em-busca-de-reforcos-veja-detalhes-das-3-negociacoes-em-andamento-do-flamengo-no-momento\/#article\",\"isPartOf\":{\"@id\":\"https:\/\/www.gaveanews.com\/index.php\/2021\/07\/02\/em-busca-de-reforcos-veja-detalhes-das-3-negociacoes-em-andamento-do-flamengo-no-momento\/\"},\"author\":{\"name\":\"Equipe G\u00e1vea News\",\"@id\":\"https:\/\/www.gaveanews.com\/#\/schema\/person\/2ec14f73fb96be2caf28f91afb14749d\"},\"headline\":\"Em busca de refor\u00e7os: veja detalhes das 3 negocia\u00e7\u00f5es em andamento do Flamengo no momento\",\"datePublished\":\"2021-07-02T10:00:00+00:00\",\"mainEntityOfPage\":{\"@id\":\"https:\/\/www.gaveanews.com\/index.php\/2021\/07\/02\/em-busca-de-reforcos-veja-detalhes-das-3-negociacoes-em-andamento-do-flamengo-no-momento\/\"},\"wordCount\":587,\"commentCount\":16,\"image\":{\"@id\":\"https:\/\/www.gaveanews.com\/index.php\/2021\/07\/02\/em-busca-de-reforcos-veja-detalhes-das-3-negociacoes-em-andamento-do-flamengo-no-momento\/#primaryimage\"},\"thumbnailUrl\":\"https:\/\/www.gaveanews.com\/wp-content\/uploads\/Marcos-Braz-no-gramado-do-Maracana.webp\",\"articleSection\":[\"Negocia\u00e7\u00f5es\"],\"inLanguage\":\"pt-BR\",\"potentialAction\":[{\"@type\":\"CommentAction\",\"name\":\"Comment\",\"target\":[\"https:\/\/www.gaveanews.com\/index.php\/2021\/07\/02\/em-busca-de-reforcos-veja-detalhes-das-3-negociacoes-em-andamento-do-flamengo-no-momento\/#respond\"]}],\"copyrightYear\":\"2021\",\"copyrightHolder\":{\"@id\":\"https:\/\/www.gaveanews.com\/#organization\"}},{\"@type\":\"WebPage\",\"@id\":\"https:\/\/www.gaveanews.com\/index.php\/2021\/07\/02\/em-busca-de-reforcos-veja-detalhes-das-3-negociacoes-em-andamento-do-flamengo-no-momento\/\",\"url\":\"https:\/\/www.gaveanews.com\/index.php\/2021\/07\/02\/em-busca-de-reforcos-veja-detalhes-das-3-negociacoes-em-andamento-do-flamengo-no-momento\/\",\"name\":\"Veja detalhes das 3 negocia\u00e7\u00f5es em andamento do Flamengo\",\"isPartOf\":{\"@id\":\"https:\/\/www.gaveanews.com\/#website\"},\"primaryImageOfPage\":{\"@id\":\"https:\/\/www.gaveanews.com\/index.php\/2021\/07\/02\/em-busca-de-reforcos-veja-detalhes-das-3-negociacoes-em-andamento-do-flamengo-no-momento\/#primaryimage\"},\"image\":{\"@id\":\"https:\/\/www.gaveanews.com\/index.php\/2021\/07\/02\/em-busca-de-reforcos-veja-detalhes-das-3-negociacoes-em-andamento-do-flamengo-no-momento\/#primaryimage\"},\"thumbnailUrl\":\"https:\/\/www.gaveanews.com\/wp-content\/uploads\/Marcos-Braz-no-gramado-do-Maracana.webp\",\"datePublished\":\"2021-07-02T10:00:00+00:00\",\"author\":{\"@id\":\"https:\/\/www.gaveanews.com\/#\/schema\/person\/2ec14f73fb96be2caf28f91afb14749d\"},\"breadcrumb\":{\"@id\":\"https:\/\/www.gaveanews.com\/index.php\/2021\/07\/02\/em-busca-de-reforcos-veja-detalhes-das-3-negociacoes-em-andamento-do-flamengo-no-momento\/#breadcrumb\"},\"inLanguage\":\"pt-BR\",\"potentialAction\":[{\"@type\":\"ReadAction\",\"target\":[\"https:\/\/www.gaveanews.com\/index.php\/2021\/07\/02\/em-busca-de-reforcos-veja-detalhes-das-3-negociacoes-em-andamento-do-flamengo-no-momento\/\"]}]},{\"@type\":\"ImageObject\",\"inLanguage\":\"pt-BR\",\"@id\":\"https:\/\/www.gaveanews.com\/index.php\/2021\/07\/02\/em-busca-de-reforcos-veja-detalhes-das-3-negociacoes-em-andamento-do-flamengo-no-momento\/#primaryimage\",\"url\":\"https:\/\/www.gaveanews.com\/wp-content\/uploads\/Marcos-Braz-no-gramado-do-Maracana.webp\",\"contentUrl\":\"https:\/\/www.gaveanews.com\/wp-content\/uploads\/Marcos-Braz-no-gramado-do-Maracana.webp\",\"width\":799,\"height\":532,\"caption\":\"Marcos Braz no gramado do Maracan\u00e3 (Foto: Alexandre Vidal\/Flamengo)\"},{\"@type\":\"BreadcrumbList\",\"@id\":\"https:\/\/www.gaveanews.com\/index.php\/2021\/07\/02\/em-busca-de-reforcos-veja-detalhes-das-3-negociacoes-em-andamento-do-flamengo-no-momento\/#breadcrumb\",\"itemListElement\":[{\"@type\":\"ListItem\",\"position\":1,\"name\":\"Home\",\"item\":\"https:\/\/www.gaveanews.com\/\"},{\"@type\":\"ListItem\",\"position\":2,\"name\":\"Em busca de refor\u00e7os: veja detalhes das 3 negocia\u00e7\u00f5es em andamento do Flamengo no momento\"}]},{\"@type\":\"WebSite\",\"@id\":\"https:\/\/www.gaveanews.com\/#website\",\"url\":\"https:\/\/www.gaveanews.com\/\",\"name\":\"G\u00e1vea News\",\"description\":\"Veja todas as not\u00edcias sobre o Flamengo: Contrata\u00e7\u00f5es, categorias de base, resultados das partidas, tabela de classifica\u00e7\u00e3o, pr\u00f3ximos jogos!\",\"potentialAction\":[{\"@type\":\"SearchAction\",\"target\":{\"@type\":\"EntryPoint\",\"urlTemplate\":\"https:\/\/www.gaveanews.com\/?s={search_term_string}\"},\"query-input\":{\"@type\":\"PropertyValueSpecification\",\"valueRequired\":true,\"valueName\":\"search_term_string\"}}],\"inLanguage\":\"pt-BR\"},{\"@type\":\"Person\",\"@id\":\"https:\/\/www.gaveanews.com\/#\/schema\/person\/2ec14f73fb96be2caf28f91afb14749d\",\"name\":\"Equipe G\u00e1vea News\",\"image\":{\"@type\":\"ImageObject\",\"inLanguage\":\"pt-BR\",\"@id\":\"https:\/\/www.gaveanews.com\/#\/schema\/person\/image\/\",\"url\":\"https:\/\/secure.gravatar.com\/avatar\/1e1956f1facbffd3f8fa53a326721950116b3b9dc9bd44939c01180fd4a745a9?s=96&d=mm&r=g\",\"contentUrl\":\"https:\/\/secure.gravatar.com\/avatar\/1e1956f1facbffd3f8fa53a326721950116b3b9dc9bd44939c01180fd4a745a9?s=96&d=mm&r=g\",\"caption\":\"Equipe G\u00e1vea News\"}}]}<\/script>\n<!-- \/ Yoast SEO Premium plugin. -->","yoast_head_json":{"title":"Veja detalhes das 3 negocia\u00e7\u00f5es em andamento do Flamengo","robots":{"index":"index","follow":"follow","max-snippet":"max-snippet:-1","max-image-preview":"max-image-preview:large","max-video-preview":"max-video-preview:-1"},"canonical":"https:\/\/www.gaveanews.com\/index.php\/2021\/07\/02\/em-busca-de-reforcos-veja-detalhes-das-3-negociacoes-em-andamento-do-flamengo-no-momento\/","og_locale":"pt_BR","og_type":"article","og_title":"Em busca de refor\u00e7os: veja detalhes das 3 negocia\u00e7\u00f5es em andamento do Flamengo no momento","og_description":"A um m\u00eas da abertura da janela de transfer\u00eancias para contrata\u00e7\u00f5es de jogadores do exterior, o Flamengo se movimenta no mercado com ousadia, mas sem tirar os p\u00e9s do ch\u00e3o. O clube abriu algumas frentes de negocia\u00e7\u00e3o, entre elas com o atacante Kenedy, do Chelsea; o meia Thiago Mendes, do Lyon; e o volante Renato [&hellip;]","og_url":"https:\/\/www.gaveanews.com\/index.php\/2021\/07\/02\/em-busca-de-reforcos-veja-detalhes-das-3-negociacoes-em-andamento-do-flamengo-no-momento\/","og_site_name":"G\u00e1vea News","article_publisher":"https:\/\/facebook.com\/gaveaNews\/","article_published_time":"2021-07-02T10:00:00+00:00","og_image":[{"width":799,"height":532,"url":"https:\/\/www.gaveanews.com\/wp-content\/uploads\/Marcos-Braz-no-gramado-do-Maracana.webp","type":"image\/jpeg"}],"author":"Equipe G\u00e1vea News","twitter_card":"summary_large_image","twitter_misc":{"Escrito por":"Equipe G\u00e1vea News","Est. tempo de leitura":"3 minutos"},"schema":{"@context":"https:\/\/schema.org","@graph":[{"@type":"NewsArticle","@id":"https:\/\/www.gaveanews.com\/index.php\/2021\/07\/02\/em-busca-de-reforcos-veja-detalhes-das-3-negociacoes-em-andamento-do-flamengo-no-momento\/#article","isPartOf":{"@id":"https:\/\/www.gaveanews.com\/index.php\/2021\/07\/02\/em-busca-de-reforcos-veja-detalhes-das-3-negociacoes-em-andamento-do-flamengo-no-momento\/"},"author":{"name":"Equipe G\u00e1vea News","@id":"https:\/\/www.gaveanews.com\/#\/schema\/person\/2ec14f73fb96be2caf28f91afb14749d"},"headline":"Em busca de refor\u00e7os: veja detalhes das 3 negocia\u00e7\u00f5es em andamento do Flamengo no momento","datePublished":"2021-07-02T10:00:00+00:00","mainEntityOfPage":{"@id":"https:\/\/www.gaveanews.com\/index.php\/2021\/07\/02\/em-busca-de-reforcos-veja-detalhes-das-3-negociacoes-em-andamento-do-flamengo-no-momento\/"},"wordCount":587,"commentCount":16,"image":{"@id":"https:\/\/www.gaveanews.com\/index.php\/2021\/07\/02\/em-busca-de-reforcos-veja-detalhes-das-3-negociacoes-em-andamento-do-flamengo-no-momento\/#primaryimage"},"thumbnailUrl":"https:\/\/www.gaveanews.com\/wp-content\/uploads\/Marcos-Braz-no-gramado-do-Maracana.webp","articleSection":["Negocia\u00e7\u00f5es"],"inLanguage":"pt-BR","potentialAction":[{"@type":"CommentAction","name":"Comment","target":["https:\/\/www.gaveanews.com\/index.php\/2021\/07\/02\/em-busca-de-reforcos-veja-detalhes-das-3-negociacoes-em-andamento-do-flamengo-no-momento\/#respond"]}],"copyrightYear":"2021","copyrightHolder":{"@id":"https:\/\/www.gaveanews.com\/#organization"}},{"@type":"WebPage","@id":"https:\/\/www.gaveanews.com\/index.php\/2021\/07\/02\/em-busca-de-reforcos-veja-detalhes-das-3-negociacoes-em-andamento-do-flamengo-no-momento\/","url":"https:\/\/www.gaveanews.com\/index.php\/2021\/07\/02\/em-busca-de-reforcos-veja-detalhes-das-3-negociacoes-em-andamento-do-flamengo-no-momento\/","name":"Veja detalhes das 3 negocia\u00e7\u00f5es em andamento do Flamengo","isPartOf":{"@id":"https:\/\/www.gaveanews.com\/#website"},"primaryImageOfPage":{"@id":"https:\/\/www.gaveanews.com\/index.php\/2021\/07\/02\/em-busca-de-reforcos-veja-detalhes-das-3-negociacoes-em-andamento-do-flamengo-no-momento\/#primaryimage"},"image":{"@id":"https:\/\/www.gaveanews.com\/index.php\/2021\/07\/02\/em-busca-de-reforcos-veja-detalhes-das-3-negociacoes-em-andamento-do-flamengo-no-momento\/#primaryimage"},"thumbnailUrl":"https:\/\/www.gaveanews.com\/wp-content\/uploads\/Marcos-Braz-no-gramado-do-Maracana.webp","datePublished":"2021-07-02T10:00:00+00:00","author":{"@id":"https:\/\/www.gaveanews.com\/#\/schema\/person\/2ec14f73fb96be2caf28f91afb14749d"},"breadcrumb":{"@id":"https:\/\/www.gaveanews.com\/index.php\/2021\/07\/02\/em-busca-de-reforcos-veja-detalhes-das-3-negociacoes-em-andamento-do-flamengo-no-momento\/#breadcrumb"},"inLanguage":"pt-BR","potentialAction":[{"@type":"ReadAction","target":["https:\/\/www.gaveanews.com\/index.php\/2021\/07\/02\/em-busca-de-reforcos-veja-detalhes-das-3-negociacoes-em-andamento-do-flamengo-no-momento\/"]}]},{"@type":"ImageObject","inLanguage":"pt-BR","@id":"https:\/\/www.gaveanews.com\/index.php\/2021\/07\/02\/em-busca-de-reforcos-veja-detalhes-das-3-negociacoes-em-andamento-do-flamengo-no-momento\/#primaryimage","url":"https:\/\/www.gaveanews.com\/wp-content\/uploads\/Marcos-Braz-no-gramado-do-Maracana.webp","contentUrl":"https:\/\/www.gaveanews.com\/wp-content\/uploads\/Marcos-Braz-no-gramado-do-Maracana.webp","width":799,"height":532,"caption":"Marcos Braz no gramado do Maracan\u00e3 (Foto: Alexandre Vidal\/Flamengo)"},{"@type":"BreadcrumbList","@id":"https:\/\/www.gaveanews.com\/index.php\/2021\/07\/02\/em-busca-de-reforcos-veja-detalhes-das-3-negociacoes-em-andamento-do-flamengo-no-momento\/#breadcrumb","itemListElement":[{"@type":"ListItem","position":1,"name":"Home","item":"https:\/\/www.gaveanews.com\/"},{"@type":"ListItem","position":2,"name":"Em busca de refor\u00e7os: veja detalhes das 3 negocia\u00e7\u00f5es em andamento do Flamengo no momento"}]},{"@type":"WebSite","@id":"https:\/\/www.gaveanews.com\/#website","url":"https:\/\/www.gaveanews.com\/","name":"G\u00e1vea News","description":"Veja todas as not\u00edcias sobre o Flamengo: Contrata\u00e7\u00f5es, categorias de base, resultados das partidas, tabela de classifica\u00e7\u00e3o, pr\u00f3ximos jogos!","potentialAction":[{"@type":"SearchAction","target":{"@type":"EntryPoint","urlTemplate":"https:\/\/www.gaveanews.com\/?s={search_term_string}"},"query-input":{"@type":"PropertyValueSpecification","valueRequired":true,"valueName":"search_term_string"}}],"inLanguage":"pt-BR"},{"@type":"Person","@id":"https:\/\/www.gaveanews.com\/#\/schema\/person\/2ec14f73fb96be2caf28f91afb14749d","name":"Equipe G\u00e1vea News","image":{"@type":"ImageObject","inLanguage":"pt-BR","@id":"https:\/\/www.gaveanews.com\/#\/schema\/person\/image\/","url":"https:\/\/secure.gravatar.com\/avatar\/1e1956f1facbffd3f8fa53a326721950116b3b9dc9bd44939c01180fd4a745a9?s=96&d=mm&r=g","contentUrl":"https:\/\/secure.gravatar.com\/avatar\/1e1956f1facbffd3f8fa53a326721950116b3b9dc9bd44939c01180fd4a745a9?s=96&d=mm&r=g","caption":"Equipe G\u00e1vea News"}}]}},"_links":{"self":[{"href":"https:\/\/www.gaveanews.com\/index.php\/wp-json\/wp\/v2\/posts\/63897","targetHints":{"allow":["GET"]}}],"collection":[{"href":"https:\/\/www.gaveanews.com\/index.php\/wp-json\/wp\/v2\/posts"}],"about":[{"href":"https:\/\/www.gaveanews.com\/index.php\/wp-json\/wp\/v2\/types\/post"}],"author":[{"embeddable":true,"href":"https:\/\/www.gaveanews.com\/index.php\/wp-json\/wp\/v2\/users\/1"}],"replies":[{"embeddable":true,"href":"https:\/\/www.gaveanews.com\/index.php\/wp-json\/wp\/v2\/comments?post=63897"}],"version-history":[{"count":0,"href":"https:\/\/www.gaveanews.com\/index.php\/wp-json\/wp\/v2\/posts\/63897\/revisions"}],"wp:featuredmedia":[{"embeddable":true,"href":"https:\/\/www.gaveanews.com\/index.php\/wp-json\/wp\/v2\/media\/46957"}],"wp:attachment":[{"href":"https:\/\/www.gaveanews.com\/index.php\/wp-json\/wp\/v2\/media?parent=63897"}],"wp:term":[{"taxonomy":"category","embeddable":true,"href":"https:\/\/www.gaveanews.com\/index.php\/wp-json\/wp\/v2\/categories?post=63897"},{"taxonomy":"post_tag","embeddable":true,"href":"https:\/\/www.gaveanews.com\/index.php\/wp-json\/wp\/v2\/tags?post=63897"}],"curies":[{"name":"wp","href":"https:\/\/api.w.org\/{rel}","templated":true}]}}