{"id":63908,"date":"2021-07-02T12:41:54","date_gmt":"2021-07-02T15:41:54","guid":{"rendered":"https:\/\/www.gaveanews.com\/?p=63908"},"modified":"2021-08-12T00:48:53","modified_gmt":"2021-08-12T03:48:53","slug":"sabia-por-quantos-dias-diego-ribas-podera-desfalcar-o-flamengo","status":"publish","type":"post","link":"https:\/\/www.gaveanews.com\/index.php\/2021\/07\/02\/sabia-por-quantos-dias-diego-ribas-podera-desfalcar-o-flamengo\/","title":{"rendered":"Sabia por quantos dias Diego Ribas poder\u00e1 desfalcar o Flamengo"},"content":{"rendered":"\n<p>Na \u00faltima quinta-feira (01), o Flamengo enfrentou o Cuiab\u00e1 pela primeira vez na hist\u00f3ria e conquistou a vit\u00f3ria sobre o advers\u00e1rio. O<a href=\"https:\/\/www.gaveanews.com\/index.php\/2021\/07\/01\/assista-os-gols-do-flamengo-no-jogo-contra-o-cuiaba\/\"> placar de 2 a 0 <\/a>garantiu ao rubro-negro uma vaga no atual G-6 do Campeonato Brasileiro.<\/p>\n\n\n\n<p>O jogo, no entanto, n\u00e3o teve o resultado esperado pela torcida. Al\u00e9m de o time n\u00e3o ter sido constante no decorrer da partida, o elenco ganhou um novo desfalque importante. Com isso, o Mais Querido soma seis desfalques para o cl\u00e1ssico contra o Fluminense.<\/p>\n\n\n\n<p>Aos nove minutos da segunda metade do duelo, Diego Ribas sofreu um entorse no joelho esquerdo e precisou deixar o campo de maca. Dois minutos depois, o camisa 10 sinalizou que n\u00e3o teria condi\u00e7\u00f5es de voltar a campo e foi substitu\u00eddo por Hugo Moura.<\/p>\n\n\n\n<p>A cena do meia se queixando de muitas dores preocupou a torcida rubro-negra, que aguardou um parecer do clube da G\u00e1vea. Ap\u00f3s o jogo o Fla informou que Diego seria reavaliado nesta sexta-feira (02).<\/p>\n\n\n\n<p>Nesta manh\u00e3 (02), de acordo com o jornalista Ven\u00ea Casagrande, o jogador foi submetido a exames que constataram les\u00e3o no local. Por\u00e9m, ainda n\u00e3o se sabe qual o grau do dano sofrido. Inicialmente, a expectativa \u00e9 de que o atleta fique fora dos gramados por pelo menos 10 dias.<\/p>\n\n\n\n<p>Com isso, o jogador n\u00e3o dever\u00e1 participar do cl\u00e1ssico deste fim de semana. A partida contra o Fluminense acontecer\u00e1 \u00e0s 16h (hor\u00e1rio de Bras\u00edlia), de domingo (04). O confronto ser\u00e1 transmitido pela TV Globo para todo o pa\u00eds, assim como pelo Premiere.<\/p>\n","protected":false},"excerpt":{"rendered":"<p>Na \u00faltima quinta-feira (01), o Flamengo enfrentou o Cuiab\u00e1 pela primeira vez na hist\u00f3ria e conquistou a vit\u00f3ria sobre o advers\u00e1rio. O placar de 2 a 0 garantiu ao rubro-negro uma vaga no atual G-6 do Campeonato Brasileiro. O jogo, no entanto, n\u00e3o teve o resultado esperado pela torcida. Al\u00e9m de o time n\u00e3o ter [&hellip;]<\/p>\n","protected":false},"author":4,"featured_media":63880,"comment_status":"open","ping_status":"closed","sticky":false,"template":"","format":"standard","meta":{"footnotes":""},"categories":[1],"tags":[],"class_list":["post-63908","post","type-post","status-publish","format-standard","has-post-thumbnail","hentry","category-flamengo"],"yoast_head":"<!-- This site is optimized with the Yoast SEO Premium plugin v24.2 (Yoast SEO v26.9) - https:\/\/yoast.com\/product\/yoast-seo-premium-wordpress\/ -->\n<title>Sabia por quantos dias Diego Ribas poder\u00e1 desfalcar o Flamengo<\/title>\n<meta name=\"robots\" content=\"index, follow, max-snippet:-1, max-image-preview:large, max-video-preview:-1\" \/>\n<link rel=\"canonical\" href=\"https:\/\/www.gaveanews.com\/index.php\/2021\/07\/02\/sabia-por-quantos-dias-diego-ribas-podera-desfalcar-o-flamengo\/\" \/>\n<meta property=\"og:locale\" content=\"pt_BR\" \/>\n<meta property=\"og:type\" content=\"article\" \/>\n<meta property=\"og:title\" content=\"Sabia por quantos dias Diego Ribas poder\u00e1 desfalcar o Flamengo\" \/>\n<meta property=\"og:description\" content=\"Na \u00faltima quinta-feira (01), o Flamengo enfrentou o Cuiab\u00e1 pela primeira vez na hist\u00f3ria e conquistou a vit\u00f3ria sobre o advers\u00e1rio. O placar de 2 a 0 garantiu ao rubro-negro uma vaga no atual G-6 do Campeonato Brasileiro. O jogo, no entanto, n\u00e3o teve o resultado esperado pela torcida. Al\u00e9m de o time n\u00e3o ter [&hellip;]\" \/>\n<meta property=\"og:url\" content=\"https:\/\/www.gaveanews.com\/index.php\/2021\/07\/02\/sabia-por-quantos-dias-diego-ribas-podera-desfalcar-o-flamengo\/\" \/>\n<meta property=\"og:site_name\" content=\"G\u00e1vea News\" \/>\n<meta property=\"article:publisher\" content=\"https:\/\/facebook.com\/gaveaNews\/\" \/>\n<meta property=\"article:published_time\" content=\"2021-07-02T15:41:54+00:00\" \/>\n<meta property=\"article:modified_time\" content=\"2021-08-12T03:48:53+00:00\" \/>\n<meta property=\"og:image\" content=\"https:\/\/www.gaveanews.com\/wp-content\/uploads\/Diego-Ribas-em-acao-pelo-Flamengo-diante-da-equipe-do-Cuiaba-pelo-Campeonato-Brasileiro-da-temporada-de-2021.webp\" \/>\n\t<meta property=\"og:image:width\" content=\"846\" \/>\n\t<meta property=\"og:image:height\" content=\"564\" \/>\n\t<meta property=\"og:image:type\" content=\"image\/jpeg\" \/>\n<meta name=\"author\" content=\"Let\u00edcia Gerheim\" \/>\n<meta name=\"twitter:card\" content=\"summary_large_image\" \/>\n<meta name=\"twitter:label1\" content=\"Escrito por\" \/>\n\t<meta name=\"twitter:data1\" content=\"Let\u00edcia Gerheim\" \/>\n\t<meta name=\"twitter:label2\" content=\"Est. tempo de leitura\" \/>\n\t<meta name=\"twitter:data2\" content=\"2 minutos\" \/>\n<script type=\"application\/ld+json\" class=\"yoast-schema-graph\">{\"@context\":\"https:\/\/schema.org\",\"@graph\":[{\"@type\":\"NewsArticle\",\"@id\":\"https:\/\/www.gaveanews.com\/index.php\/2021\/07\/02\/sabia-por-quantos-dias-diego-ribas-podera-desfalcar-o-flamengo\/#article\",\"isPartOf\":{\"@id\":\"https:\/\/www.gaveanews.com\/index.php\/2021\/07\/02\/sabia-por-quantos-dias-diego-ribas-podera-desfalcar-o-flamengo\/\"},\"author\":{\"name\":\"Let\u00edcia Gerheim\",\"@id\":\"https:\/\/www.gaveanews.com\/#\/schema\/person\/714c67050b836198af2450ba1c142a67\"},\"headline\":\"Sabia por quantos dias Diego Ribas poder\u00e1 desfalcar o Flamengo\",\"datePublished\":\"2021-07-02T15:41:54+00:00\",\"dateModified\":\"2021-08-12T03:48:53+00:00\",\"mainEntityOfPage\":{\"@id\":\"https:\/\/www.gaveanews.com\/index.php\/2021\/07\/02\/sabia-por-quantos-dias-diego-ribas-podera-desfalcar-o-flamengo\/\"},\"wordCount\":272,\"commentCount\":18,\"image\":{\"@id\":\"https:\/\/www.gaveanews.com\/index.php\/2021\/07\/02\/sabia-por-quantos-dias-diego-ribas-podera-desfalcar-o-flamengo\/#primaryimage\"},\"thumbnailUrl\":\"https:\/\/www.gaveanews.com\/wp-content\/uploads\/Diego-Ribas-em-acao-pelo-Flamengo-diante-da-equipe-do-Cuiaba-pelo-Campeonato-Brasileiro-da-temporada-de-2021.webp\",\"articleSection\":[\"Flamengo\"],\"inLanguage\":\"pt-BR\",\"potentialAction\":[{\"@type\":\"CommentAction\",\"name\":\"Comment\",\"target\":[\"https:\/\/www.gaveanews.com\/index.php\/2021\/07\/02\/sabia-por-quantos-dias-diego-ribas-podera-desfalcar-o-flamengo\/#respond\"]}],\"copyrightYear\":\"2021\",\"copyrightHolder\":{\"@id\":\"https:\/\/www.gaveanews.com\/#organization\"}},{\"@type\":\"WebPage\",\"@id\":\"https:\/\/www.gaveanews.com\/index.php\/2021\/07\/02\/sabia-por-quantos-dias-diego-ribas-podera-desfalcar-o-flamengo\/\",\"url\":\"https:\/\/www.gaveanews.com\/index.php\/2021\/07\/02\/sabia-por-quantos-dias-diego-ribas-podera-desfalcar-o-flamengo\/\",\"name\":\"Sabia por quantos dias Diego Ribas poder\u00e1 desfalcar o Flamengo\",\"isPartOf\":{\"@id\":\"https:\/\/www.gaveanews.com\/#website\"},\"primaryImageOfPage\":{\"@id\":\"https:\/\/www.gaveanews.com\/index.php\/2021\/07\/02\/sabia-por-quantos-dias-diego-ribas-podera-desfalcar-o-flamengo\/#primaryimage\"},\"image\":{\"@id\":\"https:\/\/www.gaveanews.com\/index.php\/2021\/07\/02\/sabia-por-quantos-dias-diego-ribas-podera-desfalcar-o-flamengo\/#primaryimage\"},\"thumbnailUrl\":\"https:\/\/www.gaveanews.com\/wp-content\/uploads\/Diego-Ribas-em-acao-pelo-Flamengo-diante-da-equipe-do-Cuiaba-pelo-Campeonato-Brasileiro-da-temporada-de-2021.webp\",\"datePublished\":\"2021-07-02T15:41:54+00:00\",\"dateModified\":\"2021-08-12T03:48:53+00:00\",\"author\":{\"@id\":\"https:\/\/www.gaveanews.com\/#\/schema\/person\/714c67050b836198af2450ba1c142a67\"},\"breadcrumb\":{\"@id\":\"https:\/\/www.gaveanews.com\/index.php\/2021\/07\/02\/sabia-por-quantos-dias-diego-ribas-podera-desfalcar-o-flamengo\/#breadcrumb\"},\"inLanguage\":\"pt-BR\",\"potentialAction\":[{\"@type\":\"ReadAction\",\"target\":[\"https:\/\/www.gaveanews.com\/index.php\/2021\/07\/02\/sabia-por-quantos-dias-diego-ribas-podera-desfalcar-o-flamengo\/\"]}]},{\"@type\":\"ImageObject\",\"inLanguage\":\"pt-BR\",\"@id\":\"https:\/\/www.gaveanews.com\/index.php\/2021\/07\/02\/sabia-por-quantos-dias-diego-ribas-podera-desfalcar-o-flamengo\/#primaryimage\",\"url\":\"https:\/\/www.gaveanews.com\/wp-content\/uploads\/Diego-Ribas-em-acao-pelo-Flamengo-diante-da-equipe-do-Cuiaba-pelo-Campeonato-Brasileiro-da-temporada-de-2021.webp\",\"contentUrl\":\"https:\/\/www.gaveanews.com\/wp-content\/uploads\/Diego-Ribas-em-acao-pelo-Flamengo-diante-da-equipe-do-Cuiaba-pelo-Campeonato-Brasileiro-da-temporada-de-2021.webp\",\"width\":846,\"height\":564,\"caption\":\"Diego Ribas em a\u00e7\u00e3o pelo Flamengo diante da equipe do Cuiab\u00e1 pelo Campeonato Brasileiro da temporada de 2021 (Foto: Alexandre Vidal\/Flamengo)\"},{\"@type\":\"BreadcrumbList\",\"@id\":\"https:\/\/www.gaveanews.com\/index.php\/2021\/07\/02\/sabia-por-quantos-dias-diego-ribas-podera-desfalcar-o-flamengo\/#breadcrumb\",\"itemListElement\":[{\"@type\":\"ListItem\",\"position\":1,\"name\":\"Home\",\"item\":\"https:\/\/www.gaveanews.com\/\"},{\"@type\":\"ListItem\",\"position\":2,\"name\":\"Sabia por quantos dias Diego Ribas poder\u00e1 desfalcar o Flamengo\"}]},{\"@type\":\"WebSite\",\"@id\":\"https:\/\/www.gaveanews.com\/#website\",\"url\":\"https:\/\/www.gaveanews.com\/\",\"name\":\"G\u00e1vea News\",\"description\":\"Veja todas as not\u00edcias sobre o Flamengo: Contrata\u00e7\u00f5es, categorias de base, resultados das partidas, tabela de classifica\u00e7\u00e3o, pr\u00f3ximos jogos!\",\"potentialAction\":[{\"@type\":\"SearchAction\",\"target\":{\"@type\":\"EntryPoint\",\"urlTemplate\":\"https:\/\/www.gaveanews.com\/?s={search_term_string}\"},\"query-input\":{\"@type\":\"PropertyValueSpecification\",\"valueRequired\":true,\"valueName\":\"search_term_string\"}}],\"inLanguage\":\"pt-BR\"},{\"@type\":\"Person\",\"@id\":\"https:\/\/www.gaveanews.com\/#\/schema\/person\/714c67050b836198af2450ba1c142a67\",\"name\":\"Let\u00edcia Gerheim\",\"image\":{\"@type\":\"ImageObject\",\"inLanguage\":\"pt-BR\",\"@id\":\"https:\/\/www.gaveanews.com\/#\/schema\/person\/image\/\",\"url\":\"https:\/\/secure.gravatar.com\/avatar\/60734739c50fcebfbac509e2a826ccd0ff405c019bc73aab9354f19ecad1dcb4?s=96&d=mm&r=g\",\"contentUrl\":\"https:\/\/secure.gravatar.com\/avatar\/60734739c50fcebfbac509e2a826ccd0ff405c019bc73aab9354f19ecad1dcb4?s=96&d=mm&r=g\",\"caption\":\"Let\u00edcia Gerheim\"}}]}<\/script>\n<!-- \/ Yoast SEO Premium plugin. -->","yoast_head_json":{"title":"Sabia por quantos dias Diego Ribas poder\u00e1 desfalcar o Flamengo","robots":{"index":"index","follow":"follow","max-snippet":"max-snippet:-1","max-image-preview":"max-image-preview:large","max-video-preview":"max-video-preview:-1"},"canonical":"https:\/\/www.gaveanews.com\/index.php\/2021\/07\/02\/sabia-por-quantos-dias-diego-ribas-podera-desfalcar-o-flamengo\/","og_locale":"pt_BR","og_type":"article","og_title":"Sabia por quantos dias Diego Ribas poder\u00e1 desfalcar o Flamengo","og_description":"Na \u00faltima quinta-feira (01), o Flamengo enfrentou o Cuiab\u00e1 pela primeira vez na hist\u00f3ria e conquistou a vit\u00f3ria sobre o advers\u00e1rio. O placar de 2 a 0 garantiu ao rubro-negro uma vaga no atual G-6 do Campeonato Brasileiro. O jogo, no entanto, n\u00e3o teve o resultado esperado pela torcida. Al\u00e9m de o time n\u00e3o ter [&hellip;]","og_url":"https:\/\/www.gaveanews.com\/index.php\/2021\/07\/02\/sabia-por-quantos-dias-diego-ribas-podera-desfalcar-o-flamengo\/","og_site_name":"G\u00e1vea News","article_publisher":"https:\/\/facebook.com\/gaveaNews\/","article_published_time":"2021-07-02T15:41:54+00:00","article_modified_time":"2021-08-12T03:48:53+00:00","og_image":[{"width":846,"height":564,"url":"https:\/\/www.gaveanews.com\/wp-content\/uploads\/Diego-Ribas-em-acao-pelo-Flamengo-diante-da-equipe-do-Cuiaba-pelo-Campeonato-Brasileiro-da-temporada-de-2021.webp","type":"image\/jpeg"}],"author":"Let\u00edcia Gerheim","twitter_card":"summary_large_image","twitter_misc":{"Escrito por":"Let\u00edcia Gerheim","Est. tempo de leitura":"2 minutos"},"schema":{"@context":"https:\/\/schema.org","@graph":[{"@type":"NewsArticle","@id":"https:\/\/www.gaveanews.com\/index.php\/2021\/07\/02\/sabia-por-quantos-dias-diego-ribas-podera-desfalcar-o-flamengo\/#article","isPartOf":{"@id":"https:\/\/www.gaveanews.com\/index.php\/2021\/07\/02\/sabia-por-quantos-dias-diego-ribas-podera-desfalcar-o-flamengo\/"},"author":{"name":"Let\u00edcia Gerheim","@id":"https:\/\/www.gaveanews.com\/#\/schema\/person\/714c67050b836198af2450ba1c142a67"},"headline":"Sabia por quantos dias Diego Ribas poder\u00e1 desfalcar o Flamengo","datePublished":"2021-07-02T15:41:54+00:00","dateModified":"2021-08-12T03:48:53+00:00","mainEntityOfPage":{"@id":"https:\/\/www.gaveanews.com\/index.php\/2021\/07\/02\/sabia-por-quantos-dias-diego-ribas-podera-desfalcar-o-flamengo\/"},"wordCount":272,"commentCount":18,"image":{"@id":"https:\/\/www.gaveanews.com\/index.php\/2021\/07\/02\/sabia-por-quantos-dias-diego-ribas-podera-desfalcar-o-flamengo\/#primaryimage"},"thumbnailUrl":"https:\/\/www.gaveanews.com\/wp-content\/uploads\/Diego-Ribas-em-acao-pelo-Flamengo-diante-da-equipe-do-Cuiaba-pelo-Campeonato-Brasileiro-da-temporada-de-2021.webp","articleSection":["Flamengo"],"inLanguage":"pt-BR","potentialAction":[{"@type":"CommentAction","name":"Comment","target":["https:\/\/www.gaveanews.com\/index.php\/2021\/07\/02\/sabia-por-quantos-dias-diego-ribas-podera-desfalcar-o-flamengo\/#respond"]}],"copyrightYear":"2021","copyrightHolder":{"@id":"https:\/\/www.gaveanews.com\/#organization"}},{"@type":"WebPage","@id":"https:\/\/www.gaveanews.com\/index.php\/2021\/07\/02\/sabia-por-quantos-dias-diego-ribas-podera-desfalcar-o-flamengo\/","url":"https:\/\/www.gaveanews.com\/index.php\/2021\/07\/02\/sabia-por-quantos-dias-diego-ribas-podera-desfalcar-o-flamengo\/","name":"Sabia por quantos dias Diego Ribas poder\u00e1 desfalcar o Flamengo","isPartOf":{"@id":"https:\/\/www.gaveanews.com\/#website"},"primaryImageOfPage":{"@id":"https:\/\/www.gaveanews.com\/index.php\/2021\/07\/02\/sabia-por-quantos-dias-diego-ribas-podera-desfalcar-o-flamengo\/#primaryimage"},"image":{"@id":"https:\/\/www.gaveanews.com\/index.php\/2021\/07\/02\/sabia-por-quantos-dias-diego-ribas-podera-desfalcar-o-flamengo\/#primaryimage"},"thumbnailUrl":"https:\/\/www.gaveanews.com\/wp-content\/uploads\/Diego-Ribas-em-acao-pelo-Flamengo-diante-da-equipe-do-Cuiaba-pelo-Campeonato-Brasileiro-da-temporada-de-2021.webp","datePublished":"2021-07-02T15:41:54+00:00","dateModified":"2021-08-12T03:48:53+00:00","author":{"@id":"https:\/\/www.gaveanews.com\/#\/schema\/person\/714c67050b836198af2450ba1c142a67"},"breadcrumb":{"@id":"https:\/\/www.gaveanews.com\/index.php\/2021\/07\/02\/sabia-por-quantos-dias-diego-ribas-podera-desfalcar-o-flamengo\/#breadcrumb"},"inLanguage":"pt-BR","potentialAction":[{"@type":"ReadAction","target":["https:\/\/www.gaveanews.com\/index.php\/2021\/07\/02\/sabia-por-quantos-dias-diego-ribas-podera-desfalcar-o-flamengo\/"]}]},{"@type":"ImageObject","inLanguage":"pt-BR","@id":"https:\/\/www.gaveanews.com\/index.php\/2021\/07\/02\/sabia-por-quantos-dias-diego-ribas-podera-desfalcar-o-flamengo\/#primaryimage","url":"https:\/\/www.gaveanews.com\/wp-content\/uploads\/Diego-Ribas-em-acao-pelo-Flamengo-diante-da-equipe-do-Cuiaba-pelo-Campeonato-Brasileiro-da-temporada-de-2021.webp","contentUrl":"https:\/\/www.gaveanews.com\/wp-content\/uploads\/Diego-Ribas-em-acao-pelo-Flamengo-diante-da-equipe-do-Cuiaba-pelo-Campeonato-Brasileiro-da-temporada-de-2021.webp","width":846,"height":564,"caption":"Diego Ribas em a\u00e7\u00e3o pelo Flamengo diante da equipe do Cuiab\u00e1 pelo Campeonato Brasileiro da temporada de 2021 (Foto: Alexandre Vidal\/Flamengo)"},{"@type":"BreadcrumbList","@id":"https:\/\/www.gaveanews.com\/index.php\/2021\/07\/02\/sabia-por-quantos-dias-diego-ribas-podera-desfalcar-o-flamengo\/#breadcrumb","itemListElement":[{"@type":"ListItem","position":1,"name":"Home","item":"https:\/\/www.gaveanews.com\/"},{"@type":"ListItem","position":2,"name":"Sabia por quantos dias Diego Ribas poder\u00e1 desfalcar o Flamengo"}]},{"@type":"WebSite","@id":"https:\/\/www.gaveanews.com\/#website","url":"https:\/\/www.gaveanews.com\/","name":"G\u00e1vea News","description":"Veja todas as not\u00edcias sobre o Flamengo: Contrata\u00e7\u00f5es, categorias de base, resultados das partidas, tabela de classifica\u00e7\u00e3o, pr\u00f3ximos jogos!","potentialAction":[{"@type":"SearchAction","target":{"@type":"EntryPoint","urlTemplate":"https:\/\/www.gaveanews.com\/?s={search_term_string}"},"query-input":{"@type":"PropertyValueSpecification","valueRequired":true,"valueName":"search_term_string"}}],"inLanguage":"pt-BR"},{"@type":"Person","@id":"https:\/\/www.gaveanews.com\/#\/schema\/person\/714c67050b836198af2450ba1c142a67","name":"Let\u00edcia Gerheim","image":{"@type":"ImageObject","inLanguage":"pt-BR","@id":"https:\/\/www.gaveanews.com\/#\/schema\/person\/image\/","url":"https:\/\/secure.gravatar.com\/avatar\/60734739c50fcebfbac509e2a826ccd0ff405c019bc73aab9354f19ecad1dcb4?s=96&d=mm&r=g","contentUrl":"https:\/\/secure.gravatar.com\/avatar\/60734739c50fcebfbac509e2a826ccd0ff405c019bc73aab9354f19ecad1dcb4?s=96&d=mm&r=g","caption":"Let\u00edcia Gerheim"}}]}},"_links":{"self":[{"href":"https:\/\/www.gaveanews.com\/index.php\/wp-json\/wp\/v2\/posts\/63908","targetHints":{"allow":["GET"]}}],"collection":[{"href":"https:\/\/www.gaveanews.com\/index.php\/wp-json\/wp\/v2\/posts"}],"about":[{"href":"https:\/\/www.gaveanews.com\/index.php\/wp-json\/wp\/v2\/types\/post"}],"author":[{"embeddable":true,"href":"https:\/\/www.gaveanews.com\/index.php\/wp-json\/wp\/v2\/users\/4"}],"replies":[{"embeddable":true,"href":"https:\/\/www.gaveanews.com\/index.php\/wp-json\/wp\/v2\/comments?post=63908"}],"version-history":[{"count":0,"href":"https:\/\/www.gaveanews.com\/index.php\/wp-json\/wp\/v2\/posts\/63908\/revisions"}],"wp:featuredmedia":[{"embeddable":true,"href":"https:\/\/www.gaveanews.com\/index.php\/wp-json\/wp\/v2\/media\/63880"}],"wp:attachment":[{"href":"https:\/\/www.gaveanews.com\/index.php\/wp-json\/wp\/v2\/media?parent=63908"}],"wp:term":[{"taxonomy":"category","embeddable":true,"href":"https:\/\/www.gaveanews.com\/index.php\/wp-json\/wp\/v2\/categories?post=63908"},{"taxonomy":"post_tag","embeddable":true,"href":"https:\/\/www.gaveanews.com\/index.php\/wp-json\/wp\/v2\/tags?post=63908"}],"curies":[{"name":"wp","href":"https:\/\/api.w.org\/{rel}","templated":true}]}}