{"id":64177,"date":"2021-07-08T00:27:24","date_gmt":"2021-07-08T03:27:24","guid":{"rendered":"https:\/\/www.gaveanews.com\/?p=64177"},"modified":"2021-07-08T00:27:27","modified_gmt":"2021-07-08T03:27:27","slug":"diretoria-do-flamengo-opta-por-manter-rogerio-ceni","status":"publish","type":"post","link":"https:\/\/www.gaveanews.com\/index.php\/2021\/07\/08\/diretoria-do-flamengo-opta-por-manter-rogerio-ceni\/","title":{"rendered":"Diretoria do Flamengo opta por manter Rog\u00e9rio Ceni"},"content":{"rendered":"\n<p>O Flamengo respira fundo e mant\u00e9m a serenidade em meio ao caos. Os resultados ruins e o desgaste interno de Rog\u00e9rio Ceni pesam menos na balan\u00e7a do que o planejamento que t\u00e9cnico e financeiro para curto. A situa\u00e7\u00e3o de momento \u00e9 de paci\u00eancia e voto de confian\u00e7a ao treinador com a volta dos convocados, al\u00e9m de direcionar o or\u00e7amento apertado para investimentos em jogadores no mercado.<\/p>\n\n\n\n<p>A venda de Gerson est\u00e1 longe de ser a solu\u00e7\u00e3o para todos os problemas financeiros e as contas seguem apertadas em tempos de pandemia. Com negocia\u00e7\u00f5es em andamento por Kenedy, Thiago Mendes e Renato Augusto, o Flamengo n\u00e3o v\u00ea como vi\u00e1vel estrategicamente uma troca imediata de comando.<\/p>\n\n\n\n<p>A avalia\u00e7\u00e3o \u00e9 de que a comiss\u00e3o t\u00e9cnica de Rog\u00e9rio Ceni tem um custo baixo em compara\u00e7\u00e3o com qualquer outra de primeiro escal\u00e3o que o clube possa buscar no mercado. O hist\u00f3rico com Dome, quando o clube pagou mais de R$ 10 mi de multa, segue fresco na mem\u00f3ria da diretoria.<\/p>\n\n\n\n<p>Por mais que o valor da rescis\u00e3o de Rog\u00e9rio caia consideravelmente nesta janela de meio do ano, h\u00e1 consenso de que n\u00e3o \u00e9 momento para uma atitude intempestiva. Os argumentos para isso passam pela avalia\u00e7\u00e3o de que a fase ruim se deve muito tamb\u00e9m aos jogadores &#8211; perfomance de quem est\u00e1 e peso das aus\u00eancias.<\/p>\n\n\n\n<p>A diretoria faz um mea-culpa de que a n\u00e3o reposi\u00e7\u00e3o de pe\u00e7as que era sabido que seriam desfalques acabou pesando. Paralelamente a isso, existe a confian\u00e7a de que o time entrar\u00e1 nos eixos com Gabigol, \u00c9verton Ribeiro e Arrascaeta e a promessa de refor\u00e7os para seguir favorito em todas as frentes: Libertadores, Brasileir\u00e3o e Copa do Brasil.<\/p>\n\n\n\n<p>O Flamengo aguarda as respostas de Lyon e Chelsea para as chegadas por empr\u00e9stimo de Thiago Mendes e Kenedy. As negocia\u00e7\u00f5es s\u00e3o vistas como dif\u00edceis, mas vi\u00e1veis e conduzidas com paci\u00eancia at\u00e9 a abertura da janela para quem vem do exterior, dia 1\u00ba de agosto. H\u00e1 ainda conversas por Renato Augusto, mas a chance de acerto passa pela defini\u00e7\u00e3o da situa\u00e7\u00e3o com o Beijing Gouan, com quem o volante tenta o distrato.<\/p>\n\n\n\n<p>A proximidade das oitavas de final da Libertadores \u00e9 outro fator que faz com que os dirigentes prezem pela serenidade. A uma semana do confronto com o Defensa y Justicia, a avalia\u00e7\u00e3o \u00e9 de que uma troca representa mais riscos do que solu\u00e7\u00e3o.<\/p>\n\n\n\n<p>As quatro derrotas em oito jogos no Brasileir\u00e3o ligaram forte o sinal de alerta, o ambiente desgastado para Rog\u00e9rio Ceni \u00e9 admitido, mas o Flamengo n\u00e3o se permite tomar atitude intempestivas. Seja por or\u00e7amento ou planejamento.<\/p>\n\n\n\n<p>Retirado de: Globo Esporte<\/p>\n","protected":false},"excerpt":{"rendered":"<p>O Flamengo respira fundo e mant\u00e9m a serenidade em meio ao caos. Os resultados ruins e o desgaste interno de Rog\u00e9rio Ceni pesam menos na balan\u00e7a do que o planejamento que t\u00e9cnico e financeiro para curto. A situa\u00e7\u00e3o de momento \u00e9 de paci\u00eancia e voto de confian\u00e7a ao treinador com a volta dos convocados, al\u00e9m [&hellip;]<\/p>\n","protected":false},"author":1,"featured_media":51314,"comment_status":"open","ping_status":"closed","sticky":false,"template":"","format":"standard","meta":{"footnotes":""},"categories":[1],"tags":[],"class_list":["post-64177","post","type-post","status-publish","format-standard","has-post-thumbnail","hentry","category-flamengo"],"yoast_head":"<!-- This site is optimized with the Yoast SEO Premium plugin v24.2 (Yoast SEO v26.9) - https:\/\/yoast.com\/product\/yoast-seo-premium-wordpress\/ -->\n<title>Diretoria do Flamengo opta por manter Rog\u00e9rio Ceni<\/title>\n<meta name=\"robots\" content=\"index, follow, max-snippet:-1, max-image-preview:large, max-video-preview:-1\" \/>\n<link rel=\"canonical\" href=\"https:\/\/www.gaveanews.com\/index.php\/2021\/07\/08\/diretoria-do-flamengo-opta-por-manter-rogerio-ceni\/\" \/>\n<meta property=\"og:locale\" content=\"pt_BR\" \/>\n<meta property=\"og:type\" content=\"article\" \/>\n<meta property=\"og:title\" content=\"Diretoria do Flamengo opta por manter Rog\u00e9rio Ceni\" \/>\n<meta property=\"og:description\" content=\"O Flamengo respira fundo e mant\u00e9m a serenidade em meio ao caos. Os resultados ruins e o desgaste interno de Rog\u00e9rio Ceni pesam menos na balan\u00e7a do que o planejamento que t\u00e9cnico e financeiro para curto. A situa\u00e7\u00e3o de momento \u00e9 de paci\u00eancia e voto de confian\u00e7a ao treinador com a volta dos convocados, al\u00e9m [&hellip;]\" \/>\n<meta property=\"og:url\" content=\"https:\/\/www.gaveanews.com\/index.php\/2021\/07\/08\/diretoria-do-flamengo-opta-por-manter-rogerio-ceni\/\" \/>\n<meta property=\"og:site_name\" content=\"G\u00e1vea News\" \/>\n<meta property=\"article:publisher\" content=\"https:\/\/facebook.com\/gaveaNews\/\" \/>\n<meta property=\"article:published_time\" content=\"2021-07-08T03:27:24+00:00\" \/>\n<meta property=\"article:modified_time\" content=\"2021-07-08T03:27:27+00:00\" \/>\n<meta property=\"og:image\" content=\"https:\/\/www.gaveanews.com\/wp-content\/uploads\/Rogerio-Ceni-durante-uma-coletiva-de-imprensa-no-Ninho-do-Urubu.webp\" \/>\n\t<meta property=\"og:image:width\" content=\"800\" \/>\n\t<meta property=\"og:image:height\" content=\"533\" \/>\n\t<meta property=\"og:image:type\" content=\"image\/jpeg\" \/>\n<meta name=\"author\" content=\"Equipe G\u00e1vea News\" \/>\n<meta name=\"twitter:card\" content=\"summary_large_image\" \/>\n<meta name=\"twitter:label1\" content=\"Escrito por\" \/>\n\t<meta name=\"twitter:data1\" content=\"Equipe G\u00e1vea News\" \/>\n\t<meta name=\"twitter:label2\" content=\"Est. tempo de leitura\" \/>\n\t<meta name=\"twitter:data2\" content=\"2 minutos\" \/>\n<script type=\"application\/ld+json\" class=\"yoast-schema-graph\">{\"@context\":\"https:\/\/schema.org\",\"@graph\":[{\"@type\":\"NewsArticle\",\"@id\":\"https:\/\/www.gaveanews.com\/index.php\/2021\/07\/08\/diretoria-do-flamengo-opta-por-manter-rogerio-ceni\/#article\",\"isPartOf\":{\"@id\":\"https:\/\/www.gaveanews.com\/index.php\/2021\/07\/08\/diretoria-do-flamengo-opta-por-manter-rogerio-ceni\/\"},\"author\":{\"name\":\"Equipe G\u00e1vea News\",\"@id\":\"https:\/\/www.gaveanews.com\/#\/schema\/person\/2ec14f73fb96be2caf28f91afb14749d\"},\"headline\":\"Diretoria do Flamengo opta por manter Rog\u00e9rio Ceni\",\"datePublished\":\"2021-07-08T03:27:24+00:00\",\"dateModified\":\"2021-07-08T03:27:27+00:00\",\"mainEntityOfPage\":{\"@id\":\"https:\/\/www.gaveanews.com\/index.php\/2021\/07\/08\/diretoria-do-flamengo-opta-por-manter-rogerio-ceni\/\"},\"wordCount\":479,\"commentCount\":45,\"image\":{\"@id\":\"https:\/\/www.gaveanews.com\/index.php\/2021\/07\/08\/diretoria-do-flamengo-opta-por-manter-rogerio-ceni\/#primaryimage\"},\"thumbnailUrl\":\"https:\/\/www.gaveanews.com\/wp-content\/uploads\/Rogerio-Ceni-durante-uma-coletiva-de-imprensa-no-Ninho-do-Urubu.webp\",\"articleSection\":[\"Flamengo\"],\"inLanguage\":\"pt-BR\",\"potentialAction\":[{\"@type\":\"CommentAction\",\"name\":\"Comment\",\"target\":[\"https:\/\/www.gaveanews.com\/index.php\/2021\/07\/08\/diretoria-do-flamengo-opta-por-manter-rogerio-ceni\/#respond\"]}],\"copyrightYear\":\"2021\",\"copyrightHolder\":{\"@id\":\"https:\/\/www.gaveanews.com\/#organization\"}},{\"@type\":\"WebPage\",\"@id\":\"https:\/\/www.gaveanews.com\/index.php\/2021\/07\/08\/diretoria-do-flamengo-opta-por-manter-rogerio-ceni\/\",\"url\":\"https:\/\/www.gaveanews.com\/index.php\/2021\/07\/08\/diretoria-do-flamengo-opta-por-manter-rogerio-ceni\/\",\"name\":\"Diretoria do Flamengo opta por manter Rog\u00e9rio Ceni\",\"isPartOf\":{\"@id\":\"https:\/\/www.gaveanews.com\/#website\"},\"primaryImageOfPage\":{\"@id\":\"https:\/\/www.gaveanews.com\/index.php\/2021\/07\/08\/diretoria-do-flamengo-opta-por-manter-rogerio-ceni\/#primaryimage\"},\"image\":{\"@id\":\"https:\/\/www.gaveanews.com\/index.php\/2021\/07\/08\/diretoria-do-flamengo-opta-por-manter-rogerio-ceni\/#primaryimage\"},\"thumbnailUrl\":\"https:\/\/www.gaveanews.com\/wp-content\/uploads\/Rogerio-Ceni-durante-uma-coletiva-de-imprensa-no-Ninho-do-Urubu.webp\",\"datePublished\":\"2021-07-08T03:27:24+00:00\",\"dateModified\":\"2021-07-08T03:27:27+00:00\",\"author\":{\"@id\":\"https:\/\/www.gaveanews.com\/#\/schema\/person\/2ec14f73fb96be2caf28f91afb14749d\"},\"breadcrumb\":{\"@id\":\"https:\/\/www.gaveanews.com\/index.php\/2021\/07\/08\/diretoria-do-flamengo-opta-por-manter-rogerio-ceni\/#breadcrumb\"},\"inLanguage\":\"pt-BR\",\"potentialAction\":[{\"@type\":\"ReadAction\",\"target\":[\"https:\/\/www.gaveanews.com\/index.php\/2021\/07\/08\/diretoria-do-flamengo-opta-por-manter-rogerio-ceni\/\"]}]},{\"@type\":\"ImageObject\",\"inLanguage\":\"pt-BR\",\"@id\":\"https:\/\/www.gaveanews.com\/index.php\/2021\/07\/08\/diretoria-do-flamengo-opta-por-manter-rogerio-ceni\/#primaryimage\",\"url\":\"https:\/\/www.gaveanews.com\/wp-content\/uploads\/Rogerio-Ceni-durante-uma-coletiva-de-imprensa-no-Ninho-do-Urubu.webp\",\"contentUrl\":\"https:\/\/www.gaveanews.com\/wp-content\/uploads\/Rogerio-Ceni-durante-uma-coletiva-de-imprensa-no-Ninho-do-Urubu.webp\",\"width\":800,\"height\":533,\"caption\":\"Rog\u00e9rio Ceni durante uma coletiva de imprensa no Ninho do Urubu (Foto: Alexandre Vidal\/Flamengo)\"},{\"@type\":\"BreadcrumbList\",\"@id\":\"https:\/\/www.gaveanews.com\/index.php\/2021\/07\/08\/diretoria-do-flamengo-opta-por-manter-rogerio-ceni\/#breadcrumb\",\"itemListElement\":[{\"@type\":\"ListItem\",\"position\":1,\"name\":\"Home\",\"item\":\"https:\/\/www.gaveanews.com\/\"},{\"@type\":\"ListItem\",\"position\":2,\"name\":\"Diretoria do Flamengo opta por manter Rog\u00e9rio Ceni\"}]},{\"@type\":\"WebSite\",\"@id\":\"https:\/\/www.gaveanews.com\/#website\",\"url\":\"https:\/\/www.gaveanews.com\/\",\"name\":\"G\u00e1vea News\",\"description\":\"Veja todas as not\u00edcias sobre o Flamengo: Contrata\u00e7\u00f5es, categorias de base, resultados das partidas, tabela de classifica\u00e7\u00e3o, pr\u00f3ximos jogos!\",\"potentialAction\":[{\"@type\":\"SearchAction\",\"target\":{\"@type\":\"EntryPoint\",\"urlTemplate\":\"https:\/\/www.gaveanews.com\/?s={search_term_string}\"},\"query-input\":{\"@type\":\"PropertyValueSpecification\",\"valueRequired\":true,\"valueName\":\"search_term_string\"}}],\"inLanguage\":\"pt-BR\"},{\"@type\":\"Person\",\"@id\":\"https:\/\/www.gaveanews.com\/#\/schema\/person\/2ec14f73fb96be2caf28f91afb14749d\",\"name\":\"Equipe G\u00e1vea News\",\"image\":{\"@type\":\"ImageObject\",\"inLanguage\":\"pt-BR\",\"@id\":\"https:\/\/www.gaveanews.com\/#\/schema\/person\/image\/\",\"url\":\"https:\/\/secure.gravatar.com\/avatar\/1e1956f1facbffd3f8fa53a326721950116b3b9dc9bd44939c01180fd4a745a9?s=96&d=mm&r=g\",\"contentUrl\":\"https:\/\/secure.gravatar.com\/avatar\/1e1956f1facbffd3f8fa53a326721950116b3b9dc9bd44939c01180fd4a745a9?s=96&d=mm&r=g\",\"caption\":\"Equipe G\u00e1vea News\"}}]}<\/script>\n<!-- \/ Yoast SEO Premium plugin. -->","yoast_head_json":{"title":"Diretoria do Flamengo opta por manter Rog\u00e9rio Ceni","robots":{"index":"index","follow":"follow","max-snippet":"max-snippet:-1","max-image-preview":"max-image-preview:large","max-video-preview":"max-video-preview:-1"},"canonical":"https:\/\/www.gaveanews.com\/index.php\/2021\/07\/08\/diretoria-do-flamengo-opta-por-manter-rogerio-ceni\/","og_locale":"pt_BR","og_type":"article","og_title":"Diretoria do Flamengo opta por manter Rog\u00e9rio Ceni","og_description":"O Flamengo respira fundo e mant\u00e9m a serenidade em meio ao caos. Os resultados ruins e o desgaste interno de Rog\u00e9rio Ceni pesam menos na balan\u00e7a do que o planejamento que t\u00e9cnico e financeiro para curto. A situa\u00e7\u00e3o de momento \u00e9 de paci\u00eancia e voto de confian\u00e7a ao treinador com a volta dos convocados, al\u00e9m [&hellip;]","og_url":"https:\/\/www.gaveanews.com\/index.php\/2021\/07\/08\/diretoria-do-flamengo-opta-por-manter-rogerio-ceni\/","og_site_name":"G\u00e1vea News","article_publisher":"https:\/\/facebook.com\/gaveaNews\/","article_published_time":"2021-07-08T03:27:24+00:00","article_modified_time":"2021-07-08T03:27:27+00:00","og_image":[{"width":800,"height":533,"url":"https:\/\/www.gaveanews.com\/wp-content\/uploads\/Rogerio-Ceni-durante-uma-coletiva-de-imprensa-no-Ninho-do-Urubu.webp","type":"image\/jpeg"}],"author":"Equipe G\u00e1vea News","twitter_card":"summary_large_image","twitter_misc":{"Escrito por":"Equipe G\u00e1vea News","Est. tempo de leitura":"2 minutos"},"schema":{"@context":"https:\/\/schema.org","@graph":[{"@type":"NewsArticle","@id":"https:\/\/www.gaveanews.com\/index.php\/2021\/07\/08\/diretoria-do-flamengo-opta-por-manter-rogerio-ceni\/#article","isPartOf":{"@id":"https:\/\/www.gaveanews.com\/index.php\/2021\/07\/08\/diretoria-do-flamengo-opta-por-manter-rogerio-ceni\/"},"author":{"name":"Equipe G\u00e1vea News","@id":"https:\/\/www.gaveanews.com\/#\/schema\/person\/2ec14f73fb96be2caf28f91afb14749d"},"headline":"Diretoria do Flamengo opta por manter Rog\u00e9rio Ceni","datePublished":"2021-07-08T03:27:24+00:00","dateModified":"2021-07-08T03:27:27+00:00","mainEntityOfPage":{"@id":"https:\/\/www.gaveanews.com\/index.php\/2021\/07\/08\/diretoria-do-flamengo-opta-por-manter-rogerio-ceni\/"},"wordCount":479,"commentCount":45,"image":{"@id":"https:\/\/www.gaveanews.com\/index.php\/2021\/07\/08\/diretoria-do-flamengo-opta-por-manter-rogerio-ceni\/#primaryimage"},"thumbnailUrl":"https:\/\/www.gaveanews.com\/wp-content\/uploads\/Rogerio-Ceni-durante-uma-coletiva-de-imprensa-no-Ninho-do-Urubu.webp","articleSection":["Flamengo"],"inLanguage":"pt-BR","potentialAction":[{"@type":"CommentAction","name":"Comment","target":["https:\/\/www.gaveanews.com\/index.php\/2021\/07\/08\/diretoria-do-flamengo-opta-por-manter-rogerio-ceni\/#respond"]}],"copyrightYear":"2021","copyrightHolder":{"@id":"https:\/\/www.gaveanews.com\/#organization"}},{"@type":"WebPage","@id":"https:\/\/www.gaveanews.com\/index.php\/2021\/07\/08\/diretoria-do-flamengo-opta-por-manter-rogerio-ceni\/","url":"https:\/\/www.gaveanews.com\/index.php\/2021\/07\/08\/diretoria-do-flamengo-opta-por-manter-rogerio-ceni\/","name":"Diretoria do Flamengo opta por manter Rog\u00e9rio Ceni","isPartOf":{"@id":"https:\/\/www.gaveanews.com\/#website"},"primaryImageOfPage":{"@id":"https:\/\/www.gaveanews.com\/index.php\/2021\/07\/08\/diretoria-do-flamengo-opta-por-manter-rogerio-ceni\/#primaryimage"},"image":{"@id":"https:\/\/www.gaveanews.com\/index.php\/2021\/07\/08\/diretoria-do-flamengo-opta-por-manter-rogerio-ceni\/#primaryimage"},"thumbnailUrl":"https:\/\/www.gaveanews.com\/wp-content\/uploads\/Rogerio-Ceni-durante-uma-coletiva-de-imprensa-no-Ninho-do-Urubu.webp","datePublished":"2021-07-08T03:27:24+00:00","dateModified":"2021-07-08T03:27:27+00:00","author":{"@id":"https:\/\/www.gaveanews.com\/#\/schema\/person\/2ec14f73fb96be2caf28f91afb14749d"},"breadcrumb":{"@id":"https:\/\/www.gaveanews.com\/index.php\/2021\/07\/08\/diretoria-do-flamengo-opta-por-manter-rogerio-ceni\/#breadcrumb"},"inLanguage":"pt-BR","potentialAction":[{"@type":"ReadAction","target":["https:\/\/www.gaveanews.com\/index.php\/2021\/07\/08\/diretoria-do-flamengo-opta-por-manter-rogerio-ceni\/"]}]},{"@type":"ImageObject","inLanguage":"pt-BR","@id":"https:\/\/www.gaveanews.com\/index.php\/2021\/07\/08\/diretoria-do-flamengo-opta-por-manter-rogerio-ceni\/#primaryimage","url":"https:\/\/www.gaveanews.com\/wp-content\/uploads\/Rogerio-Ceni-durante-uma-coletiva-de-imprensa-no-Ninho-do-Urubu.webp","contentUrl":"https:\/\/www.gaveanews.com\/wp-content\/uploads\/Rogerio-Ceni-durante-uma-coletiva-de-imprensa-no-Ninho-do-Urubu.webp","width":800,"height":533,"caption":"Rog\u00e9rio Ceni durante uma coletiva de imprensa no Ninho do Urubu (Foto: Alexandre Vidal\/Flamengo)"},{"@type":"BreadcrumbList","@id":"https:\/\/www.gaveanews.com\/index.php\/2021\/07\/08\/diretoria-do-flamengo-opta-por-manter-rogerio-ceni\/#breadcrumb","itemListElement":[{"@type":"ListItem","position":1,"name":"Home","item":"https:\/\/www.gaveanews.com\/"},{"@type":"ListItem","position":2,"name":"Diretoria do Flamengo opta por manter Rog\u00e9rio Ceni"}]},{"@type":"WebSite","@id":"https:\/\/www.gaveanews.com\/#website","url":"https:\/\/www.gaveanews.com\/","name":"G\u00e1vea News","description":"Veja todas as not\u00edcias sobre o Flamengo: Contrata\u00e7\u00f5es, categorias de base, resultados das partidas, tabela de classifica\u00e7\u00e3o, pr\u00f3ximos jogos!","potentialAction":[{"@type":"SearchAction","target":{"@type":"EntryPoint","urlTemplate":"https:\/\/www.gaveanews.com\/?s={search_term_string}"},"query-input":{"@type":"PropertyValueSpecification","valueRequired":true,"valueName":"search_term_string"}}],"inLanguage":"pt-BR"},{"@type":"Person","@id":"https:\/\/www.gaveanews.com\/#\/schema\/person\/2ec14f73fb96be2caf28f91afb14749d","name":"Equipe G\u00e1vea News","image":{"@type":"ImageObject","inLanguage":"pt-BR","@id":"https:\/\/www.gaveanews.com\/#\/schema\/person\/image\/","url":"https:\/\/secure.gravatar.com\/avatar\/1e1956f1facbffd3f8fa53a326721950116b3b9dc9bd44939c01180fd4a745a9?s=96&d=mm&r=g","contentUrl":"https:\/\/secure.gravatar.com\/avatar\/1e1956f1facbffd3f8fa53a326721950116b3b9dc9bd44939c01180fd4a745a9?s=96&d=mm&r=g","caption":"Equipe G\u00e1vea News"}}]}},"_links":{"self":[{"href":"https:\/\/www.gaveanews.com\/index.php\/wp-json\/wp\/v2\/posts\/64177","targetHints":{"allow":["GET"]}}],"collection":[{"href":"https:\/\/www.gaveanews.com\/index.php\/wp-json\/wp\/v2\/posts"}],"about":[{"href":"https:\/\/www.gaveanews.com\/index.php\/wp-json\/wp\/v2\/types\/post"}],"author":[{"embeddable":true,"href":"https:\/\/www.gaveanews.com\/index.php\/wp-json\/wp\/v2\/users\/1"}],"replies":[{"embeddable":true,"href":"https:\/\/www.gaveanews.com\/index.php\/wp-json\/wp\/v2\/comments?post=64177"}],"version-history":[{"count":0,"href":"https:\/\/www.gaveanews.com\/index.php\/wp-json\/wp\/v2\/posts\/64177\/revisions"}],"wp:featuredmedia":[{"embeddable":true,"href":"https:\/\/www.gaveanews.com\/index.php\/wp-json\/wp\/v2\/media\/51314"}],"wp:attachment":[{"href":"https:\/\/www.gaveanews.com\/index.php\/wp-json\/wp\/v2\/media?parent=64177"}],"wp:term":[{"taxonomy":"category","embeddable":true,"href":"https:\/\/www.gaveanews.com\/index.php\/wp-json\/wp\/v2\/categories?post=64177"},{"taxonomy":"post_tag","embeddable":true,"href":"https:\/\/www.gaveanews.com\/index.php\/wp-json\/wp\/v2\/tags?post=64177"}],"curies":[{"name":"wp","href":"https:\/\/api.w.org\/{rel}","templated":true}]}}