{"id":64180,"date":"2021-07-08T03:32:17","date_gmt":"2021-07-08T06:32:17","guid":{"rendered":"https:\/\/www.gaveanews.com\/?p=64180"},"modified":"2021-07-08T03:32:20","modified_gmt":"2021-07-08T06:32:20","slug":"claudinho-do-red-bull-bragantino-revela-que-tem-vontade-de-jogar-no-flamengo","status":"publish","type":"post","link":"https:\/\/www.gaveanews.com\/index.php\/2021\/07\/08\/claudinho-do-red-bull-bragantino-revela-que-tem-vontade-de-jogar-no-flamengo\/","title":{"rendered":"Claudinho, do Red Bull Bragantino, revela que tem vontade de jogar no Flamengo"},"content":{"rendered":"\n<p>O Flamengo poder\u00e1 ter um grande refor\u00e7o no futuro. Claudinho, atual revela\u00e7\u00e3o do Campeonato Brasileiro e atacante do Red Bull Bragantino, afirmou em uma entrevista para o canal do youtube \u201cCamisa 21\u201d que jogaria pelo Flamengo e tem essa vontade de vestir a camisa do clube carioca.<\/p>\n\n\n\n<p>Quando perguntado pelo cantor Buchecha se um dia seria poss\u00edvel ver o craque atuando com as cores vermelha e preta, o camisa 20 da Sele\u00e7\u00e3o Ol\u00edmpica respondeu que respeita o seu atual time, mas que poderia jogar pelo Flamengo:<\/p>\n\n\n\n<p><strong><em>\u2014 Respeitando o Red Bull Bragantino sempre, eu jogaria um dia sim. N\u00e3o tem porque esconder isso. \u00c9 um grande clube brasileiro, se for da vontade de Deus eu vou jogar, tenho essa vontade.<\/em><\/strong><\/p>\n\n\n\n<p>Atualmente, o jogador tem 24 anos e recebeu uma s\u00e9rie de sondagens na janela passada. Uma delas de um clube brasileiro, o Gr\u00eamio &#8211; que tentou envolver Jean Pyerre e uma quantia em dinheiro para ter o jogador, por\u00e9m a proposta foi recusada pelo clube do interior paulista, de acordo com apura\u00e7\u00e3o feita pela reportagem da TNT Sports Brasil. Claudinho foi liberado pelo Red Bull Bragantino e j\u00e1 est\u00e1 com a sele\u00e7\u00e3o de Andr\u00e9 Jardine para os Jogos Ol\u00edmpicos.<\/p>\n\n\n\n<p>Retirado de: TNT Sports<\/p>\n","protected":false},"excerpt":{"rendered":"<p>O Flamengo poder\u00e1 ter um grande refor\u00e7o no futuro. Claudinho, atual revela\u00e7\u00e3o do Campeonato Brasileiro e atacante do Red Bull Bragantino, afirmou em uma entrevista para o canal do youtube \u201cCamisa 21\u201d que jogaria pelo Flamengo e tem essa vontade de vestir a camisa do clube carioca. Quando perguntado pelo cantor Buchecha se um dia [&hellip;]<\/p>\n","protected":false},"author":1,"featured_media":55673,"comment_status":"open","ping_status":"closed","sticky":false,"template":"","format":"standard","meta":{"footnotes":""},"categories":[48],"tags":[],"class_list":["post-64180","post","type-post","status-publish","format-standard","has-post-thumbnail","hentry","category-negociacoes"],"yoast_head":"<!-- This site is optimized with the Yoast SEO Premium plugin v24.2 (Yoast SEO v26.9) - https:\/\/yoast.com\/product\/yoast-seo-premium-wordpress\/ -->\n<title>Claudinho, do Bragantino, revela que tem vontade de jogar no Flamengo<\/title>\n<meta name=\"robots\" content=\"index, follow, max-snippet:-1, max-image-preview:large, max-video-preview:-1\" \/>\n<link rel=\"canonical\" href=\"https:\/\/www.gaveanews.com\/index.php\/2021\/07\/08\/claudinho-do-red-bull-bragantino-revela-que-tem-vontade-de-jogar-no-flamengo\/\" \/>\n<meta property=\"og:locale\" content=\"pt_BR\" \/>\n<meta property=\"og:type\" content=\"article\" \/>\n<meta property=\"og:title\" content=\"Claudinho, do Red Bull Bragantino, revela que tem vontade de jogar no Flamengo\" \/>\n<meta property=\"og:description\" content=\"O Flamengo poder\u00e1 ter um grande refor\u00e7o no futuro. Claudinho, atual revela\u00e7\u00e3o do Campeonato Brasileiro e atacante do Red Bull Bragantino, afirmou em uma entrevista para o canal do youtube \u201cCamisa 21\u201d que jogaria pelo Flamengo e tem essa vontade de vestir a camisa do clube carioca. Quando perguntado pelo cantor Buchecha se um dia [&hellip;]\" \/>\n<meta property=\"og:url\" content=\"https:\/\/www.gaveanews.com\/index.php\/2021\/07\/08\/claudinho-do-red-bull-bragantino-revela-que-tem-vontade-de-jogar-no-flamengo\/\" \/>\n<meta property=\"og:site_name\" content=\"G\u00e1vea News\" \/>\n<meta property=\"article:publisher\" content=\"https:\/\/facebook.com\/gaveaNews\/\" \/>\n<meta property=\"article:published_time\" content=\"2021-07-08T06:32:17+00:00\" \/>\n<meta property=\"article:modified_time\" content=\"2021-07-08T06:32:20+00:00\" \/>\n<meta property=\"og:image\" content=\"https:\/\/www.gaveanews.com\/wp-content\/uploads\/Claudinho-comemora-apos-marcar-pelo-Bragantino.webp\" \/>\n\t<meta property=\"og:image:width\" content=\"910\" \/>\n\t<meta property=\"og:image:height\" content=\"609\" \/>\n\t<meta property=\"og:image:type\" content=\"image\/jpeg\" \/>\n<meta name=\"author\" content=\"Equipe G\u00e1vea News\" \/>\n<meta name=\"twitter:card\" content=\"summary_large_image\" \/>\n<meta name=\"twitter:label1\" content=\"Escrito por\" \/>\n\t<meta name=\"twitter:data1\" content=\"Equipe G\u00e1vea News\" \/>\n\t<meta name=\"twitter:label2\" content=\"Est. tempo de leitura\" \/>\n\t<meta name=\"twitter:data2\" content=\"1 minuto\" \/>\n<script type=\"application\/ld+json\" class=\"yoast-schema-graph\">{\"@context\":\"https:\/\/schema.org\",\"@graph\":[{\"@type\":\"NewsArticle\",\"@id\":\"https:\/\/www.gaveanews.com\/index.php\/2021\/07\/08\/claudinho-do-red-bull-bragantino-revela-que-tem-vontade-de-jogar-no-flamengo\/#article\",\"isPartOf\":{\"@id\":\"https:\/\/www.gaveanews.com\/index.php\/2021\/07\/08\/claudinho-do-red-bull-bragantino-revela-que-tem-vontade-de-jogar-no-flamengo\/\"},\"author\":{\"name\":\"Equipe G\u00e1vea News\",\"@id\":\"https:\/\/www.gaveanews.com\/#\/schema\/person\/2ec14f73fb96be2caf28f91afb14749d\"},\"headline\":\"Claudinho, do Red Bull Bragantino, revela que tem vontade de jogar no Flamengo\",\"datePublished\":\"2021-07-08T06:32:17+00:00\",\"dateModified\":\"2021-07-08T06:32:20+00:00\",\"mainEntityOfPage\":{\"@id\":\"https:\/\/www.gaveanews.com\/index.php\/2021\/07\/08\/claudinho-do-red-bull-bragantino-revela-que-tem-vontade-de-jogar-no-flamengo\/\"},\"wordCount\":223,\"commentCount\":17,\"image\":{\"@id\":\"https:\/\/www.gaveanews.com\/index.php\/2021\/07\/08\/claudinho-do-red-bull-bragantino-revela-que-tem-vontade-de-jogar-no-flamengo\/#primaryimage\"},\"thumbnailUrl\":\"https:\/\/www.gaveanews.com\/wp-content\/uploads\/Claudinho-comemora-apos-marcar-pelo-Bragantino.webp\",\"articleSection\":[\"Negocia\u00e7\u00f5es\"],\"inLanguage\":\"pt-BR\",\"potentialAction\":[{\"@type\":\"CommentAction\",\"name\":\"Comment\",\"target\":[\"https:\/\/www.gaveanews.com\/index.php\/2021\/07\/08\/claudinho-do-red-bull-bragantino-revela-que-tem-vontade-de-jogar-no-flamengo\/#respond\"]}],\"copyrightYear\":\"2021\",\"copyrightHolder\":{\"@id\":\"https:\/\/www.gaveanews.com\/#organization\"}},{\"@type\":\"WebPage\",\"@id\":\"https:\/\/www.gaveanews.com\/index.php\/2021\/07\/08\/claudinho-do-red-bull-bragantino-revela-que-tem-vontade-de-jogar-no-flamengo\/\",\"url\":\"https:\/\/www.gaveanews.com\/index.php\/2021\/07\/08\/claudinho-do-red-bull-bragantino-revela-que-tem-vontade-de-jogar-no-flamengo\/\",\"name\":\"Claudinho, do Bragantino, revela que tem vontade de jogar no Flamengo\",\"isPartOf\":{\"@id\":\"https:\/\/www.gaveanews.com\/#website\"},\"primaryImageOfPage\":{\"@id\":\"https:\/\/www.gaveanews.com\/index.php\/2021\/07\/08\/claudinho-do-red-bull-bragantino-revela-que-tem-vontade-de-jogar-no-flamengo\/#primaryimage\"},\"image\":{\"@id\":\"https:\/\/www.gaveanews.com\/index.php\/2021\/07\/08\/claudinho-do-red-bull-bragantino-revela-que-tem-vontade-de-jogar-no-flamengo\/#primaryimage\"},\"thumbnailUrl\":\"https:\/\/www.gaveanews.com\/wp-content\/uploads\/Claudinho-comemora-apos-marcar-pelo-Bragantino.webp\",\"datePublished\":\"2021-07-08T06:32:17+00:00\",\"dateModified\":\"2021-07-08T06:32:20+00:00\",\"author\":{\"@id\":\"https:\/\/www.gaveanews.com\/#\/schema\/person\/2ec14f73fb96be2caf28f91afb14749d\"},\"breadcrumb\":{\"@id\":\"https:\/\/www.gaveanews.com\/index.php\/2021\/07\/08\/claudinho-do-red-bull-bragantino-revela-que-tem-vontade-de-jogar-no-flamengo\/#breadcrumb\"},\"inLanguage\":\"pt-BR\",\"potentialAction\":[{\"@type\":\"ReadAction\",\"target\":[\"https:\/\/www.gaveanews.com\/index.php\/2021\/07\/08\/claudinho-do-red-bull-bragantino-revela-que-tem-vontade-de-jogar-no-flamengo\/\"]}]},{\"@type\":\"ImageObject\",\"inLanguage\":\"pt-BR\",\"@id\":\"https:\/\/www.gaveanews.com\/index.php\/2021\/07\/08\/claudinho-do-red-bull-bragantino-revela-que-tem-vontade-de-jogar-no-flamengo\/#primaryimage\",\"url\":\"https:\/\/www.gaveanews.com\/wp-content\/uploads\/Claudinho-comemora-apos-marcar-pelo-Bragantino.webp\",\"contentUrl\":\"https:\/\/www.gaveanews.com\/wp-content\/uploads\/Claudinho-comemora-apos-marcar-pelo-Bragantino.webp\",\"width\":910,\"height\":609,\"caption\":\"Claudinho comemora ap\u00f3s marcar pelo Bragantino (Foto: Ari Ferreira\/Red Bull Bragantino)\"},{\"@type\":\"BreadcrumbList\",\"@id\":\"https:\/\/www.gaveanews.com\/index.php\/2021\/07\/08\/claudinho-do-red-bull-bragantino-revela-que-tem-vontade-de-jogar-no-flamengo\/#breadcrumb\",\"itemListElement\":[{\"@type\":\"ListItem\",\"position\":1,\"name\":\"Home\",\"item\":\"https:\/\/www.gaveanews.com\/\"},{\"@type\":\"ListItem\",\"position\":2,\"name\":\"Claudinho, do Red Bull Bragantino, revela que tem vontade de jogar no Flamengo\"}]},{\"@type\":\"WebSite\",\"@id\":\"https:\/\/www.gaveanews.com\/#website\",\"url\":\"https:\/\/www.gaveanews.com\/\",\"name\":\"G\u00e1vea News\",\"description\":\"Veja todas as not\u00edcias sobre o Flamengo: Contrata\u00e7\u00f5es, categorias de base, resultados das partidas, tabela de classifica\u00e7\u00e3o, pr\u00f3ximos jogos!\",\"potentialAction\":[{\"@type\":\"SearchAction\",\"target\":{\"@type\":\"EntryPoint\",\"urlTemplate\":\"https:\/\/www.gaveanews.com\/?s={search_term_string}\"},\"query-input\":{\"@type\":\"PropertyValueSpecification\",\"valueRequired\":true,\"valueName\":\"search_term_string\"}}],\"inLanguage\":\"pt-BR\"},{\"@type\":\"Person\",\"@id\":\"https:\/\/www.gaveanews.com\/#\/schema\/person\/2ec14f73fb96be2caf28f91afb14749d\",\"name\":\"Equipe G\u00e1vea News\",\"image\":{\"@type\":\"ImageObject\",\"inLanguage\":\"pt-BR\",\"@id\":\"https:\/\/www.gaveanews.com\/#\/schema\/person\/image\/\",\"url\":\"https:\/\/secure.gravatar.com\/avatar\/1e1956f1facbffd3f8fa53a326721950116b3b9dc9bd44939c01180fd4a745a9?s=96&d=mm&r=g\",\"contentUrl\":\"https:\/\/secure.gravatar.com\/avatar\/1e1956f1facbffd3f8fa53a326721950116b3b9dc9bd44939c01180fd4a745a9?s=96&d=mm&r=g\",\"caption\":\"Equipe G\u00e1vea News\"}}]}<\/script>\n<!-- \/ Yoast SEO Premium plugin. -->","yoast_head_json":{"title":"Claudinho, do Bragantino, revela que tem vontade de jogar no Flamengo","robots":{"index":"index","follow":"follow","max-snippet":"max-snippet:-1","max-image-preview":"max-image-preview:large","max-video-preview":"max-video-preview:-1"},"canonical":"https:\/\/www.gaveanews.com\/index.php\/2021\/07\/08\/claudinho-do-red-bull-bragantino-revela-que-tem-vontade-de-jogar-no-flamengo\/","og_locale":"pt_BR","og_type":"article","og_title":"Claudinho, do Red Bull Bragantino, revela que tem vontade de jogar no Flamengo","og_description":"O Flamengo poder\u00e1 ter um grande refor\u00e7o no futuro. Claudinho, atual revela\u00e7\u00e3o do Campeonato Brasileiro e atacante do Red Bull Bragantino, afirmou em uma entrevista para o canal do youtube \u201cCamisa 21\u201d que jogaria pelo Flamengo e tem essa vontade de vestir a camisa do clube carioca. Quando perguntado pelo cantor Buchecha se um dia [&hellip;]","og_url":"https:\/\/www.gaveanews.com\/index.php\/2021\/07\/08\/claudinho-do-red-bull-bragantino-revela-que-tem-vontade-de-jogar-no-flamengo\/","og_site_name":"G\u00e1vea News","article_publisher":"https:\/\/facebook.com\/gaveaNews\/","article_published_time":"2021-07-08T06:32:17+00:00","article_modified_time":"2021-07-08T06:32:20+00:00","og_image":[{"width":910,"height":609,"url":"https:\/\/www.gaveanews.com\/wp-content\/uploads\/Claudinho-comemora-apos-marcar-pelo-Bragantino.webp","type":"image\/jpeg"}],"author":"Equipe G\u00e1vea News","twitter_card":"summary_large_image","twitter_misc":{"Escrito por":"Equipe G\u00e1vea News","Est. tempo de leitura":"1 minuto"},"schema":{"@context":"https:\/\/schema.org","@graph":[{"@type":"NewsArticle","@id":"https:\/\/www.gaveanews.com\/index.php\/2021\/07\/08\/claudinho-do-red-bull-bragantino-revela-que-tem-vontade-de-jogar-no-flamengo\/#article","isPartOf":{"@id":"https:\/\/www.gaveanews.com\/index.php\/2021\/07\/08\/claudinho-do-red-bull-bragantino-revela-que-tem-vontade-de-jogar-no-flamengo\/"},"author":{"name":"Equipe G\u00e1vea News","@id":"https:\/\/www.gaveanews.com\/#\/schema\/person\/2ec14f73fb96be2caf28f91afb14749d"},"headline":"Claudinho, do Red Bull Bragantino, revela que tem vontade de jogar no Flamengo","datePublished":"2021-07-08T06:32:17+00:00","dateModified":"2021-07-08T06:32:20+00:00","mainEntityOfPage":{"@id":"https:\/\/www.gaveanews.com\/index.php\/2021\/07\/08\/claudinho-do-red-bull-bragantino-revela-que-tem-vontade-de-jogar-no-flamengo\/"},"wordCount":223,"commentCount":17,"image":{"@id":"https:\/\/www.gaveanews.com\/index.php\/2021\/07\/08\/claudinho-do-red-bull-bragantino-revela-que-tem-vontade-de-jogar-no-flamengo\/#primaryimage"},"thumbnailUrl":"https:\/\/www.gaveanews.com\/wp-content\/uploads\/Claudinho-comemora-apos-marcar-pelo-Bragantino.webp","articleSection":["Negocia\u00e7\u00f5es"],"inLanguage":"pt-BR","potentialAction":[{"@type":"CommentAction","name":"Comment","target":["https:\/\/www.gaveanews.com\/index.php\/2021\/07\/08\/claudinho-do-red-bull-bragantino-revela-que-tem-vontade-de-jogar-no-flamengo\/#respond"]}],"copyrightYear":"2021","copyrightHolder":{"@id":"https:\/\/www.gaveanews.com\/#organization"}},{"@type":"WebPage","@id":"https:\/\/www.gaveanews.com\/index.php\/2021\/07\/08\/claudinho-do-red-bull-bragantino-revela-que-tem-vontade-de-jogar-no-flamengo\/","url":"https:\/\/www.gaveanews.com\/index.php\/2021\/07\/08\/claudinho-do-red-bull-bragantino-revela-que-tem-vontade-de-jogar-no-flamengo\/","name":"Claudinho, do Bragantino, revela que tem vontade de jogar no Flamengo","isPartOf":{"@id":"https:\/\/www.gaveanews.com\/#website"},"primaryImageOfPage":{"@id":"https:\/\/www.gaveanews.com\/index.php\/2021\/07\/08\/claudinho-do-red-bull-bragantino-revela-que-tem-vontade-de-jogar-no-flamengo\/#primaryimage"},"image":{"@id":"https:\/\/www.gaveanews.com\/index.php\/2021\/07\/08\/claudinho-do-red-bull-bragantino-revela-que-tem-vontade-de-jogar-no-flamengo\/#primaryimage"},"thumbnailUrl":"https:\/\/www.gaveanews.com\/wp-content\/uploads\/Claudinho-comemora-apos-marcar-pelo-Bragantino.webp","datePublished":"2021-07-08T06:32:17+00:00","dateModified":"2021-07-08T06:32:20+00:00","author":{"@id":"https:\/\/www.gaveanews.com\/#\/schema\/person\/2ec14f73fb96be2caf28f91afb14749d"},"breadcrumb":{"@id":"https:\/\/www.gaveanews.com\/index.php\/2021\/07\/08\/claudinho-do-red-bull-bragantino-revela-que-tem-vontade-de-jogar-no-flamengo\/#breadcrumb"},"inLanguage":"pt-BR","potentialAction":[{"@type":"ReadAction","target":["https:\/\/www.gaveanews.com\/index.php\/2021\/07\/08\/claudinho-do-red-bull-bragantino-revela-que-tem-vontade-de-jogar-no-flamengo\/"]}]},{"@type":"ImageObject","inLanguage":"pt-BR","@id":"https:\/\/www.gaveanews.com\/index.php\/2021\/07\/08\/claudinho-do-red-bull-bragantino-revela-que-tem-vontade-de-jogar-no-flamengo\/#primaryimage","url":"https:\/\/www.gaveanews.com\/wp-content\/uploads\/Claudinho-comemora-apos-marcar-pelo-Bragantino.webp","contentUrl":"https:\/\/www.gaveanews.com\/wp-content\/uploads\/Claudinho-comemora-apos-marcar-pelo-Bragantino.webp","width":910,"height":609,"caption":"Claudinho comemora ap\u00f3s marcar pelo Bragantino (Foto: Ari Ferreira\/Red Bull Bragantino)"},{"@type":"BreadcrumbList","@id":"https:\/\/www.gaveanews.com\/index.php\/2021\/07\/08\/claudinho-do-red-bull-bragantino-revela-que-tem-vontade-de-jogar-no-flamengo\/#breadcrumb","itemListElement":[{"@type":"ListItem","position":1,"name":"Home","item":"https:\/\/www.gaveanews.com\/"},{"@type":"ListItem","position":2,"name":"Claudinho, do Red Bull Bragantino, revela que tem vontade de jogar no Flamengo"}]},{"@type":"WebSite","@id":"https:\/\/www.gaveanews.com\/#website","url":"https:\/\/www.gaveanews.com\/","name":"G\u00e1vea News","description":"Veja todas as not\u00edcias sobre o Flamengo: Contrata\u00e7\u00f5es, categorias de base, resultados das partidas, tabela de classifica\u00e7\u00e3o, pr\u00f3ximos jogos!","potentialAction":[{"@type":"SearchAction","target":{"@type":"EntryPoint","urlTemplate":"https:\/\/www.gaveanews.com\/?s={search_term_string}"},"query-input":{"@type":"PropertyValueSpecification","valueRequired":true,"valueName":"search_term_string"}}],"inLanguage":"pt-BR"},{"@type":"Person","@id":"https:\/\/www.gaveanews.com\/#\/schema\/person\/2ec14f73fb96be2caf28f91afb14749d","name":"Equipe G\u00e1vea News","image":{"@type":"ImageObject","inLanguage":"pt-BR","@id":"https:\/\/www.gaveanews.com\/#\/schema\/person\/image\/","url":"https:\/\/secure.gravatar.com\/avatar\/1e1956f1facbffd3f8fa53a326721950116b3b9dc9bd44939c01180fd4a745a9?s=96&d=mm&r=g","contentUrl":"https:\/\/secure.gravatar.com\/avatar\/1e1956f1facbffd3f8fa53a326721950116b3b9dc9bd44939c01180fd4a745a9?s=96&d=mm&r=g","caption":"Equipe G\u00e1vea News"}}]}},"_links":{"self":[{"href":"https:\/\/www.gaveanews.com\/index.php\/wp-json\/wp\/v2\/posts\/64180","targetHints":{"allow":["GET"]}}],"collection":[{"href":"https:\/\/www.gaveanews.com\/index.php\/wp-json\/wp\/v2\/posts"}],"about":[{"href":"https:\/\/www.gaveanews.com\/index.php\/wp-json\/wp\/v2\/types\/post"}],"author":[{"embeddable":true,"href":"https:\/\/www.gaveanews.com\/index.php\/wp-json\/wp\/v2\/users\/1"}],"replies":[{"embeddable":true,"href":"https:\/\/www.gaveanews.com\/index.php\/wp-json\/wp\/v2\/comments?post=64180"}],"version-history":[{"count":0,"href":"https:\/\/www.gaveanews.com\/index.php\/wp-json\/wp\/v2\/posts\/64180\/revisions"}],"wp:featuredmedia":[{"embeddable":true,"href":"https:\/\/www.gaveanews.com\/index.php\/wp-json\/wp\/v2\/media\/55673"}],"wp:attachment":[{"href":"https:\/\/www.gaveanews.com\/index.php\/wp-json\/wp\/v2\/media?parent=64180"}],"wp:term":[{"taxonomy":"category","embeddable":true,"href":"https:\/\/www.gaveanews.com\/index.php\/wp-json\/wp\/v2\/categories?post=64180"},{"taxonomy":"post_tag","embeddable":true,"href":"https:\/\/www.gaveanews.com\/index.php\/wp-json\/wp\/v2\/tags?post=64180"}],"curies":[{"name":"wp","href":"https:\/\/api.w.org\/{rel}","templated":true}]}}