{"id":64244,"date":"2021-07-09T11:00:00","date_gmt":"2021-07-09T14:00:00","guid":{"rendered":"https:\/\/www.gaveanews.com\/?p=64244"},"modified":"2021-08-12T00:48:13","modified_gmt":"2021-08-12T03:48:13","slug":"torcida-organizada-faz-publicacao-pedindo-saida-de-ceni-do-flamengo","status":"publish","type":"post","link":"https:\/\/www.gaveanews.com\/index.php\/2021\/07\/09\/torcida-organizada-faz-publicacao-pedindo-saida-de-ceni-do-flamengo\/","title":{"rendered":"Torcida Organizada faz publica\u00e7\u00e3o pedindo sa\u00edda de Ceni do Flamengo"},"content":{"rendered":"\n<p>O atual comandante do Flamengo est\u00e1 ficando cada vez mais sem clima no clube. Al\u00e9m da <a href=\"https:\/\/www.gaveanews.com\/index.php\/2021\/07\/05\/diretoria-do-flamengo-demonstra-insatisfacao-com-ceni-apos-derrota-para-o-flu\/\">vis\u00edvel insatisfa\u00e7\u00e3o da diretoria<\/a>, Rog\u00e9rio Ceni tamb\u00e9m \u00e9 <a href=\"https:\/\/www.gaveanews.com\/index.php\/2021\/07\/07\/torcida-do-flamengo-perde-a-paciencia-com-rogerio-ceni\/\">alvo de cr\u00edticas de boa parte da torcida rubro-negra<\/a>.<\/p>\n\n\n\n<p>Depois da derrota para o Atl\u00e9tico-MG, o clima esquentou ainda mais e fez com que fosse definido <a href=\"https:\/\/www.gaveanews.com\/index.php\/2021\/07\/08\/prazo-definido-flamengo-define-ate-quando-ira-manter-rogerio-ceni\/\">um prazo para que o treinador volte a crescer com o elenco<\/a>. Com isso, o ex-goleiro est\u00e1 em corda bamba e se desdobra para encontrar forma de fazer o Mais Querido voltar a pontuar com desfalques importantes.<\/p>\n\n\n\n<p>Por\u00e9m, a Na\u00e7\u00e3o n\u00e3o tem mostrado a mesma paci\u00eancia para com Ceni e torcidas organizadas j\u00e1 est\u00e3o se manifestando contra a perman\u00eancia do t\u00e9cnico no rubro-negro. Este foi o caso da Ra\u00e7a Rubro-Negra. Em sua p\u00e1gina oficial do Instagram, a mesma realizou uma publica\u00e7\u00e3o pedido a sa\u00edda de Rog\u00e9rio Ceni do time.<\/p>\n\n\n\n<h2 class=\"wp-block-heading\" id=\"h-confira-a-publica-o\">Confira a publica\u00e7\u00e3o:<\/h2>\n\n\n\n<figure class=\"wp-block-image size-large\"><img decoding=\"async\" src=\"https:\/\/colunadofla.com\/wp-content\/uploads\/2021\/07\/raca-rubro-negra-fora-ceni.webp\" alt=\"\"\/><\/figure>\n\n\n\n<p>Vale lembrar que n\u00e3o somente as organizadas est\u00e3o convictas de que o t\u00e9cnico deveria ser demitido. Em enquete feita pelo <a href=\"http:\/\/gaveanews.com\">GaveaNews.com<\/a>, quase <a href=\"https:\/\/www.gaveanews.com\/index.php\/2021\/07\/08\/enquete-revela-mais-de-80-de-rejeicao-para-o-comando-de-rogerio-ceni\/\">90% dos votantes desejam que o Flamengo rescinda seu contrato com Ceni<\/a>.<\/p>\n\n\n\n<p>Em meio a esta turbul\u00eancia, o Flamengo se prepara para enfrentar a Chapecoense neste fim de semana. A partida contra o clube catarinense ocorrer\u00e1 \u00e0s 18h15 (hor\u00e1rio de Bras\u00edlia), no Maracan\u00e3, e ser\u00e1 transmitida pelo Premiere.<\/p>\n","protected":false},"excerpt":{"rendered":"<p>O atual comandante do Flamengo est\u00e1 ficando cada vez mais sem clima no clube. Al\u00e9m da vis\u00edvel insatisfa\u00e7\u00e3o da diretoria, Rog\u00e9rio Ceni tamb\u00e9m \u00e9 alvo de cr\u00edticas de boa parte da torcida rubro-negra. Depois da derrota para o Atl\u00e9tico-MG, o clima esquentou ainda mais e fez com que fosse definido um prazo para que o [&hellip;]<\/p>\n","protected":false},"author":4,"featured_media":63989,"comment_status":"open","ping_status":"closed","sticky":false,"template":"","format":"standard","meta":{"footnotes":""},"categories":[1],"tags":[],"class_list":["post-64244","post","type-post","status-publish","format-standard","has-post-thumbnail","hentry","category-flamengo"],"yoast_head":"<!-- This site is optimized with the Yoast SEO Premium plugin v24.2 (Yoast SEO v26.9) - https:\/\/yoast.com\/product\/yoast-seo-premium-wordpress\/ -->\n<title>Torcida Organizada faz publica\u00e7\u00e3o pedindo sa\u00edda de Ceni do Flamengo<\/title>\n<meta name=\"robots\" content=\"index, follow, max-snippet:-1, max-image-preview:large, max-video-preview:-1\" \/>\n<link rel=\"canonical\" href=\"https:\/\/www.gaveanews.com\/index.php\/2021\/07\/09\/torcida-organizada-faz-publicacao-pedindo-saida-de-ceni-do-flamengo\/\" \/>\n<meta property=\"og:locale\" content=\"pt_BR\" \/>\n<meta property=\"og:type\" content=\"article\" \/>\n<meta property=\"og:title\" content=\"Torcida Organizada faz publica\u00e7\u00e3o pedindo sa\u00edda de Ceni do Flamengo\" \/>\n<meta property=\"og:description\" content=\"O atual comandante do Flamengo est\u00e1 ficando cada vez mais sem clima no clube. Al\u00e9m da vis\u00edvel insatisfa\u00e7\u00e3o da diretoria, Rog\u00e9rio Ceni tamb\u00e9m \u00e9 alvo de cr\u00edticas de boa parte da torcida rubro-negra. Depois da derrota para o Atl\u00e9tico-MG, o clima esquentou ainda mais e fez com que fosse definido um prazo para que o [&hellip;]\" \/>\n<meta property=\"og:url\" content=\"https:\/\/www.gaveanews.com\/index.php\/2021\/07\/09\/torcida-organizada-faz-publicacao-pedindo-saida-de-ceni-do-flamengo\/\" \/>\n<meta property=\"og:site_name\" content=\"G\u00e1vea News\" \/>\n<meta property=\"article:publisher\" content=\"https:\/\/facebook.com\/gaveaNews\/\" \/>\n<meta property=\"article:published_time\" content=\"2021-07-09T14:00:00+00:00\" \/>\n<meta property=\"article:modified_time\" content=\"2021-08-12T03:48:13+00:00\" \/>\n<meta property=\"og:image\" content=\"https:\/\/www.gaveanews.com\/wp-content\/uploads\/Rogerio-Ceni-durante-o-classico-entre-Flamengo-e-Fluminense-no-estadio-do-Corinthians.webp\" \/>\n\t<meta property=\"og:image:width\" content=\"799\" \/>\n\t<meta property=\"og:image:height\" content=\"533\" \/>\n\t<meta property=\"og:image:type\" content=\"image\/jpeg\" \/>\n<meta name=\"author\" content=\"Let\u00edcia Gerheim\" \/>\n<meta name=\"twitter:card\" content=\"summary_large_image\" \/>\n<meta name=\"twitter:label1\" content=\"Escrito por\" \/>\n\t<meta name=\"twitter:data1\" content=\"Let\u00edcia Gerheim\" \/>\n\t<meta name=\"twitter:label2\" content=\"Est. tempo de leitura\" \/>\n\t<meta name=\"twitter:data2\" content=\"2 minutos\" \/>\n<script type=\"application\/ld+json\" class=\"yoast-schema-graph\">{\"@context\":\"https:\/\/schema.org\",\"@graph\":[{\"@type\":\"NewsArticle\",\"@id\":\"https:\/\/www.gaveanews.com\/index.php\/2021\/07\/09\/torcida-organizada-faz-publicacao-pedindo-saida-de-ceni-do-flamengo\/#article\",\"isPartOf\":{\"@id\":\"https:\/\/www.gaveanews.com\/index.php\/2021\/07\/09\/torcida-organizada-faz-publicacao-pedindo-saida-de-ceni-do-flamengo\/\"},\"author\":{\"name\":\"Let\u00edcia Gerheim\",\"@id\":\"https:\/\/www.gaveanews.com\/#\/schema\/person\/714c67050b836198af2450ba1c142a67\"},\"headline\":\"Torcida Organizada faz publica\u00e7\u00e3o pedindo sa\u00edda de Ceni do Flamengo\",\"datePublished\":\"2021-07-09T14:00:00+00:00\",\"dateModified\":\"2021-08-12T03:48:13+00:00\",\"mainEntityOfPage\":{\"@id\":\"https:\/\/www.gaveanews.com\/index.php\/2021\/07\/09\/torcida-organizada-faz-publicacao-pedindo-saida-de-ceni-do-flamengo\/\"},\"wordCount\":249,\"commentCount\":16,\"image\":{\"@id\":\"https:\/\/www.gaveanews.com\/index.php\/2021\/07\/09\/torcida-organizada-faz-publicacao-pedindo-saida-de-ceni-do-flamengo\/#primaryimage\"},\"thumbnailUrl\":\"https:\/\/www.gaveanews.com\/wp-content\/uploads\/Rogerio-Ceni-durante-o-classico-entre-Flamengo-e-Fluminense-no-estadio-do-Corinthians.webp\",\"articleSection\":[\"Flamengo\"],\"inLanguage\":\"pt-BR\",\"potentialAction\":[{\"@type\":\"CommentAction\",\"name\":\"Comment\",\"target\":[\"https:\/\/www.gaveanews.com\/index.php\/2021\/07\/09\/torcida-organizada-faz-publicacao-pedindo-saida-de-ceni-do-flamengo\/#respond\"]}],\"copyrightYear\":\"2021\",\"copyrightHolder\":{\"@id\":\"https:\/\/www.gaveanews.com\/#organization\"}},{\"@type\":\"WebPage\",\"@id\":\"https:\/\/www.gaveanews.com\/index.php\/2021\/07\/09\/torcida-organizada-faz-publicacao-pedindo-saida-de-ceni-do-flamengo\/\",\"url\":\"https:\/\/www.gaveanews.com\/index.php\/2021\/07\/09\/torcida-organizada-faz-publicacao-pedindo-saida-de-ceni-do-flamengo\/\",\"name\":\"Torcida Organizada faz publica\u00e7\u00e3o pedindo sa\u00edda de Ceni do Flamengo\",\"isPartOf\":{\"@id\":\"https:\/\/www.gaveanews.com\/#website\"},\"primaryImageOfPage\":{\"@id\":\"https:\/\/www.gaveanews.com\/index.php\/2021\/07\/09\/torcida-organizada-faz-publicacao-pedindo-saida-de-ceni-do-flamengo\/#primaryimage\"},\"image\":{\"@id\":\"https:\/\/www.gaveanews.com\/index.php\/2021\/07\/09\/torcida-organizada-faz-publicacao-pedindo-saida-de-ceni-do-flamengo\/#primaryimage\"},\"thumbnailUrl\":\"https:\/\/www.gaveanews.com\/wp-content\/uploads\/Rogerio-Ceni-durante-o-classico-entre-Flamengo-e-Fluminense-no-estadio-do-Corinthians.webp\",\"datePublished\":\"2021-07-09T14:00:00+00:00\",\"dateModified\":\"2021-08-12T03:48:13+00:00\",\"author\":{\"@id\":\"https:\/\/www.gaveanews.com\/#\/schema\/person\/714c67050b836198af2450ba1c142a67\"},\"breadcrumb\":{\"@id\":\"https:\/\/www.gaveanews.com\/index.php\/2021\/07\/09\/torcida-organizada-faz-publicacao-pedindo-saida-de-ceni-do-flamengo\/#breadcrumb\"},\"inLanguage\":\"pt-BR\",\"potentialAction\":[{\"@type\":\"ReadAction\",\"target\":[\"https:\/\/www.gaveanews.com\/index.php\/2021\/07\/09\/torcida-organizada-faz-publicacao-pedindo-saida-de-ceni-do-flamengo\/\"]}]},{\"@type\":\"ImageObject\",\"inLanguage\":\"pt-BR\",\"@id\":\"https:\/\/www.gaveanews.com\/index.php\/2021\/07\/09\/torcida-organizada-faz-publicacao-pedindo-saida-de-ceni-do-flamengo\/#primaryimage\",\"url\":\"https:\/\/www.gaveanews.com\/wp-content\/uploads\/Rogerio-Ceni-durante-o-classico-entre-Flamengo-e-Fluminense-no-estadio-do-Corinthians.webp\",\"contentUrl\":\"https:\/\/www.gaveanews.com\/wp-content\/uploads\/Rogerio-Ceni-durante-o-classico-entre-Flamengo-e-Fluminense-no-estadio-do-Corinthians.webp\",\"width\":799,\"height\":533,\"caption\":\"Rog\u00e9rio Ceni durante o cl\u00e1ssico entre Flamengo e Fluminense no est\u00e1dio do Corinthians (Foto: Alexandre Vidal\/Flamengo)\"},{\"@type\":\"BreadcrumbList\",\"@id\":\"https:\/\/www.gaveanews.com\/index.php\/2021\/07\/09\/torcida-organizada-faz-publicacao-pedindo-saida-de-ceni-do-flamengo\/#breadcrumb\",\"itemListElement\":[{\"@type\":\"ListItem\",\"position\":1,\"name\":\"Home\",\"item\":\"https:\/\/www.gaveanews.com\/\"},{\"@type\":\"ListItem\",\"position\":2,\"name\":\"Torcida Organizada faz publica\u00e7\u00e3o pedindo sa\u00edda de Ceni do Flamengo\"}]},{\"@type\":\"WebSite\",\"@id\":\"https:\/\/www.gaveanews.com\/#website\",\"url\":\"https:\/\/www.gaveanews.com\/\",\"name\":\"G\u00e1vea News\",\"description\":\"Veja todas as not\u00edcias sobre o Flamengo: Contrata\u00e7\u00f5es, categorias de base, resultados das partidas, tabela de classifica\u00e7\u00e3o, pr\u00f3ximos jogos!\",\"potentialAction\":[{\"@type\":\"SearchAction\",\"target\":{\"@type\":\"EntryPoint\",\"urlTemplate\":\"https:\/\/www.gaveanews.com\/?s={search_term_string}\"},\"query-input\":{\"@type\":\"PropertyValueSpecification\",\"valueRequired\":true,\"valueName\":\"search_term_string\"}}],\"inLanguage\":\"pt-BR\"},{\"@type\":\"Person\",\"@id\":\"https:\/\/www.gaveanews.com\/#\/schema\/person\/714c67050b836198af2450ba1c142a67\",\"name\":\"Let\u00edcia Gerheim\",\"image\":{\"@type\":\"ImageObject\",\"inLanguage\":\"pt-BR\",\"@id\":\"https:\/\/www.gaveanews.com\/#\/schema\/person\/image\/\",\"url\":\"https:\/\/secure.gravatar.com\/avatar\/60734739c50fcebfbac509e2a826ccd0ff405c019bc73aab9354f19ecad1dcb4?s=96&d=mm&r=g\",\"contentUrl\":\"https:\/\/secure.gravatar.com\/avatar\/60734739c50fcebfbac509e2a826ccd0ff405c019bc73aab9354f19ecad1dcb4?s=96&d=mm&r=g\",\"caption\":\"Let\u00edcia Gerheim\"}}]}<\/script>\n<!-- \/ Yoast SEO Premium plugin. -->","yoast_head_json":{"title":"Torcida Organizada faz publica\u00e7\u00e3o pedindo sa\u00edda de Ceni do Flamengo","robots":{"index":"index","follow":"follow","max-snippet":"max-snippet:-1","max-image-preview":"max-image-preview:large","max-video-preview":"max-video-preview:-1"},"canonical":"https:\/\/www.gaveanews.com\/index.php\/2021\/07\/09\/torcida-organizada-faz-publicacao-pedindo-saida-de-ceni-do-flamengo\/","og_locale":"pt_BR","og_type":"article","og_title":"Torcida Organizada faz publica\u00e7\u00e3o pedindo sa\u00edda de Ceni do Flamengo","og_description":"O atual comandante do Flamengo est\u00e1 ficando cada vez mais sem clima no clube. Al\u00e9m da vis\u00edvel insatisfa\u00e7\u00e3o da diretoria, Rog\u00e9rio Ceni tamb\u00e9m \u00e9 alvo de cr\u00edticas de boa parte da torcida rubro-negra. Depois da derrota para o Atl\u00e9tico-MG, o clima esquentou ainda mais e fez com que fosse definido um prazo para que o [&hellip;]","og_url":"https:\/\/www.gaveanews.com\/index.php\/2021\/07\/09\/torcida-organizada-faz-publicacao-pedindo-saida-de-ceni-do-flamengo\/","og_site_name":"G\u00e1vea News","article_publisher":"https:\/\/facebook.com\/gaveaNews\/","article_published_time":"2021-07-09T14:00:00+00:00","article_modified_time":"2021-08-12T03:48:13+00:00","og_image":[{"width":799,"height":533,"url":"https:\/\/www.gaveanews.com\/wp-content\/uploads\/Rogerio-Ceni-durante-o-classico-entre-Flamengo-e-Fluminense-no-estadio-do-Corinthians.webp","type":"image\/jpeg"}],"author":"Let\u00edcia Gerheim","twitter_card":"summary_large_image","twitter_misc":{"Escrito por":"Let\u00edcia Gerheim","Est. tempo de leitura":"2 minutos"},"schema":{"@context":"https:\/\/schema.org","@graph":[{"@type":"NewsArticle","@id":"https:\/\/www.gaveanews.com\/index.php\/2021\/07\/09\/torcida-organizada-faz-publicacao-pedindo-saida-de-ceni-do-flamengo\/#article","isPartOf":{"@id":"https:\/\/www.gaveanews.com\/index.php\/2021\/07\/09\/torcida-organizada-faz-publicacao-pedindo-saida-de-ceni-do-flamengo\/"},"author":{"name":"Let\u00edcia Gerheim","@id":"https:\/\/www.gaveanews.com\/#\/schema\/person\/714c67050b836198af2450ba1c142a67"},"headline":"Torcida Organizada faz publica\u00e7\u00e3o pedindo sa\u00edda de Ceni do Flamengo","datePublished":"2021-07-09T14:00:00+00:00","dateModified":"2021-08-12T03:48:13+00:00","mainEntityOfPage":{"@id":"https:\/\/www.gaveanews.com\/index.php\/2021\/07\/09\/torcida-organizada-faz-publicacao-pedindo-saida-de-ceni-do-flamengo\/"},"wordCount":249,"commentCount":16,"image":{"@id":"https:\/\/www.gaveanews.com\/index.php\/2021\/07\/09\/torcida-organizada-faz-publicacao-pedindo-saida-de-ceni-do-flamengo\/#primaryimage"},"thumbnailUrl":"https:\/\/www.gaveanews.com\/wp-content\/uploads\/Rogerio-Ceni-durante-o-classico-entre-Flamengo-e-Fluminense-no-estadio-do-Corinthians.webp","articleSection":["Flamengo"],"inLanguage":"pt-BR","potentialAction":[{"@type":"CommentAction","name":"Comment","target":["https:\/\/www.gaveanews.com\/index.php\/2021\/07\/09\/torcida-organizada-faz-publicacao-pedindo-saida-de-ceni-do-flamengo\/#respond"]}],"copyrightYear":"2021","copyrightHolder":{"@id":"https:\/\/www.gaveanews.com\/#organization"}},{"@type":"WebPage","@id":"https:\/\/www.gaveanews.com\/index.php\/2021\/07\/09\/torcida-organizada-faz-publicacao-pedindo-saida-de-ceni-do-flamengo\/","url":"https:\/\/www.gaveanews.com\/index.php\/2021\/07\/09\/torcida-organizada-faz-publicacao-pedindo-saida-de-ceni-do-flamengo\/","name":"Torcida Organizada faz publica\u00e7\u00e3o pedindo sa\u00edda de Ceni do Flamengo","isPartOf":{"@id":"https:\/\/www.gaveanews.com\/#website"},"primaryImageOfPage":{"@id":"https:\/\/www.gaveanews.com\/index.php\/2021\/07\/09\/torcida-organizada-faz-publicacao-pedindo-saida-de-ceni-do-flamengo\/#primaryimage"},"image":{"@id":"https:\/\/www.gaveanews.com\/index.php\/2021\/07\/09\/torcida-organizada-faz-publicacao-pedindo-saida-de-ceni-do-flamengo\/#primaryimage"},"thumbnailUrl":"https:\/\/www.gaveanews.com\/wp-content\/uploads\/Rogerio-Ceni-durante-o-classico-entre-Flamengo-e-Fluminense-no-estadio-do-Corinthians.webp","datePublished":"2021-07-09T14:00:00+00:00","dateModified":"2021-08-12T03:48:13+00:00","author":{"@id":"https:\/\/www.gaveanews.com\/#\/schema\/person\/714c67050b836198af2450ba1c142a67"},"breadcrumb":{"@id":"https:\/\/www.gaveanews.com\/index.php\/2021\/07\/09\/torcida-organizada-faz-publicacao-pedindo-saida-de-ceni-do-flamengo\/#breadcrumb"},"inLanguage":"pt-BR","potentialAction":[{"@type":"ReadAction","target":["https:\/\/www.gaveanews.com\/index.php\/2021\/07\/09\/torcida-organizada-faz-publicacao-pedindo-saida-de-ceni-do-flamengo\/"]}]},{"@type":"ImageObject","inLanguage":"pt-BR","@id":"https:\/\/www.gaveanews.com\/index.php\/2021\/07\/09\/torcida-organizada-faz-publicacao-pedindo-saida-de-ceni-do-flamengo\/#primaryimage","url":"https:\/\/www.gaveanews.com\/wp-content\/uploads\/Rogerio-Ceni-durante-o-classico-entre-Flamengo-e-Fluminense-no-estadio-do-Corinthians.webp","contentUrl":"https:\/\/www.gaveanews.com\/wp-content\/uploads\/Rogerio-Ceni-durante-o-classico-entre-Flamengo-e-Fluminense-no-estadio-do-Corinthians.webp","width":799,"height":533,"caption":"Rog\u00e9rio Ceni durante o cl\u00e1ssico entre Flamengo e Fluminense no est\u00e1dio do Corinthians (Foto: Alexandre Vidal\/Flamengo)"},{"@type":"BreadcrumbList","@id":"https:\/\/www.gaveanews.com\/index.php\/2021\/07\/09\/torcida-organizada-faz-publicacao-pedindo-saida-de-ceni-do-flamengo\/#breadcrumb","itemListElement":[{"@type":"ListItem","position":1,"name":"Home","item":"https:\/\/www.gaveanews.com\/"},{"@type":"ListItem","position":2,"name":"Torcida Organizada faz publica\u00e7\u00e3o pedindo sa\u00edda de Ceni do Flamengo"}]},{"@type":"WebSite","@id":"https:\/\/www.gaveanews.com\/#website","url":"https:\/\/www.gaveanews.com\/","name":"G\u00e1vea News","description":"Veja todas as not\u00edcias sobre o Flamengo: Contrata\u00e7\u00f5es, categorias de base, resultados das partidas, tabela de classifica\u00e7\u00e3o, pr\u00f3ximos jogos!","potentialAction":[{"@type":"SearchAction","target":{"@type":"EntryPoint","urlTemplate":"https:\/\/www.gaveanews.com\/?s={search_term_string}"},"query-input":{"@type":"PropertyValueSpecification","valueRequired":true,"valueName":"search_term_string"}}],"inLanguage":"pt-BR"},{"@type":"Person","@id":"https:\/\/www.gaveanews.com\/#\/schema\/person\/714c67050b836198af2450ba1c142a67","name":"Let\u00edcia Gerheim","image":{"@type":"ImageObject","inLanguage":"pt-BR","@id":"https:\/\/www.gaveanews.com\/#\/schema\/person\/image\/","url":"https:\/\/secure.gravatar.com\/avatar\/60734739c50fcebfbac509e2a826ccd0ff405c019bc73aab9354f19ecad1dcb4?s=96&d=mm&r=g","contentUrl":"https:\/\/secure.gravatar.com\/avatar\/60734739c50fcebfbac509e2a826ccd0ff405c019bc73aab9354f19ecad1dcb4?s=96&d=mm&r=g","caption":"Let\u00edcia Gerheim"}}]}},"_links":{"self":[{"href":"https:\/\/www.gaveanews.com\/index.php\/wp-json\/wp\/v2\/posts\/64244","targetHints":{"allow":["GET"]}}],"collection":[{"href":"https:\/\/www.gaveanews.com\/index.php\/wp-json\/wp\/v2\/posts"}],"about":[{"href":"https:\/\/www.gaveanews.com\/index.php\/wp-json\/wp\/v2\/types\/post"}],"author":[{"embeddable":true,"href":"https:\/\/www.gaveanews.com\/index.php\/wp-json\/wp\/v2\/users\/4"}],"replies":[{"embeddable":true,"href":"https:\/\/www.gaveanews.com\/index.php\/wp-json\/wp\/v2\/comments?post=64244"}],"version-history":[{"count":0,"href":"https:\/\/www.gaveanews.com\/index.php\/wp-json\/wp\/v2\/posts\/64244\/revisions"}],"wp:featuredmedia":[{"embeddable":true,"href":"https:\/\/www.gaveanews.com\/index.php\/wp-json\/wp\/v2\/media\/63989"}],"wp:attachment":[{"href":"https:\/\/www.gaveanews.com\/index.php\/wp-json\/wp\/v2\/media?parent=64244"}],"wp:term":[{"taxonomy":"category","embeddable":true,"href":"https:\/\/www.gaveanews.com\/index.php\/wp-json\/wp\/v2\/categories?post=64244"},{"taxonomy":"post_tag","embeddable":true,"href":"https:\/\/www.gaveanews.com\/index.php\/wp-json\/wp\/v2\/tags?post=64244"}],"curies":[{"name":"wp","href":"https:\/\/api.w.org\/{rel}","templated":true}]}}