{"id":64249,"date":"2021-07-11T17:14:42","date_gmt":"2021-07-11T20:14:42","guid":{"rendered":"https:\/\/www.gaveanews.com\/?p=64249"},"modified":"2021-08-12T00:48:02","modified_gmt":"2021-08-12T03:48:02","slug":"saiu-confira-a-escalacao-oficial-do-flamengo-contra-a-chapecoense","status":"publish","type":"post","link":"https:\/\/www.gaveanews.com\/index.php\/2021\/07\/11\/saiu-confira-a-escalacao-oficial-do-flamengo-contra-a-chapecoense\/","title":{"rendered":"Saiu! Confira a escala\u00e7\u00e3o oficial do Flamengo contra a Chapecoense"},"content":{"rendered":"\n<p>Daqui a pouco, \u00e0s 18h15 (hor\u00e1rio de Bras\u00edlia), o Mais Querido ir\u00e1 a campo pela 11\u00aa rodada do Campeonato Brasileiro. A partida ocorrer\u00e1 no Maracan\u00e3 e ser\u00e1 transmitida pelo canal Premiere.<\/p>\n\n\n\n<p>O Flamengo jogar\u00e1 em casa neste fim de semana para tentar abafar as crescentes cr\u00edticas sobre o desempenho da equipe e voltar a crescer na competi\u00e7\u00e3o. O elenco, que tentar entrar no rumo pela briga em rela\u00e7\u00e3o aos t\u00edtulos desta temporada, precisar\u00e1 voltar sua concentra\u00e7\u00e3o para o confronto e pontuar sem parte dos titulares.<\/p>\n\n\n\n<p>Inicialmente, Bruno Henrique e Diego Ribas est\u00e3o lesionados e n\u00e3o poder\u00e3o atuar contra a Chape. J\u00e1 <a href=\"https:\/\/www.gaveanews.com\/index.php\/2021\/07\/11\/gabigol-e-punido-pelo-flamengo-veja-lista-de-relacionados\/\">Gabigol, foi punido pela diretoria rubro-negra.<\/a> A lista de desfalques segue com Jo\u00e3o Gomes, que se tornou titular recentemente, ap\u00f3s a sa\u00edda de Gerson. O volante recebeu seu terceiro cart\u00e3o amarelo no jogo contra o Atl\u00e9tico-MG e ter\u00e1 de cumprir suspens\u00e3o. A \u00faltima baixa \u00e9 de C\u00e9sar, ainda se recuperando de les\u00e3o junto ao departamento m\u00e9dico do clube. Por fim, o zagueiro Rodrigo Caio foi poupado. <\/p>\n\n\n\n<p>A boa not\u00edcia fica por conta do retorno de Everton Ribeiro, que foi relacionado.<\/p>\n\n\n\n<h2 class=\"wp-block-heading\" id=\"h-desfalques\">Desfalques:<\/h2>\n\n\n\n<ul class=\"wp-block-list\"><li>Bruno Henrique (departamento m\u00e9dico) <\/li><li>C\u00e9sar (departamento m\u00e9dico)<\/li><li>Diego Ribas (departamento m\u00e9dico)<\/li><li>Jo\u00e3o Gomes (suspenso)<\/li><li>Rodrigo Caio (poupado)<\/li><li>Gabigol (punido)<\/li><\/ul>\n\n\n\n<h2 class=\"wp-block-heading\" id=\"h-pendurados\">Pendurados:<\/h2>\n\n\n\n<ul class=\"wp-block-list\"><li>Bruno Henrique<\/li><\/ul>\n\n\n\n<h2 class=\"wp-block-heading\" id=\"h-escala-o-oficial\">Escala\u00e7\u00e3o oficial:<\/h2>\n\n\n\n<p>Diego Alves, Isla, Gustavo H, L\u00e9o Pereira, Filipe Lu\u00eds, Ar\u00e3o, Thiago Maia, Everton Ribeiro, De Arrascaeta, Muniz e Pedro.<\/p>\n\n\n\n<h2 class=\"wp-block-heading\" id=\"h-banco-de-reservas\">Banco de reservas:<\/h2>\n\n\n\n<p>Gabriel Batista, Hugo, Matheuzinho, Rodinei, Bruno Viana, Ren\u00ea, Piris, Hugo, L\u00e1zaro, Michael, Vitinho e Vitor Gabriel.<\/p>\n\n\n\n<h2 class=\"wp-block-heading\" id=\"h-arbitragem\">Arbitragem:<\/h2>\n\n\n\n<ul class=\"wp-block-list\"><li><strong>\u00c1rbitro:<\/strong> Paulo Cesar Zanovelli &#8211; MG<\/li><li><strong>\u00c1rbitro Assistente 1:<\/strong> Guilherme Dias Camilo &#8211; MG<\/li><li><strong>\u00c1rbitro Assistente 2:<\/strong> Ricardo Junio de Souza &#8211; MG<\/li><li><strong>Quarto \u00c1rbitro:<\/strong> Felipe da Silva Gon\u00e7alves Paludo &#8211; RJ<\/li><li><strong>\u00c1rbitro de V\u00eddeo:<\/strong> Emerson de Almeida Ferreira &#8211; MG<\/li><li><strong>Auxiliar de VAR:<\/strong> Frederico Soares Vilarinho &#8211; MG<\/li><li><strong>Observador de VAR:<\/strong> Silvia Regina de Oliveira &#8211; SP<\/li><\/ul>\n","protected":false},"excerpt":{"rendered":"<p>Daqui a pouco, \u00e0s 18h15 (hor\u00e1rio de Bras\u00edlia), o Mais Querido ir\u00e1 a campo pela 11\u00aa rodada do Campeonato Brasileiro. A partida ocorrer\u00e1 no Maracan\u00e3 e ser\u00e1 transmitida pelo canal Premiere. O Flamengo jogar\u00e1 em casa neste fim de semana para tentar abafar as crescentes cr\u00edticas sobre o desempenho da equipe e voltar a crescer [&hellip;]<\/p>\n","protected":false},"author":4,"featured_media":30000,"comment_status":"open","ping_status":"closed","sticky":false,"template":"","format":"standard","meta":{"footnotes":""},"categories":[1],"tags":[],"class_list":["post-64249","post","type-post","status-publish","format-standard","has-post-thumbnail","hentry","category-flamengo"],"yoast_head":"<!-- This site is optimized with the Yoast SEO Premium plugin v24.2 (Yoast SEO v26.9) - https:\/\/yoast.com\/product\/yoast-seo-premium-wordpress\/ -->\n<title>Saiu! Confira a escala\u00e7\u00e3o oficial do Flamengo contra a Chapecoense<\/title>\n<meta name=\"robots\" content=\"index, follow, max-snippet:-1, max-image-preview:large, max-video-preview:-1\" \/>\n<link rel=\"canonical\" href=\"https:\/\/www.gaveanews.com\/index.php\/2021\/07\/11\/saiu-confira-a-escalacao-oficial-do-flamengo-contra-a-chapecoense\/\" \/>\n<meta property=\"og:locale\" content=\"pt_BR\" \/>\n<meta property=\"og:type\" content=\"article\" \/>\n<meta property=\"og:title\" content=\"Saiu! Confira a escala\u00e7\u00e3o oficial do Flamengo contra a Chapecoense\" \/>\n<meta property=\"og:description\" content=\"Daqui a pouco, \u00e0s 18h15 (hor\u00e1rio de Bras\u00edlia), o Mais Querido ir\u00e1 a campo pela 11\u00aa rodada do Campeonato Brasileiro. A partida ocorrer\u00e1 no Maracan\u00e3 e ser\u00e1 transmitida pelo canal Premiere. O Flamengo jogar\u00e1 em casa neste fim de semana para tentar abafar as crescentes cr\u00edticas sobre o desempenho da equipe e voltar a crescer [&hellip;]\" \/>\n<meta property=\"og:url\" content=\"https:\/\/www.gaveanews.com\/index.php\/2021\/07\/11\/saiu-confira-a-escalacao-oficial-do-flamengo-contra-a-chapecoense\/\" \/>\n<meta property=\"og:site_name\" content=\"G\u00e1vea News\" \/>\n<meta property=\"article:publisher\" content=\"https:\/\/facebook.com\/gaveaNews\/\" \/>\n<meta property=\"article:published_time\" content=\"2021-07-11T20:14:42+00:00\" \/>\n<meta property=\"article:modified_time\" content=\"2021-08-12T03:48:02+00:00\" \/>\n<meta property=\"og:image\" content=\"https:\/\/www.gaveanews.com\/wp-content\/uploads\/Escalacao-oficial-do-Flamengo.webp\" \/>\n\t<meta property=\"og:image:width\" content=\"1\" \/>\n\t<meta property=\"og:image:height\" content=\"1\" \/>\n\t<meta property=\"og:image:type\" content=\"image\/jpeg\" \/>\n<meta name=\"author\" content=\"Let\u00edcia Gerheim\" \/>\n<meta name=\"twitter:card\" content=\"summary_large_image\" \/>\n<meta name=\"twitter:label1\" content=\"Escrito por\" \/>\n\t<meta name=\"twitter:data1\" content=\"Let\u00edcia Gerheim\" \/>\n\t<meta name=\"twitter:label2\" content=\"Est. tempo de leitura\" \/>\n\t<meta name=\"twitter:data2\" content=\"2 minutos\" \/>\n<script type=\"application\/ld+json\" class=\"yoast-schema-graph\">{\"@context\":\"https:\/\/schema.org\",\"@graph\":[{\"@type\":\"NewsArticle\",\"@id\":\"https:\/\/www.gaveanews.com\/index.php\/2021\/07\/11\/saiu-confira-a-escalacao-oficial-do-flamengo-contra-a-chapecoense\/#article\",\"isPartOf\":{\"@id\":\"https:\/\/www.gaveanews.com\/index.php\/2021\/07\/11\/saiu-confira-a-escalacao-oficial-do-flamengo-contra-a-chapecoense\/\"},\"author\":{\"name\":\"Let\u00edcia Gerheim\",\"@id\":\"https:\/\/www.gaveanews.com\/#\/schema\/person\/714c67050b836198af2450ba1c142a67\"},\"headline\":\"Saiu! Confira a escala\u00e7\u00e3o oficial do Flamengo contra a Chapecoense\",\"datePublished\":\"2021-07-11T20:14:42+00:00\",\"dateModified\":\"2021-08-12T03:48:02+00:00\",\"mainEntityOfPage\":{\"@id\":\"https:\/\/www.gaveanews.com\/index.php\/2021\/07\/11\/saiu-confira-a-escalacao-oficial-do-flamengo-contra-a-chapecoense\/\"},\"wordCount\":342,\"commentCount\":29,\"image\":{\"@id\":\"https:\/\/www.gaveanews.com\/index.php\/2021\/07\/11\/saiu-confira-a-escalacao-oficial-do-flamengo-contra-a-chapecoense\/#primaryimage\"},\"thumbnailUrl\":\"https:\/\/www.gaveanews.com\/wp-content\/uploads\/Escalacao-oficial-do-Flamengo.webp\",\"articleSection\":[\"Flamengo\"],\"inLanguage\":\"pt-BR\",\"potentialAction\":[{\"@type\":\"CommentAction\",\"name\":\"Comment\",\"target\":[\"https:\/\/www.gaveanews.com\/index.php\/2021\/07\/11\/saiu-confira-a-escalacao-oficial-do-flamengo-contra-a-chapecoense\/#respond\"]}],\"copyrightYear\":\"2021\",\"copyrightHolder\":{\"@id\":\"https:\/\/www.gaveanews.com\/#organization\"}},{\"@type\":\"WebPage\",\"@id\":\"https:\/\/www.gaveanews.com\/index.php\/2021\/07\/11\/saiu-confira-a-escalacao-oficial-do-flamengo-contra-a-chapecoense\/\",\"url\":\"https:\/\/www.gaveanews.com\/index.php\/2021\/07\/11\/saiu-confira-a-escalacao-oficial-do-flamengo-contra-a-chapecoense\/\",\"name\":\"Saiu! Confira a escala\u00e7\u00e3o oficial do Flamengo contra a Chapecoense\",\"isPartOf\":{\"@id\":\"https:\/\/www.gaveanews.com\/#website\"},\"primaryImageOfPage\":{\"@id\":\"https:\/\/www.gaveanews.com\/index.php\/2021\/07\/11\/saiu-confira-a-escalacao-oficial-do-flamengo-contra-a-chapecoense\/#primaryimage\"},\"image\":{\"@id\":\"https:\/\/www.gaveanews.com\/index.php\/2021\/07\/11\/saiu-confira-a-escalacao-oficial-do-flamengo-contra-a-chapecoense\/#primaryimage\"},\"thumbnailUrl\":\"https:\/\/www.gaveanews.com\/wp-content\/uploads\/Escalacao-oficial-do-Flamengo.webp\",\"datePublished\":\"2021-07-11T20:14:42+00:00\",\"dateModified\":\"2021-08-12T03:48:02+00:00\",\"author\":{\"@id\":\"https:\/\/www.gaveanews.com\/#\/schema\/person\/714c67050b836198af2450ba1c142a67\"},\"breadcrumb\":{\"@id\":\"https:\/\/www.gaveanews.com\/index.php\/2021\/07\/11\/saiu-confira-a-escalacao-oficial-do-flamengo-contra-a-chapecoense\/#breadcrumb\"},\"inLanguage\":\"pt-BR\",\"potentialAction\":[{\"@type\":\"ReadAction\",\"target\":[\"https:\/\/www.gaveanews.com\/index.php\/2021\/07\/11\/saiu-confira-a-escalacao-oficial-do-flamengo-contra-a-chapecoense\/\"]}]},{\"@type\":\"ImageObject\",\"inLanguage\":\"pt-BR\",\"@id\":\"https:\/\/www.gaveanews.com\/index.php\/2021\/07\/11\/saiu-confira-a-escalacao-oficial-do-flamengo-contra-a-chapecoense\/#primaryimage\",\"url\":\"https:\/\/www.gaveanews.com\/wp-content\/uploads\/Escalacao-oficial-do-Flamengo.webp\",\"contentUrl\":\"https:\/\/www.gaveanews.com\/wp-content\/uploads\/Escalacao-oficial-do-Flamengo.webp\",\"caption\":\"Confira a escala\u00e7\u00e3o oficial do Flamengo (Ilustra\u00e7\u00e3o: Editoria de Arte\/GaveaNews.com)\"},{\"@type\":\"BreadcrumbList\",\"@id\":\"https:\/\/www.gaveanews.com\/index.php\/2021\/07\/11\/saiu-confira-a-escalacao-oficial-do-flamengo-contra-a-chapecoense\/#breadcrumb\",\"itemListElement\":[{\"@type\":\"ListItem\",\"position\":1,\"name\":\"Home\",\"item\":\"https:\/\/www.gaveanews.com\/\"},{\"@type\":\"ListItem\",\"position\":2,\"name\":\"Saiu! Confira a escala\u00e7\u00e3o oficial do Flamengo contra a Chapecoense\"}]},{\"@type\":\"WebSite\",\"@id\":\"https:\/\/www.gaveanews.com\/#website\",\"url\":\"https:\/\/www.gaveanews.com\/\",\"name\":\"G\u00e1vea News\",\"description\":\"Veja todas as not\u00edcias sobre o Flamengo: Contrata\u00e7\u00f5es, categorias de base, resultados das partidas, tabela de classifica\u00e7\u00e3o, pr\u00f3ximos jogos!\",\"potentialAction\":[{\"@type\":\"SearchAction\",\"target\":{\"@type\":\"EntryPoint\",\"urlTemplate\":\"https:\/\/www.gaveanews.com\/?s={search_term_string}\"},\"query-input\":{\"@type\":\"PropertyValueSpecification\",\"valueRequired\":true,\"valueName\":\"search_term_string\"}}],\"inLanguage\":\"pt-BR\"},{\"@type\":\"Person\",\"@id\":\"https:\/\/www.gaveanews.com\/#\/schema\/person\/714c67050b836198af2450ba1c142a67\",\"name\":\"Let\u00edcia Gerheim\",\"image\":{\"@type\":\"ImageObject\",\"inLanguage\":\"pt-BR\",\"@id\":\"https:\/\/www.gaveanews.com\/#\/schema\/person\/image\/\",\"url\":\"https:\/\/secure.gravatar.com\/avatar\/60734739c50fcebfbac509e2a826ccd0ff405c019bc73aab9354f19ecad1dcb4?s=96&d=mm&r=g\",\"contentUrl\":\"https:\/\/secure.gravatar.com\/avatar\/60734739c50fcebfbac509e2a826ccd0ff405c019bc73aab9354f19ecad1dcb4?s=96&d=mm&r=g\",\"caption\":\"Let\u00edcia Gerheim\"}}]}<\/script>\n<!-- \/ Yoast SEO Premium plugin. -->","yoast_head_json":{"title":"Saiu! Confira a escala\u00e7\u00e3o oficial do Flamengo contra a Chapecoense","robots":{"index":"index","follow":"follow","max-snippet":"max-snippet:-1","max-image-preview":"max-image-preview:large","max-video-preview":"max-video-preview:-1"},"canonical":"https:\/\/www.gaveanews.com\/index.php\/2021\/07\/11\/saiu-confira-a-escalacao-oficial-do-flamengo-contra-a-chapecoense\/","og_locale":"pt_BR","og_type":"article","og_title":"Saiu! Confira a escala\u00e7\u00e3o oficial do Flamengo contra a Chapecoense","og_description":"Daqui a pouco, \u00e0s 18h15 (hor\u00e1rio de Bras\u00edlia), o Mais Querido ir\u00e1 a campo pela 11\u00aa rodada do Campeonato Brasileiro. A partida ocorrer\u00e1 no Maracan\u00e3 e ser\u00e1 transmitida pelo canal Premiere. O Flamengo jogar\u00e1 em casa neste fim de semana para tentar abafar as crescentes cr\u00edticas sobre o desempenho da equipe e voltar a crescer [&hellip;]","og_url":"https:\/\/www.gaveanews.com\/index.php\/2021\/07\/11\/saiu-confira-a-escalacao-oficial-do-flamengo-contra-a-chapecoense\/","og_site_name":"G\u00e1vea News","article_publisher":"https:\/\/facebook.com\/gaveaNews\/","article_published_time":"2021-07-11T20:14:42+00:00","article_modified_time":"2021-08-12T03:48:02+00:00","og_image":[{"url":"https:\/\/www.gaveanews.com\/wp-content\/uploads\/Escalacao-oficial-do-Flamengo.webp","width":1,"height":1,"type":"image\/jpeg"}],"author":"Let\u00edcia Gerheim","twitter_card":"summary_large_image","twitter_misc":{"Escrito por":"Let\u00edcia Gerheim","Est. tempo de leitura":"2 minutos"},"schema":{"@context":"https:\/\/schema.org","@graph":[{"@type":"NewsArticle","@id":"https:\/\/www.gaveanews.com\/index.php\/2021\/07\/11\/saiu-confira-a-escalacao-oficial-do-flamengo-contra-a-chapecoense\/#article","isPartOf":{"@id":"https:\/\/www.gaveanews.com\/index.php\/2021\/07\/11\/saiu-confira-a-escalacao-oficial-do-flamengo-contra-a-chapecoense\/"},"author":{"name":"Let\u00edcia Gerheim","@id":"https:\/\/www.gaveanews.com\/#\/schema\/person\/714c67050b836198af2450ba1c142a67"},"headline":"Saiu! Confira a escala\u00e7\u00e3o oficial do Flamengo contra a Chapecoense","datePublished":"2021-07-11T20:14:42+00:00","dateModified":"2021-08-12T03:48:02+00:00","mainEntityOfPage":{"@id":"https:\/\/www.gaveanews.com\/index.php\/2021\/07\/11\/saiu-confira-a-escalacao-oficial-do-flamengo-contra-a-chapecoense\/"},"wordCount":342,"commentCount":29,"image":{"@id":"https:\/\/www.gaveanews.com\/index.php\/2021\/07\/11\/saiu-confira-a-escalacao-oficial-do-flamengo-contra-a-chapecoense\/#primaryimage"},"thumbnailUrl":"https:\/\/www.gaveanews.com\/wp-content\/uploads\/Escalacao-oficial-do-Flamengo.webp","articleSection":["Flamengo"],"inLanguage":"pt-BR","potentialAction":[{"@type":"CommentAction","name":"Comment","target":["https:\/\/www.gaveanews.com\/index.php\/2021\/07\/11\/saiu-confira-a-escalacao-oficial-do-flamengo-contra-a-chapecoense\/#respond"]}],"copyrightYear":"2021","copyrightHolder":{"@id":"https:\/\/www.gaveanews.com\/#organization"}},{"@type":"WebPage","@id":"https:\/\/www.gaveanews.com\/index.php\/2021\/07\/11\/saiu-confira-a-escalacao-oficial-do-flamengo-contra-a-chapecoense\/","url":"https:\/\/www.gaveanews.com\/index.php\/2021\/07\/11\/saiu-confira-a-escalacao-oficial-do-flamengo-contra-a-chapecoense\/","name":"Saiu! Confira a escala\u00e7\u00e3o oficial do Flamengo contra a Chapecoense","isPartOf":{"@id":"https:\/\/www.gaveanews.com\/#website"},"primaryImageOfPage":{"@id":"https:\/\/www.gaveanews.com\/index.php\/2021\/07\/11\/saiu-confira-a-escalacao-oficial-do-flamengo-contra-a-chapecoense\/#primaryimage"},"image":{"@id":"https:\/\/www.gaveanews.com\/index.php\/2021\/07\/11\/saiu-confira-a-escalacao-oficial-do-flamengo-contra-a-chapecoense\/#primaryimage"},"thumbnailUrl":"https:\/\/www.gaveanews.com\/wp-content\/uploads\/Escalacao-oficial-do-Flamengo.webp","datePublished":"2021-07-11T20:14:42+00:00","dateModified":"2021-08-12T03:48:02+00:00","author":{"@id":"https:\/\/www.gaveanews.com\/#\/schema\/person\/714c67050b836198af2450ba1c142a67"},"breadcrumb":{"@id":"https:\/\/www.gaveanews.com\/index.php\/2021\/07\/11\/saiu-confira-a-escalacao-oficial-do-flamengo-contra-a-chapecoense\/#breadcrumb"},"inLanguage":"pt-BR","potentialAction":[{"@type":"ReadAction","target":["https:\/\/www.gaveanews.com\/index.php\/2021\/07\/11\/saiu-confira-a-escalacao-oficial-do-flamengo-contra-a-chapecoense\/"]}]},{"@type":"ImageObject","inLanguage":"pt-BR","@id":"https:\/\/www.gaveanews.com\/index.php\/2021\/07\/11\/saiu-confira-a-escalacao-oficial-do-flamengo-contra-a-chapecoense\/#primaryimage","url":"https:\/\/www.gaveanews.com\/wp-content\/uploads\/Escalacao-oficial-do-Flamengo.webp","contentUrl":"https:\/\/www.gaveanews.com\/wp-content\/uploads\/Escalacao-oficial-do-Flamengo.webp","caption":"Confira a escala\u00e7\u00e3o oficial do Flamengo (Ilustra\u00e7\u00e3o: Editoria de Arte\/GaveaNews.com)"},{"@type":"BreadcrumbList","@id":"https:\/\/www.gaveanews.com\/index.php\/2021\/07\/11\/saiu-confira-a-escalacao-oficial-do-flamengo-contra-a-chapecoense\/#breadcrumb","itemListElement":[{"@type":"ListItem","position":1,"name":"Home","item":"https:\/\/www.gaveanews.com\/"},{"@type":"ListItem","position":2,"name":"Saiu! Confira a escala\u00e7\u00e3o oficial do Flamengo contra a Chapecoense"}]},{"@type":"WebSite","@id":"https:\/\/www.gaveanews.com\/#website","url":"https:\/\/www.gaveanews.com\/","name":"G\u00e1vea News","description":"Veja todas as not\u00edcias sobre o Flamengo: Contrata\u00e7\u00f5es, categorias de base, resultados das partidas, tabela de classifica\u00e7\u00e3o, pr\u00f3ximos jogos!","potentialAction":[{"@type":"SearchAction","target":{"@type":"EntryPoint","urlTemplate":"https:\/\/www.gaveanews.com\/?s={search_term_string}"},"query-input":{"@type":"PropertyValueSpecification","valueRequired":true,"valueName":"search_term_string"}}],"inLanguage":"pt-BR"},{"@type":"Person","@id":"https:\/\/www.gaveanews.com\/#\/schema\/person\/714c67050b836198af2450ba1c142a67","name":"Let\u00edcia Gerheim","image":{"@type":"ImageObject","inLanguage":"pt-BR","@id":"https:\/\/www.gaveanews.com\/#\/schema\/person\/image\/","url":"https:\/\/secure.gravatar.com\/avatar\/60734739c50fcebfbac509e2a826ccd0ff405c019bc73aab9354f19ecad1dcb4?s=96&d=mm&r=g","contentUrl":"https:\/\/secure.gravatar.com\/avatar\/60734739c50fcebfbac509e2a826ccd0ff405c019bc73aab9354f19ecad1dcb4?s=96&d=mm&r=g","caption":"Let\u00edcia Gerheim"}}]}},"_links":{"self":[{"href":"https:\/\/www.gaveanews.com\/index.php\/wp-json\/wp\/v2\/posts\/64249","targetHints":{"allow":["GET"]}}],"collection":[{"href":"https:\/\/www.gaveanews.com\/index.php\/wp-json\/wp\/v2\/posts"}],"about":[{"href":"https:\/\/www.gaveanews.com\/index.php\/wp-json\/wp\/v2\/types\/post"}],"author":[{"embeddable":true,"href":"https:\/\/www.gaveanews.com\/index.php\/wp-json\/wp\/v2\/users\/4"}],"replies":[{"embeddable":true,"href":"https:\/\/www.gaveanews.com\/index.php\/wp-json\/wp\/v2\/comments?post=64249"}],"version-history":[{"count":0,"href":"https:\/\/www.gaveanews.com\/index.php\/wp-json\/wp\/v2\/posts\/64249\/revisions"}],"wp:featuredmedia":[{"embeddable":true,"href":"https:\/\/www.gaveanews.com\/index.php\/wp-json\/wp\/v2\/media\/30000"}],"wp:attachment":[{"href":"https:\/\/www.gaveanews.com\/index.php\/wp-json\/wp\/v2\/media?parent=64249"}],"wp:term":[{"taxonomy":"category","embeddable":true,"href":"https:\/\/www.gaveanews.com\/index.php\/wp-json\/wp\/v2\/categories?post=64249"},{"taxonomy":"post_tag","embeddable":true,"href":"https:\/\/www.gaveanews.com\/index.php\/wp-json\/wp\/v2\/tags?post=64249"}],"curies":[{"name":"wp","href":"https:\/\/api.w.org\/{rel}","templated":true}]}}