{"id":64264,"date":"2021-07-09T15:53:20","date_gmt":"2021-07-09T18:53:20","guid":{"rendered":"https:\/\/www.gaveanews.com\/?p=64264"},"modified":"2021-08-12T00:48:08","modified_gmt":"2021-08-12T03:48:08","slug":"flamengo-pode-ter-ate-5-baixas-no-setor-ofensivo-titular-contra-a-chape","status":"publish","type":"post","link":"https:\/\/www.gaveanews.com\/index.php\/2021\/07\/09\/flamengo-pode-ter-ate-5-baixas-no-setor-ofensivo-titular-contra-a-chape\/","title":{"rendered":"Flamengo pode ter at\u00e9 5 baixas no setor ofensivo titular contra a Chape"},"content":{"rendered":"\n<p>Em busca de mais um t\u00edtulo de campe\u00e3o brasileiro, o Flamengo tenta sanar suas car\u00eancias em campo para voltar a vencer. Por\u00e9m, junto \u00e0s quest\u00f5es extracampo, o elenco poder\u00e1 sofrer dentro das quatro linhas por conta de desfalques importantes.<\/p>\n\n\n\n<p>Inicialmente, o setor ofensivo j\u00e1 contava com a aus\u00eancia de <a href=\"https:\/\/www.gaveanews.com\/index.php\/2021\/07\/02\/exame-aponta-lesoes-em-diego-ribas-do-flamengo\/\">Diego Ribas, lesionado na semana passada<\/a>. Com isso, o camisa 10 ficar\u00e1 de fora do elenco por mais uns dias. O meia dividia a lista de baixas com Everton Ribeiro e Gabigol, convocados pela Sele\u00e7\u00e3o Brasileira para a Copa Am\u00e9rica.<\/p>\n\n\n\n<p>No entanto, a competi\u00e7\u00e3o continental terminar\u00e1 neste s\u00e1bado (10), com a final de Brasil e Argentina. Ap\u00f3s a partida, a dupla estar\u00e1 liberada para retornar ao Fla. Por\u00e9m, os jogadores ser\u00e3o avaliados para que sejam analisadas suas condi\u00e7\u00f5es de entrar em campo. Neste caso, existe a chance de que nenhum dos dois tenham condi\u00e7\u00f5es f\u00edsicas de enfrentar a Chapecoense no domingo (11).<\/p>\n\n\n\n<p>A situa\u00e7\u00e3o do clube piorou na derrota para o Atl\u00e9tico-MG. Na partida contra o Galo, Jo\u00e3o Gomes recebeu seu terceiro cart\u00e3o amarelo no campeonato, o que far\u00e1 com que o volante esteja suspenso no jogo deste fim de semana, resultando na quarta baixa do time titular.<\/p>\n\n\n\n<p>Por fim, depois da partida contra a equipe de Minas Gerais, Bruno Henrique sentiu dores e precisou ser reavaliado. Os exames realizados pelo Flamengo confirmaram <a href=\"https:\/\/www.gaveanews.com\/index.php\/2021\/07\/08\/exame-aponta-lesao-em-bruno-henrique-do-flamengo\/\">les\u00e3o na coxa esquerda<\/a>. Desta forma, o setor ofensivo rubro-negro ficar\u00e1 ainda mais desforme no pr\u00f3ximo compromisso do Mais Querido.<\/p>\n\n\n\n<p>O confronto contra a Chapecoense acontecer\u00e1 \u00e0s 18h15 (hor\u00e1rio de Bras\u00edlia), de domingo (11). A partida, v\u00e1lida pela 11\u00aa rodada do Brasileir\u00e3o, ocorrer\u00e1 no Maracan\u00e3 e ser\u00e1 disponibilizada com imagens pelo canal Premiere.<\/p>\n","protected":false},"excerpt":{"rendered":"<p>Em busca de mais um t\u00edtulo de campe\u00e3o brasileiro, o Flamengo tenta sanar suas car\u00eancias em campo para voltar a vencer. Por\u00e9m, junto \u00e0s quest\u00f5es extracampo, o elenco poder\u00e1 sofrer dentro das quatro linhas por conta de desfalques importantes. Inicialmente, o setor ofensivo j\u00e1 contava com a aus\u00eancia de Diego Ribas, lesionado na semana passada. [&hellip;]<\/p>\n","protected":false},"author":4,"featured_media":63791,"comment_status":"open","ping_status":"closed","sticky":false,"template":"","format":"standard","meta":{"footnotes":""},"categories":[1],"tags":[],"class_list":["post-64264","post","type-post","status-publish","format-standard","has-post-thumbnail","hentry","category-flamengo"],"yoast_head":"<!-- This site is optimized with the Yoast SEO Premium plugin v24.2 (Yoast SEO v26.9) - https:\/\/yoast.com\/product\/yoast-seo-premium-wordpress\/ -->\n<title>Flamengo pode ter at\u00e9 5 baixas no setor ofensivo titular contra a Chape<\/title>\n<meta name=\"robots\" content=\"index, follow, max-snippet:-1, max-image-preview:large, max-video-preview:-1\" \/>\n<link rel=\"canonical\" href=\"https:\/\/www.gaveanews.com\/index.php\/2021\/07\/09\/flamengo-pode-ter-ate-5-baixas-no-setor-ofensivo-titular-contra-a-chape\/\" \/>\n<meta property=\"og:locale\" content=\"pt_BR\" \/>\n<meta property=\"og:type\" content=\"article\" \/>\n<meta property=\"og:title\" content=\"Flamengo pode ter at\u00e9 5 baixas no setor ofensivo titular contra a Chape\" \/>\n<meta property=\"og:description\" content=\"Em busca de mais um t\u00edtulo de campe\u00e3o brasileiro, o Flamengo tenta sanar suas car\u00eancias em campo para voltar a vencer. Por\u00e9m, junto \u00e0s quest\u00f5es extracampo, o elenco poder\u00e1 sofrer dentro das quatro linhas por conta de desfalques importantes. Inicialmente, o setor ofensivo j\u00e1 contava com a aus\u00eancia de Diego Ribas, lesionado na semana passada. [&hellip;]\" \/>\n<meta property=\"og:url\" content=\"https:\/\/www.gaveanews.com\/index.php\/2021\/07\/09\/flamengo-pode-ter-ate-5-baixas-no-setor-ofensivo-titular-contra-a-chape\/\" \/>\n<meta property=\"og:site_name\" content=\"G\u00e1vea News\" \/>\n<meta property=\"article:publisher\" content=\"https:\/\/facebook.com\/gaveaNews\/\" \/>\n<meta property=\"article:published_time\" content=\"2021-07-09T18:53:20+00:00\" \/>\n<meta property=\"article:modified_time\" content=\"2021-08-12T03:48:08+00:00\" \/>\n<meta property=\"og:image\" content=\"https:\/\/www.gaveanews.com\/wp-content\/uploads\/Marcelo-Benitez-em-acao-pelo-Racing-contra-o-Flamengo.webp\" \/>\n\t<meta property=\"og:image:width\" content=\"640\" \/>\n\t<meta property=\"og:image:height\" content=\"400\" \/>\n\t<meta property=\"og:image:type\" content=\"image\/jpeg\" \/>\n<meta name=\"author\" content=\"Let\u00edcia Gerheim\" \/>\n<meta name=\"twitter:card\" content=\"summary_large_image\" \/>\n<meta name=\"twitter:label1\" content=\"Escrito por\" \/>\n\t<meta name=\"twitter:data1\" content=\"Let\u00edcia Gerheim\" \/>\n\t<meta name=\"twitter:label2\" content=\"Est. tempo de leitura\" \/>\n\t<meta name=\"twitter:data2\" content=\"2 minutos\" \/>\n<script type=\"application\/ld+json\" class=\"yoast-schema-graph\">{\"@context\":\"https:\/\/schema.org\",\"@graph\":[{\"@type\":\"NewsArticle\",\"@id\":\"https:\/\/www.gaveanews.com\/index.php\/2021\/07\/09\/flamengo-pode-ter-ate-5-baixas-no-setor-ofensivo-titular-contra-a-chape\/#article\",\"isPartOf\":{\"@id\":\"https:\/\/www.gaveanews.com\/index.php\/2021\/07\/09\/flamengo-pode-ter-ate-5-baixas-no-setor-ofensivo-titular-contra-a-chape\/\"},\"author\":{\"name\":\"Let\u00edcia Gerheim\",\"@id\":\"https:\/\/www.gaveanews.com\/#\/schema\/person\/714c67050b836198af2450ba1c142a67\"},\"headline\":\"Flamengo pode ter at\u00e9 5 baixas no setor ofensivo titular contra a Chape\",\"datePublished\":\"2021-07-09T18:53:20+00:00\",\"dateModified\":\"2021-08-12T03:48:08+00:00\",\"mainEntityOfPage\":{\"@id\":\"https:\/\/www.gaveanews.com\/index.php\/2021\/07\/09\/flamengo-pode-ter-ate-5-baixas-no-setor-ofensivo-titular-contra-a-chape\/\"},\"wordCount\":308,\"commentCount\":8,\"image\":{\"@id\":\"https:\/\/www.gaveanews.com\/index.php\/2021\/07\/09\/flamengo-pode-ter-ate-5-baixas-no-setor-ofensivo-titular-contra-a-chape\/#primaryimage\"},\"thumbnailUrl\":\"https:\/\/www.gaveanews.com\/wp-content\/uploads\/Marcelo-Benitez-em-acao-pelo-Racing-contra-o-Flamengo.webp\",\"articleSection\":[\"Flamengo\"],\"inLanguage\":\"pt-BR\",\"potentialAction\":[{\"@type\":\"CommentAction\",\"name\":\"Comment\",\"target\":[\"https:\/\/www.gaveanews.com\/index.php\/2021\/07\/09\/flamengo-pode-ter-ate-5-baixas-no-setor-ofensivo-titular-contra-a-chape\/#respond\"]}],\"copyrightYear\":\"2021\",\"copyrightHolder\":{\"@id\":\"https:\/\/www.gaveanews.com\/#organization\"}},{\"@type\":\"WebPage\",\"@id\":\"https:\/\/www.gaveanews.com\/index.php\/2021\/07\/09\/flamengo-pode-ter-ate-5-baixas-no-setor-ofensivo-titular-contra-a-chape\/\",\"url\":\"https:\/\/www.gaveanews.com\/index.php\/2021\/07\/09\/flamengo-pode-ter-ate-5-baixas-no-setor-ofensivo-titular-contra-a-chape\/\",\"name\":\"Flamengo pode ter at\u00e9 5 baixas no setor ofensivo titular contra a Chape\",\"isPartOf\":{\"@id\":\"https:\/\/www.gaveanews.com\/#website\"},\"primaryImageOfPage\":{\"@id\":\"https:\/\/www.gaveanews.com\/index.php\/2021\/07\/09\/flamengo-pode-ter-ate-5-baixas-no-setor-ofensivo-titular-contra-a-chape\/#primaryimage\"},\"image\":{\"@id\":\"https:\/\/www.gaveanews.com\/index.php\/2021\/07\/09\/flamengo-pode-ter-ate-5-baixas-no-setor-ofensivo-titular-contra-a-chape\/#primaryimage\"},\"thumbnailUrl\":\"https:\/\/www.gaveanews.com\/wp-content\/uploads\/Marcelo-Benitez-em-acao-pelo-Racing-contra-o-Flamengo.webp\",\"datePublished\":\"2021-07-09T18:53:20+00:00\",\"dateModified\":\"2021-08-12T03:48:08+00:00\",\"author\":{\"@id\":\"https:\/\/www.gaveanews.com\/#\/schema\/person\/714c67050b836198af2450ba1c142a67\"},\"breadcrumb\":{\"@id\":\"https:\/\/www.gaveanews.com\/index.php\/2021\/07\/09\/flamengo-pode-ter-ate-5-baixas-no-setor-ofensivo-titular-contra-a-chape\/#breadcrumb\"},\"inLanguage\":\"pt-BR\",\"potentialAction\":[{\"@type\":\"ReadAction\",\"target\":[\"https:\/\/www.gaveanews.com\/index.php\/2021\/07\/09\/flamengo-pode-ter-ate-5-baixas-no-setor-ofensivo-titular-contra-a-chape\/\"]}]},{\"@type\":\"ImageObject\",\"inLanguage\":\"pt-BR\",\"@id\":\"https:\/\/www.gaveanews.com\/index.php\/2021\/07\/09\/flamengo-pode-ter-ate-5-baixas-no-setor-ofensivo-titular-contra-a-chape\/#primaryimage\",\"url\":\"https:\/\/www.gaveanews.com\/wp-content\/uploads\/Marcelo-Benitez-em-acao-pelo-Racing-contra-o-Flamengo.webp\",\"contentUrl\":\"https:\/\/www.gaveanews.com\/wp-content\/uploads\/Marcelo-Benitez-em-acao-pelo-Racing-contra-o-Flamengo.webp\",\"width\":640,\"height\":400,\"caption\":\"Marcelo Benitez em a\u00e7\u00e3o pelo Racing contra o Flamengo (Foto: Divulga\u00e7\u00e3o\/Conmebol)\"},{\"@type\":\"BreadcrumbList\",\"@id\":\"https:\/\/www.gaveanews.com\/index.php\/2021\/07\/09\/flamengo-pode-ter-ate-5-baixas-no-setor-ofensivo-titular-contra-a-chape\/#breadcrumb\",\"itemListElement\":[{\"@type\":\"ListItem\",\"position\":1,\"name\":\"Home\",\"item\":\"https:\/\/www.gaveanews.com\/\"},{\"@type\":\"ListItem\",\"position\":2,\"name\":\"Flamengo pode ter at\u00e9 5 baixas no setor ofensivo titular contra a Chape\"}]},{\"@type\":\"WebSite\",\"@id\":\"https:\/\/www.gaveanews.com\/#website\",\"url\":\"https:\/\/www.gaveanews.com\/\",\"name\":\"G\u00e1vea News\",\"description\":\"Veja todas as not\u00edcias sobre o Flamengo: Contrata\u00e7\u00f5es, categorias de base, resultados das partidas, tabela de classifica\u00e7\u00e3o, pr\u00f3ximos jogos!\",\"potentialAction\":[{\"@type\":\"SearchAction\",\"target\":{\"@type\":\"EntryPoint\",\"urlTemplate\":\"https:\/\/www.gaveanews.com\/?s={search_term_string}\"},\"query-input\":{\"@type\":\"PropertyValueSpecification\",\"valueRequired\":true,\"valueName\":\"search_term_string\"}}],\"inLanguage\":\"pt-BR\"},{\"@type\":\"Person\",\"@id\":\"https:\/\/www.gaveanews.com\/#\/schema\/person\/714c67050b836198af2450ba1c142a67\",\"name\":\"Let\u00edcia Gerheim\",\"image\":{\"@type\":\"ImageObject\",\"inLanguage\":\"pt-BR\",\"@id\":\"https:\/\/www.gaveanews.com\/#\/schema\/person\/image\/\",\"url\":\"https:\/\/secure.gravatar.com\/avatar\/60734739c50fcebfbac509e2a826ccd0ff405c019bc73aab9354f19ecad1dcb4?s=96&d=mm&r=g\",\"contentUrl\":\"https:\/\/secure.gravatar.com\/avatar\/60734739c50fcebfbac509e2a826ccd0ff405c019bc73aab9354f19ecad1dcb4?s=96&d=mm&r=g\",\"caption\":\"Let\u00edcia Gerheim\"}}]}<\/script>\n<!-- \/ Yoast SEO Premium plugin. -->","yoast_head_json":{"title":"Flamengo pode ter at\u00e9 5 baixas no setor ofensivo titular contra a Chape","robots":{"index":"index","follow":"follow","max-snippet":"max-snippet:-1","max-image-preview":"max-image-preview:large","max-video-preview":"max-video-preview:-1"},"canonical":"https:\/\/www.gaveanews.com\/index.php\/2021\/07\/09\/flamengo-pode-ter-ate-5-baixas-no-setor-ofensivo-titular-contra-a-chape\/","og_locale":"pt_BR","og_type":"article","og_title":"Flamengo pode ter at\u00e9 5 baixas no setor ofensivo titular contra a Chape","og_description":"Em busca de mais um t\u00edtulo de campe\u00e3o brasileiro, o Flamengo tenta sanar suas car\u00eancias em campo para voltar a vencer. Por\u00e9m, junto \u00e0s quest\u00f5es extracampo, o elenco poder\u00e1 sofrer dentro das quatro linhas por conta de desfalques importantes. Inicialmente, o setor ofensivo j\u00e1 contava com a aus\u00eancia de Diego Ribas, lesionado na semana passada. [&hellip;]","og_url":"https:\/\/www.gaveanews.com\/index.php\/2021\/07\/09\/flamengo-pode-ter-ate-5-baixas-no-setor-ofensivo-titular-contra-a-chape\/","og_site_name":"G\u00e1vea News","article_publisher":"https:\/\/facebook.com\/gaveaNews\/","article_published_time":"2021-07-09T18:53:20+00:00","article_modified_time":"2021-08-12T03:48:08+00:00","og_image":[{"width":640,"height":400,"url":"https:\/\/www.gaveanews.com\/wp-content\/uploads\/Marcelo-Benitez-em-acao-pelo-Racing-contra-o-Flamengo.webp","type":"image\/jpeg"}],"author":"Let\u00edcia Gerheim","twitter_card":"summary_large_image","twitter_misc":{"Escrito por":"Let\u00edcia Gerheim","Est. tempo de leitura":"2 minutos"},"schema":{"@context":"https:\/\/schema.org","@graph":[{"@type":"NewsArticle","@id":"https:\/\/www.gaveanews.com\/index.php\/2021\/07\/09\/flamengo-pode-ter-ate-5-baixas-no-setor-ofensivo-titular-contra-a-chape\/#article","isPartOf":{"@id":"https:\/\/www.gaveanews.com\/index.php\/2021\/07\/09\/flamengo-pode-ter-ate-5-baixas-no-setor-ofensivo-titular-contra-a-chape\/"},"author":{"name":"Let\u00edcia Gerheim","@id":"https:\/\/www.gaveanews.com\/#\/schema\/person\/714c67050b836198af2450ba1c142a67"},"headline":"Flamengo pode ter at\u00e9 5 baixas no setor ofensivo titular contra a Chape","datePublished":"2021-07-09T18:53:20+00:00","dateModified":"2021-08-12T03:48:08+00:00","mainEntityOfPage":{"@id":"https:\/\/www.gaveanews.com\/index.php\/2021\/07\/09\/flamengo-pode-ter-ate-5-baixas-no-setor-ofensivo-titular-contra-a-chape\/"},"wordCount":308,"commentCount":8,"image":{"@id":"https:\/\/www.gaveanews.com\/index.php\/2021\/07\/09\/flamengo-pode-ter-ate-5-baixas-no-setor-ofensivo-titular-contra-a-chape\/#primaryimage"},"thumbnailUrl":"https:\/\/www.gaveanews.com\/wp-content\/uploads\/Marcelo-Benitez-em-acao-pelo-Racing-contra-o-Flamengo.webp","articleSection":["Flamengo"],"inLanguage":"pt-BR","potentialAction":[{"@type":"CommentAction","name":"Comment","target":["https:\/\/www.gaveanews.com\/index.php\/2021\/07\/09\/flamengo-pode-ter-ate-5-baixas-no-setor-ofensivo-titular-contra-a-chape\/#respond"]}],"copyrightYear":"2021","copyrightHolder":{"@id":"https:\/\/www.gaveanews.com\/#organization"}},{"@type":"WebPage","@id":"https:\/\/www.gaveanews.com\/index.php\/2021\/07\/09\/flamengo-pode-ter-ate-5-baixas-no-setor-ofensivo-titular-contra-a-chape\/","url":"https:\/\/www.gaveanews.com\/index.php\/2021\/07\/09\/flamengo-pode-ter-ate-5-baixas-no-setor-ofensivo-titular-contra-a-chape\/","name":"Flamengo pode ter at\u00e9 5 baixas no setor ofensivo titular contra a Chape","isPartOf":{"@id":"https:\/\/www.gaveanews.com\/#website"},"primaryImageOfPage":{"@id":"https:\/\/www.gaveanews.com\/index.php\/2021\/07\/09\/flamengo-pode-ter-ate-5-baixas-no-setor-ofensivo-titular-contra-a-chape\/#primaryimage"},"image":{"@id":"https:\/\/www.gaveanews.com\/index.php\/2021\/07\/09\/flamengo-pode-ter-ate-5-baixas-no-setor-ofensivo-titular-contra-a-chape\/#primaryimage"},"thumbnailUrl":"https:\/\/www.gaveanews.com\/wp-content\/uploads\/Marcelo-Benitez-em-acao-pelo-Racing-contra-o-Flamengo.webp","datePublished":"2021-07-09T18:53:20+00:00","dateModified":"2021-08-12T03:48:08+00:00","author":{"@id":"https:\/\/www.gaveanews.com\/#\/schema\/person\/714c67050b836198af2450ba1c142a67"},"breadcrumb":{"@id":"https:\/\/www.gaveanews.com\/index.php\/2021\/07\/09\/flamengo-pode-ter-ate-5-baixas-no-setor-ofensivo-titular-contra-a-chape\/#breadcrumb"},"inLanguage":"pt-BR","potentialAction":[{"@type":"ReadAction","target":["https:\/\/www.gaveanews.com\/index.php\/2021\/07\/09\/flamengo-pode-ter-ate-5-baixas-no-setor-ofensivo-titular-contra-a-chape\/"]}]},{"@type":"ImageObject","inLanguage":"pt-BR","@id":"https:\/\/www.gaveanews.com\/index.php\/2021\/07\/09\/flamengo-pode-ter-ate-5-baixas-no-setor-ofensivo-titular-contra-a-chape\/#primaryimage","url":"https:\/\/www.gaveanews.com\/wp-content\/uploads\/Marcelo-Benitez-em-acao-pelo-Racing-contra-o-Flamengo.webp","contentUrl":"https:\/\/www.gaveanews.com\/wp-content\/uploads\/Marcelo-Benitez-em-acao-pelo-Racing-contra-o-Flamengo.webp","width":640,"height":400,"caption":"Marcelo Benitez em a\u00e7\u00e3o pelo Racing contra o Flamengo (Foto: Divulga\u00e7\u00e3o\/Conmebol)"},{"@type":"BreadcrumbList","@id":"https:\/\/www.gaveanews.com\/index.php\/2021\/07\/09\/flamengo-pode-ter-ate-5-baixas-no-setor-ofensivo-titular-contra-a-chape\/#breadcrumb","itemListElement":[{"@type":"ListItem","position":1,"name":"Home","item":"https:\/\/www.gaveanews.com\/"},{"@type":"ListItem","position":2,"name":"Flamengo pode ter at\u00e9 5 baixas no setor ofensivo titular contra a Chape"}]},{"@type":"WebSite","@id":"https:\/\/www.gaveanews.com\/#website","url":"https:\/\/www.gaveanews.com\/","name":"G\u00e1vea News","description":"Veja todas as not\u00edcias sobre o Flamengo: Contrata\u00e7\u00f5es, categorias de base, resultados das partidas, tabela de classifica\u00e7\u00e3o, pr\u00f3ximos jogos!","potentialAction":[{"@type":"SearchAction","target":{"@type":"EntryPoint","urlTemplate":"https:\/\/www.gaveanews.com\/?s={search_term_string}"},"query-input":{"@type":"PropertyValueSpecification","valueRequired":true,"valueName":"search_term_string"}}],"inLanguage":"pt-BR"},{"@type":"Person","@id":"https:\/\/www.gaveanews.com\/#\/schema\/person\/714c67050b836198af2450ba1c142a67","name":"Let\u00edcia Gerheim","image":{"@type":"ImageObject","inLanguage":"pt-BR","@id":"https:\/\/www.gaveanews.com\/#\/schema\/person\/image\/","url":"https:\/\/secure.gravatar.com\/avatar\/60734739c50fcebfbac509e2a826ccd0ff405c019bc73aab9354f19ecad1dcb4?s=96&d=mm&r=g","contentUrl":"https:\/\/secure.gravatar.com\/avatar\/60734739c50fcebfbac509e2a826ccd0ff405c019bc73aab9354f19ecad1dcb4?s=96&d=mm&r=g","caption":"Let\u00edcia Gerheim"}}]}},"_links":{"self":[{"href":"https:\/\/www.gaveanews.com\/index.php\/wp-json\/wp\/v2\/posts\/64264","targetHints":{"allow":["GET"]}}],"collection":[{"href":"https:\/\/www.gaveanews.com\/index.php\/wp-json\/wp\/v2\/posts"}],"about":[{"href":"https:\/\/www.gaveanews.com\/index.php\/wp-json\/wp\/v2\/types\/post"}],"author":[{"embeddable":true,"href":"https:\/\/www.gaveanews.com\/index.php\/wp-json\/wp\/v2\/users\/4"}],"replies":[{"embeddable":true,"href":"https:\/\/www.gaveanews.com\/index.php\/wp-json\/wp\/v2\/comments?post=64264"}],"version-history":[{"count":0,"href":"https:\/\/www.gaveanews.com\/index.php\/wp-json\/wp\/v2\/posts\/64264\/revisions"}],"wp:featuredmedia":[{"embeddable":true,"href":"https:\/\/www.gaveanews.com\/index.php\/wp-json\/wp\/v2\/media\/63791"}],"wp:attachment":[{"href":"https:\/\/www.gaveanews.com\/index.php\/wp-json\/wp\/v2\/media?parent=64264"}],"wp:term":[{"taxonomy":"category","embeddable":true,"href":"https:\/\/www.gaveanews.com\/index.php\/wp-json\/wp\/v2\/categories?post=64264"},{"taxonomy":"post_tag","embeddable":true,"href":"https:\/\/www.gaveanews.com\/index.php\/wp-json\/wp\/v2\/tags?post=64264"}],"curies":[{"name":"wp","href":"https:\/\/api.w.org\/{rel}","templated":true}]}}