{"id":64271,"date":"2021-07-09T19:44:38","date_gmt":"2021-07-09T22:44:38","guid":{"rendered":"https:\/\/www.gaveanews.com\/?p=64271"},"modified":"2021-07-09T19:44:40","modified_gmt":"2021-07-09T22:44:40","slug":"rogerio-ceni-pode-ser-demitido-antes-do-jogo-contra-a-chapecoense","status":"publish","type":"post","link":"https:\/\/www.gaveanews.com\/index.php\/2021\/07\/09\/rogerio-ceni-pode-ser-demitido-antes-do-jogo-contra-a-chapecoense\/","title":{"rendered":"Rog\u00e9rio Ceni pode ser demitido antes do jogo contra a Chapecoense"},"content":{"rendered":"\n<p>O presidente do Flamengo, Rodolfo Landim, se reuniu com o vice de futebol Marcos Braz e o diretor Bruno Spindel no CT do Flamengo depois do treino desta sexta-feira.<\/p>\n\n\n\n<p>O encontro n\u00e3o teve a presen\u00e7a do t\u00e9cnico Rog\u00e9rio Ceni e foi a portas fechadas. O t\u00e9cnico j\u00e1 havia ido embora. A diretoria avalia a demiss\u00e3o do treinador antes do jogo com a Chapecoense, no domingo.<\/p>\n\n\n\n<p>A crise no futebol do clube se agravou ainda mais depois de um \u00e1udio em que um funcion\u00e1rio do futebol detona o treinador.<\/p>\n\n\n\n<p>O Flamengo demitiu o analista de mercado Roberto Drummond. E o treinador ficou ainda mais sem clima entre jogadores, comiss\u00e3o t\u00e9cnica e diretoria.<\/p>\n\n\n\n<p>Na mensagem, obtida pelo Ge, ele critica a postura do treinador no dia a dia, al\u00e9m de questionar a insist\u00eancia dele em indicar jogadores do Fortaleza, clube que treinou em duas oportunidades recentemente.<\/p>\n\n\n\n<p><strong><em>\u2014 Ele est\u00e1 l\u00e1 h\u00e1 quase um ano j\u00e1, e nunca se interessou em sentar com o pessoal da an\u00e1lise de desempenho, que s\u00e3o os caras de t\u00e1tica e tal, para ver quais s\u00e3o os processos, o que que faz. Ele nunca se interessou em sentar no nosso departamento, virar e falar: \u2018gente, estou precisando de pessoas, de jogadores, de um cara assim, o que voc\u00eas t\u00eam? Me ajudem\u2019. Ele s\u00f3 chega para a gente e fala assim: \u2018Eu quero um jogador do Fortaleza\u2019. A gente vira e fala que tem um melhor. Ele j\u00e1 pediu cinco, se n\u00e3o me engano. At\u00e9 hoje ele for\u00e7a a barra com um<\/em><\/strong>, questionou o funcion\u00e1rio na mensagem.<\/p>\n\n\n\n<p>Leia tamb\u00e9m: Ap\u00f3s ter seus pedidos de p\u00fablico negados, Flamengo se revolta com libera\u00e7\u00e3o para Copa Am\u00e9rica<\/p>\n\n\n\n<p>No \u00e1udio, o funcion\u00e1rio, que \u00e9 analista do Centro de Intelig\u00eancia e Mercado do clube, chega a se mostrar surpreso com o fato de Rog\u00e9rio ainda n\u00e3o ter sido demitido pelo clube.<\/p>\n\n\n\n<p>\u2014 <strong><em>N\u00e3o consigo entender. Estou sendo bem sincero. Achei que ele ia cair ontem (ap\u00f3s a derrota para o Atl\u00e9tico-MG), achei que ia cair contra o Fluminense. O cara n\u00e3o cai. N\u00e3o sei por qu\u00ea. A gente vai sangrar em uma competi\u00e7\u00e3o, tomara que n\u00e3o seja a Libertadores, para tirar ele. Ou perder para a Chapecoense no fim de semana, o que \u00e9 improv\u00e1vel, mas poderia ser<\/em><\/strong>, disse na mensagem.<\/p>\n\n\n\n<p>Al\u00e9m disso, Drummond tamb\u00e9m critica as escolhas de Ceni para os cargos de auxiliares para trabalharem diretamente com ele.<\/p>\n\n\n\n<p><strong><em>\u2014 Ele \u00e9 t\u00e3o ruim que ele trouxe dois auxiliares. Um, quando ele teve Covid, ele n\u00e3o quis deixar ir para campo, porque o cara \u00e9 ruim, s\u00f3 sabe montar campo. Ele teve que chamar o cara do sub-20 para ser auxiliar dele, de t\u00e3o ruim que os caras que ele pegou trouxe. Esse franc\u00eas \u00e9 nojento de ruim. Gente boa para c\u2026, esse \u00e9 gente boa, mas \u00e9 muito ruim. Est\u00e1 perdido. Enquanto ele continuar l\u00e1 a gente est\u00e1 perdido<\/em><\/strong>, disse.<\/p>\n\n\n\n<p>Retirado de: O Globo<\/p>\n","protected":false},"excerpt":{"rendered":"<p>O presidente do Flamengo, Rodolfo Landim, se reuniu com o vice de futebol Marcos Braz e o diretor Bruno Spindel no CT do Flamengo depois do treino desta sexta-feira. O encontro n\u00e3o teve a presen\u00e7a do t\u00e9cnico Rog\u00e9rio Ceni e foi a portas fechadas. O t\u00e9cnico j\u00e1 havia ido embora. A diretoria avalia a demiss\u00e3o [&hellip;]<\/p>\n","protected":false},"author":1,"featured_media":54073,"comment_status":"open","ping_status":"closed","sticky":false,"template":"","format":"standard","meta":{"footnotes":""},"categories":[48],"tags":[],"class_list":["post-64271","post","type-post","status-publish","format-standard","has-post-thumbnail","hentry","category-negociacoes"],"yoast_head":"<!-- This site is optimized with the Yoast SEO Premium plugin v24.2 (Yoast SEO v26.9) - https:\/\/yoast.com\/product\/yoast-seo-premium-wordpress\/ -->\n<title>Rog\u00e9rio Ceni pode ser demitido antes do jogo contra a Chapecoense<\/title>\n<meta name=\"robots\" content=\"index, follow, max-snippet:-1, max-image-preview:large, max-video-preview:-1\" \/>\n<link rel=\"canonical\" href=\"https:\/\/www.gaveanews.com\/index.php\/2021\/07\/09\/rogerio-ceni-pode-ser-demitido-antes-do-jogo-contra-a-chapecoense\/\" \/>\n<meta property=\"og:locale\" content=\"pt_BR\" \/>\n<meta property=\"og:type\" content=\"article\" \/>\n<meta property=\"og:title\" content=\"Rog\u00e9rio Ceni pode ser demitido antes do jogo contra a Chapecoense\" \/>\n<meta property=\"og:description\" content=\"O presidente do Flamengo, Rodolfo Landim, se reuniu com o vice de futebol Marcos Braz e o diretor Bruno Spindel no CT do Flamengo depois do treino desta sexta-feira. O encontro n\u00e3o teve a presen\u00e7a do t\u00e9cnico Rog\u00e9rio Ceni e foi a portas fechadas. O t\u00e9cnico j\u00e1 havia ido embora. A diretoria avalia a demiss\u00e3o [&hellip;]\" \/>\n<meta property=\"og:url\" content=\"https:\/\/www.gaveanews.com\/index.php\/2021\/07\/09\/rogerio-ceni-pode-ser-demitido-antes-do-jogo-contra-a-chapecoense\/\" \/>\n<meta property=\"og:site_name\" content=\"G\u00e1vea News\" \/>\n<meta property=\"article:publisher\" content=\"https:\/\/facebook.com\/gaveaNews\/\" \/>\n<meta property=\"article:published_time\" content=\"2021-07-09T22:44:38+00:00\" \/>\n<meta property=\"article:modified_time\" content=\"2021-07-09T22:44:40+00:00\" \/>\n<meta property=\"og:image\" content=\"https:\/\/www.gaveanews.com\/wp-content\/uploads\/Ceni-durante-a-partida-entre-Flamengo-e-Fortaleza.webp\" \/>\n\t<meta property=\"og:image:width\" content=\"799\" \/>\n\t<meta property=\"og:image:height\" content=\"532\" \/>\n\t<meta property=\"og:image:type\" content=\"image\/jpeg\" \/>\n<meta name=\"author\" content=\"Equipe G\u00e1vea News\" \/>\n<meta name=\"twitter:card\" content=\"summary_large_image\" \/>\n<meta name=\"twitter:label1\" content=\"Escrito por\" \/>\n\t<meta name=\"twitter:data1\" content=\"Equipe G\u00e1vea News\" \/>\n\t<meta name=\"twitter:label2\" content=\"Est. tempo de leitura\" \/>\n\t<meta name=\"twitter:data2\" content=\"3 minutos\" \/>\n<script type=\"application\/ld+json\" class=\"yoast-schema-graph\">{\"@context\":\"https:\/\/schema.org\",\"@graph\":[{\"@type\":\"NewsArticle\",\"@id\":\"https:\/\/www.gaveanews.com\/index.php\/2021\/07\/09\/rogerio-ceni-pode-ser-demitido-antes-do-jogo-contra-a-chapecoense\/#article\",\"isPartOf\":{\"@id\":\"https:\/\/www.gaveanews.com\/index.php\/2021\/07\/09\/rogerio-ceni-pode-ser-demitido-antes-do-jogo-contra-a-chapecoense\/\"},\"author\":{\"name\":\"Equipe G\u00e1vea News\",\"@id\":\"https:\/\/www.gaveanews.com\/#\/schema\/person\/2ec14f73fb96be2caf28f91afb14749d\"},\"headline\":\"Rog\u00e9rio Ceni pode ser demitido antes do jogo contra a Chapecoense\",\"datePublished\":\"2021-07-09T22:44:38+00:00\",\"dateModified\":\"2021-07-09T22:44:40+00:00\",\"mainEntityOfPage\":{\"@id\":\"https:\/\/www.gaveanews.com\/index.php\/2021\/07\/09\/rogerio-ceni-pode-ser-demitido-antes-do-jogo-contra-a-chapecoense\/\"},\"wordCount\":527,\"commentCount\":41,\"image\":{\"@id\":\"https:\/\/www.gaveanews.com\/index.php\/2021\/07\/09\/rogerio-ceni-pode-ser-demitido-antes-do-jogo-contra-a-chapecoense\/#primaryimage\"},\"thumbnailUrl\":\"https:\/\/www.gaveanews.com\/wp-content\/uploads\/Ceni-durante-a-partida-entre-Flamengo-e-Fortaleza.webp\",\"articleSection\":[\"Negocia\u00e7\u00f5es\"],\"inLanguage\":\"pt-BR\",\"potentialAction\":[{\"@type\":\"CommentAction\",\"name\":\"Comment\",\"target\":[\"https:\/\/www.gaveanews.com\/index.php\/2021\/07\/09\/rogerio-ceni-pode-ser-demitido-antes-do-jogo-contra-a-chapecoense\/#respond\"]}],\"copyrightYear\":\"2021\",\"copyrightHolder\":{\"@id\":\"https:\/\/www.gaveanews.com\/#organization\"}},{\"@type\":\"WebPage\",\"@id\":\"https:\/\/www.gaveanews.com\/index.php\/2021\/07\/09\/rogerio-ceni-pode-ser-demitido-antes-do-jogo-contra-a-chapecoense\/\",\"url\":\"https:\/\/www.gaveanews.com\/index.php\/2021\/07\/09\/rogerio-ceni-pode-ser-demitido-antes-do-jogo-contra-a-chapecoense\/\",\"name\":\"Rog\u00e9rio Ceni pode ser demitido antes do jogo contra a Chapecoense\",\"isPartOf\":{\"@id\":\"https:\/\/www.gaveanews.com\/#website\"},\"primaryImageOfPage\":{\"@id\":\"https:\/\/www.gaveanews.com\/index.php\/2021\/07\/09\/rogerio-ceni-pode-ser-demitido-antes-do-jogo-contra-a-chapecoense\/#primaryimage\"},\"image\":{\"@id\":\"https:\/\/www.gaveanews.com\/index.php\/2021\/07\/09\/rogerio-ceni-pode-ser-demitido-antes-do-jogo-contra-a-chapecoense\/#primaryimage\"},\"thumbnailUrl\":\"https:\/\/www.gaveanews.com\/wp-content\/uploads\/Ceni-durante-a-partida-entre-Flamengo-e-Fortaleza.webp\",\"datePublished\":\"2021-07-09T22:44:38+00:00\",\"dateModified\":\"2021-07-09T22:44:40+00:00\",\"author\":{\"@id\":\"https:\/\/www.gaveanews.com\/#\/schema\/person\/2ec14f73fb96be2caf28f91afb14749d\"},\"breadcrumb\":{\"@id\":\"https:\/\/www.gaveanews.com\/index.php\/2021\/07\/09\/rogerio-ceni-pode-ser-demitido-antes-do-jogo-contra-a-chapecoense\/#breadcrumb\"},\"inLanguage\":\"pt-BR\",\"potentialAction\":[{\"@type\":\"ReadAction\",\"target\":[\"https:\/\/www.gaveanews.com\/index.php\/2021\/07\/09\/rogerio-ceni-pode-ser-demitido-antes-do-jogo-contra-a-chapecoense\/\"]}]},{\"@type\":\"ImageObject\",\"inLanguage\":\"pt-BR\",\"@id\":\"https:\/\/www.gaveanews.com\/index.php\/2021\/07\/09\/rogerio-ceni-pode-ser-demitido-antes-do-jogo-contra-a-chapecoense\/#primaryimage\",\"url\":\"https:\/\/www.gaveanews.com\/wp-content\/uploads\/Ceni-durante-a-partida-entre-Flamengo-e-Fortaleza.webp\",\"contentUrl\":\"https:\/\/www.gaveanews.com\/wp-content\/uploads\/Ceni-durante-a-partida-entre-Flamengo-e-Fortaleza.webp\",\"width\":799,\"height\":532,\"caption\":\"Ceni durante a partida entre Flamengo e Fortaleza (Foto: Alexandre Vidal\/Flamengo)\"},{\"@type\":\"BreadcrumbList\",\"@id\":\"https:\/\/www.gaveanews.com\/index.php\/2021\/07\/09\/rogerio-ceni-pode-ser-demitido-antes-do-jogo-contra-a-chapecoense\/#breadcrumb\",\"itemListElement\":[{\"@type\":\"ListItem\",\"position\":1,\"name\":\"Home\",\"item\":\"https:\/\/www.gaveanews.com\/\"},{\"@type\":\"ListItem\",\"position\":2,\"name\":\"Rog\u00e9rio Ceni pode ser demitido antes do jogo contra a Chapecoense\"}]},{\"@type\":\"WebSite\",\"@id\":\"https:\/\/www.gaveanews.com\/#website\",\"url\":\"https:\/\/www.gaveanews.com\/\",\"name\":\"G\u00e1vea News\",\"description\":\"Veja todas as not\u00edcias sobre o Flamengo: Contrata\u00e7\u00f5es, categorias de base, resultados das partidas, tabela de classifica\u00e7\u00e3o, pr\u00f3ximos jogos!\",\"potentialAction\":[{\"@type\":\"SearchAction\",\"target\":{\"@type\":\"EntryPoint\",\"urlTemplate\":\"https:\/\/www.gaveanews.com\/?s={search_term_string}\"},\"query-input\":{\"@type\":\"PropertyValueSpecification\",\"valueRequired\":true,\"valueName\":\"search_term_string\"}}],\"inLanguage\":\"pt-BR\"},{\"@type\":\"Person\",\"@id\":\"https:\/\/www.gaveanews.com\/#\/schema\/person\/2ec14f73fb96be2caf28f91afb14749d\",\"name\":\"Equipe G\u00e1vea News\",\"image\":{\"@type\":\"ImageObject\",\"inLanguage\":\"pt-BR\",\"@id\":\"https:\/\/www.gaveanews.com\/#\/schema\/person\/image\/\",\"url\":\"https:\/\/secure.gravatar.com\/avatar\/1e1956f1facbffd3f8fa53a326721950116b3b9dc9bd44939c01180fd4a745a9?s=96&d=mm&r=g\",\"contentUrl\":\"https:\/\/secure.gravatar.com\/avatar\/1e1956f1facbffd3f8fa53a326721950116b3b9dc9bd44939c01180fd4a745a9?s=96&d=mm&r=g\",\"caption\":\"Equipe G\u00e1vea News\"}}]}<\/script>\n<!-- \/ Yoast SEO Premium plugin. -->","yoast_head_json":{"title":"Rog\u00e9rio Ceni pode ser demitido antes do jogo contra a Chapecoense","robots":{"index":"index","follow":"follow","max-snippet":"max-snippet:-1","max-image-preview":"max-image-preview:large","max-video-preview":"max-video-preview:-1"},"canonical":"https:\/\/www.gaveanews.com\/index.php\/2021\/07\/09\/rogerio-ceni-pode-ser-demitido-antes-do-jogo-contra-a-chapecoense\/","og_locale":"pt_BR","og_type":"article","og_title":"Rog\u00e9rio Ceni pode ser demitido antes do jogo contra a Chapecoense","og_description":"O presidente do Flamengo, Rodolfo Landim, se reuniu com o vice de futebol Marcos Braz e o diretor Bruno Spindel no CT do Flamengo depois do treino desta sexta-feira. O encontro n\u00e3o teve a presen\u00e7a do t\u00e9cnico Rog\u00e9rio Ceni e foi a portas fechadas. O t\u00e9cnico j\u00e1 havia ido embora. A diretoria avalia a demiss\u00e3o [&hellip;]","og_url":"https:\/\/www.gaveanews.com\/index.php\/2021\/07\/09\/rogerio-ceni-pode-ser-demitido-antes-do-jogo-contra-a-chapecoense\/","og_site_name":"G\u00e1vea News","article_publisher":"https:\/\/facebook.com\/gaveaNews\/","article_published_time":"2021-07-09T22:44:38+00:00","article_modified_time":"2021-07-09T22:44:40+00:00","og_image":[{"width":799,"height":532,"url":"https:\/\/www.gaveanews.com\/wp-content\/uploads\/Ceni-durante-a-partida-entre-Flamengo-e-Fortaleza.webp","type":"image\/jpeg"}],"author":"Equipe G\u00e1vea News","twitter_card":"summary_large_image","twitter_misc":{"Escrito por":"Equipe G\u00e1vea News","Est. tempo de leitura":"3 minutos"},"schema":{"@context":"https:\/\/schema.org","@graph":[{"@type":"NewsArticle","@id":"https:\/\/www.gaveanews.com\/index.php\/2021\/07\/09\/rogerio-ceni-pode-ser-demitido-antes-do-jogo-contra-a-chapecoense\/#article","isPartOf":{"@id":"https:\/\/www.gaveanews.com\/index.php\/2021\/07\/09\/rogerio-ceni-pode-ser-demitido-antes-do-jogo-contra-a-chapecoense\/"},"author":{"name":"Equipe G\u00e1vea News","@id":"https:\/\/www.gaveanews.com\/#\/schema\/person\/2ec14f73fb96be2caf28f91afb14749d"},"headline":"Rog\u00e9rio Ceni pode ser demitido antes do jogo contra a Chapecoense","datePublished":"2021-07-09T22:44:38+00:00","dateModified":"2021-07-09T22:44:40+00:00","mainEntityOfPage":{"@id":"https:\/\/www.gaveanews.com\/index.php\/2021\/07\/09\/rogerio-ceni-pode-ser-demitido-antes-do-jogo-contra-a-chapecoense\/"},"wordCount":527,"commentCount":41,"image":{"@id":"https:\/\/www.gaveanews.com\/index.php\/2021\/07\/09\/rogerio-ceni-pode-ser-demitido-antes-do-jogo-contra-a-chapecoense\/#primaryimage"},"thumbnailUrl":"https:\/\/www.gaveanews.com\/wp-content\/uploads\/Ceni-durante-a-partida-entre-Flamengo-e-Fortaleza.webp","articleSection":["Negocia\u00e7\u00f5es"],"inLanguage":"pt-BR","potentialAction":[{"@type":"CommentAction","name":"Comment","target":["https:\/\/www.gaveanews.com\/index.php\/2021\/07\/09\/rogerio-ceni-pode-ser-demitido-antes-do-jogo-contra-a-chapecoense\/#respond"]}],"copyrightYear":"2021","copyrightHolder":{"@id":"https:\/\/www.gaveanews.com\/#organization"}},{"@type":"WebPage","@id":"https:\/\/www.gaveanews.com\/index.php\/2021\/07\/09\/rogerio-ceni-pode-ser-demitido-antes-do-jogo-contra-a-chapecoense\/","url":"https:\/\/www.gaveanews.com\/index.php\/2021\/07\/09\/rogerio-ceni-pode-ser-demitido-antes-do-jogo-contra-a-chapecoense\/","name":"Rog\u00e9rio Ceni pode ser demitido antes do jogo contra a Chapecoense","isPartOf":{"@id":"https:\/\/www.gaveanews.com\/#website"},"primaryImageOfPage":{"@id":"https:\/\/www.gaveanews.com\/index.php\/2021\/07\/09\/rogerio-ceni-pode-ser-demitido-antes-do-jogo-contra-a-chapecoense\/#primaryimage"},"image":{"@id":"https:\/\/www.gaveanews.com\/index.php\/2021\/07\/09\/rogerio-ceni-pode-ser-demitido-antes-do-jogo-contra-a-chapecoense\/#primaryimage"},"thumbnailUrl":"https:\/\/www.gaveanews.com\/wp-content\/uploads\/Ceni-durante-a-partida-entre-Flamengo-e-Fortaleza.webp","datePublished":"2021-07-09T22:44:38+00:00","dateModified":"2021-07-09T22:44:40+00:00","author":{"@id":"https:\/\/www.gaveanews.com\/#\/schema\/person\/2ec14f73fb96be2caf28f91afb14749d"},"breadcrumb":{"@id":"https:\/\/www.gaveanews.com\/index.php\/2021\/07\/09\/rogerio-ceni-pode-ser-demitido-antes-do-jogo-contra-a-chapecoense\/#breadcrumb"},"inLanguage":"pt-BR","potentialAction":[{"@type":"ReadAction","target":["https:\/\/www.gaveanews.com\/index.php\/2021\/07\/09\/rogerio-ceni-pode-ser-demitido-antes-do-jogo-contra-a-chapecoense\/"]}]},{"@type":"ImageObject","inLanguage":"pt-BR","@id":"https:\/\/www.gaveanews.com\/index.php\/2021\/07\/09\/rogerio-ceni-pode-ser-demitido-antes-do-jogo-contra-a-chapecoense\/#primaryimage","url":"https:\/\/www.gaveanews.com\/wp-content\/uploads\/Ceni-durante-a-partida-entre-Flamengo-e-Fortaleza.webp","contentUrl":"https:\/\/www.gaveanews.com\/wp-content\/uploads\/Ceni-durante-a-partida-entre-Flamengo-e-Fortaleza.webp","width":799,"height":532,"caption":"Ceni durante a partida entre Flamengo e Fortaleza (Foto: Alexandre Vidal\/Flamengo)"},{"@type":"BreadcrumbList","@id":"https:\/\/www.gaveanews.com\/index.php\/2021\/07\/09\/rogerio-ceni-pode-ser-demitido-antes-do-jogo-contra-a-chapecoense\/#breadcrumb","itemListElement":[{"@type":"ListItem","position":1,"name":"Home","item":"https:\/\/www.gaveanews.com\/"},{"@type":"ListItem","position":2,"name":"Rog\u00e9rio Ceni pode ser demitido antes do jogo contra a Chapecoense"}]},{"@type":"WebSite","@id":"https:\/\/www.gaveanews.com\/#website","url":"https:\/\/www.gaveanews.com\/","name":"G\u00e1vea News","description":"Veja todas as not\u00edcias sobre o Flamengo: Contrata\u00e7\u00f5es, categorias de base, resultados das partidas, tabela de classifica\u00e7\u00e3o, pr\u00f3ximos jogos!","potentialAction":[{"@type":"SearchAction","target":{"@type":"EntryPoint","urlTemplate":"https:\/\/www.gaveanews.com\/?s={search_term_string}"},"query-input":{"@type":"PropertyValueSpecification","valueRequired":true,"valueName":"search_term_string"}}],"inLanguage":"pt-BR"},{"@type":"Person","@id":"https:\/\/www.gaveanews.com\/#\/schema\/person\/2ec14f73fb96be2caf28f91afb14749d","name":"Equipe G\u00e1vea News","image":{"@type":"ImageObject","inLanguage":"pt-BR","@id":"https:\/\/www.gaveanews.com\/#\/schema\/person\/image\/","url":"https:\/\/secure.gravatar.com\/avatar\/1e1956f1facbffd3f8fa53a326721950116b3b9dc9bd44939c01180fd4a745a9?s=96&d=mm&r=g","contentUrl":"https:\/\/secure.gravatar.com\/avatar\/1e1956f1facbffd3f8fa53a326721950116b3b9dc9bd44939c01180fd4a745a9?s=96&d=mm&r=g","caption":"Equipe G\u00e1vea News"}}]}},"_links":{"self":[{"href":"https:\/\/www.gaveanews.com\/index.php\/wp-json\/wp\/v2\/posts\/64271","targetHints":{"allow":["GET"]}}],"collection":[{"href":"https:\/\/www.gaveanews.com\/index.php\/wp-json\/wp\/v2\/posts"}],"about":[{"href":"https:\/\/www.gaveanews.com\/index.php\/wp-json\/wp\/v2\/types\/post"}],"author":[{"embeddable":true,"href":"https:\/\/www.gaveanews.com\/index.php\/wp-json\/wp\/v2\/users\/1"}],"replies":[{"embeddable":true,"href":"https:\/\/www.gaveanews.com\/index.php\/wp-json\/wp\/v2\/comments?post=64271"}],"version-history":[{"count":0,"href":"https:\/\/www.gaveanews.com\/index.php\/wp-json\/wp\/v2\/posts\/64271\/revisions"}],"wp:featuredmedia":[{"embeddable":true,"href":"https:\/\/www.gaveanews.com\/index.php\/wp-json\/wp\/v2\/media\/54073"}],"wp:attachment":[{"href":"https:\/\/www.gaveanews.com\/index.php\/wp-json\/wp\/v2\/media?parent=64271"}],"wp:term":[{"taxonomy":"category","embeddable":true,"href":"https:\/\/www.gaveanews.com\/index.php\/wp-json\/wp\/v2\/categories?post=64271"},{"taxonomy":"post_tag","embeddable":true,"href":"https:\/\/www.gaveanews.com\/index.php\/wp-json\/wp\/v2\/tags?post=64271"}],"curies":[{"name":"wp","href":"https:\/\/api.w.org\/{rel}","templated":true}]}}