{"id":64282,"date":"2021-07-10T18:39:30","date_gmt":"2021-07-10T21:39:30","guid":{"rendered":"https:\/\/www.gaveanews.com\/?p=64282"},"modified":"2021-07-10T18:39:32","modified_gmt":"2021-07-10T21:39:32","slug":"renato-gaucho-e-anunciado-como-novo-tecnico-do-flamengo","status":"publish","type":"post","link":"https:\/\/www.gaveanews.com\/index.php\/2021\/07\/10\/renato-gaucho-e-anunciado-como-novo-tecnico-do-flamengo\/","title":{"rendered":"Renato Ga\u00facho \u00e9 anunciado como novo t\u00e9cnico do Flamengo"},"content":{"rendered":"\n<p>O momento que Renato Ga\u00facho sonhava, chegou. Ap\u00f3s r\u00e1pida negocia\u00e7\u00e3o neste s\u00e1bado, o Flamengo chegou a um acordo e ele ser\u00e1 o substituto de Rog\u00e9rio Ceni e assumir\u00e1 o comando do time. O Flamengo confirmou em seu perfil nas redes sociais:<\/p>\n\n\n\n<figure class=\"wp-block-embed is-type-rich is-provider-twitter wp-block-embed-twitter\"><div class=\"wp-block-embed__wrapper\">\n<blockquote class=\"twitter-tweet\" data-width=\"550\" data-dnt=\"true\"><p lang=\"pt\" dir=\"ltr\">O Clube de Regatas do Flamengo informa que Renato Ga\u00facho \u00e9 o novo t\u00e9cnico do elenco profissional. <a href=\"https:\/\/twitter.com\/hashtag\/BemVindoRenato?src=hash&amp;ref_src=twsrc%5Etfw\">#BemVindoRenato<\/a> <a href=\"https:\/\/twitter.com\/hashtag\/CRF?src=hash&amp;ref_src=twsrc%5Etfw\">#CRF<\/a> <a href=\"https:\/\/t.co\/4DZ8q5wXz5\">pic.twitter.com\/4DZ8q5wXz5<\/a><\/p>&mdash; Flamengo (@Flamengo) <a href=\"https:\/\/twitter.com\/Flamengo\/status\/1413974734417629185?ref_src=twsrc%5Etfw\">July 10, 2021<\/a><\/blockquote><script async src=\"https:\/\/platform.twitter.com\/widgets.js\" charset=\"utf-8\"><\/script>\n<\/div><\/figure>\n\n\n\n<p>A ideia \u00e9 que Renato viaje com o time para Argentina na segunda-feira e fa\u00e7a sua estreia no duelo com o Defensa y Justicia, quarta-feira, no primeiro jogo das oitavas de final da Libertadores.<\/p>\n\n\n\n<p>O Flamengo ofereceu um contrato at\u00e9 o fim do ano com renova\u00e7\u00e3o autom\u00e1tica em caso de reelei\u00e7\u00e3o do presidente Landim. O sal\u00e1rio \u00e9 maior do que ganhava Ceni, mas bem menor do que Renato recebia no Gr\u00eamio. No caso da renova\u00e7\u00e3o autom\u00e1tica, ele ter\u00e1 um reajuste, al\u00e9m de estarem previstas premia\u00e7\u00f5es gordas por t\u00edtulos.<\/p>\n\n\n\n<p>Renato teve passagem marcante pelo clube como atacante, em especial na conquista de 87, e sempre deixou claro que ser o treinador do Flamengo era seu grande desejo.<\/p>\n\n\n\n<p>Em 45 jogos pelo Flamengo, Rog\u00e9rio Ceni teve 23 vit\u00f3rias, 11 empates e 11 derrotas &#8211; 59,2% de aproveitamento. Ele conquistou tr\u00eas t\u00edtulos: Brasileiro, Supercopa e Carioca. A meta de Renato \u00e9 superar o antecessor nos n\u00fameros e tamb\u00e9m na admira\u00e7\u00e3o dos torcedores.<\/p>\n\n\n\n<p>Retirado de: Globo Esporte<\/p>\n","protected":false},"excerpt":{"rendered":"<p>O momento que Renato Ga\u00facho sonhava, chegou. Ap\u00f3s r\u00e1pida negocia\u00e7\u00e3o neste s\u00e1bado, o Flamengo chegou a um acordo e ele ser\u00e1 o substituto de Rog\u00e9rio Ceni e assumir\u00e1 o comando do time. O Flamengo confirmou em seu perfil nas redes sociais: A ideia \u00e9 que Renato viaje com o time para Argentina na segunda-feira e [&hellip;]<\/p>\n","protected":false},"author":1,"featured_media":28763,"comment_status":"open","ping_status":"closed","sticky":false,"template":"","format":"standard","meta":{"footnotes":""},"categories":[1],"tags":[],"class_list":["post-64282","post","type-post","status-publish","format-standard","has-post-thumbnail","hentry","category-flamengo"],"yoast_head":"<!-- This site is optimized with the Yoast SEO Premium plugin v24.2 (Yoast SEO v26.9) - https:\/\/yoast.com\/product\/yoast-seo-premium-wordpress\/ -->\n<title>Renato Ga\u00facho \u00e9 anunciado como novo t\u00e9cnico do Flamengo<\/title>\n<meta name=\"robots\" content=\"index, follow, max-snippet:-1, max-image-preview:large, max-video-preview:-1\" \/>\n<link rel=\"canonical\" href=\"https:\/\/www.gaveanews.com\/index.php\/2021\/07\/10\/renato-gaucho-e-anunciado-como-novo-tecnico-do-flamengo\/\" \/>\n<meta property=\"og:locale\" content=\"pt_BR\" \/>\n<meta property=\"og:type\" content=\"article\" \/>\n<meta property=\"og:title\" content=\"Renato Ga\u00facho \u00e9 anunciado como novo t\u00e9cnico do Flamengo\" \/>\n<meta property=\"og:description\" content=\"O momento que Renato Ga\u00facho sonhava, chegou. Ap\u00f3s r\u00e1pida negocia\u00e7\u00e3o neste s\u00e1bado, o Flamengo chegou a um acordo e ele ser\u00e1 o substituto de Rog\u00e9rio Ceni e assumir\u00e1 o comando do time. O Flamengo confirmou em seu perfil nas redes sociais: A ideia \u00e9 que Renato viaje com o time para Argentina na segunda-feira e [&hellip;]\" \/>\n<meta property=\"og:url\" content=\"https:\/\/www.gaveanews.com\/index.php\/2021\/07\/10\/renato-gaucho-e-anunciado-como-novo-tecnico-do-flamengo\/\" \/>\n<meta property=\"og:site_name\" content=\"G\u00e1vea News\" \/>\n<meta property=\"article:publisher\" content=\"https:\/\/facebook.com\/gaveaNews\/\" \/>\n<meta property=\"article:published_time\" content=\"2021-07-10T21:39:30+00:00\" \/>\n<meta property=\"article:modified_time\" content=\"2021-07-10T21:39:32+00:00\" \/>\n<meta property=\"og:image\" content=\"https:\/\/www.gaveanews.com\/wp-content\/uploads\/Renato-Gaucho-durante-uma-partida-do-Gremio.webp\" \/>\n\t<meta property=\"og:image:width\" content=\"1\" \/>\n\t<meta property=\"og:image:height\" content=\"1\" \/>\n\t<meta property=\"og:image:type\" content=\"image\/jpeg\" \/>\n<meta name=\"author\" content=\"Equipe G\u00e1vea News\" \/>\n<meta name=\"twitter:card\" content=\"summary_large_image\" \/>\n<meta name=\"twitter:label1\" content=\"Escrito por\" \/>\n\t<meta name=\"twitter:data1\" content=\"Equipe G\u00e1vea News\" \/>\n\t<meta name=\"twitter:label2\" content=\"Est. tempo de leitura\" \/>\n\t<meta name=\"twitter:data2\" content=\"1 minuto\" \/>\n<script type=\"application\/ld+json\" class=\"yoast-schema-graph\">{\"@context\":\"https:\/\/schema.org\",\"@graph\":[{\"@type\":\"NewsArticle\",\"@id\":\"https:\/\/www.gaveanews.com\/index.php\/2021\/07\/10\/renato-gaucho-e-anunciado-como-novo-tecnico-do-flamengo\/#article\",\"isPartOf\":{\"@id\":\"https:\/\/www.gaveanews.com\/index.php\/2021\/07\/10\/renato-gaucho-e-anunciado-como-novo-tecnico-do-flamengo\/\"},\"author\":{\"name\":\"Equipe G\u00e1vea News\",\"@id\":\"https:\/\/www.gaveanews.com\/#\/schema\/person\/2ec14f73fb96be2caf28f91afb14749d\"},\"headline\":\"Renato Ga\u00facho \u00e9 anunciado como novo t\u00e9cnico do Flamengo\",\"datePublished\":\"2021-07-10T21:39:30+00:00\",\"dateModified\":\"2021-07-10T21:39:32+00:00\",\"mainEntityOfPage\":{\"@id\":\"https:\/\/www.gaveanews.com\/index.php\/2021\/07\/10\/renato-gaucho-e-anunciado-como-novo-tecnico-do-flamengo\/\"},\"wordCount\":234,\"commentCount\":74,\"image\":{\"@id\":\"https:\/\/www.gaveanews.com\/index.php\/2021\/07\/10\/renato-gaucho-e-anunciado-como-novo-tecnico-do-flamengo\/#primaryimage\"},\"thumbnailUrl\":\"https:\/\/www.gaveanews.com\/wp-content\/uploads\/Renato-Gaucho-durante-uma-partida-do-Gremio.webp\",\"articleSection\":[\"Flamengo\"],\"inLanguage\":\"pt-BR\",\"potentialAction\":[{\"@type\":\"CommentAction\",\"name\":\"Comment\",\"target\":[\"https:\/\/www.gaveanews.com\/index.php\/2021\/07\/10\/renato-gaucho-e-anunciado-como-novo-tecnico-do-flamengo\/#respond\"]}],\"copyrightYear\":\"2021\",\"copyrightHolder\":{\"@id\":\"https:\/\/www.gaveanews.com\/#organization\"}},{\"@type\":\"WebPage\",\"@id\":\"https:\/\/www.gaveanews.com\/index.php\/2021\/07\/10\/renato-gaucho-e-anunciado-como-novo-tecnico-do-flamengo\/\",\"url\":\"https:\/\/www.gaveanews.com\/index.php\/2021\/07\/10\/renato-gaucho-e-anunciado-como-novo-tecnico-do-flamengo\/\",\"name\":\"Renato Ga\u00facho \u00e9 anunciado como novo t\u00e9cnico do Flamengo\",\"isPartOf\":{\"@id\":\"https:\/\/www.gaveanews.com\/#website\"},\"primaryImageOfPage\":{\"@id\":\"https:\/\/www.gaveanews.com\/index.php\/2021\/07\/10\/renato-gaucho-e-anunciado-como-novo-tecnico-do-flamengo\/#primaryimage\"},\"image\":{\"@id\":\"https:\/\/www.gaveanews.com\/index.php\/2021\/07\/10\/renato-gaucho-e-anunciado-como-novo-tecnico-do-flamengo\/#primaryimage\"},\"thumbnailUrl\":\"https:\/\/www.gaveanews.com\/wp-content\/uploads\/Renato-Gaucho-durante-uma-partida-do-Gremio.webp\",\"datePublished\":\"2021-07-10T21:39:30+00:00\",\"dateModified\":\"2021-07-10T21:39:32+00:00\",\"author\":{\"@id\":\"https:\/\/www.gaveanews.com\/#\/schema\/person\/2ec14f73fb96be2caf28f91afb14749d\"},\"breadcrumb\":{\"@id\":\"https:\/\/www.gaveanews.com\/index.php\/2021\/07\/10\/renato-gaucho-e-anunciado-como-novo-tecnico-do-flamengo\/#breadcrumb\"},\"inLanguage\":\"pt-BR\",\"potentialAction\":[{\"@type\":\"ReadAction\",\"target\":[\"https:\/\/www.gaveanews.com\/index.php\/2021\/07\/10\/renato-gaucho-e-anunciado-como-novo-tecnico-do-flamengo\/\"]}]},{\"@type\":\"ImageObject\",\"inLanguage\":\"pt-BR\",\"@id\":\"https:\/\/www.gaveanews.com\/index.php\/2021\/07\/10\/renato-gaucho-e-anunciado-como-novo-tecnico-do-flamengo\/#primaryimage\",\"url\":\"https:\/\/www.gaveanews.com\/wp-content\/uploads\/Renato-Gaucho-durante-uma-partida-do-Gremio.webp\",\"contentUrl\":\"https:\/\/www.gaveanews.com\/wp-content\/uploads\/Renato-Gaucho-durante-uma-partida-do-Gremio.webp\",\"caption\":\"Renato Ga\u00facho durante uma partida do Gr\u00eamio (Foto: Lucas Uebel\/Gr\u00eamio)\"},{\"@type\":\"BreadcrumbList\",\"@id\":\"https:\/\/www.gaveanews.com\/index.php\/2021\/07\/10\/renato-gaucho-e-anunciado-como-novo-tecnico-do-flamengo\/#breadcrumb\",\"itemListElement\":[{\"@type\":\"ListItem\",\"position\":1,\"name\":\"Home\",\"item\":\"https:\/\/www.gaveanews.com\/\"},{\"@type\":\"ListItem\",\"position\":2,\"name\":\"Renato Ga\u00facho \u00e9 anunciado como novo t\u00e9cnico do Flamengo\"}]},{\"@type\":\"WebSite\",\"@id\":\"https:\/\/www.gaveanews.com\/#website\",\"url\":\"https:\/\/www.gaveanews.com\/\",\"name\":\"G\u00e1vea News\",\"description\":\"Veja todas as not\u00edcias sobre o Flamengo: Contrata\u00e7\u00f5es, categorias de base, resultados das partidas, tabela de classifica\u00e7\u00e3o, pr\u00f3ximos jogos!\",\"potentialAction\":[{\"@type\":\"SearchAction\",\"target\":{\"@type\":\"EntryPoint\",\"urlTemplate\":\"https:\/\/www.gaveanews.com\/?s={search_term_string}\"},\"query-input\":{\"@type\":\"PropertyValueSpecification\",\"valueRequired\":true,\"valueName\":\"search_term_string\"}}],\"inLanguage\":\"pt-BR\"},{\"@type\":\"Person\",\"@id\":\"https:\/\/www.gaveanews.com\/#\/schema\/person\/2ec14f73fb96be2caf28f91afb14749d\",\"name\":\"Equipe G\u00e1vea News\",\"image\":{\"@type\":\"ImageObject\",\"inLanguage\":\"pt-BR\",\"@id\":\"https:\/\/www.gaveanews.com\/#\/schema\/person\/image\/\",\"url\":\"https:\/\/secure.gravatar.com\/avatar\/1e1956f1facbffd3f8fa53a326721950116b3b9dc9bd44939c01180fd4a745a9?s=96&d=mm&r=g\",\"contentUrl\":\"https:\/\/secure.gravatar.com\/avatar\/1e1956f1facbffd3f8fa53a326721950116b3b9dc9bd44939c01180fd4a745a9?s=96&d=mm&r=g\",\"caption\":\"Equipe G\u00e1vea News\"}}]}<\/script>\n<!-- \/ Yoast SEO Premium plugin. -->","yoast_head_json":{"title":"Renato Ga\u00facho \u00e9 anunciado como novo t\u00e9cnico do Flamengo","robots":{"index":"index","follow":"follow","max-snippet":"max-snippet:-1","max-image-preview":"max-image-preview:large","max-video-preview":"max-video-preview:-1"},"canonical":"https:\/\/www.gaveanews.com\/index.php\/2021\/07\/10\/renato-gaucho-e-anunciado-como-novo-tecnico-do-flamengo\/","og_locale":"pt_BR","og_type":"article","og_title":"Renato Ga\u00facho \u00e9 anunciado como novo t\u00e9cnico do Flamengo","og_description":"O momento que Renato Ga\u00facho sonhava, chegou. Ap\u00f3s r\u00e1pida negocia\u00e7\u00e3o neste s\u00e1bado, o Flamengo chegou a um acordo e ele ser\u00e1 o substituto de Rog\u00e9rio Ceni e assumir\u00e1 o comando do time. O Flamengo confirmou em seu perfil nas redes sociais: A ideia \u00e9 que Renato viaje com o time para Argentina na segunda-feira e [&hellip;]","og_url":"https:\/\/www.gaveanews.com\/index.php\/2021\/07\/10\/renato-gaucho-e-anunciado-como-novo-tecnico-do-flamengo\/","og_site_name":"G\u00e1vea News","article_publisher":"https:\/\/facebook.com\/gaveaNews\/","article_published_time":"2021-07-10T21:39:30+00:00","article_modified_time":"2021-07-10T21:39:32+00:00","og_image":[{"url":"https:\/\/www.gaveanews.com\/wp-content\/uploads\/Renato-Gaucho-durante-uma-partida-do-Gremio.webp","width":1,"height":1,"type":"image\/jpeg"}],"author":"Equipe G\u00e1vea News","twitter_card":"summary_large_image","twitter_misc":{"Escrito por":"Equipe G\u00e1vea News","Est. tempo de leitura":"1 minuto"},"schema":{"@context":"https:\/\/schema.org","@graph":[{"@type":"NewsArticle","@id":"https:\/\/www.gaveanews.com\/index.php\/2021\/07\/10\/renato-gaucho-e-anunciado-como-novo-tecnico-do-flamengo\/#article","isPartOf":{"@id":"https:\/\/www.gaveanews.com\/index.php\/2021\/07\/10\/renato-gaucho-e-anunciado-como-novo-tecnico-do-flamengo\/"},"author":{"name":"Equipe G\u00e1vea News","@id":"https:\/\/www.gaveanews.com\/#\/schema\/person\/2ec14f73fb96be2caf28f91afb14749d"},"headline":"Renato Ga\u00facho \u00e9 anunciado como novo t\u00e9cnico do Flamengo","datePublished":"2021-07-10T21:39:30+00:00","dateModified":"2021-07-10T21:39:32+00:00","mainEntityOfPage":{"@id":"https:\/\/www.gaveanews.com\/index.php\/2021\/07\/10\/renato-gaucho-e-anunciado-como-novo-tecnico-do-flamengo\/"},"wordCount":234,"commentCount":74,"image":{"@id":"https:\/\/www.gaveanews.com\/index.php\/2021\/07\/10\/renato-gaucho-e-anunciado-como-novo-tecnico-do-flamengo\/#primaryimage"},"thumbnailUrl":"https:\/\/www.gaveanews.com\/wp-content\/uploads\/Renato-Gaucho-durante-uma-partida-do-Gremio.webp","articleSection":["Flamengo"],"inLanguage":"pt-BR","potentialAction":[{"@type":"CommentAction","name":"Comment","target":["https:\/\/www.gaveanews.com\/index.php\/2021\/07\/10\/renato-gaucho-e-anunciado-como-novo-tecnico-do-flamengo\/#respond"]}],"copyrightYear":"2021","copyrightHolder":{"@id":"https:\/\/www.gaveanews.com\/#organization"}},{"@type":"WebPage","@id":"https:\/\/www.gaveanews.com\/index.php\/2021\/07\/10\/renato-gaucho-e-anunciado-como-novo-tecnico-do-flamengo\/","url":"https:\/\/www.gaveanews.com\/index.php\/2021\/07\/10\/renato-gaucho-e-anunciado-como-novo-tecnico-do-flamengo\/","name":"Renato Ga\u00facho \u00e9 anunciado como novo t\u00e9cnico do Flamengo","isPartOf":{"@id":"https:\/\/www.gaveanews.com\/#website"},"primaryImageOfPage":{"@id":"https:\/\/www.gaveanews.com\/index.php\/2021\/07\/10\/renato-gaucho-e-anunciado-como-novo-tecnico-do-flamengo\/#primaryimage"},"image":{"@id":"https:\/\/www.gaveanews.com\/index.php\/2021\/07\/10\/renato-gaucho-e-anunciado-como-novo-tecnico-do-flamengo\/#primaryimage"},"thumbnailUrl":"https:\/\/www.gaveanews.com\/wp-content\/uploads\/Renato-Gaucho-durante-uma-partida-do-Gremio.webp","datePublished":"2021-07-10T21:39:30+00:00","dateModified":"2021-07-10T21:39:32+00:00","author":{"@id":"https:\/\/www.gaveanews.com\/#\/schema\/person\/2ec14f73fb96be2caf28f91afb14749d"},"breadcrumb":{"@id":"https:\/\/www.gaveanews.com\/index.php\/2021\/07\/10\/renato-gaucho-e-anunciado-como-novo-tecnico-do-flamengo\/#breadcrumb"},"inLanguage":"pt-BR","potentialAction":[{"@type":"ReadAction","target":["https:\/\/www.gaveanews.com\/index.php\/2021\/07\/10\/renato-gaucho-e-anunciado-como-novo-tecnico-do-flamengo\/"]}]},{"@type":"ImageObject","inLanguage":"pt-BR","@id":"https:\/\/www.gaveanews.com\/index.php\/2021\/07\/10\/renato-gaucho-e-anunciado-como-novo-tecnico-do-flamengo\/#primaryimage","url":"https:\/\/www.gaveanews.com\/wp-content\/uploads\/Renato-Gaucho-durante-uma-partida-do-Gremio.webp","contentUrl":"https:\/\/www.gaveanews.com\/wp-content\/uploads\/Renato-Gaucho-durante-uma-partida-do-Gremio.webp","caption":"Renato Ga\u00facho durante uma partida do Gr\u00eamio (Foto: Lucas Uebel\/Gr\u00eamio)"},{"@type":"BreadcrumbList","@id":"https:\/\/www.gaveanews.com\/index.php\/2021\/07\/10\/renato-gaucho-e-anunciado-como-novo-tecnico-do-flamengo\/#breadcrumb","itemListElement":[{"@type":"ListItem","position":1,"name":"Home","item":"https:\/\/www.gaveanews.com\/"},{"@type":"ListItem","position":2,"name":"Renato Ga\u00facho \u00e9 anunciado como novo t\u00e9cnico do Flamengo"}]},{"@type":"WebSite","@id":"https:\/\/www.gaveanews.com\/#website","url":"https:\/\/www.gaveanews.com\/","name":"G\u00e1vea News","description":"Veja todas as not\u00edcias sobre o Flamengo: Contrata\u00e7\u00f5es, categorias de base, resultados das partidas, tabela de classifica\u00e7\u00e3o, pr\u00f3ximos jogos!","potentialAction":[{"@type":"SearchAction","target":{"@type":"EntryPoint","urlTemplate":"https:\/\/www.gaveanews.com\/?s={search_term_string}"},"query-input":{"@type":"PropertyValueSpecification","valueRequired":true,"valueName":"search_term_string"}}],"inLanguage":"pt-BR"},{"@type":"Person","@id":"https:\/\/www.gaveanews.com\/#\/schema\/person\/2ec14f73fb96be2caf28f91afb14749d","name":"Equipe G\u00e1vea News","image":{"@type":"ImageObject","inLanguage":"pt-BR","@id":"https:\/\/www.gaveanews.com\/#\/schema\/person\/image\/","url":"https:\/\/secure.gravatar.com\/avatar\/1e1956f1facbffd3f8fa53a326721950116b3b9dc9bd44939c01180fd4a745a9?s=96&d=mm&r=g","contentUrl":"https:\/\/secure.gravatar.com\/avatar\/1e1956f1facbffd3f8fa53a326721950116b3b9dc9bd44939c01180fd4a745a9?s=96&d=mm&r=g","caption":"Equipe G\u00e1vea News"}}]}},"_links":{"self":[{"href":"https:\/\/www.gaveanews.com\/index.php\/wp-json\/wp\/v2\/posts\/64282","targetHints":{"allow":["GET"]}}],"collection":[{"href":"https:\/\/www.gaveanews.com\/index.php\/wp-json\/wp\/v2\/posts"}],"about":[{"href":"https:\/\/www.gaveanews.com\/index.php\/wp-json\/wp\/v2\/types\/post"}],"author":[{"embeddable":true,"href":"https:\/\/www.gaveanews.com\/index.php\/wp-json\/wp\/v2\/users\/1"}],"replies":[{"embeddable":true,"href":"https:\/\/www.gaveanews.com\/index.php\/wp-json\/wp\/v2\/comments?post=64282"}],"version-history":[{"count":0,"href":"https:\/\/www.gaveanews.com\/index.php\/wp-json\/wp\/v2\/posts\/64282\/revisions"}],"wp:featuredmedia":[{"embeddable":true,"href":"https:\/\/www.gaveanews.com\/index.php\/wp-json\/wp\/v2\/media\/28763"}],"wp:attachment":[{"href":"https:\/\/www.gaveanews.com\/index.php\/wp-json\/wp\/v2\/media?parent=64282"}],"wp:term":[{"taxonomy":"category","embeddable":true,"href":"https:\/\/www.gaveanews.com\/index.php\/wp-json\/wp\/v2\/categories?post=64282"},{"taxonomy":"post_tag","embeddable":true,"href":"https:\/\/www.gaveanews.com\/index.php\/wp-json\/wp\/v2\/tags?post=64282"}],"curies":[{"name":"wp","href":"https:\/\/api.w.org\/{rel}","templated":true}]}}