{"id":64421,"date":"2021-07-14T06:45:00","date_gmt":"2021-07-14T09:45:00","guid":{"rendered":"https:\/\/www.gaveanews.com\/?p=64421"},"modified":"2021-07-14T03:03:30","modified_gmt":"2021-07-14T06:03:30","slug":"renato-pede-e-flamengo-pode-contratar-idolo-do-gremio","status":"publish","type":"post","link":"https:\/\/www.gaveanews.com\/index.php\/2021\/07\/14\/renato-pede-e-flamengo-pode-contratar-idolo-do-gremio\/","title":{"rendered":"Renato pede e Flamengo pode contratar \u00eddolo do Gr\u00eamio"},"content":{"rendered":"\n<p>Renato Portaluppi assinou com o Flamengo e realizar\u00e1 um dos sonhos de sua vida. Assim que chegou \u00e0 G\u00e1vea, o treinador j\u00e1 teria feito uma solicita\u00e7\u00e3o: a contrata\u00e7\u00e3o do zagueiro Pedro Geromel, \u00eddolo do Gr\u00eamio e que fez muito sucesso ao lado do treinador.<\/p>\n\n\n\n<p>Acontece que o jogador j\u00e1 possui nove partidas pelo Brasileir\u00e3o. Desse modo, n\u00e3o poderia atuar pelo time do Rio de Janeiro nesta edi\u00e7\u00e3o da competi\u00e7\u00e3o nacional \u2013 o limite de partidas para se transferir \u00e9 seis. Mais do que isso, como entrou em campo pelo Gr\u00eamio na Copa do Brasil, n\u00e3o poderia defender o Flamengo.<\/p>\n\n\n\n<p>A Libertadores e um eventual Mundial de Clubes seriam os \u00fanicos torneios que Geromel poderia jogar pelo Flamengo em 2021. Acontece que n\u00e3o h\u00e1 mais tempo para viabilizar sua inscri\u00e7\u00e3o nas oitavas de final. Ou seja, dependeria ainda de uma classifica\u00e7\u00e3o para as quartas de finais.<\/p>\n\n\n\n<p>Atualmente a defesa do Flamengo conta com Rodrigo Caio e William Ar\u00e3o como titulares. No banco est\u00e3o os criticados L\u00e9o Pereira e Gustavo Henrique, contratados em 2020, mas que nunca se firmaram. Desde que Pablo Mar\u00ed foi vendido ao Arsenal, Ar\u00e3o foi o nome que mais se firmou na zaga.<\/p>\n\n\n\n<h2 class=\"wp-block-heading\" id=\"h-geromel-pode-ir-para-o-flamengo-em-2022\">Geromel pode ir para o Flamengo em 2022<\/h2>\n\n\n\n<p>Esse pedido de contrata\u00e7\u00e3o faria mais sentido se pensarmos na pr\u00f3xima temporada. Ent\u00e3o, a partir de janeiro o time do Rio de Janeiro poderia investir na contrata\u00e7\u00e3o do jogador.<\/p>\n\n\n\n<p>O rubro-negro certamente n\u00e3o medir\u00e1 esfor\u00e7os para formar um grupo que tenha o perfil de Renato Portaluppi. O jogador tem contrato com o time ga\u00facho at\u00e9 o fim de 2022.<\/p>\n\n\n\n<p>Retirado de: Portal do Gremista<\/p>\n","protected":false},"excerpt":{"rendered":"<p>Renato Portaluppi assinou com o Flamengo e realizar\u00e1 um dos sonhos de sua vida. Assim que chegou \u00e0 G\u00e1vea, o treinador j\u00e1 teria feito uma solicita\u00e7\u00e3o: a contrata\u00e7\u00e3o do zagueiro Pedro Geromel, \u00eddolo do Gr\u00eamio e que fez muito sucesso ao lado do treinador. Acontece que o jogador j\u00e1 possui nove partidas pelo Brasileir\u00e3o. Desse [&hellip;]<\/p>\n","protected":false},"author":1,"featured_media":64405,"comment_status":"open","ping_status":"closed","sticky":false,"template":"","format":"standard","meta":{"footnotes":""},"categories":[48],"tags":[],"class_list":["post-64421","post","type-post","status-publish","format-standard","has-post-thumbnail","hentry","category-negociacoes"],"yoast_head":"<!-- This site is optimized with the Yoast SEO Premium plugin v24.2 (Yoast SEO v26.9) - https:\/\/yoast.com\/product\/yoast-seo-premium-wordpress\/ -->\n<title>Renato pede e Flamengo pode contratar \u00eddolo do Gr\u00eamio<\/title>\n<meta name=\"robots\" content=\"index, follow, max-snippet:-1, max-image-preview:large, max-video-preview:-1\" \/>\n<link rel=\"canonical\" href=\"https:\/\/www.gaveanews.com\/index.php\/2021\/07\/14\/renato-pede-e-flamengo-pode-contratar-idolo-do-gremio\/\" \/>\n<meta property=\"og:locale\" content=\"pt_BR\" \/>\n<meta property=\"og:type\" content=\"article\" \/>\n<meta property=\"og:title\" content=\"Renato pede e Flamengo pode contratar \u00eddolo do Gr\u00eamio\" \/>\n<meta property=\"og:description\" content=\"Renato Portaluppi assinou com o Flamengo e realizar\u00e1 um dos sonhos de sua vida. Assim que chegou \u00e0 G\u00e1vea, o treinador j\u00e1 teria feito uma solicita\u00e7\u00e3o: a contrata\u00e7\u00e3o do zagueiro Pedro Geromel, \u00eddolo do Gr\u00eamio e que fez muito sucesso ao lado do treinador. Acontece que o jogador j\u00e1 possui nove partidas pelo Brasileir\u00e3o. Desse [&hellip;]\" \/>\n<meta property=\"og:url\" content=\"https:\/\/www.gaveanews.com\/index.php\/2021\/07\/14\/renato-pede-e-flamengo-pode-contratar-idolo-do-gremio\/\" \/>\n<meta property=\"og:site_name\" content=\"G\u00e1vea News\" \/>\n<meta property=\"article:publisher\" content=\"https:\/\/facebook.com\/gaveaNews\/\" \/>\n<meta property=\"article:published_time\" content=\"2021-07-14T09:45:00+00:00\" \/>\n<meta property=\"og:image\" content=\"https:\/\/www.gaveanews.com\/wp-content\/uploads\/Renato-Gaucho-em-entrevista-coletiva-no-Ninho-do-Urubu.webp\" \/>\n\t<meta property=\"og:image:width\" content=\"799\" \/>\n\t<meta property=\"og:image:height\" content=\"532\" \/>\n\t<meta property=\"og:image:type\" content=\"image\/jpeg\" \/>\n<meta name=\"author\" content=\"Equipe G\u00e1vea News\" \/>\n<meta name=\"twitter:card\" content=\"summary_large_image\" \/>\n<meta name=\"twitter:label1\" content=\"Escrito por\" \/>\n\t<meta name=\"twitter:data1\" content=\"Equipe G\u00e1vea News\" \/>\n\t<meta name=\"twitter:label2\" content=\"Est. tempo de leitura\" \/>\n\t<meta name=\"twitter:data2\" content=\"2 minutos\" \/>\n<script type=\"application\/ld+json\" class=\"yoast-schema-graph\">{\"@context\":\"https:\/\/schema.org\",\"@graph\":[{\"@type\":\"NewsArticle\",\"@id\":\"https:\/\/www.gaveanews.com\/index.php\/2021\/07\/14\/renato-pede-e-flamengo-pode-contratar-idolo-do-gremio\/#article\",\"isPartOf\":{\"@id\":\"https:\/\/www.gaveanews.com\/index.php\/2021\/07\/14\/renato-pede-e-flamengo-pode-contratar-idolo-do-gremio\/\"},\"author\":{\"name\":\"Equipe G\u00e1vea News\",\"@id\":\"https:\/\/www.gaveanews.com\/#\/schema\/person\/2ec14f73fb96be2caf28f91afb14749d\"},\"headline\":\"Renato pede e Flamengo pode contratar \u00eddolo do Gr\u00eamio\",\"datePublished\":\"2021-07-14T09:45:00+00:00\",\"mainEntityOfPage\":{\"@id\":\"https:\/\/www.gaveanews.com\/index.php\/2021\/07\/14\/renato-pede-e-flamengo-pode-contratar-idolo-do-gremio\/\"},\"wordCount\":294,\"commentCount\":39,\"image\":{\"@id\":\"https:\/\/www.gaveanews.com\/index.php\/2021\/07\/14\/renato-pede-e-flamengo-pode-contratar-idolo-do-gremio\/#primaryimage\"},\"thumbnailUrl\":\"https:\/\/www.gaveanews.com\/wp-content\/uploads\/Renato-Gaucho-em-entrevista-coletiva-no-Ninho-do-Urubu.webp\",\"articleSection\":[\"Negocia\u00e7\u00f5es\"],\"inLanguage\":\"pt-BR\",\"potentialAction\":[{\"@type\":\"CommentAction\",\"name\":\"Comment\",\"target\":[\"https:\/\/www.gaveanews.com\/index.php\/2021\/07\/14\/renato-pede-e-flamengo-pode-contratar-idolo-do-gremio\/#respond\"]}],\"copyrightYear\":\"2021\",\"copyrightHolder\":{\"@id\":\"https:\/\/www.gaveanews.com\/#organization\"}},{\"@type\":\"WebPage\",\"@id\":\"https:\/\/www.gaveanews.com\/index.php\/2021\/07\/14\/renato-pede-e-flamengo-pode-contratar-idolo-do-gremio\/\",\"url\":\"https:\/\/www.gaveanews.com\/index.php\/2021\/07\/14\/renato-pede-e-flamengo-pode-contratar-idolo-do-gremio\/\",\"name\":\"Renato pede e Flamengo pode contratar \u00eddolo do Gr\u00eamio\",\"isPartOf\":{\"@id\":\"https:\/\/www.gaveanews.com\/#website\"},\"primaryImageOfPage\":{\"@id\":\"https:\/\/www.gaveanews.com\/index.php\/2021\/07\/14\/renato-pede-e-flamengo-pode-contratar-idolo-do-gremio\/#primaryimage\"},\"image\":{\"@id\":\"https:\/\/www.gaveanews.com\/index.php\/2021\/07\/14\/renato-pede-e-flamengo-pode-contratar-idolo-do-gremio\/#primaryimage\"},\"thumbnailUrl\":\"https:\/\/www.gaveanews.com\/wp-content\/uploads\/Renato-Gaucho-em-entrevista-coletiva-no-Ninho-do-Urubu.webp\",\"datePublished\":\"2021-07-14T09:45:00+00:00\",\"author\":{\"@id\":\"https:\/\/www.gaveanews.com\/#\/schema\/person\/2ec14f73fb96be2caf28f91afb14749d\"},\"breadcrumb\":{\"@id\":\"https:\/\/www.gaveanews.com\/index.php\/2021\/07\/14\/renato-pede-e-flamengo-pode-contratar-idolo-do-gremio\/#breadcrumb\"},\"inLanguage\":\"pt-BR\",\"potentialAction\":[{\"@type\":\"ReadAction\",\"target\":[\"https:\/\/www.gaveanews.com\/index.php\/2021\/07\/14\/renato-pede-e-flamengo-pode-contratar-idolo-do-gremio\/\"]}]},{\"@type\":\"ImageObject\",\"inLanguage\":\"pt-BR\",\"@id\":\"https:\/\/www.gaveanews.com\/index.php\/2021\/07\/14\/renato-pede-e-flamengo-pode-contratar-idolo-do-gremio\/#primaryimage\",\"url\":\"https:\/\/www.gaveanews.com\/wp-content\/uploads\/Renato-Gaucho-em-entrevista-coletiva-no-Ninho-do-Urubu.webp\",\"contentUrl\":\"https:\/\/www.gaveanews.com\/wp-content\/uploads\/Renato-Gaucho-em-entrevista-coletiva-no-Ninho-do-Urubu.webp\",\"width\":799,\"height\":532,\"caption\":\"Renato Ga\u00facho em entrevista coletiva no Ninho do Urubu (Foto: Alexandre Vidal\/Flamengo)\"},{\"@type\":\"BreadcrumbList\",\"@id\":\"https:\/\/www.gaveanews.com\/index.php\/2021\/07\/14\/renato-pede-e-flamengo-pode-contratar-idolo-do-gremio\/#breadcrumb\",\"itemListElement\":[{\"@type\":\"ListItem\",\"position\":1,\"name\":\"Home\",\"item\":\"https:\/\/www.gaveanews.com\/\"},{\"@type\":\"ListItem\",\"position\":2,\"name\":\"Renato pede e Flamengo pode contratar \u00eddolo do Gr\u00eamio\"}]},{\"@type\":\"WebSite\",\"@id\":\"https:\/\/www.gaveanews.com\/#website\",\"url\":\"https:\/\/www.gaveanews.com\/\",\"name\":\"G\u00e1vea News\",\"description\":\"Veja todas as not\u00edcias sobre o Flamengo: Contrata\u00e7\u00f5es, categorias de base, resultados das partidas, tabela de classifica\u00e7\u00e3o, pr\u00f3ximos jogos!\",\"potentialAction\":[{\"@type\":\"SearchAction\",\"target\":{\"@type\":\"EntryPoint\",\"urlTemplate\":\"https:\/\/www.gaveanews.com\/?s={search_term_string}\"},\"query-input\":{\"@type\":\"PropertyValueSpecification\",\"valueRequired\":true,\"valueName\":\"search_term_string\"}}],\"inLanguage\":\"pt-BR\"},{\"@type\":\"Person\",\"@id\":\"https:\/\/www.gaveanews.com\/#\/schema\/person\/2ec14f73fb96be2caf28f91afb14749d\",\"name\":\"Equipe G\u00e1vea News\",\"image\":{\"@type\":\"ImageObject\",\"inLanguage\":\"pt-BR\",\"@id\":\"https:\/\/www.gaveanews.com\/#\/schema\/person\/image\/\",\"url\":\"https:\/\/secure.gravatar.com\/avatar\/1e1956f1facbffd3f8fa53a326721950116b3b9dc9bd44939c01180fd4a745a9?s=96&d=mm&r=g\",\"contentUrl\":\"https:\/\/secure.gravatar.com\/avatar\/1e1956f1facbffd3f8fa53a326721950116b3b9dc9bd44939c01180fd4a745a9?s=96&d=mm&r=g\",\"caption\":\"Equipe G\u00e1vea News\"}}]}<\/script>\n<!-- \/ Yoast SEO Premium plugin. -->","yoast_head_json":{"title":"Renato pede e Flamengo pode contratar \u00eddolo do Gr\u00eamio","robots":{"index":"index","follow":"follow","max-snippet":"max-snippet:-1","max-image-preview":"max-image-preview:large","max-video-preview":"max-video-preview:-1"},"canonical":"https:\/\/www.gaveanews.com\/index.php\/2021\/07\/14\/renato-pede-e-flamengo-pode-contratar-idolo-do-gremio\/","og_locale":"pt_BR","og_type":"article","og_title":"Renato pede e Flamengo pode contratar \u00eddolo do Gr\u00eamio","og_description":"Renato Portaluppi assinou com o Flamengo e realizar\u00e1 um dos sonhos de sua vida. Assim que chegou \u00e0 G\u00e1vea, o treinador j\u00e1 teria feito uma solicita\u00e7\u00e3o: a contrata\u00e7\u00e3o do zagueiro Pedro Geromel, \u00eddolo do Gr\u00eamio e que fez muito sucesso ao lado do treinador. Acontece que o jogador j\u00e1 possui nove partidas pelo Brasileir\u00e3o. Desse [&hellip;]","og_url":"https:\/\/www.gaveanews.com\/index.php\/2021\/07\/14\/renato-pede-e-flamengo-pode-contratar-idolo-do-gremio\/","og_site_name":"G\u00e1vea News","article_publisher":"https:\/\/facebook.com\/gaveaNews\/","article_published_time":"2021-07-14T09:45:00+00:00","og_image":[{"width":799,"height":532,"url":"https:\/\/www.gaveanews.com\/wp-content\/uploads\/Renato-Gaucho-em-entrevista-coletiva-no-Ninho-do-Urubu.webp","type":"image\/jpeg"}],"author":"Equipe G\u00e1vea News","twitter_card":"summary_large_image","twitter_misc":{"Escrito por":"Equipe G\u00e1vea News","Est. tempo de leitura":"2 minutos"},"schema":{"@context":"https:\/\/schema.org","@graph":[{"@type":"NewsArticle","@id":"https:\/\/www.gaveanews.com\/index.php\/2021\/07\/14\/renato-pede-e-flamengo-pode-contratar-idolo-do-gremio\/#article","isPartOf":{"@id":"https:\/\/www.gaveanews.com\/index.php\/2021\/07\/14\/renato-pede-e-flamengo-pode-contratar-idolo-do-gremio\/"},"author":{"name":"Equipe G\u00e1vea News","@id":"https:\/\/www.gaveanews.com\/#\/schema\/person\/2ec14f73fb96be2caf28f91afb14749d"},"headline":"Renato pede e Flamengo pode contratar \u00eddolo do Gr\u00eamio","datePublished":"2021-07-14T09:45:00+00:00","mainEntityOfPage":{"@id":"https:\/\/www.gaveanews.com\/index.php\/2021\/07\/14\/renato-pede-e-flamengo-pode-contratar-idolo-do-gremio\/"},"wordCount":294,"commentCount":39,"image":{"@id":"https:\/\/www.gaveanews.com\/index.php\/2021\/07\/14\/renato-pede-e-flamengo-pode-contratar-idolo-do-gremio\/#primaryimage"},"thumbnailUrl":"https:\/\/www.gaveanews.com\/wp-content\/uploads\/Renato-Gaucho-em-entrevista-coletiva-no-Ninho-do-Urubu.webp","articleSection":["Negocia\u00e7\u00f5es"],"inLanguage":"pt-BR","potentialAction":[{"@type":"CommentAction","name":"Comment","target":["https:\/\/www.gaveanews.com\/index.php\/2021\/07\/14\/renato-pede-e-flamengo-pode-contratar-idolo-do-gremio\/#respond"]}],"copyrightYear":"2021","copyrightHolder":{"@id":"https:\/\/www.gaveanews.com\/#organization"}},{"@type":"WebPage","@id":"https:\/\/www.gaveanews.com\/index.php\/2021\/07\/14\/renato-pede-e-flamengo-pode-contratar-idolo-do-gremio\/","url":"https:\/\/www.gaveanews.com\/index.php\/2021\/07\/14\/renato-pede-e-flamengo-pode-contratar-idolo-do-gremio\/","name":"Renato pede e Flamengo pode contratar \u00eddolo do Gr\u00eamio","isPartOf":{"@id":"https:\/\/www.gaveanews.com\/#website"},"primaryImageOfPage":{"@id":"https:\/\/www.gaveanews.com\/index.php\/2021\/07\/14\/renato-pede-e-flamengo-pode-contratar-idolo-do-gremio\/#primaryimage"},"image":{"@id":"https:\/\/www.gaveanews.com\/index.php\/2021\/07\/14\/renato-pede-e-flamengo-pode-contratar-idolo-do-gremio\/#primaryimage"},"thumbnailUrl":"https:\/\/www.gaveanews.com\/wp-content\/uploads\/Renato-Gaucho-em-entrevista-coletiva-no-Ninho-do-Urubu.webp","datePublished":"2021-07-14T09:45:00+00:00","author":{"@id":"https:\/\/www.gaveanews.com\/#\/schema\/person\/2ec14f73fb96be2caf28f91afb14749d"},"breadcrumb":{"@id":"https:\/\/www.gaveanews.com\/index.php\/2021\/07\/14\/renato-pede-e-flamengo-pode-contratar-idolo-do-gremio\/#breadcrumb"},"inLanguage":"pt-BR","potentialAction":[{"@type":"ReadAction","target":["https:\/\/www.gaveanews.com\/index.php\/2021\/07\/14\/renato-pede-e-flamengo-pode-contratar-idolo-do-gremio\/"]}]},{"@type":"ImageObject","inLanguage":"pt-BR","@id":"https:\/\/www.gaveanews.com\/index.php\/2021\/07\/14\/renato-pede-e-flamengo-pode-contratar-idolo-do-gremio\/#primaryimage","url":"https:\/\/www.gaveanews.com\/wp-content\/uploads\/Renato-Gaucho-em-entrevista-coletiva-no-Ninho-do-Urubu.webp","contentUrl":"https:\/\/www.gaveanews.com\/wp-content\/uploads\/Renato-Gaucho-em-entrevista-coletiva-no-Ninho-do-Urubu.webp","width":799,"height":532,"caption":"Renato Ga\u00facho em entrevista coletiva no Ninho do Urubu (Foto: Alexandre Vidal\/Flamengo)"},{"@type":"BreadcrumbList","@id":"https:\/\/www.gaveanews.com\/index.php\/2021\/07\/14\/renato-pede-e-flamengo-pode-contratar-idolo-do-gremio\/#breadcrumb","itemListElement":[{"@type":"ListItem","position":1,"name":"Home","item":"https:\/\/www.gaveanews.com\/"},{"@type":"ListItem","position":2,"name":"Renato pede e Flamengo pode contratar \u00eddolo do Gr\u00eamio"}]},{"@type":"WebSite","@id":"https:\/\/www.gaveanews.com\/#website","url":"https:\/\/www.gaveanews.com\/","name":"G\u00e1vea News","description":"Veja todas as not\u00edcias sobre o Flamengo: Contrata\u00e7\u00f5es, categorias de base, resultados das partidas, tabela de classifica\u00e7\u00e3o, pr\u00f3ximos jogos!","potentialAction":[{"@type":"SearchAction","target":{"@type":"EntryPoint","urlTemplate":"https:\/\/www.gaveanews.com\/?s={search_term_string}"},"query-input":{"@type":"PropertyValueSpecification","valueRequired":true,"valueName":"search_term_string"}}],"inLanguage":"pt-BR"},{"@type":"Person","@id":"https:\/\/www.gaveanews.com\/#\/schema\/person\/2ec14f73fb96be2caf28f91afb14749d","name":"Equipe G\u00e1vea News","image":{"@type":"ImageObject","inLanguage":"pt-BR","@id":"https:\/\/www.gaveanews.com\/#\/schema\/person\/image\/","url":"https:\/\/secure.gravatar.com\/avatar\/1e1956f1facbffd3f8fa53a326721950116b3b9dc9bd44939c01180fd4a745a9?s=96&d=mm&r=g","contentUrl":"https:\/\/secure.gravatar.com\/avatar\/1e1956f1facbffd3f8fa53a326721950116b3b9dc9bd44939c01180fd4a745a9?s=96&d=mm&r=g","caption":"Equipe G\u00e1vea News"}}]}},"_links":{"self":[{"href":"https:\/\/www.gaveanews.com\/index.php\/wp-json\/wp\/v2\/posts\/64421","targetHints":{"allow":["GET"]}}],"collection":[{"href":"https:\/\/www.gaveanews.com\/index.php\/wp-json\/wp\/v2\/posts"}],"about":[{"href":"https:\/\/www.gaveanews.com\/index.php\/wp-json\/wp\/v2\/types\/post"}],"author":[{"embeddable":true,"href":"https:\/\/www.gaveanews.com\/index.php\/wp-json\/wp\/v2\/users\/1"}],"replies":[{"embeddable":true,"href":"https:\/\/www.gaveanews.com\/index.php\/wp-json\/wp\/v2\/comments?post=64421"}],"version-history":[{"count":0,"href":"https:\/\/www.gaveanews.com\/index.php\/wp-json\/wp\/v2\/posts\/64421\/revisions"}],"wp:featuredmedia":[{"embeddable":true,"href":"https:\/\/www.gaveanews.com\/index.php\/wp-json\/wp\/v2\/media\/64405"}],"wp:attachment":[{"href":"https:\/\/www.gaveanews.com\/index.php\/wp-json\/wp\/v2\/media?parent=64421"}],"wp:term":[{"taxonomy":"category","embeddable":true,"href":"https:\/\/www.gaveanews.com\/index.php\/wp-json\/wp\/v2\/categories?post=64421"},{"taxonomy":"post_tag","embeddable":true,"href":"https:\/\/www.gaveanews.com\/index.php\/wp-json\/wp\/v2\/tags?post=64421"}],"curies":[{"name":"wp","href":"https:\/\/api.w.org\/{rel}","templated":true}]}}