{"id":64427,"date":"2021-07-14T10:33:42","date_gmt":"2021-07-14T13:33:42","guid":{"rendered":"https:\/\/www.gaveanews.com\/?p=64427"},"modified":"2021-07-14T10:33:45","modified_gmt":"2021-07-14T13:33:45","slug":"renato-estreia-no-fla-em-noite-de-reencontro-com-algoz-que-pressionou-ceni","status":"publish","type":"post","link":"https:\/\/www.gaveanews.com\/index.php\/2021\/07\/14\/renato-estreia-no-fla-em-noite-de-reencontro-com-algoz-que-pressionou-ceni\/","title":{"rendered":"Renato estreia no Fla em noite de reencontro com algoz que pressionou Ceni"},"content":{"rendered":"\n<p>De cara nova no comando, o Flamengo de Renato Ga\u00facho encara hoje (14) o Defensa y Justicia (ARG), \u00e0s 21h30, no Est\u00e1dio Norberto Tomaghello, em jogo v\u00e1lido pelas oitavas de final da Libertadores.<\/p>\n\n\n\n<p>Do outro lado, os rubro-negros encaram os atuais campe\u00f5es da Copa Sul-Americana e da Recopa, e reencontram uma figura de lembran\u00e7as desagrad\u00e1veis para os rubro-negros. Hoje no pequeno clube da prov\u00edncia de Florencio Varela, Sebasti\u00e1n Beccacece era o t\u00e9cnico do Racing que eliminou o Fla na edi\u00e7\u00e3o de 2020, abreviando de forma precoce o sonho do tricampeonato continental.<\/p>\n\n\n\n<p>Na ocasi\u00e3o, os portenhos levaram a melhor na mesma fase do torneio, resultado que colocou enorme press\u00e3o sob o rec\u00e9m-chegado Rog\u00e9rio Ceni. O ex-rubro-negro, que j\u00e1 tinha ca\u00eddo para o S\u00e3o Paulo na Copa do Brasil, viu a temperatura subir depois do novo rev\u00e9s e s\u00f3 conseguiu ter um pouquinho de paz ap\u00f3s o time engrenar e partir para a conquista do Brasileiro.<\/p>\n\n\n\n<p>Outros personagens centrais daquela elimina\u00e7\u00e3o nos p\u00eanaltis (ap\u00f3s dois empates por 1 a 1), Willian Ar\u00e3o e Rodrigo Caio n\u00e3o poder\u00e3o tentar dar o troco sobre o treinador argentino. Suspenso, o volante est\u00e1 fora. Com dores na panturrilha, o zagueiro tamb\u00e9m ser\u00e1 baixa. Os percal\u00e7os rubro-negros, no entanto, n\u00e3o iludem Beccacece. Ao portal do &#8220;Ol\u00e9&#8221;, ele rasgou elogios ao rival e passou a press\u00e3o para o lado dos cariocas.<\/p>\n\n\n\n<p>&#8220;Vamos jogar contra o time mais poderoso da Am\u00e9rica do Sul. Foram campe\u00f5es na pen\u00faltima edi\u00e7\u00e3o e ganharam o Brasileiro. Agora, v\u00e3o ter altos e baixos porque cinco ou seis jogadores estavam com as sele\u00e7\u00f5es. \u00c9 um desafio dif\u00edcil, mas lindo. Vamos enfrent\u00e1-lo com a mentalidade de que \u00e9 poss\u00edvel. A uni\u00e3o coletiva esconde a diferen\u00e7a que pode haver no futebol ou nos clubes. Com essa uni\u00e3o, o futebol equivale a tudo para competir&#8221;, disse ele.<\/p>\n\n\n\n<p>Para o duelo desta noite, Renato Ga\u00facho tamb\u00e9m n\u00e3o poder\u00e1 contar com os lesionados Bruno Henrique e Diego, embora festeje a volta de Gabigol. O t\u00e9cnico argentino, por sua vez, minimiza os desfalques do Fla e refor\u00e7a o discurso de supera\u00e7\u00e3o para seguir na briga.<\/p>\n\n\n\n<p>&#8220;Vamos nos agarrar ao sonho, \u00e0quela possibilidade de jogar primeiro em casa e depois naquele m\u00edtico Maracan\u00e3, que sediou a final da Copa Am\u00e9rica. Vamos lutar, pois realmente tenho um grupo de jogadores valentes que ousaram ser protagonistas. Com respeito e humildade, temos a convic\u00e7\u00e3o de que vamos lutar contra qualquer rival de plant\u00e3o&#8221;, completou ele.<\/p>\n\n\n\n<p>Com apenas algumas horas no novo clube, Renato ter\u00e1 de superar as aus\u00eancias e o prazo curto de trabalho para mandar a campo uma equipe competitiva. Ap\u00f3s a elimina\u00e7\u00e3o do ano passado, a Libertadores voltou a ser tema cada vez mais importante na G\u00e1vea. Para seguir vivo pelo trof\u00e9u, o Fla ter\u00e1 de tornar um velho algoz em v\u00edtima.<\/p>\n\n\n\n<p>Retirado de: UOL<\/p>\n","protected":false},"excerpt":{"rendered":"<p>De cara nova no comando, o Flamengo de Renato Ga\u00facho encara hoje (14) o Defensa y Justicia (ARG), \u00e0s 21h30, no Est\u00e1dio Norberto Tomaghello, em jogo v\u00e1lido pelas oitavas de final da Libertadores. Do outro lado, os rubro-negros encaram os atuais campe\u00f5es da Copa Sul-Americana e da Recopa, e reencontram uma figura de lembran\u00e7as desagrad\u00e1veis [&hellip;]<\/p>\n","protected":false},"author":1,"featured_media":58305,"comment_status":"open","ping_status":"closed","sticky":false,"template":"","format":"standard","meta":{"footnotes":""},"categories":[1],"tags":[],"class_list":["post-64427","post","type-post","status-publish","format-standard","has-post-thumbnail","hentry","category-flamengo"],"yoast_head":"<!-- This site is optimized with the Yoast SEO Premium plugin v24.2 (Yoast SEO v26.9) - https:\/\/yoast.com\/product\/yoast-seo-premium-wordpress\/ -->\n<title>Renato estreia no Fla em noite de reencontro com algoz que pressionou Ceni<\/title>\n<meta name=\"robots\" content=\"index, follow, max-snippet:-1, max-image-preview:large, max-video-preview:-1\" \/>\n<link rel=\"canonical\" href=\"https:\/\/www.gaveanews.com\/index.php\/2021\/07\/14\/renato-estreia-no-fla-em-noite-de-reencontro-com-algoz-que-pressionou-ceni\/\" \/>\n<meta property=\"og:locale\" content=\"pt_BR\" \/>\n<meta property=\"og:type\" content=\"article\" \/>\n<meta property=\"og:title\" content=\"Renato estreia no Fla em noite de reencontro com algoz que pressionou Ceni\" \/>\n<meta property=\"og:description\" content=\"De cara nova no comando, o Flamengo de Renato Ga\u00facho encara hoje (14) o Defensa y Justicia (ARG), \u00e0s 21h30, no Est\u00e1dio Norberto Tomaghello, em jogo v\u00e1lido pelas oitavas de final da Libertadores. Do outro lado, os rubro-negros encaram os atuais campe\u00f5es da Copa Sul-Americana e da Recopa, e reencontram uma figura de lembran\u00e7as desagrad\u00e1veis [&hellip;]\" \/>\n<meta property=\"og:url\" content=\"https:\/\/www.gaveanews.com\/index.php\/2021\/07\/14\/renato-estreia-no-fla-em-noite-de-reencontro-com-algoz-que-pressionou-ceni\/\" \/>\n<meta property=\"og:site_name\" content=\"G\u00e1vea News\" \/>\n<meta property=\"article:publisher\" content=\"https:\/\/facebook.com\/gaveaNews\/\" \/>\n<meta property=\"article:published_time\" content=\"2021-07-14T13:33:42+00:00\" \/>\n<meta property=\"article:modified_time\" content=\"2021-07-14T13:33:45+00:00\" \/>\n<meta property=\"og:image\" content=\"https:\/\/www.gaveanews.com\/wp-content\/uploads\/Taca-da-Copa-Libertadores-da-America-no-gramado-do-estadio-do-Maracana.webp\" \/>\n\t<meta property=\"og:image:width\" content=\"1080\" \/>\n\t<meta property=\"og:image:height\" content=\"1079\" \/>\n\t<meta property=\"og:image:type\" content=\"image\/jpeg\" \/>\n<meta name=\"author\" content=\"Equipe G\u00e1vea News\" \/>\n<meta name=\"twitter:card\" content=\"summary_large_image\" \/>\n<meta name=\"twitter:label1\" content=\"Escrito por\" \/>\n\t<meta name=\"twitter:data1\" content=\"Equipe G\u00e1vea News\" \/>\n\t<meta name=\"twitter:label2\" content=\"Est. tempo de leitura\" \/>\n\t<meta name=\"twitter:data2\" content=\"3 minutos\" \/>\n<script type=\"application\/ld+json\" class=\"yoast-schema-graph\">{\"@context\":\"https:\/\/schema.org\",\"@graph\":[{\"@type\":\"NewsArticle\",\"@id\":\"https:\/\/www.gaveanews.com\/index.php\/2021\/07\/14\/renato-estreia-no-fla-em-noite-de-reencontro-com-algoz-que-pressionou-ceni\/#article\",\"isPartOf\":{\"@id\":\"https:\/\/www.gaveanews.com\/index.php\/2021\/07\/14\/renato-estreia-no-fla-em-noite-de-reencontro-com-algoz-que-pressionou-ceni\/\"},\"author\":{\"name\":\"Equipe G\u00e1vea News\",\"@id\":\"https:\/\/www.gaveanews.com\/#\/schema\/person\/2ec14f73fb96be2caf28f91afb14749d\"},\"headline\":\"Renato estreia no Fla em noite de reencontro com algoz que pressionou Ceni\",\"datePublished\":\"2021-07-14T13:33:42+00:00\",\"dateModified\":\"2021-07-14T13:33:45+00:00\",\"mainEntityOfPage\":{\"@id\":\"https:\/\/www.gaveanews.com\/index.php\/2021\/07\/14\/renato-estreia-no-fla-em-noite-de-reencontro-com-algoz-que-pressionou-ceni\/\"},\"wordCount\":525,\"commentCount\":5,\"image\":{\"@id\":\"https:\/\/www.gaveanews.com\/index.php\/2021\/07\/14\/renato-estreia-no-fla-em-noite-de-reencontro-com-algoz-que-pressionou-ceni\/#primaryimage\"},\"thumbnailUrl\":\"https:\/\/www.gaveanews.com\/wp-content\/uploads\/Taca-da-Copa-Libertadores-da-America-no-gramado-do-estadio-do-Maracana.webp\",\"articleSection\":[\"Flamengo\"],\"inLanguage\":\"pt-BR\",\"potentialAction\":[{\"@type\":\"CommentAction\",\"name\":\"Comment\",\"target\":[\"https:\/\/www.gaveanews.com\/index.php\/2021\/07\/14\/renato-estreia-no-fla-em-noite-de-reencontro-com-algoz-que-pressionou-ceni\/#respond\"]}],\"copyrightYear\":\"2021\",\"copyrightHolder\":{\"@id\":\"https:\/\/www.gaveanews.com\/#organization\"}},{\"@type\":\"WebPage\",\"@id\":\"https:\/\/www.gaveanews.com\/index.php\/2021\/07\/14\/renato-estreia-no-fla-em-noite-de-reencontro-com-algoz-que-pressionou-ceni\/\",\"url\":\"https:\/\/www.gaveanews.com\/index.php\/2021\/07\/14\/renato-estreia-no-fla-em-noite-de-reencontro-com-algoz-que-pressionou-ceni\/\",\"name\":\"Renato estreia no Fla em noite de reencontro com algoz que pressionou Ceni\",\"isPartOf\":{\"@id\":\"https:\/\/www.gaveanews.com\/#website\"},\"primaryImageOfPage\":{\"@id\":\"https:\/\/www.gaveanews.com\/index.php\/2021\/07\/14\/renato-estreia-no-fla-em-noite-de-reencontro-com-algoz-que-pressionou-ceni\/#primaryimage\"},\"image\":{\"@id\":\"https:\/\/www.gaveanews.com\/index.php\/2021\/07\/14\/renato-estreia-no-fla-em-noite-de-reencontro-com-algoz-que-pressionou-ceni\/#primaryimage\"},\"thumbnailUrl\":\"https:\/\/www.gaveanews.com\/wp-content\/uploads\/Taca-da-Copa-Libertadores-da-America-no-gramado-do-estadio-do-Maracana.webp\",\"datePublished\":\"2021-07-14T13:33:42+00:00\",\"dateModified\":\"2021-07-14T13:33:45+00:00\",\"author\":{\"@id\":\"https:\/\/www.gaveanews.com\/#\/schema\/person\/2ec14f73fb96be2caf28f91afb14749d\"},\"breadcrumb\":{\"@id\":\"https:\/\/www.gaveanews.com\/index.php\/2021\/07\/14\/renato-estreia-no-fla-em-noite-de-reencontro-com-algoz-que-pressionou-ceni\/#breadcrumb\"},\"inLanguage\":\"pt-BR\",\"potentialAction\":[{\"@type\":\"ReadAction\",\"target\":[\"https:\/\/www.gaveanews.com\/index.php\/2021\/07\/14\/renato-estreia-no-fla-em-noite-de-reencontro-com-algoz-que-pressionou-ceni\/\"]}]},{\"@type\":\"ImageObject\",\"inLanguage\":\"pt-BR\",\"@id\":\"https:\/\/www.gaveanews.com\/index.php\/2021\/07\/14\/renato-estreia-no-fla-em-noite-de-reencontro-com-algoz-que-pressionou-ceni\/#primaryimage\",\"url\":\"https:\/\/www.gaveanews.com\/wp-content\/uploads\/Taca-da-Copa-Libertadores-da-America-no-gramado-do-estadio-do-Maracana.webp\",\"contentUrl\":\"https:\/\/www.gaveanews.com\/wp-content\/uploads\/Taca-da-Copa-Libertadores-da-America-no-gramado-do-estadio-do-Maracana.webp\",\"width\":1080,\"height\":1079,\"caption\":\"Ta\u00e7a da Copa Libertadores da Am\u00e9rica no gramado do est\u00e1dio do Maracan\u00e3 (Foto: Conmebol)\"},{\"@type\":\"BreadcrumbList\",\"@id\":\"https:\/\/www.gaveanews.com\/index.php\/2021\/07\/14\/renato-estreia-no-fla-em-noite-de-reencontro-com-algoz-que-pressionou-ceni\/#breadcrumb\",\"itemListElement\":[{\"@type\":\"ListItem\",\"position\":1,\"name\":\"Home\",\"item\":\"https:\/\/www.gaveanews.com\/\"},{\"@type\":\"ListItem\",\"position\":2,\"name\":\"Renato estreia no Fla em noite de reencontro com algoz que pressionou Ceni\"}]},{\"@type\":\"WebSite\",\"@id\":\"https:\/\/www.gaveanews.com\/#website\",\"url\":\"https:\/\/www.gaveanews.com\/\",\"name\":\"G\u00e1vea News\",\"description\":\"Veja todas as not\u00edcias sobre o Flamengo: Contrata\u00e7\u00f5es, categorias de base, resultados das partidas, tabela de classifica\u00e7\u00e3o, pr\u00f3ximos jogos!\",\"potentialAction\":[{\"@type\":\"SearchAction\",\"target\":{\"@type\":\"EntryPoint\",\"urlTemplate\":\"https:\/\/www.gaveanews.com\/?s={search_term_string}\"},\"query-input\":{\"@type\":\"PropertyValueSpecification\",\"valueRequired\":true,\"valueName\":\"search_term_string\"}}],\"inLanguage\":\"pt-BR\"},{\"@type\":\"Person\",\"@id\":\"https:\/\/www.gaveanews.com\/#\/schema\/person\/2ec14f73fb96be2caf28f91afb14749d\",\"name\":\"Equipe G\u00e1vea News\",\"image\":{\"@type\":\"ImageObject\",\"inLanguage\":\"pt-BR\",\"@id\":\"https:\/\/www.gaveanews.com\/#\/schema\/person\/image\/\",\"url\":\"https:\/\/secure.gravatar.com\/avatar\/1e1956f1facbffd3f8fa53a326721950116b3b9dc9bd44939c01180fd4a745a9?s=96&d=mm&r=g\",\"contentUrl\":\"https:\/\/secure.gravatar.com\/avatar\/1e1956f1facbffd3f8fa53a326721950116b3b9dc9bd44939c01180fd4a745a9?s=96&d=mm&r=g\",\"caption\":\"Equipe G\u00e1vea News\"}}]}<\/script>\n<!-- \/ Yoast SEO Premium plugin. -->","yoast_head_json":{"title":"Renato estreia no Fla em noite de reencontro com algoz que pressionou Ceni","robots":{"index":"index","follow":"follow","max-snippet":"max-snippet:-1","max-image-preview":"max-image-preview:large","max-video-preview":"max-video-preview:-1"},"canonical":"https:\/\/www.gaveanews.com\/index.php\/2021\/07\/14\/renato-estreia-no-fla-em-noite-de-reencontro-com-algoz-que-pressionou-ceni\/","og_locale":"pt_BR","og_type":"article","og_title":"Renato estreia no Fla em noite de reencontro com algoz que pressionou Ceni","og_description":"De cara nova no comando, o Flamengo de Renato Ga\u00facho encara hoje (14) o Defensa y Justicia (ARG), \u00e0s 21h30, no Est\u00e1dio Norberto Tomaghello, em jogo v\u00e1lido pelas oitavas de final da Libertadores. Do outro lado, os rubro-negros encaram os atuais campe\u00f5es da Copa Sul-Americana e da Recopa, e reencontram uma figura de lembran\u00e7as desagrad\u00e1veis [&hellip;]","og_url":"https:\/\/www.gaveanews.com\/index.php\/2021\/07\/14\/renato-estreia-no-fla-em-noite-de-reencontro-com-algoz-que-pressionou-ceni\/","og_site_name":"G\u00e1vea News","article_publisher":"https:\/\/facebook.com\/gaveaNews\/","article_published_time":"2021-07-14T13:33:42+00:00","article_modified_time":"2021-07-14T13:33:45+00:00","og_image":[{"width":1080,"height":1079,"url":"https:\/\/www.gaveanews.com\/wp-content\/uploads\/Taca-da-Copa-Libertadores-da-America-no-gramado-do-estadio-do-Maracana.webp","type":"image\/jpeg"}],"author":"Equipe G\u00e1vea News","twitter_card":"summary_large_image","twitter_misc":{"Escrito por":"Equipe G\u00e1vea News","Est. tempo de leitura":"3 minutos"},"schema":{"@context":"https:\/\/schema.org","@graph":[{"@type":"NewsArticle","@id":"https:\/\/www.gaveanews.com\/index.php\/2021\/07\/14\/renato-estreia-no-fla-em-noite-de-reencontro-com-algoz-que-pressionou-ceni\/#article","isPartOf":{"@id":"https:\/\/www.gaveanews.com\/index.php\/2021\/07\/14\/renato-estreia-no-fla-em-noite-de-reencontro-com-algoz-que-pressionou-ceni\/"},"author":{"name":"Equipe G\u00e1vea News","@id":"https:\/\/www.gaveanews.com\/#\/schema\/person\/2ec14f73fb96be2caf28f91afb14749d"},"headline":"Renato estreia no Fla em noite de reencontro com algoz que pressionou Ceni","datePublished":"2021-07-14T13:33:42+00:00","dateModified":"2021-07-14T13:33:45+00:00","mainEntityOfPage":{"@id":"https:\/\/www.gaveanews.com\/index.php\/2021\/07\/14\/renato-estreia-no-fla-em-noite-de-reencontro-com-algoz-que-pressionou-ceni\/"},"wordCount":525,"commentCount":5,"image":{"@id":"https:\/\/www.gaveanews.com\/index.php\/2021\/07\/14\/renato-estreia-no-fla-em-noite-de-reencontro-com-algoz-que-pressionou-ceni\/#primaryimage"},"thumbnailUrl":"https:\/\/www.gaveanews.com\/wp-content\/uploads\/Taca-da-Copa-Libertadores-da-America-no-gramado-do-estadio-do-Maracana.webp","articleSection":["Flamengo"],"inLanguage":"pt-BR","potentialAction":[{"@type":"CommentAction","name":"Comment","target":["https:\/\/www.gaveanews.com\/index.php\/2021\/07\/14\/renato-estreia-no-fla-em-noite-de-reencontro-com-algoz-que-pressionou-ceni\/#respond"]}],"copyrightYear":"2021","copyrightHolder":{"@id":"https:\/\/www.gaveanews.com\/#organization"}},{"@type":"WebPage","@id":"https:\/\/www.gaveanews.com\/index.php\/2021\/07\/14\/renato-estreia-no-fla-em-noite-de-reencontro-com-algoz-que-pressionou-ceni\/","url":"https:\/\/www.gaveanews.com\/index.php\/2021\/07\/14\/renato-estreia-no-fla-em-noite-de-reencontro-com-algoz-que-pressionou-ceni\/","name":"Renato estreia no Fla em noite de reencontro com algoz que pressionou Ceni","isPartOf":{"@id":"https:\/\/www.gaveanews.com\/#website"},"primaryImageOfPage":{"@id":"https:\/\/www.gaveanews.com\/index.php\/2021\/07\/14\/renato-estreia-no-fla-em-noite-de-reencontro-com-algoz-que-pressionou-ceni\/#primaryimage"},"image":{"@id":"https:\/\/www.gaveanews.com\/index.php\/2021\/07\/14\/renato-estreia-no-fla-em-noite-de-reencontro-com-algoz-que-pressionou-ceni\/#primaryimage"},"thumbnailUrl":"https:\/\/www.gaveanews.com\/wp-content\/uploads\/Taca-da-Copa-Libertadores-da-America-no-gramado-do-estadio-do-Maracana.webp","datePublished":"2021-07-14T13:33:42+00:00","dateModified":"2021-07-14T13:33:45+00:00","author":{"@id":"https:\/\/www.gaveanews.com\/#\/schema\/person\/2ec14f73fb96be2caf28f91afb14749d"},"breadcrumb":{"@id":"https:\/\/www.gaveanews.com\/index.php\/2021\/07\/14\/renato-estreia-no-fla-em-noite-de-reencontro-com-algoz-que-pressionou-ceni\/#breadcrumb"},"inLanguage":"pt-BR","potentialAction":[{"@type":"ReadAction","target":["https:\/\/www.gaveanews.com\/index.php\/2021\/07\/14\/renato-estreia-no-fla-em-noite-de-reencontro-com-algoz-que-pressionou-ceni\/"]}]},{"@type":"ImageObject","inLanguage":"pt-BR","@id":"https:\/\/www.gaveanews.com\/index.php\/2021\/07\/14\/renato-estreia-no-fla-em-noite-de-reencontro-com-algoz-que-pressionou-ceni\/#primaryimage","url":"https:\/\/www.gaveanews.com\/wp-content\/uploads\/Taca-da-Copa-Libertadores-da-America-no-gramado-do-estadio-do-Maracana.webp","contentUrl":"https:\/\/www.gaveanews.com\/wp-content\/uploads\/Taca-da-Copa-Libertadores-da-America-no-gramado-do-estadio-do-Maracana.webp","width":1080,"height":1079,"caption":"Ta\u00e7a da Copa Libertadores da Am\u00e9rica no gramado do est\u00e1dio do Maracan\u00e3 (Foto: Conmebol)"},{"@type":"BreadcrumbList","@id":"https:\/\/www.gaveanews.com\/index.php\/2021\/07\/14\/renato-estreia-no-fla-em-noite-de-reencontro-com-algoz-que-pressionou-ceni\/#breadcrumb","itemListElement":[{"@type":"ListItem","position":1,"name":"Home","item":"https:\/\/www.gaveanews.com\/"},{"@type":"ListItem","position":2,"name":"Renato estreia no Fla em noite de reencontro com algoz que pressionou Ceni"}]},{"@type":"WebSite","@id":"https:\/\/www.gaveanews.com\/#website","url":"https:\/\/www.gaveanews.com\/","name":"G\u00e1vea News","description":"Veja todas as not\u00edcias sobre o Flamengo: Contrata\u00e7\u00f5es, categorias de base, resultados das partidas, tabela de classifica\u00e7\u00e3o, pr\u00f3ximos jogos!","potentialAction":[{"@type":"SearchAction","target":{"@type":"EntryPoint","urlTemplate":"https:\/\/www.gaveanews.com\/?s={search_term_string}"},"query-input":{"@type":"PropertyValueSpecification","valueRequired":true,"valueName":"search_term_string"}}],"inLanguage":"pt-BR"},{"@type":"Person","@id":"https:\/\/www.gaveanews.com\/#\/schema\/person\/2ec14f73fb96be2caf28f91afb14749d","name":"Equipe G\u00e1vea News","image":{"@type":"ImageObject","inLanguage":"pt-BR","@id":"https:\/\/www.gaveanews.com\/#\/schema\/person\/image\/","url":"https:\/\/secure.gravatar.com\/avatar\/1e1956f1facbffd3f8fa53a326721950116b3b9dc9bd44939c01180fd4a745a9?s=96&d=mm&r=g","contentUrl":"https:\/\/secure.gravatar.com\/avatar\/1e1956f1facbffd3f8fa53a326721950116b3b9dc9bd44939c01180fd4a745a9?s=96&d=mm&r=g","caption":"Equipe G\u00e1vea News"}}]}},"_links":{"self":[{"href":"https:\/\/www.gaveanews.com\/index.php\/wp-json\/wp\/v2\/posts\/64427","targetHints":{"allow":["GET"]}}],"collection":[{"href":"https:\/\/www.gaveanews.com\/index.php\/wp-json\/wp\/v2\/posts"}],"about":[{"href":"https:\/\/www.gaveanews.com\/index.php\/wp-json\/wp\/v2\/types\/post"}],"author":[{"embeddable":true,"href":"https:\/\/www.gaveanews.com\/index.php\/wp-json\/wp\/v2\/users\/1"}],"replies":[{"embeddable":true,"href":"https:\/\/www.gaveanews.com\/index.php\/wp-json\/wp\/v2\/comments?post=64427"}],"version-history":[{"count":0,"href":"https:\/\/www.gaveanews.com\/index.php\/wp-json\/wp\/v2\/posts\/64427\/revisions"}],"wp:featuredmedia":[{"embeddable":true,"href":"https:\/\/www.gaveanews.com\/index.php\/wp-json\/wp\/v2\/media\/58305"}],"wp:attachment":[{"href":"https:\/\/www.gaveanews.com\/index.php\/wp-json\/wp\/v2\/media?parent=64427"}],"wp:term":[{"taxonomy":"category","embeddable":true,"href":"https:\/\/www.gaveanews.com\/index.php\/wp-json\/wp\/v2\/categories?post=64427"},{"taxonomy":"post_tag","embeddable":true,"href":"https:\/\/www.gaveanews.com\/index.php\/wp-json\/wp\/v2\/tags?post=64427"}],"curies":[{"name":"wp","href":"https:\/\/api.w.org\/{rel}","templated":true}]}}