{"id":64429,"date":"2021-07-14T14:07:11","date_gmt":"2021-07-14T17:07:11","guid":{"rendered":"https:\/\/www.gaveanews.com\/?p=64429"},"modified":"2021-07-14T14:07:14","modified_gmt":"2021-07-14T17:07:14","slug":"com-renato-gaucho-flamengo-muda-perfil-da-comissao-tecnica","status":"publish","type":"post","link":"https:\/\/www.gaveanews.com\/index.php\/2021\/07\/14\/com-renato-gaucho-flamengo-muda-perfil-da-comissao-tecnica\/","title":{"rendered":"Com Renato Ga\u00facho, Flamengo muda perfil da comiss\u00e3o t\u00e9cnica"},"content":{"rendered":"\n<p>A chegada de Renato Ga\u00facho ao Flamengo traz de volta um perfil de trabalho visto pela \u00faltima vez no clube com Abel Braga, primeiro treinador da atual gest\u00e3o, em 2019, e curiosamente plano B da diretoria, que priorizava Renato na ocasi\u00e3o. Desde ent\u00e3o, o Flamengo se acostumou com a importa\u00e7\u00e3o n\u00e3o s\u00f3 de treinadores, como de comiss\u00f5es t\u00e9cnicas inteiras.<\/p>\n\n\n\n<p>Com Rog\u00e9rio Ceni, t\u00e9cnico mais jovem e com inspira\u00e7\u00e3o europ\u00e9ia, s\u00f3 que barato, seguiu-se o mesmo estilo: al\u00e9m do treinador principal e um auxiliar, vieram preparador f\u00edsico e um analista de desempenho. Nada que se compare aos oito portugueses trazidos por Jorge Jesus.<\/p>\n\n\n\n<p>Renato e o seu fiel escudeiro Alexandre Mendes concentram, na dupla, todas as fun\u00e7\u00f5es distribu\u00eddas no futebol atual. O comandante \u00e9 o chefe em si, mas tem uma forma de lidar que parece igual\u00e1-lo aos pr\u00f3prios jogadores.<\/p>\n\n\n\n<p>A &#8220;boleiragem&#8221; ajuda a motivar e a conquistar rapidamente a confian\u00e7a do elenco. Com Alexandre Mendes fica a responsabilidade por pensar de forma mais detalhada os treinamentos e as quest\u00f5es t\u00e1ticas.<\/p>\n\n\n\n<p>No primeiro dia de Flamengo, isso se provou. Alexandre n\u00e3o saiu do lado de Renato. E falou bastante durante a atividade de campo. Renato conversou com os atletas e com os profissionais do clube &#8211; preparadores, massagistas, etc &#8211; com quem ficaram os demais trabalhos de campo. Fora das quatro linhas, as informa\u00e7\u00f5es foram buscas pelo t\u00e9cnico junto a dirigentes e ao ex-zagueiro Juan, uma esp\u00e9cie de gerente de futebol muito ligado aos atletas.<\/p>\n\n\n\n<p>A dupla Renato e Alexandre, que iniciou o trabalho no Fluminense, seguiu junta no Gr\u00eamio, onde teve o maior sucesso com a mesma receita. Depois Renato convidou Vitor Hugo para ser um segundo auxiliar. O profissional, que desta vez foi vetado pelo Flamengo, foi preparador de goleiros do clube antes de trabalhar com o t\u00e9cnico, e ficou marcado pela m\u00e1 fase de Alex Muralha.<\/p>\n\n\n\n<p>No Sul, Renato indicou ainda um preparador de goleiros auxiliar, que ficou no Gr\u00eamio depois de sua sa\u00edda. Por l\u00e1, a dupla Renato e Alexandre funcionava da mesma forma. Os coletivos eram comandados pelos dois ao mesmo tempo.<\/p>\n\n\n\n<p>A circunst\u00e2ncia financeira do Flamengo encaixou com esse tipo de trabalho do novo t\u00e9cnico. J\u00e1 que paga mais do que pagava a Ceni, o corte veio na comiss\u00e3o t\u00e9cnica. Por isso Maur\u00edcio Souza foi promovido do sub-20 e Marcelo Sales retornou. Ambos baratos.<\/p>\n\n\n\n<p>A chegada de Renato atende tamb\u00e9m a uma marca desse Flamengo. De ter uma diretoria que n\u00e3o interfere no trabalho dos treinadores diretamente. N\u00e3o acompanha de perto as decis\u00f5es t\u00e9cnicas e n\u00e3o interfere nas mesmas. Desde Abel Braga, n\u00e3o h\u00e1 espa\u00e7o para que os dirigentes criem rela\u00e7\u00e3o e intimidade para pedir explica\u00e7\u00f5es dos t\u00e9cnicos sobre o que ser\u00e1 trabalhado dentro das quatro linhas. O que abre espa\u00e7o para uma gest\u00e3o no in\u00edcio muito pr\u00f3xima, mas que com o passar do tempo deixar o treinador por conta de si mesmo. Renato lida muito bem com isso e tem perfil centralizador. Atua no contato com departamento m\u00e9dico, nas negocia\u00e7\u00f5es, e tem pulso para agir no vesti\u00e1rio.<\/p>\n\n\n\n<p>Retirado de: O Globo<\/p>\n","protected":false},"excerpt":{"rendered":"<p>A chegada de Renato Ga\u00facho ao Flamengo traz de volta um perfil de trabalho visto pela \u00faltima vez no clube com Abel Braga, primeiro treinador da atual gest\u00e3o, em 2019, e curiosamente plano B da diretoria, que priorizava Renato na ocasi\u00e3o. Desde ent\u00e3o, o Flamengo se acostumou com a importa\u00e7\u00e3o n\u00e3o s\u00f3 de treinadores, como [&hellip;]<\/p>\n","protected":false},"author":1,"featured_media":64405,"comment_status":"open","ping_status":"closed","sticky":false,"template":"","format":"standard","meta":{"footnotes":""},"categories":[1],"tags":[],"class_list":["post-64429","post","type-post","status-publish","format-standard","has-post-thumbnail","hentry","category-flamengo"],"yoast_head":"<!-- This site is optimized with the Yoast SEO Premium plugin v24.2 (Yoast SEO v26.9) - https:\/\/yoast.com\/product\/yoast-seo-premium-wordpress\/ -->\n<title>Com Renato Ga\u00facho, Flamengo muda perfil da comiss\u00e3o t\u00e9cnica<\/title>\n<meta name=\"robots\" content=\"index, follow, max-snippet:-1, max-image-preview:large, max-video-preview:-1\" \/>\n<link rel=\"canonical\" href=\"https:\/\/www.gaveanews.com\/index.php\/2021\/07\/14\/com-renato-gaucho-flamengo-muda-perfil-da-comissao-tecnica\/\" \/>\n<meta property=\"og:locale\" content=\"pt_BR\" \/>\n<meta property=\"og:type\" content=\"article\" \/>\n<meta property=\"og:title\" content=\"Com Renato Ga\u00facho, Flamengo muda perfil da comiss\u00e3o t\u00e9cnica\" \/>\n<meta property=\"og:description\" content=\"A chegada de Renato Ga\u00facho ao Flamengo traz de volta um perfil de trabalho visto pela \u00faltima vez no clube com Abel Braga, primeiro treinador da atual gest\u00e3o, em 2019, e curiosamente plano B da diretoria, que priorizava Renato na ocasi\u00e3o. Desde ent\u00e3o, o Flamengo se acostumou com a importa\u00e7\u00e3o n\u00e3o s\u00f3 de treinadores, como [&hellip;]\" \/>\n<meta property=\"og:url\" content=\"https:\/\/www.gaveanews.com\/index.php\/2021\/07\/14\/com-renato-gaucho-flamengo-muda-perfil-da-comissao-tecnica\/\" \/>\n<meta property=\"og:site_name\" content=\"G\u00e1vea News\" \/>\n<meta property=\"article:publisher\" content=\"https:\/\/facebook.com\/gaveaNews\/\" \/>\n<meta property=\"article:published_time\" content=\"2021-07-14T17:07:11+00:00\" \/>\n<meta property=\"article:modified_time\" content=\"2021-07-14T17:07:14+00:00\" \/>\n<meta property=\"og:image\" content=\"https:\/\/www.gaveanews.com\/wp-content\/uploads\/Renato-Gaucho-em-entrevista-coletiva-no-Ninho-do-Urubu.webp\" \/>\n\t<meta property=\"og:image:width\" content=\"799\" \/>\n\t<meta property=\"og:image:height\" content=\"532\" \/>\n\t<meta property=\"og:image:type\" content=\"image\/jpeg\" \/>\n<meta name=\"author\" content=\"Equipe G\u00e1vea News\" \/>\n<meta name=\"twitter:card\" content=\"summary_large_image\" \/>\n<meta name=\"twitter:label1\" content=\"Escrito por\" \/>\n\t<meta name=\"twitter:data1\" content=\"Equipe G\u00e1vea News\" \/>\n\t<meta name=\"twitter:label2\" content=\"Est. tempo de leitura\" \/>\n\t<meta name=\"twitter:data2\" content=\"3 minutos\" \/>\n<script type=\"application\/ld+json\" class=\"yoast-schema-graph\">{\"@context\":\"https:\/\/schema.org\",\"@graph\":[{\"@type\":\"NewsArticle\",\"@id\":\"https:\/\/www.gaveanews.com\/index.php\/2021\/07\/14\/com-renato-gaucho-flamengo-muda-perfil-da-comissao-tecnica\/#article\",\"isPartOf\":{\"@id\":\"https:\/\/www.gaveanews.com\/index.php\/2021\/07\/14\/com-renato-gaucho-flamengo-muda-perfil-da-comissao-tecnica\/\"},\"author\":{\"name\":\"Equipe G\u00e1vea News\",\"@id\":\"https:\/\/www.gaveanews.com\/#\/schema\/person\/2ec14f73fb96be2caf28f91afb14749d\"},\"headline\":\"Com Renato Ga\u00facho, Flamengo muda perfil da comiss\u00e3o t\u00e9cnica\",\"datePublished\":\"2021-07-14T17:07:11+00:00\",\"dateModified\":\"2021-07-14T17:07:14+00:00\",\"mainEntityOfPage\":{\"@id\":\"https:\/\/www.gaveanews.com\/index.php\/2021\/07\/14\/com-renato-gaucho-flamengo-muda-perfil-da-comissao-tecnica\/\"},\"wordCount\":569,\"commentCount\":7,\"image\":{\"@id\":\"https:\/\/www.gaveanews.com\/index.php\/2021\/07\/14\/com-renato-gaucho-flamengo-muda-perfil-da-comissao-tecnica\/#primaryimage\"},\"thumbnailUrl\":\"https:\/\/www.gaveanews.com\/wp-content\/uploads\/Renato-Gaucho-em-entrevista-coletiva-no-Ninho-do-Urubu.webp\",\"articleSection\":[\"Flamengo\"],\"inLanguage\":\"pt-BR\",\"potentialAction\":[{\"@type\":\"CommentAction\",\"name\":\"Comment\",\"target\":[\"https:\/\/www.gaveanews.com\/index.php\/2021\/07\/14\/com-renato-gaucho-flamengo-muda-perfil-da-comissao-tecnica\/#respond\"]}],\"copyrightYear\":\"2021\",\"copyrightHolder\":{\"@id\":\"https:\/\/www.gaveanews.com\/#organization\"}},{\"@type\":\"WebPage\",\"@id\":\"https:\/\/www.gaveanews.com\/index.php\/2021\/07\/14\/com-renato-gaucho-flamengo-muda-perfil-da-comissao-tecnica\/\",\"url\":\"https:\/\/www.gaveanews.com\/index.php\/2021\/07\/14\/com-renato-gaucho-flamengo-muda-perfil-da-comissao-tecnica\/\",\"name\":\"Com Renato Ga\u00facho, Flamengo muda perfil da comiss\u00e3o t\u00e9cnica\",\"isPartOf\":{\"@id\":\"https:\/\/www.gaveanews.com\/#website\"},\"primaryImageOfPage\":{\"@id\":\"https:\/\/www.gaveanews.com\/index.php\/2021\/07\/14\/com-renato-gaucho-flamengo-muda-perfil-da-comissao-tecnica\/#primaryimage\"},\"image\":{\"@id\":\"https:\/\/www.gaveanews.com\/index.php\/2021\/07\/14\/com-renato-gaucho-flamengo-muda-perfil-da-comissao-tecnica\/#primaryimage\"},\"thumbnailUrl\":\"https:\/\/www.gaveanews.com\/wp-content\/uploads\/Renato-Gaucho-em-entrevista-coletiva-no-Ninho-do-Urubu.webp\",\"datePublished\":\"2021-07-14T17:07:11+00:00\",\"dateModified\":\"2021-07-14T17:07:14+00:00\",\"author\":{\"@id\":\"https:\/\/www.gaveanews.com\/#\/schema\/person\/2ec14f73fb96be2caf28f91afb14749d\"},\"breadcrumb\":{\"@id\":\"https:\/\/www.gaveanews.com\/index.php\/2021\/07\/14\/com-renato-gaucho-flamengo-muda-perfil-da-comissao-tecnica\/#breadcrumb\"},\"inLanguage\":\"pt-BR\",\"potentialAction\":[{\"@type\":\"ReadAction\",\"target\":[\"https:\/\/www.gaveanews.com\/index.php\/2021\/07\/14\/com-renato-gaucho-flamengo-muda-perfil-da-comissao-tecnica\/\"]}]},{\"@type\":\"ImageObject\",\"inLanguage\":\"pt-BR\",\"@id\":\"https:\/\/www.gaveanews.com\/index.php\/2021\/07\/14\/com-renato-gaucho-flamengo-muda-perfil-da-comissao-tecnica\/#primaryimage\",\"url\":\"https:\/\/www.gaveanews.com\/wp-content\/uploads\/Renato-Gaucho-em-entrevista-coletiva-no-Ninho-do-Urubu.webp\",\"contentUrl\":\"https:\/\/www.gaveanews.com\/wp-content\/uploads\/Renato-Gaucho-em-entrevista-coletiva-no-Ninho-do-Urubu.webp\",\"width\":799,\"height\":532,\"caption\":\"Renato Ga\u00facho em entrevista coletiva no Ninho do Urubu (Foto: Alexandre Vidal\/Flamengo)\"},{\"@type\":\"BreadcrumbList\",\"@id\":\"https:\/\/www.gaveanews.com\/index.php\/2021\/07\/14\/com-renato-gaucho-flamengo-muda-perfil-da-comissao-tecnica\/#breadcrumb\",\"itemListElement\":[{\"@type\":\"ListItem\",\"position\":1,\"name\":\"Home\",\"item\":\"https:\/\/www.gaveanews.com\/\"},{\"@type\":\"ListItem\",\"position\":2,\"name\":\"Com Renato Ga\u00facho, Flamengo muda perfil da comiss\u00e3o t\u00e9cnica\"}]},{\"@type\":\"WebSite\",\"@id\":\"https:\/\/www.gaveanews.com\/#website\",\"url\":\"https:\/\/www.gaveanews.com\/\",\"name\":\"G\u00e1vea News\",\"description\":\"Veja todas as not\u00edcias sobre o Flamengo: Contrata\u00e7\u00f5es, categorias de base, resultados das partidas, tabela de classifica\u00e7\u00e3o, pr\u00f3ximos jogos!\",\"potentialAction\":[{\"@type\":\"SearchAction\",\"target\":{\"@type\":\"EntryPoint\",\"urlTemplate\":\"https:\/\/www.gaveanews.com\/?s={search_term_string}\"},\"query-input\":{\"@type\":\"PropertyValueSpecification\",\"valueRequired\":true,\"valueName\":\"search_term_string\"}}],\"inLanguage\":\"pt-BR\"},{\"@type\":\"Person\",\"@id\":\"https:\/\/www.gaveanews.com\/#\/schema\/person\/2ec14f73fb96be2caf28f91afb14749d\",\"name\":\"Equipe G\u00e1vea News\",\"image\":{\"@type\":\"ImageObject\",\"inLanguage\":\"pt-BR\",\"@id\":\"https:\/\/www.gaveanews.com\/#\/schema\/person\/image\/\",\"url\":\"https:\/\/secure.gravatar.com\/avatar\/1e1956f1facbffd3f8fa53a326721950116b3b9dc9bd44939c01180fd4a745a9?s=96&d=mm&r=g\",\"contentUrl\":\"https:\/\/secure.gravatar.com\/avatar\/1e1956f1facbffd3f8fa53a326721950116b3b9dc9bd44939c01180fd4a745a9?s=96&d=mm&r=g\",\"caption\":\"Equipe G\u00e1vea News\"}}]}<\/script>\n<!-- \/ Yoast SEO Premium plugin. -->","yoast_head_json":{"title":"Com Renato Ga\u00facho, Flamengo muda perfil da comiss\u00e3o t\u00e9cnica","robots":{"index":"index","follow":"follow","max-snippet":"max-snippet:-1","max-image-preview":"max-image-preview:large","max-video-preview":"max-video-preview:-1"},"canonical":"https:\/\/www.gaveanews.com\/index.php\/2021\/07\/14\/com-renato-gaucho-flamengo-muda-perfil-da-comissao-tecnica\/","og_locale":"pt_BR","og_type":"article","og_title":"Com Renato Ga\u00facho, Flamengo muda perfil da comiss\u00e3o t\u00e9cnica","og_description":"A chegada de Renato Ga\u00facho ao Flamengo traz de volta um perfil de trabalho visto pela \u00faltima vez no clube com Abel Braga, primeiro treinador da atual gest\u00e3o, em 2019, e curiosamente plano B da diretoria, que priorizava Renato na ocasi\u00e3o. Desde ent\u00e3o, o Flamengo se acostumou com a importa\u00e7\u00e3o n\u00e3o s\u00f3 de treinadores, como [&hellip;]","og_url":"https:\/\/www.gaveanews.com\/index.php\/2021\/07\/14\/com-renato-gaucho-flamengo-muda-perfil-da-comissao-tecnica\/","og_site_name":"G\u00e1vea News","article_publisher":"https:\/\/facebook.com\/gaveaNews\/","article_published_time":"2021-07-14T17:07:11+00:00","article_modified_time":"2021-07-14T17:07:14+00:00","og_image":[{"width":799,"height":532,"url":"https:\/\/www.gaveanews.com\/wp-content\/uploads\/Renato-Gaucho-em-entrevista-coletiva-no-Ninho-do-Urubu.webp","type":"image\/jpeg"}],"author":"Equipe G\u00e1vea News","twitter_card":"summary_large_image","twitter_misc":{"Escrito por":"Equipe G\u00e1vea News","Est. tempo de leitura":"3 minutos"},"schema":{"@context":"https:\/\/schema.org","@graph":[{"@type":"NewsArticle","@id":"https:\/\/www.gaveanews.com\/index.php\/2021\/07\/14\/com-renato-gaucho-flamengo-muda-perfil-da-comissao-tecnica\/#article","isPartOf":{"@id":"https:\/\/www.gaveanews.com\/index.php\/2021\/07\/14\/com-renato-gaucho-flamengo-muda-perfil-da-comissao-tecnica\/"},"author":{"name":"Equipe G\u00e1vea News","@id":"https:\/\/www.gaveanews.com\/#\/schema\/person\/2ec14f73fb96be2caf28f91afb14749d"},"headline":"Com Renato Ga\u00facho, Flamengo muda perfil da comiss\u00e3o t\u00e9cnica","datePublished":"2021-07-14T17:07:11+00:00","dateModified":"2021-07-14T17:07:14+00:00","mainEntityOfPage":{"@id":"https:\/\/www.gaveanews.com\/index.php\/2021\/07\/14\/com-renato-gaucho-flamengo-muda-perfil-da-comissao-tecnica\/"},"wordCount":569,"commentCount":7,"image":{"@id":"https:\/\/www.gaveanews.com\/index.php\/2021\/07\/14\/com-renato-gaucho-flamengo-muda-perfil-da-comissao-tecnica\/#primaryimage"},"thumbnailUrl":"https:\/\/www.gaveanews.com\/wp-content\/uploads\/Renato-Gaucho-em-entrevista-coletiva-no-Ninho-do-Urubu.webp","articleSection":["Flamengo"],"inLanguage":"pt-BR","potentialAction":[{"@type":"CommentAction","name":"Comment","target":["https:\/\/www.gaveanews.com\/index.php\/2021\/07\/14\/com-renato-gaucho-flamengo-muda-perfil-da-comissao-tecnica\/#respond"]}],"copyrightYear":"2021","copyrightHolder":{"@id":"https:\/\/www.gaveanews.com\/#organization"}},{"@type":"WebPage","@id":"https:\/\/www.gaveanews.com\/index.php\/2021\/07\/14\/com-renato-gaucho-flamengo-muda-perfil-da-comissao-tecnica\/","url":"https:\/\/www.gaveanews.com\/index.php\/2021\/07\/14\/com-renato-gaucho-flamengo-muda-perfil-da-comissao-tecnica\/","name":"Com Renato Ga\u00facho, Flamengo muda perfil da comiss\u00e3o t\u00e9cnica","isPartOf":{"@id":"https:\/\/www.gaveanews.com\/#website"},"primaryImageOfPage":{"@id":"https:\/\/www.gaveanews.com\/index.php\/2021\/07\/14\/com-renato-gaucho-flamengo-muda-perfil-da-comissao-tecnica\/#primaryimage"},"image":{"@id":"https:\/\/www.gaveanews.com\/index.php\/2021\/07\/14\/com-renato-gaucho-flamengo-muda-perfil-da-comissao-tecnica\/#primaryimage"},"thumbnailUrl":"https:\/\/www.gaveanews.com\/wp-content\/uploads\/Renato-Gaucho-em-entrevista-coletiva-no-Ninho-do-Urubu.webp","datePublished":"2021-07-14T17:07:11+00:00","dateModified":"2021-07-14T17:07:14+00:00","author":{"@id":"https:\/\/www.gaveanews.com\/#\/schema\/person\/2ec14f73fb96be2caf28f91afb14749d"},"breadcrumb":{"@id":"https:\/\/www.gaveanews.com\/index.php\/2021\/07\/14\/com-renato-gaucho-flamengo-muda-perfil-da-comissao-tecnica\/#breadcrumb"},"inLanguage":"pt-BR","potentialAction":[{"@type":"ReadAction","target":["https:\/\/www.gaveanews.com\/index.php\/2021\/07\/14\/com-renato-gaucho-flamengo-muda-perfil-da-comissao-tecnica\/"]}]},{"@type":"ImageObject","inLanguage":"pt-BR","@id":"https:\/\/www.gaveanews.com\/index.php\/2021\/07\/14\/com-renato-gaucho-flamengo-muda-perfil-da-comissao-tecnica\/#primaryimage","url":"https:\/\/www.gaveanews.com\/wp-content\/uploads\/Renato-Gaucho-em-entrevista-coletiva-no-Ninho-do-Urubu.webp","contentUrl":"https:\/\/www.gaveanews.com\/wp-content\/uploads\/Renato-Gaucho-em-entrevista-coletiva-no-Ninho-do-Urubu.webp","width":799,"height":532,"caption":"Renato Ga\u00facho em entrevista coletiva no Ninho do Urubu (Foto: Alexandre Vidal\/Flamengo)"},{"@type":"BreadcrumbList","@id":"https:\/\/www.gaveanews.com\/index.php\/2021\/07\/14\/com-renato-gaucho-flamengo-muda-perfil-da-comissao-tecnica\/#breadcrumb","itemListElement":[{"@type":"ListItem","position":1,"name":"Home","item":"https:\/\/www.gaveanews.com\/"},{"@type":"ListItem","position":2,"name":"Com Renato Ga\u00facho, Flamengo muda perfil da comiss\u00e3o t\u00e9cnica"}]},{"@type":"WebSite","@id":"https:\/\/www.gaveanews.com\/#website","url":"https:\/\/www.gaveanews.com\/","name":"G\u00e1vea News","description":"Veja todas as not\u00edcias sobre o Flamengo: Contrata\u00e7\u00f5es, categorias de base, resultados das partidas, tabela de classifica\u00e7\u00e3o, pr\u00f3ximos jogos!","potentialAction":[{"@type":"SearchAction","target":{"@type":"EntryPoint","urlTemplate":"https:\/\/www.gaveanews.com\/?s={search_term_string}"},"query-input":{"@type":"PropertyValueSpecification","valueRequired":true,"valueName":"search_term_string"}}],"inLanguage":"pt-BR"},{"@type":"Person","@id":"https:\/\/www.gaveanews.com\/#\/schema\/person\/2ec14f73fb96be2caf28f91afb14749d","name":"Equipe G\u00e1vea News","image":{"@type":"ImageObject","inLanguage":"pt-BR","@id":"https:\/\/www.gaveanews.com\/#\/schema\/person\/image\/","url":"https:\/\/secure.gravatar.com\/avatar\/1e1956f1facbffd3f8fa53a326721950116b3b9dc9bd44939c01180fd4a745a9?s=96&d=mm&r=g","contentUrl":"https:\/\/secure.gravatar.com\/avatar\/1e1956f1facbffd3f8fa53a326721950116b3b9dc9bd44939c01180fd4a745a9?s=96&d=mm&r=g","caption":"Equipe G\u00e1vea News"}}]}},"_links":{"self":[{"href":"https:\/\/www.gaveanews.com\/index.php\/wp-json\/wp\/v2\/posts\/64429","targetHints":{"allow":["GET"]}}],"collection":[{"href":"https:\/\/www.gaveanews.com\/index.php\/wp-json\/wp\/v2\/posts"}],"about":[{"href":"https:\/\/www.gaveanews.com\/index.php\/wp-json\/wp\/v2\/types\/post"}],"author":[{"embeddable":true,"href":"https:\/\/www.gaveanews.com\/index.php\/wp-json\/wp\/v2\/users\/1"}],"replies":[{"embeddable":true,"href":"https:\/\/www.gaveanews.com\/index.php\/wp-json\/wp\/v2\/comments?post=64429"}],"version-history":[{"count":0,"href":"https:\/\/www.gaveanews.com\/index.php\/wp-json\/wp\/v2\/posts\/64429\/revisions"}],"wp:featuredmedia":[{"embeddable":true,"href":"https:\/\/www.gaveanews.com\/index.php\/wp-json\/wp\/v2\/media\/64405"}],"wp:attachment":[{"href":"https:\/\/www.gaveanews.com\/index.php\/wp-json\/wp\/v2\/media?parent=64429"}],"wp:term":[{"taxonomy":"category","embeddable":true,"href":"https:\/\/www.gaveanews.com\/index.php\/wp-json\/wp\/v2\/categories?post=64429"},{"taxonomy":"post_tag","embeddable":true,"href":"https:\/\/www.gaveanews.com\/index.php\/wp-json\/wp\/v2\/tags?post=64429"}],"curies":[{"name":"wp","href":"https:\/\/api.w.org\/{rel}","templated":true}]}}