{"id":64450,"date":"2021-07-14T20:22:36","date_gmt":"2021-07-14T23:22:36","guid":{"rendered":"https:\/\/www.gaveanews.com\/?p=64450"},"modified":"2021-07-14T20:22:38","modified_gmt":"2021-07-14T23:22:38","slug":"flamengo-esta-otimista-em-relacao-a-seu-primeiro-reforco","status":"publish","type":"post","link":"https:\/\/www.gaveanews.com\/index.php\/2021\/07\/14\/flamengo-esta-otimista-em-relacao-a-seu-primeiro-reforco\/","title":{"rendered":"Flamengo est\u00e1 otimista em rela\u00e7\u00e3o a seu primeiro refor\u00e7o"},"content":{"rendered":"\n<p>O Flamengo exerce a paci\u00eancia, mas renova o otimismo na negocia\u00e7\u00e3o para ter Thiago Mendes como refor\u00e7o para o restante da temporada. O Lyon sinalizou positivamente para o desejo rubro-negro de ter o jogador por empr\u00e9stimo de um ano e as partes avan\u00e7am nas condi\u00e7\u00f5es. O volante j\u00e1 manifestou aos franceses que quer defender o clube.<\/p>\n\n\n\n<p>O Flamengo apresentou no \u00faltimo s\u00e1bado uma proposta oficial pelo cess\u00e3o com op\u00e7\u00e3o de compra ap\u00f3s um ano. J\u00e1 o Lyon quer que a cl\u00e1usula seja com obrigatoriedade de negocia\u00e7\u00e3o em definitivo mediante metas atingidas por Mendes no per\u00edodo. Estes s\u00e3o os gatilhos de contrato debatidos entre as partes.<\/p>\n\n\n\n<p>H\u00e1 otimismo no acerto, mas o Flamengo entende que ser\u00e1 necess\u00e1rio ter paci\u00eancia, principalmente pelo fato de a janela de transfer\u00eancias na Europa ainda estar em est\u00e1gio inicial. Diretor esportivo do Lyon, Juninho Pernambucano \u00e9 quem negocia com o empres\u00e1rio do jogador, Paulo Pitombeira, e com o diretor de futebol rubro-negro, Bruno Spindel.<\/p>\n\n\n\n<p>Nesta quarta-feira, a esposa do volante, Kelly Mendes, fez postagens indicando uma mudan\u00e7a e deixou a torcida rubro-negra em polvorosa. Thiago e fam\u00edlia j\u00e1 decidiram que voltar ao Brasil para defender o Flamengo \u00e9 o melhor para carreira no momento.<\/p>\n\n\n\n<p>Com um primeiro sinal positivo do Lyon, o Flamengo tamb\u00e9m aguarda uma resposta do Chelsea por Kenedy. O atacante retornou a Londres no \u00faltimo fim de semana e est\u00e1 em quarentena para iniciar os treinamentos de pr\u00e9-temporada. As duas negocia\u00e7\u00f5es seguem os mesmos moldes.<\/p>\n\n\n\n<p>Retirado de: Globo Esporte<\/p>\n","protected":false},"excerpt":{"rendered":"<p>O Flamengo exerce a paci\u00eancia, mas renova o otimismo na negocia\u00e7\u00e3o para ter Thiago Mendes como refor\u00e7o para o restante da temporada. O Lyon sinalizou positivamente para o desejo rubro-negro de ter o jogador por empr\u00e9stimo de um ano e as partes avan\u00e7am nas condi\u00e7\u00f5es. O volante j\u00e1 manifestou aos franceses que quer defender o [&hellip;]<\/p>\n","protected":false},"author":1,"featured_media":63968,"comment_status":"open","ping_status":"closed","sticky":false,"template":"","format":"standard","meta":{"footnotes":""},"categories":[48],"tags":[],"class_list":["post-64450","post","type-post","status-publish","format-standard","has-post-thumbnail","hentry","category-negociacoes"],"yoast_head":"<!-- This site is optimized with the Yoast SEO Premium plugin v24.2 (Yoast SEO v26.9) - https:\/\/yoast.com\/product\/yoast-seo-premium-wordpress\/ -->\n<title>Flamengo est\u00e1 otimista em rela\u00e7\u00e3o a seu primeiro refor\u00e7o<\/title>\n<meta name=\"robots\" content=\"index, follow, max-snippet:-1, max-image-preview:large, max-video-preview:-1\" \/>\n<link rel=\"canonical\" href=\"https:\/\/www.gaveanews.com\/index.php\/2021\/07\/14\/flamengo-esta-otimista-em-relacao-a-seu-primeiro-reforco\/\" \/>\n<meta property=\"og:locale\" content=\"pt_BR\" \/>\n<meta property=\"og:type\" content=\"article\" \/>\n<meta property=\"og:title\" content=\"Flamengo est\u00e1 otimista em rela\u00e7\u00e3o a seu primeiro refor\u00e7o\" \/>\n<meta property=\"og:description\" content=\"O Flamengo exerce a paci\u00eancia, mas renova o otimismo na negocia\u00e7\u00e3o para ter Thiago Mendes como refor\u00e7o para o restante da temporada. O Lyon sinalizou positivamente para o desejo rubro-negro de ter o jogador por empr\u00e9stimo de um ano e as partes avan\u00e7am nas condi\u00e7\u00f5es. O volante j\u00e1 manifestou aos franceses que quer defender o [&hellip;]\" \/>\n<meta property=\"og:url\" content=\"https:\/\/www.gaveanews.com\/index.php\/2021\/07\/14\/flamengo-esta-otimista-em-relacao-a-seu-primeiro-reforco\/\" \/>\n<meta property=\"og:site_name\" content=\"G\u00e1vea News\" \/>\n<meta property=\"article:publisher\" content=\"https:\/\/facebook.com\/gaveaNews\/\" \/>\n<meta property=\"article:published_time\" content=\"2021-07-14T23:22:36+00:00\" \/>\n<meta property=\"article:modified_time\" content=\"2021-07-14T23:22:38+00:00\" \/>\n<meta property=\"og:image\" content=\"https:\/\/www.gaveanews.com\/wp-content\/uploads\/Thiago-Mendes-em-acao-durante-um-jogo-do-Lyon.webp\" \/>\n\t<meta property=\"og:image:width\" content=\"1080\" \/>\n\t<meta property=\"og:image:height\" content=\"1080\" \/>\n\t<meta property=\"og:image:type\" content=\"image\/jpeg\" \/>\n<meta name=\"author\" content=\"Equipe G\u00e1vea News\" \/>\n<meta name=\"twitter:card\" content=\"summary_large_image\" \/>\n<meta name=\"twitter:label1\" content=\"Escrito por\" \/>\n\t<meta name=\"twitter:data1\" content=\"Equipe G\u00e1vea News\" \/>\n\t<meta name=\"twitter:label2\" content=\"Est. tempo de leitura\" \/>\n\t<meta name=\"twitter:data2\" content=\"2 minutos\" \/>\n<script type=\"application\/ld+json\" class=\"yoast-schema-graph\">{\"@context\":\"https:\/\/schema.org\",\"@graph\":[{\"@type\":\"NewsArticle\",\"@id\":\"https:\/\/www.gaveanews.com\/index.php\/2021\/07\/14\/flamengo-esta-otimista-em-relacao-a-seu-primeiro-reforco\/#article\",\"isPartOf\":{\"@id\":\"https:\/\/www.gaveanews.com\/index.php\/2021\/07\/14\/flamengo-esta-otimista-em-relacao-a-seu-primeiro-reforco\/\"},\"author\":{\"name\":\"Equipe G\u00e1vea News\",\"@id\":\"https:\/\/www.gaveanews.com\/#\/schema\/person\/2ec14f73fb96be2caf28f91afb14749d\"},\"headline\":\"Flamengo est\u00e1 otimista em rela\u00e7\u00e3o a seu primeiro refor\u00e7o\",\"datePublished\":\"2021-07-14T23:22:36+00:00\",\"dateModified\":\"2021-07-14T23:22:38+00:00\",\"mainEntityOfPage\":{\"@id\":\"https:\/\/www.gaveanews.com\/index.php\/2021\/07\/14\/flamengo-esta-otimista-em-relacao-a-seu-primeiro-reforco\/\"},\"wordCount\":279,\"commentCount\":9,\"image\":{\"@id\":\"https:\/\/www.gaveanews.com\/index.php\/2021\/07\/14\/flamengo-esta-otimista-em-relacao-a-seu-primeiro-reforco\/#primaryimage\"},\"thumbnailUrl\":\"https:\/\/www.gaveanews.com\/wp-content\/uploads\/Thiago-Mendes-em-acao-durante-um-jogo-do-Lyon.webp\",\"articleSection\":[\"Negocia\u00e7\u00f5es\"],\"inLanguage\":\"pt-BR\",\"potentialAction\":[{\"@type\":\"CommentAction\",\"name\":\"Comment\",\"target\":[\"https:\/\/www.gaveanews.com\/index.php\/2021\/07\/14\/flamengo-esta-otimista-em-relacao-a-seu-primeiro-reforco\/#respond\"]}],\"copyrightYear\":\"2021\",\"copyrightHolder\":{\"@id\":\"https:\/\/www.gaveanews.com\/#organization\"}},{\"@type\":\"WebPage\",\"@id\":\"https:\/\/www.gaveanews.com\/index.php\/2021\/07\/14\/flamengo-esta-otimista-em-relacao-a-seu-primeiro-reforco\/\",\"url\":\"https:\/\/www.gaveanews.com\/index.php\/2021\/07\/14\/flamengo-esta-otimista-em-relacao-a-seu-primeiro-reforco\/\",\"name\":\"Flamengo est\u00e1 otimista em rela\u00e7\u00e3o a seu primeiro refor\u00e7o\",\"isPartOf\":{\"@id\":\"https:\/\/www.gaveanews.com\/#website\"},\"primaryImageOfPage\":{\"@id\":\"https:\/\/www.gaveanews.com\/index.php\/2021\/07\/14\/flamengo-esta-otimista-em-relacao-a-seu-primeiro-reforco\/#primaryimage\"},\"image\":{\"@id\":\"https:\/\/www.gaveanews.com\/index.php\/2021\/07\/14\/flamengo-esta-otimista-em-relacao-a-seu-primeiro-reforco\/#primaryimage\"},\"thumbnailUrl\":\"https:\/\/www.gaveanews.com\/wp-content\/uploads\/Thiago-Mendes-em-acao-durante-um-jogo-do-Lyon.webp\",\"datePublished\":\"2021-07-14T23:22:36+00:00\",\"dateModified\":\"2021-07-14T23:22:38+00:00\",\"author\":{\"@id\":\"https:\/\/www.gaveanews.com\/#\/schema\/person\/2ec14f73fb96be2caf28f91afb14749d\"},\"breadcrumb\":{\"@id\":\"https:\/\/www.gaveanews.com\/index.php\/2021\/07\/14\/flamengo-esta-otimista-em-relacao-a-seu-primeiro-reforco\/#breadcrumb\"},\"inLanguage\":\"pt-BR\",\"potentialAction\":[{\"@type\":\"ReadAction\",\"target\":[\"https:\/\/www.gaveanews.com\/index.php\/2021\/07\/14\/flamengo-esta-otimista-em-relacao-a-seu-primeiro-reforco\/\"]}]},{\"@type\":\"ImageObject\",\"inLanguage\":\"pt-BR\",\"@id\":\"https:\/\/www.gaveanews.com\/index.php\/2021\/07\/14\/flamengo-esta-otimista-em-relacao-a-seu-primeiro-reforco\/#primaryimage\",\"url\":\"https:\/\/www.gaveanews.com\/wp-content\/uploads\/Thiago-Mendes-em-acao-durante-um-jogo-do-Lyon.webp\",\"contentUrl\":\"https:\/\/www.gaveanews.com\/wp-content\/uploads\/Thiago-Mendes-em-acao-durante-um-jogo-do-Lyon.webp\",\"width\":1080,\"height\":1080,\"caption\":\"Thiago Mendes em a\u00e7\u00e3o durante um jogo do Lyon (Foto: Divulga\u00e7\u00e3o)\"},{\"@type\":\"BreadcrumbList\",\"@id\":\"https:\/\/www.gaveanews.com\/index.php\/2021\/07\/14\/flamengo-esta-otimista-em-relacao-a-seu-primeiro-reforco\/#breadcrumb\",\"itemListElement\":[{\"@type\":\"ListItem\",\"position\":1,\"name\":\"Home\",\"item\":\"https:\/\/www.gaveanews.com\/\"},{\"@type\":\"ListItem\",\"position\":2,\"name\":\"Flamengo est\u00e1 otimista em rela\u00e7\u00e3o a seu primeiro refor\u00e7o\"}]},{\"@type\":\"WebSite\",\"@id\":\"https:\/\/www.gaveanews.com\/#website\",\"url\":\"https:\/\/www.gaveanews.com\/\",\"name\":\"G\u00e1vea News\",\"description\":\"Veja todas as not\u00edcias sobre o Flamengo: Contrata\u00e7\u00f5es, categorias de base, resultados das partidas, tabela de classifica\u00e7\u00e3o, pr\u00f3ximos jogos!\",\"potentialAction\":[{\"@type\":\"SearchAction\",\"target\":{\"@type\":\"EntryPoint\",\"urlTemplate\":\"https:\/\/www.gaveanews.com\/?s={search_term_string}\"},\"query-input\":{\"@type\":\"PropertyValueSpecification\",\"valueRequired\":true,\"valueName\":\"search_term_string\"}}],\"inLanguage\":\"pt-BR\"},{\"@type\":\"Person\",\"@id\":\"https:\/\/www.gaveanews.com\/#\/schema\/person\/2ec14f73fb96be2caf28f91afb14749d\",\"name\":\"Equipe G\u00e1vea News\",\"image\":{\"@type\":\"ImageObject\",\"inLanguage\":\"pt-BR\",\"@id\":\"https:\/\/www.gaveanews.com\/#\/schema\/person\/image\/\",\"url\":\"https:\/\/secure.gravatar.com\/avatar\/1e1956f1facbffd3f8fa53a326721950116b3b9dc9bd44939c01180fd4a745a9?s=96&d=mm&r=g\",\"contentUrl\":\"https:\/\/secure.gravatar.com\/avatar\/1e1956f1facbffd3f8fa53a326721950116b3b9dc9bd44939c01180fd4a745a9?s=96&d=mm&r=g\",\"caption\":\"Equipe G\u00e1vea News\"}}]}<\/script>\n<!-- \/ Yoast SEO Premium plugin. -->","yoast_head_json":{"title":"Flamengo est\u00e1 otimista em rela\u00e7\u00e3o a seu primeiro refor\u00e7o","robots":{"index":"index","follow":"follow","max-snippet":"max-snippet:-1","max-image-preview":"max-image-preview:large","max-video-preview":"max-video-preview:-1"},"canonical":"https:\/\/www.gaveanews.com\/index.php\/2021\/07\/14\/flamengo-esta-otimista-em-relacao-a-seu-primeiro-reforco\/","og_locale":"pt_BR","og_type":"article","og_title":"Flamengo est\u00e1 otimista em rela\u00e7\u00e3o a seu primeiro refor\u00e7o","og_description":"O Flamengo exerce a paci\u00eancia, mas renova o otimismo na negocia\u00e7\u00e3o para ter Thiago Mendes como refor\u00e7o para o restante da temporada. O Lyon sinalizou positivamente para o desejo rubro-negro de ter o jogador por empr\u00e9stimo de um ano e as partes avan\u00e7am nas condi\u00e7\u00f5es. O volante j\u00e1 manifestou aos franceses que quer defender o [&hellip;]","og_url":"https:\/\/www.gaveanews.com\/index.php\/2021\/07\/14\/flamengo-esta-otimista-em-relacao-a-seu-primeiro-reforco\/","og_site_name":"G\u00e1vea News","article_publisher":"https:\/\/facebook.com\/gaveaNews\/","article_published_time":"2021-07-14T23:22:36+00:00","article_modified_time":"2021-07-14T23:22:38+00:00","og_image":[{"width":1080,"height":1080,"url":"https:\/\/www.gaveanews.com\/wp-content\/uploads\/Thiago-Mendes-em-acao-durante-um-jogo-do-Lyon.webp","type":"image\/jpeg"}],"author":"Equipe G\u00e1vea News","twitter_card":"summary_large_image","twitter_misc":{"Escrito por":"Equipe G\u00e1vea News","Est. tempo de leitura":"2 minutos"},"schema":{"@context":"https:\/\/schema.org","@graph":[{"@type":"NewsArticle","@id":"https:\/\/www.gaveanews.com\/index.php\/2021\/07\/14\/flamengo-esta-otimista-em-relacao-a-seu-primeiro-reforco\/#article","isPartOf":{"@id":"https:\/\/www.gaveanews.com\/index.php\/2021\/07\/14\/flamengo-esta-otimista-em-relacao-a-seu-primeiro-reforco\/"},"author":{"name":"Equipe G\u00e1vea News","@id":"https:\/\/www.gaveanews.com\/#\/schema\/person\/2ec14f73fb96be2caf28f91afb14749d"},"headline":"Flamengo est\u00e1 otimista em rela\u00e7\u00e3o a seu primeiro refor\u00e7o","datePublished":"2021-07-14T23:22:36+00:00","dateModified":"2021-07-14T23:22:38+00:00","mainEntityOfPage":{"@id":"https:\/\/www.gaveanews.com\/index.php\/2021\/07\/14\/flamengo-esta-otimista-em-relacao-a-seu-primeiro-reforco\/"},"wordCount":279,"commentCount":9,"image":{"@id":"https:\/\/www.gaveanews.com\/index.php\/2021\/07\/14\/flamengo-esta-otimista-em-relacao-a-seu-primeiro-reforco\/#primaryimage"},"thumbnailUrl":"https:\/\/www.gaveanews.com\/wp-content\/uploads\/Thiago-Mendes-em-acao-durante-um-jogo-do-Lyon.webp","articleSection":["Negocia\u00e7\u00f5es"],"inLanguage":"pt-BR","potentialAction":[{"@type":"CommentAction","name":"Comment","target":["https:\/\/www.gaveanews.com\/index.php\/2021\/07\/14\/flamengo-esta-otimista-em-relacao-a-seu-primeiro-reforco\/#respond"]}],"copyrightYear":"2021","copyrightHolder":{"@id":"https:\/\/www.gaveanews.com\/#organization"}},{"@type":"WebPage","@id":"https:\/\/www.gaveanews.com\/index.php\/2021\/07\/14\/flamengo-esta-otimista-em-relacao-a-seu-primeiro-reforco\/","url":"https:\/\/www.gaveanews.com\/index.php\/2021\/07\/14\/flamengo-esta-otimista-em-relacao-a-seu-primeiro-reforco\/","name":"Flamengo est\u00e1 otimista em rela\u00e7\u00e3o a seu primeiro refor\u00e7o","isPartOf":{"@id":"https:\/\/www.gaveanews.com\/#website"},"primaryImageOfPage":{"@id":"https:\/\/www.gaveanews.com\/index.php\/2021\/07\/14\/flamengo-esta-otimista-em-relacao-a-seu-primeiro-reforco\/#primaryimage"},"image":{"@id":"https:\/\/www.gaveanews.com\/index.php\/2021\/07\/14\/flamengo-esta-otimista-em-relacao-a-seu-primeiro-reforco\/#primaryimage"},"thumbnailUrl":"https:\/\/www.gaveanews.com\/wp-content\/uploads\/Thiago-Mendes-em-acao-durante-um-jogo-do-Lyon.webp","datePublished":"2021-07-14T23:22:36+00:00","dateModified":"2021-07-14T23:22:38+00:00","author":{"@id":"https:\/\/www.gaveanews.com\/#\/schema\/person\/2ec14f73fb96be2caf28f91afb14749d"},"breadcrumb":{"@id":"https:\/\/www.gaveanews.com\/index.php\/2021\/07\/14\/flamengo-esta-otimista-em-relacao-a-seu-primeiro-reforco\/#breadcrumb"},"inLanguage":"pt-BR","potentialAction":[{"@type":"ReadAction","target":["https:\/\/www.gaveanews.com\/index.php\/2021\/07\/14\/flamengo-esta-otimista-em-relacao-a-seu-primeiro-reforco\/"]}]},{"@type":"ImageObject","inLanguage":"pt-BR","@id":"https:\/\/www.gaveanews.com\/index.php\/2021\/07\/14\/flamengo-esta-otimista-em-relacao-a-seu-primeiro-reforco\/#primaryimage","url":"https:\/\/www.gaveanews.com\/wp-content\/uploads\/Thiago-Mendes-em-acao-durante-um-jogo-do-Lyon.webp","contentUrl":"https:\/\/www.gaveanews.com\/wp-content\/uploads\/Thiago-Mendes-em-acao-durante-um-jogo-do-Lyon.webp","width":1080,"height":1080,"caption":"Thiago Mendes em a\u00e7\u00e3o durante um jogo do Lyon (Foto: Divulga\u00e7\u00e3o)"},{"@type":"BreadcrumbList","@id":"https:\/\/www.gaveanews.com\/index.php\/2021\/07\/14\/flamengo-esta-otimista-em-relacao-a-seu-primeiro-reforco\/#breadcrumb","itemListElement":[{"@type":"ListItem","position":1,"name":"Home","item":"https:\/\/www.gaveanews.com\/"},{"@type":"ListItem","position":2,"name":"Flamengo est\u00e1 otimista em rela\u00e7\u00e3o a seu primeiro refor\u00e7o"}]},{"@type":"WebSite","@id":"https:\/\/www.gaveanews.com\/#website","url":"https:\/\/www.gaveanews.com\/","name":"G\u00e1vea News","description":"Veja todas as not\u00edcias sobre o Flamengo: Contrata\u00e7\u00f5es, categorias de base, resultados das partidas, tabela de classifica\u00e7\u00e3o, pr\u00f3ximos jogos!","potentialAction":[{"@type":"SearchAction","target":{"@type":"EntryPoint","urlTemplate":"https:\/\/www.gaveanews.com\/?s={search_term_string}"},"query-input":{"@type":"PropertyValueSpecification","valueRequired":true,"valueName":"search_term_string"}}],"inLanguage":"pt-BR"},{"@type":"Person","@id":"https:\/\/www.gaveanews.com\/#\/schema\/person\/2ec14f73fb96be2caf28f91afb14749d","name":"Equipe G\u00e1vea News","image":{"@type":"ImageObject","inLanguage":"pt-BR","@id":"https:\/\/www.gaveanews.com\/#\/schema\/person\/image\/","url":"https:\/\/secure.gravatar.com\/avatar\/1e1956f1facbffd3f8fa53a326721950116b3b9dc9bd44939c01180fd4a745a9?s=96&d=mm&r=g","contentUrl":"https:\/\/secure.gravatar.com\/avatar\/1e1956f1facbffd3f8fa53a326721950116b3b9dc9bd44939c01180fd4a745a9?s=96&d=mm&r=g","caption":"Equipe G\u00e1vea News"}}]}},"_links":{"self":[{"href":"https:\/\/www.gaveanews.com\/index.php\/wp-json\/wp\/v2\/posts\/64450","targetHints":{"allow":["GET"]}}],"collection":[{"href":"https:\/\/www.gaveanews.com\/index.php\/wp-json\/wp\/v2\/posts"}],"about":[{"href":"https:\/\/www.gaveanews.com\/index.php\/wp-json\/wp\/v2\/types\/post"}],"author":[{"embeddable":true,"href":"https:\/\/www.gaveanews.com\/index.php\/wp-json\/wp\/v2\/users\/1"}],"replies":[{"embeddable":true,"href":"https:\/\/www.gaveanews.com\/index.php\/wp-json\/wp\/v2\/comments?post=64450"}],"version-history":[{"count":0,"href":"https:\/\/www.gaveanews.com\/index.php\/wp-json\/wp\/v2\/posts\/64450\/revisions"}],"wp:featuredmedia":[{"embeddable":true,"href":"https:\/\/www.gaveanews.com\/index.php\/wp-json\/wp\/v2\/media\/63968"}],"wp:attachment":[{"href":"https:\/\/www.gaveanews.com\/index.php\/wp-json\/wp\/v2\/media?parent=64450"}],"wp:term":[{"taxonomy":"category","embeddable":true,"href":"https:\/\/www.gaveanews.com\/index.php\/wp-json\/wp\/v2\/categories?post=64450"},{"taxonomy":"post_tag","embeddable":true,"href":"https:\/\/www.gaveanews.com\/index.php\/wp-json\/wp\/v2\/tags?post=64450"}],"curies":[{"name":"wp","href":"https:\/\/api.w.org\/{rel}","templated":true}]}}