{"id":64457,"date":"2021-07-15T00:00:58","date_gmt":"2021-07-15T03:00:58","guid":{"rendered":"https:\/\/www.gaveanews.com\/?p=64457"},"modified":"2021-07-15T00:01:01","modified_gmt":"2021-07-15T03:01:01","slug":"michael-pede-concentracao-ao-flamengo-por-vaga-tudo-pode-acontecer","status":"publish","type":"post","link":"https:\/\/www.gaveanews.com\/index.php\/2021\/07\/15\/michael-pede-concentracao-ao-flamengo-por-vaga-tudo-pode-acontecer\/","title":{"rendered":"Michael pede concentra\u00e7\u00e3o ao Flamengo por vaga: &#8220;Tudo pode acontecer&#8221;"},"content":{"rendered":"\n<p>Ap\u00f3s a vit\u00f3ria por 1 a 0 sobre o Defensa y Justicia, Michael, autor do gol do Flamengo no confronto pelas oitavas da Libertadores, falou sobre o jogo no Est\u00e1dio Norberto Tomaghello.<\/p>\n\n\n\n<p>O atacante disse que o Fla fez um bom jogo em Florencio Varela, mas pediu concentra\u00e7\u00e3o na volta para que os rubro-negros carimbem o passaporte rumo \u00e0s quartas de final.<\/p>\n\n\n\n<p><strong><em>\u2014 Nossa equipe jogou bem, criamos grandes chances e soubemos entender o jogo. Importante foi sair daqui com a vit\u00f3ria e ficar na frente para a pr\u00f3xima partida<\/em><\/strong>, disse ele, que completou:<\/p>\n\n\n\n<p><strong><em>\u2014 Jogar aqui \u00e9 dif\u00edcil, mas vamos para o Brasil com a vantagem e isso \u00e9 bom, N\u00e3o podemos nos acomodar, tudo pode acontecer.<\/em><\/strong><\/p>\n\n\n\n<p>Com o resultado, os rubro-negros jogam por um empate para seguirem para as quartas de final. O duelo decisivo ser\u00e1 na pr\u00f3xima quarta-feira (21), \u00e0s 21h30, e deve ser disputado no Man\u00e9 Garrincha.<\/p>\n\n\n\n<p>Retirado de: UOL<\/p>\n","protected":false},"excerpt":{"rendered":"<p>Ap\u00f3s a vit\u00f3ria por 1 a 0 sobre o Defensa y Justicia, Michael, autor do gol do Flamengo no confronto pelas oitavas da Libertadores, falou sobre o jogo no Est\u00e1dio Norberto Tomaghello. O atacante disse que o Fla fez um bom jogo em Florencio Varela, mas pediu concentra\u00e7\u00e3o na volta para que os rubro-negros carimbem [&hellip;]<\/p>\n","protected":false},"author":1,"featured_media":64458,"comment_status":"open","ping_status":"closed","sticky":false,"template":"","format":"standard","meta":{"footnotes":""},"categories":[47],"tags":[],"class_list":["post-64457","post","type-post","status-publish","format-standard","has-post-thumbnail","hentry","category-destaques"],"yoast_head":"<!-- This site is optimized with the Yoast SEO Premium plugin v24.2 (Yoast SEO v26.9) - https:\/\/yoast.com\/product\/yoast-seo-premium-wordpress\/ -->\n<title>Michael pede concentra\u00e7\u00e3o ao Flamengo por vaga: &quot;Tudo pode acontecer&quot;<\/title>\n<meta name=\"robots\" content=\"index, follow, max-snippet:-1, max-image-preview:large, max-video-preview:-1\" \/>\n<link rel=\"canonical\" href=\"https:\/\/www.gaveanews.com\/index.php\/2021\/07\/15\/michael-pede-concentracao-ao-flamengo-por-vaga-tudo-pode-acontecer\/\" \/>\n<meta property=\"og:locale\" content=\"pt_BR\" \/>\n<meta property=\"og:type\" content=\"article\" \/>\n<meta property=\"og:title\" content=\"Michael pede concentra\u00e7\u00e3o ao Flamengo por vaga: &quot;Tudo pode acontecer&quot;\" \/>\n<meta property=\"og:description\" content=\"Ap\u00f3s a vit\u00f3ria por 1 a 0 sobre o Defensa y Justicia, Michael, autor do gol do Flamengo no confronto pelas oitavas da Libertadores, falou sobre o jogo no Est\u00e1dio Norberto Tomaghello. O atacante disse que o Fla fez um bom jogo em Florencio Varela, mas pediu concentra\u00e7\u00e3o na volta para que os rubro-negros carimbem [&hellip;]\" \/>\n<meta property=\"og:url\" content=\"https:\/\/www.gaveanews.com\/index.php\/2021\/07\/15\/michael-pede-concentracao-ao-flamengo-por-vaga-tudo-pode-acontecer\/\" \/>\n<meta property=\"og:site_name\" content=\"G\u00e1vea News\" \/>\n<meta property=\"article:publisher\" content=\"https:\/\/facebook.com\/gaveaNews\/\" \/>\n<meta property=\"article:published_time\" content=\"2021-07-15T03:00:58+00:00\" \/>\n<meta property=\"article:modified_time\" content=\"2021-07-15T03:01:01+00:00\" \/>\n<meta property=\"og:image\" content=\"https:\/\/www.gaveanews.com\/wp-content\/uploads\/Michael-corre-para-comemorar-o-seu-gol-no-jogo-entre-Flamengo-e-Defensa-y-Justicia-pela-Copa-Libertadores-da-temporada-de-2021.webp\" \/>\n\t<meta property=\"og:image:width\" content=\"799\" \/>\n\t<meta property=\"og:image:height\" content=\"533\" \/>\n\t<meta property=\"og:image:type\" content=\"image\/jpeg\" \/>\n<meta name=\"author\" content=\"Equipe G\u00e1vea News\" \/>\n<meta name=\"twitter:card\" content=\"summary_large_image\" \/>\n<meta name=\"twitter:label1\" content=\"Escrito por\" \/>\n\t<meta name=\"twitter:data1\" content=\"Equipe G\u00e1vea News\" \/>\n\t<meta name=\"twitter:label2\" content=\"Est. tempo de leitura\" \/>\n\t<meta name=\"twitter:data2\" content=\"1 minuto\" \/>\n<script type=\"application\/ld+json\" class=\"yoast-schema-graph\">{\"@context\":\"https:\/\/schema.org\",\"@graph\":[{\"@type\":\"NewsArticle\",\"@id\":\"https:\/\/www.gaveanews.com\/index.php\/2021\/07\/15\/michael-pede-concentracao-ao-flamengo-por-vaga-tudo-pode-acontecer\/#article\",\"isPartOf\":{\"@id\":\"https:\/\/www.gaveanews.com\/index.php\/2021\/07\/15\/michael-pede-concentracao-ao-flamengo-por-vaga-tudo-pode-acontecer\/\"},\"author\":{\"name\":\"Equipe G\u00e1vea News\",\"@id\":\"https:\/\/www.gaveanews.com\/#\/schema\/person\/2ec14f73fb96be2caf28f91afb14749d\"},\"headline\":\"Michael pede concentra\u00e7\u00e3o ao Flamengo por vaga: &#8220;Tudo pode acontecer&#8221;\",\"datePublished\":\"2021-07-15T03:00:58+00:00\",\"dateModified\":\"2021-07-15T03:01:01+00:00\",\"mainEntityOfPage\":{\"@id\":\"https:\/\/www.gaveanews.com\/index.php\/2021\/07\/15\/michael-pede-concentracao-ao-flamengo-por-vaga-tudo-pode-acontecer\/\"},\"wordCount\":167,\"commentCount\":13,\"image\":{\"@id\":\"https:\/\/www.gaveanews.com\/index.php\/2021\/07\/15\/michael-pede-concentracao-ao-flamengo-por-vaga-tudo-pode-acontecer\/#primaryimage\"},\"thumbnailUrl\":\"https:\/\/www.gaveanews.com\/wp-content\/uploads\/Michael-corre-para-comemorar-o-seu-gol-no-jogo-entre-Flamengo-e-Defensa-y-Justicia-pela-Copa-Libertadores-da-temporada-de-2021.webp\",\"articleSection\":[\"Destaques\"],\"inLanguage\":\"pt-BR\",\"potentialAction\":[{\"@type\":\"CommentAction\",\"name\":\"Comment\",\"target\":[\"https:\/\/www.gaveanews.com\/index.php\/2021\/07\/15\/michael-pede-concentracao-ao-flamengo-por-vaga-tudo-pode-acontecer\/#respond\"]}],\"copyrightYear\":\"2021\",\"copyrightHolder\":{\"@id\":\"https:\/\/www.gaveanews.com\/#organization\"}},{\"@type\":\"WebPage\",\"@id\":\"https:\/\/www.gaveanews.com\/index.php\/2021\/07\/15\/michael-pede-concentracao-ao-flamengo-por-vaga-tudo-pode-acontecer\/\",\"url\":\"https:\/\/www.gaveanews.com\/index.php\/2021\/07\/15\/michael-pede-concentracao-ao-flamengo-por-vaga-tudo-pode-acontecer\/\",\"name\":\"Michael pede concentra\u00e7\u00e3o ao Flamengo por vaga: \\\"Tudo pode acontecer\\\"\",\"isPartOf\":{\"@id\":\"https:\/\/www.gaveanews.com\/#website\"},\"primaryImageOfPage\":{\"@id\":\"https:\/\/www.gaveanews.com\/index.php\/2021\/07\/15\/michael-pede-concentracao-ao-flamengo-por-vaga-tudo-pode-acontecer\/#primaryimage\"},\"image\":{\"@id\":\"https:\/\/www.gaveanews.com\/index.php\/2021\/07\/15\/michael-pede-concentracao-ao-flamengo-por-vaga-tudo-pode-acontecer\/#primaryimage\"},\"thumbnailUrl\":\"https:\/\/www.gaveanews.com\/wp-content\/uploads\/Michael-corre-para-comemorar-o-seu-gol-no-jogo-entre-Flamengo-e-Defensa-y-Justicia-pela-Copa-Libertadores-da-temporada-de-2021.webp\",\"datePublished\":\"2021-07-15T03:00:58+00:00\",\"dateModified\":\"2021-07-15T03:01:01+00:00\",\"author\":{\"@id\":\"https:\/\/www.gaveanews.com\/#\/schema\/person\/2ec14f73fb96be2caf28f91afb14749d\"},\"breadcrumb\":{\"@id\":\"https:\/\/www.gaveanews.com\/index.php\/2021\/07\/15\/michael-pede-concentracao-ao-flamengo-por-vaga-tudo-pode-acontecer\/#breadcrumb\"},\"inLanguage\":\"pt-BR\",\"potentialAction\":[{\"@type\":\"ReadAction\",\"target\":[\"https:\/\/www.gaveanews.com\/index.php\/2021\/07\/15\/michael-pede-concentracao-ao-flamengo-por-vaga-tudo-pode-acontecer\/\"]}]},{\"@type\":\"ImageObject\",\"inLanguage\":\"pt-BR\",\"@id\":\"https:\/\/www.gaveanews.com\/index.php\/2021\/07\/15\/michael-pede-concentracao-ao-flamengo-por-vaga-tudo-pode-acontecer\/#primaryimage\",\"url\":\"https:\/\/www.gaveanews.com\/wp-content\/uploads\/Michael-corre-para-comemorar-o-seu-gol-no-jogo-entre-Flamengo-e-Defensa-y-Justicia-pela-Copa-Libertadores-da-temporada-de-2021.webp\",\"contentUrl\":\"https:\/\/www.gaveanews.com\/wp-content\/uploads\/Michael-corre-para-comemorar-o-seu-gol-no-jogo-entre-Flamengo-e-Defensa-y-Justicia-pela-Copa-Libertadores-da-temporada-de-2021.webp\",\"width\":799,\"height\":533,\"caption\":\"Michael corre para comemorar o seu gol no jogo entre Flamengo e Defensa y Justicia pela Copa Libertadores da temporada de 2021 (Foto: Alexandre Vidal\/Flamengo)\"},{\"@type\":\"BreadcrumbList\",\"@id\":\"https:\/\/www.gaveanews.com\/index.php\/2021\/07\/15\/michael-pede-concentracao-ao-flamengo-por-vaga-tudo-pode-acontecer\/#breadcrumb\",\"itemListElement\":[{\"@type\":\"ListItem\",\"position\":1,\"name\":\"Home\",\"item\":\"https:\/\/www.gaveanews.com\/\"},{\"@type\":\"ListItem\",\"position\":2,\"name\":\"Michael pede concentra\u00e7\u00e3o ao Flamengo por vaga: &#8220;Tudo pode acontecer&#8221;\"}]},{\"@type\":\"WebSite\",\"@id\":\"https:\/\/www.gaveanews.com\/#website\",\"url\":\"https:\/\/www.gaveanews.com\/\",\"name\":\"G\u00e1vea News\",\"description\":\"Veja todas as not\u00edcias sobre o Flamengo: Contrata\u00e7\u00f5es, categorias de base, resultados das partidas, tabela de classifica\u00e7\u00e3o, pr\u00f3ximos jogos!\",\"potentialAction\":[{\"@type\":\"SearchAction\",\"target\":{\"@type\":\"EntryPoint\",\"urlTemplate\":\"https:\/\/www.gaveanews.com\/?s={search_term_string}\"},\"query-input\":{\"@type\":\"PropertyValueSpecification\",\"valueRequired\":true,\"valueName\":\"search_term_string\"}}],\"inLanguage\":\"pt-BR\"},{\"@type\":\"Person\",\"@id\":\"https:\/\/www.gaveanews.com\/#\/schema\/person\/2ec14f73fb96be2caf28f91afb14749d\",\"name\":\"Equipe G\u00e1vea News\",\"image\":{\"@type\":\"ImageObject\",\"inLanguage\":\"pt-BR\",\"@id\":\"https:\/\/www.gaveanews.com\/#\/schema\/person\/image\/\",\"url\":\"https:\/\/secure.gravatar.com\/avatar\/1e1956f1facbffd3f8fa53a326721950116b3b9dc9bd44939c01180fd4a745a9?s=96&d=mm&r=g\",\"contentUrl\":\"https:\/\/secure.gravatar.com\/avatar\/1e1956f1facbffd3f8fa53a326721950116b3b9dc9bd44939c01180fd4a745a9?s=96&d=mm&r=g\",\"caption\":\"Equipe G\u00e1vea News\"}}]}<\/script>\n<!-- \/ Yoast SEO Premium plugin. -->","yoast_head_json":{"title":"Michael pede concentra\u00e7\u00e3o ao Flamengo por vaga: \"Tudo pode acontecer\"","robots":{"index":"index","follow":"follow","max-snippet":"max-snippet:-1","max-image-preview":"max-image-preview:large","max-video-preview":"max-video-preview:-1"},"canonical":"https:\/\/www.gaveanews.com\/index.php\/2021\/07\/15\/michael-pede-concentracao-ao-flamengo-por-vaga-tudo-pode-acontecer\/","og_locale":"pt_BR","og_type":"article","og_title":"Michael pede concentra\u00e7\u00e3o ao Flamengo por vaga: \"Tudo pode acontecer\"","og_description":"Ap\u00f3s a vit\u00f3ria por 1 a 0 sobre o Defensa y Justicia, Michael, autor do gol do Flamengo no confronto pelas oitavas da Libertadores, falou sobre o jogo no Est\u00e1dio Norberto Tomaghello. O atacante disse que o Fla fez um bom jogo em Florencio Varela, mas pediu concentra\u00e7\u00e3o na volta para que os rubro-negros carimbem [&hellip;]","og_url":"https:\/\/www.gaveanews.com\/index.php\/2021\/07\/15\/michael-pede-concentracao-ao-flamengo-por-vaga-tudo-pode-acontecer\/","og_site_name":"G\u00e1vea News","article_publisher":"https:\/\/facebook.com\/gaveaNews\/","article_published_time":"2021-07-15T03:00:58+00:00","article_modified_time":"2021-07-15T03:01:01+00:00","og_image":[{"width":799,"height":533,"url":"https:\/\/www.gaveanews.com\/wp-content\/uploads\/Michael-corre-para-comemorar-o-seu-gol-no-jogo-entre-Flamengo-e-Defensa-y-Justicia-pela-Copa-Libertadores-da-temporada-de-2021.webp","type":"image\/jpeg"}],"author":"Equipe G\u00e1vea News","twitter_card":"summary_large_image","twitter_misc":{"Escrito por":"Equipe G\u00e1vea News","Est. tempo de leitura":"1 minuto"},"schema":{"@context":"https:\/\/schema.org","@graph":[{"@type":"NewsArticle","@id":"https:\/\/www.gaveanews.com\/index.php\/2021\/07\/15\/michael-pede-concentracao-ao-flamengo-por-vaga-tudo-pode-acontecer\/#article","isPartOf":{"@id":"https:\/\/www.gaveanews.com\/index.php\/2021\/07\/15\/michael-pede-concentracao-ao-flamengo-por-vaga-tudo-pode-acontecer\/"},"author":{"name":"Equipe G\u00e1vea News","@id":"https:\/\/www.gaveanews.com\/#\/schema\/person\/2ec14f73fb96be2caf28f91afb14749d"},"headline":"Michael pede concentra\u00e7\u00e3o ao Flamengo por vaga: &#8220;Tudo pode acontecer&#8221;","datePublished":"2021-07-15T03:00:58+00:00","dateModified":"2021-07-15T03:01:01+00:00","mainEntityOfPage":{"@id":"https:\/\/www.gaveanews.com\/index.php\/2021\/07\/15\/michael-pede-concentracao-ao-flamengo-por-vaga-tudo-pode-acontecer\/"},"wordCount":167,"commentCount":13,"image":{"@id":"https:\/\/www.gaveanews.com\/index.php\/2021\/07\/15\/michael-pede-concentracao-ao-flamengo-por-vaga-tudo-pode-acontecer\/#primaryimage"},"thumbnailUrl":"https:\/\/www.gaveanews.com\/wp-content\/uploads\/Michael-corre-para-comemorar-o-seu-gol-no-jogo-entre-Flamengo-e-Defensa-y-Justicia-pela-Copa-Libertadores-da-temporada-de-2021.webp","articleSection":["Destaques"],"inLanguage":"pt-BR","potentialAction":[{"@type":"CommentAction","name":"Comment","target":["https:\/\/www.gaveanews.com\/index.php\/2021\/07\/15\/michael-pede-concentracao-ao-flamengo-por-vaga-tudo-pode-acontecer\/#respond"]}],"copyrightYear":"2021","copyrightHolder":{"@id":"https:\/\/www.gaveanews.com\/#organization"}},{"@type":"WebPage","@id":"https:\/\/www.gaveanews.com\/index.php\/2021\/07\/15\/michael-pede-concentracao-ao-flamengo-por-vaga-tudo-pode-acontecer\/","url":"https:\/\/www.gaveanews.com\/index.php\/2021\/07\/15\/michael-pede-concentracao-ao-flamengo-por-vaga-tudo-pode-acontecer\/","name":"Michael pede concentra\u00e7\u00e3o ao Flamengo por vaga: \"Tudo pode acontecer\"","isPartOf":{"@id":"https:\/\/www.gaveanews.com\/#website"},"primaryImageOfPage":{"@id":"https:\/\/www.gaveanews.com\/index.php\/2021\/07\/15\/michael-pede-concentracao-ao-flamengo-por-vaga-tudo-pode-acontecer\/#primaryimage"},"image":{"@id":"https:\/\/www.gaveanews.com\/index.php\/2021\/07\/15\/michael-pede-concentracao-ao-flamengo-por-vaga-tudo-pode-acontecer\/#primaryimage"},"thumbnailUrl":"https:\/\/www.gaveanews.com\/wp-content\/uploads\/Michael-corre-para-comemorar-o-seu-gol-no-jogo-entre-Flamengo-e-Defensa-y-Justicia-pela-Copa-Libertadores-da-temporada-de-2021.webp","datePublished":"2021-07-15T03:00:58+00:00","dateModified":"2021-07-15T03:01:01+00:00","author":{"@id":"https:\/\/www.gaveanews.com\/#\/schema\/person\/2ec14f73fb96be2caf28f91afb14749d"},"breadcrumb":{"@id":"https:\/\/www.gaveanews.com\/index.php\/2021\/07\/15\/michael-pede-concentracao-ao-flamengo-por-vaga-tudo-pode-acontecer\/#breadcrumb"},"inLanguage":"pt-BR","potentialAction":[{"@type":"ReadAction","target":["https:\/\/www.gaveanews.com\/index.php\/2021\/07\/15\/michael-pede-concentracao-ao-flamengo-por-vaga-tudo-pode-acontecer\/"]}]},{"@type":"ImageObject","inLanguage":"pt-BR","@id":"https:\/\/www.gaveanews.com\/index.php\/2021\/07\/15\/michael-pede-concentracao-ao-flamengo-por-vaga-tudo-pode-acontecer\/#primaryimage","url":"https:\/\/www.gaveanews.com\/wp-content\/uploads\/Michael-corre-para-comemorar-o-seu-gol-no-jogo-entre-Flamengo-e-Defensa-y-Justicia-pela-Copa-Libertadores-da-temporada-de-2021.webp","contentUrl":"https:\/\/www.gaveanews.com\/wp-content\/uploads\/Michael-corre-para-comemorar-o-seu-gol-no-jogo-entre-Flamengo-e-Defensa-y-Justicia-pela-Copa-Libertadores-da-temporada-de-2021.webp","width":799,"height":533,"caption":"Michael corre para comemorar o seu gol no jogo entre Flamengo e Defensa y Justicia pela Copa Libertadores da temporada de 2021 (Foto: Alexandre Vidal\/Flamengo)"},{"@type":"BreadcrumbList","@id":"https:\/\/www.gaveanews.com\/index.php\/2021\/07\/15\/michael-pede-concentracao-ao-flamengo-por-vaga-tudo-pode-acontecer\/#breadcrumb","itemListElement":[{"@type":"ListItem","position":1,"name":"Home","item":"https:\/\/www.gaveanews.com\/"},{"@type":"ListItem","position":2,"name":"Michael pede concentra\u00e7\u00e3o ao Flamengo por vaga: &#8220;Tudo pode acontecer&#8221;"}]},{"@type":"WebSite","@id":"https:\/\/www.gaveanews.com\/#website","url":"https:\/\/www.gaveanews.com\/","name":"G\u00e1vea News","description":"Veja todas as not\u00edcias sobre o Flamengo: Contrata\u00e7\u00f5es, categorias de base, resultados das partidas, tabela de classifica\u00e7\u00e3o, pr\u00f3ximos jogos!","potentialAction":[{"@type":"SearchAction","target":{"@type":"EntryPoint","urlTemplate":"https:\/\/www.gaveanews.com\/?s={search_term_string}"},"query-input":{"@type":"PropertyValueSpecification","valueRequired":true,"valueName":"search_term_string"}}],"inLanguage":"pt-BR"},{"@type":"Person","@id":"https:\/\/www.gaveanews.com\/#\/schema\/person\/2ec14f73fb96be2caf28f91afb14749d","name":"Equipe G\u00e1vea News","image":{"@type":"ImageObject","inLanguage":"pt-BR","@id":"https:\/\/www.gaveanews.com\/#\/schema\/person\/image\/","url":"https:\/\/secure.gravatar.com\/avatar\/1e1956f1facbffd3f8fa53a326721950116b3b9dc9bd44939c01180fd4a745a9?s=96&d=mm&r=g","contentUrl":"https:\/\/secure.gravatar.com\/avatar\/1e1956f1facbffd3f8fa53a326721950116b3b9dc9bd44939c01180fd4a745a9?s=96&d=mm&r=g","caption":"Equipe G\u00e1vea News"}}]}},"_links":{"self":[{"href":"https:\/\/www.gaveanews.com\/index.php\/wp-json\/wp\/v2\/posts\/64457","targetHints":{"allow":["GET"]}}],"collection":[{"href":"https:\/\/www.gaveanews.com\/index.php\/wp-json\/wp\/v2\/posts"}],"about":[{"href":"https:\/\/www.gaveanews.com\/index.php\/wp-json\/wp\/v2\/types\/post"}],"author":[{"embeddable":true,"href":"https:\/\/www.gaveanews.com\/index.php\/wp-json\/wp\/v2\/users\/1"}],"replies":[{"embeddable":true,"href":"https:\/\/www.gaveanews.com\/index.php\/wp-json\/wp\/v2\/comments?post=64457"}],"version-history":[{"count":0,"href":"https:\/\/www.gaveanews.com\/index.php\/wp-json\/wp\/v2\/posts\/64457\/revisions"}],"wp:featuredmedia":[{"embeddable":true,"href":"https:\/\/www.gaveanews.com\/index.php\/wp-json\/wp\/v2\/media\/64458"}],"wp:attachment":[{"href":"https:\/\/www.gaveanews.com\/index.php\/wp-json\/wp\/v2\/media?parent=64457"}],"wp:term":[{"taxonomy":"category","embeddable":true,"href":"https:\/\/www.gaveanews.com\/index.php\/wp-json\/wp\/v2\/categories?post=64457"},{"taxonomy":"post_tag","embeddable":true,"href":"https:\/\/www.gaveanews.com\/index.php\/wp-json\/wp\/v2\/tags?post=64457"}],"curies":[{"name":"wp","href":"https:\/\/api.w.org\/{rel}","templated":true}]}}