{"id":64475,"date":"2021-07-15T12:42:27","date_gmt":"2021-07-15T15:42:27","guid":{"rendered":"https:\/\/www.gaveanews.com\/?p=64475"},"modified":"2021-07-15T12:42:30","modified_gmt":"2021-07-15T15:42:30","slug":"renato-gaucho-quer-descobrir-quem-e-o-x-9-do-flamengo","status":"publish","type":"post","link":"https:\/\/www.gaveanews.com\/index.php\/2021\/07\/15\/renato-gaucho-quer-descobrir-quem-e-o-x-9-do-flamengo\/","title":{"rendered":"Renato Ga\u00facho quer descobrir quem \u00e9 o \u2018X-9\u2019 do Flamengo"},"content":{"rendered":"\n<p>O t\u00e9cnico Renato Ga\u00facho est\u00e1 se adaptando a rotina de trabalhos no Flamengo. As primeiras medidas do treinador est\u00e3o sendo colocadas em pr\u00e1tica. E uma das prioridades \u00e9 a identifica\u00e7\u00e3o de quem est\u00e1 vazando informa\u00e7\u00f5es do vesti\u00e1rio do clube para a imprensa.<\/p>\n\n\n\n<p>Renato quer blindar o ambiente flamenguista, que foi exposto na reta final do comando de Rog\u00e9rio Ceni. O \u00e1udio vazado do ex-analista de scout da equipe, onde o profissional atacou o antigo treinador, foi um sinal para os dirigentes de que os bastidores do clube possu\u00edam grandes ru\u00eddos. Logo, o novo comandante busca centralizar a tarefa de pacificar o Flamengo e tornar a conviv\u00eancia mais saud\u00e1vel.<\/p>\n\n\n\n<p>Conforme as informa\u00e7\u00f5es, Renato deixou claro para os diretores que n\u00e3o quer pessoas de pouca confian\u00e7a no vesti\u00e1rio. Qualquer um que seja detectado como respons\u00e1vel por vazamento de not\u00edcias ser\u00e1 afastado de perto do elenco. Para o treinador, not\u00edcias jogadas na imprensa servem apenas para tumultuar o time rubro-negro. Os torcedores flamenguistas comemoraram a medida nas redes sociais.<\/p>\n\n\n\n<h3 class=\"wp-block-heading\" id=\"h-procura-por-x-9-n-o-novidade\"><strong>Procura por x-9 n\u00e3o \u00e9 novidade<\/strong><\/h3>\n\n\n\n<p>Em cinco anos no Gr\u00eamio, Renato Ga\u00facho por diversas vezes procurou por informantes. O treinador reclamava publicamente dos vazamentos de informa\u00e7\u00f5es. Em 2017, chegou a declarar em entrevista a ca\u00e7a do X-9 do vesti\u00e1rio ga\u00facho. <\/p>\n\n\n\n<p><strong><em>\u2014 Quem \u00e9 voc\u00eas (imprensa) devem saber. Quem passa informa\u00e7\u00f5es para voc\u00eas \u00e9 o \u2018X-9.\u2019 Esse \u00e9 o chato. Esse vai precisar de dois caix\u00f5es quando morrer, um para o corpo e outro para a l\u00edngua. O da l\u00edngua vai ser maior at\u00e9 que o do corpo<\/em><\/strong>, disparou o treinador na oportunidade.<\/p>\n\n\n\n<p>Retirado de: Torcedores<\/p>\n","protected":false},"excerpt":{"rendered":"<p>O t\u00e9cnico Renato Ga\u00facho est\u00e1 se adaptando a rotina de trabalhos no Flamengo. As primeiras medidas do treinador est\u00e3o sendo colocadas em pr\u00e1tica. E uma das prioridades \u00e9 a identifica\u00e7\u00e3o de quem est\u00e1 vazando informa\u00e7\u00f5es do vesti\u00e1rio do clube para a imprensa. Renato quer blindar o ambiente flamenguista, que foi exposto na reta final do [&hellip;]<\/p>\n","protected":false},"author":1,"featured_media":64405,"comment_status":"open","ping_status":"closed","sticky":false,"template":"","format":"standard","meta":{"footnotes":""},"categories":[1],"tags":[],"class_list":["post-64475","post","type-post","status-publish","format-standard","has-post-thumbnail","hentry","category-flamengo"],"yoast_head":"<!-- This site is optimized with the Yoast SEO Premium plugin v24.2 (Yoast SEO v26.9) - https:\/\/yoast.com\/product\/yoast-seo-premium-wordpress\/ -->\n<title>Renato Ga\u00facho quer descobrir quem \u00e9 o \u2018X-9\u2019 do Flamengo<\/title>\n<meta name=\"robots\" content=\"index, follow, max-snippet:-1, max-image-preview:large, max-video-preview:-1\" \/>\n<link rel=\"canonical\" href=\"https:\/\/www.gaveanews.com\/index.php\/2021\/07\/15\/renato-gaucho-quer-descobrir-quem-e-o-x-9-do-flamengo\/\" \/>\n<meta property=\"og:locale\" content=\"pt_BR\" \/>\n<meta property=\"og:type\" content=\"article\" \/>\n<meta property=\"og:title\" content=\"Renato Ga\u00facho quer descobrir quem \u00e9 o \u2018X-9\u2019 do Flamengo\" \/>\n<meta property=\"og:description\" content=\"O t\u00e9cnico Renato Ga\u00facho est\u00e1 se adaptando a rotina de trabalhos no Flamengo. As primeiras medidas do treinador est\u00e3o sendo colocadas em pr\u00e1tica. E uma das prioridades \u00e9 a identifica\u00e7\u00e3o de quem est\u00e1 vazando informa\u00e7\u00f5es do vesti\u00e1rio do clube para a imprensa. Renato quer blindar o ambiente flamenguista, que foi exposto na reta final do [&hellip;]\" \/>\n<meta property=\"og:url\" content=\"https:\/\/www.gaveanews.com\/index.php\/2021\/07\/15\/renato-gaucho-quer-descobrir-quem-e-o-x-9-do-flamengo\/\" \/>\n<meta property=\"og:site_name\" content=\"G\u00e1vea News\" \/>\n<meta property=\"article:publisher\" content=\"https:\/\/facebook.com\/gaveaNews\/\" \/>\n<meta property=\"article:published_time\" content=\"2021-07-15T15:42:27+00:00\" \/>\n<meta property=\"article:modified_time\" content=\"2021-07-15T15:42:30+00:00\" \/>\n<meta property=\"og:image\" content=\"https:\/\/www.gaveanews.com\/wp-content\/uploads\/Renato-Gaucho-em-entrevista-coletiva-no-Ninho-do-Urubu.webp\" \/>\n\t<meta property=\"og:image:width\" content=\"799\" \/>\n\t<meta property=\"og:image:height\" content=\"532\" \/>\n\t<meta property=\"og:image:type\" content=\"image\/jpeg\" \/>\n<meta name=\"author\" content=\"Equipe G\u00e1vea News\" \/>\n<meta name=\"twitter:card\" content=\"summary_large_image\" \/>\n<meta name=\"twitter:label1\" content=\"Escrito por\" \/>\n\t<meta name=\"twitter:data1\" content=\"Equipe G\u00e1vea News\" \/>\n\t<meta name=\"twitter:label2\" content=\"Est. tempo de leitura\" \/>\n\t<meta name=\"twitter:data2\" content=\"2 minutos\" \/>\n<script type=\"application\/ld+json\" class=\"yoast-schema-graph\">{\"@context\":\"https:\/\/schema.org\",\"@graph\":[{\"@type\":\"NewsArticle\",\"@id\":\"https:\/\/www.gaveanews.com\/index.php\/2021\/07\/15\/renato-gaucho-quer-descobrir-quem-e-o-x-9-do-flamengo\/#article\",\"isPartOf\":{\"@id\":\"https:\/\/www.gaveanews.com\/index.php\/2021\/07\/15\/renato-gaucho-quer-descobrir-quem-e-o-x-9-do-flamengo\/\"},\"author\":{\"name\":\"Equipe G\u00e1vea News\",\"@id\":\"https:\/\/www.gaveanews.com\/#\/schema\/person\/2ec14f73fb96be2caf28f91afb14749d\"},\"headline\":\"Renato Ga\u00facho quer descobrir quem \u00e9 o \u2018X-9\u2019 do Flamengo\",\"datePublished\":\"2021-07-15T15:42:27+00:00\",\"dateModified\":\"2021-07-15T15:42:30+00:00\",\"mainEntityOfPage\":{\"@id\":\"https:\/\/www.gaveanews.com\/index.php\/2021\/07\/15\/renato-gaucho-quer-descobrir-quem-e-o-x-9-do-flamengo\/\"},\"wordCount\":297,\"commentCount\":79,\"image\":{\"@id\":\"https:\/\/www.gaveanews.com\/index.php\/2021\/07\/15\/renato-gaucho-quer-descobrir-quem-e-o-x-9-do-flamengo\/#primaryimage\"},\"thumbnailUrl\":\"https:\/\/www.gaveanews.com\/wp-content\/uploads\/Renato-Gaucho-em-entrevista-coletiva-no-Ninho-do-Urubu.webp\",\"articleSection\":[\"Flamengo\"],\"inLanguage\":\"pt-BR\",\"potentialAction\":[{\"@type\":\"CommentAction\",\"name\":\"Comment\",\"target\":[\"https:\/\/www.gaveanews.com\/index.php\/2021\/07\/15\/renato-gaucho-quer-descobrir-quem-e-o-x-9-do-flamengo\/#respond\"]}],\"copyrightYear\":\"2021\",\"copyrightHolder\":{\"@id\":\"https:\/\/www.gaveanews.com\/#organization\"}},{\"@type\":\"WebPage\",\"@id\":\"https:\/\/www.gaveanews.com\/index.php\/2021\/07\/15\/renato-gaucho-quer-descobrir-quem-e-o-x-9-do-flamengo\/\",\"url\":\"https:\/\/www.gaveanews.com\/index.php\/2021\/07\/15\/renato-gaucho-quer-descobrir-quem-e-o-x-9-do-flamengo\/\",\"name\":\"Renato Ga\u00facho quer descobrir quem \u00e9 o \u2018X-9\u2019 do Flamengo\",\"isPartOf\":{\"@id\":\"https:\/\/www.gaveanews.com\/#website\"},\"primaryImageOfPage\":{\"@id\":\"https:\/\/www.gaveanews.com\/index.php\/2021\/07\/15\/renato-gaucho-quer-descobrir-quem-e-o-x-9-do-flamengo\/#primaryimage\"},\"image\":{\"@id\":\"https:\/\/www.gaveanews.com\/index.php\/2021\/07\/15\/renato-gaucho-quer-descobrir-quem-e-o-x-9-do-flamengo\/#primaryimage\"},\"thumbnailUrl\":\"https:\/\/www.gaveanews.com\/wp-content\/uploads\/Renato-Gaucho-em-entrevista-coletiva-no-Ninho-do-Urubu.webp\",\"datePublished\":\"2021-07-15T15:42:27+00:00\",\"dateModified\":\"2021-07-15T15:42:30+00:00\",\"author\":{\"@id\":\"https:\/\/www.gaveanews.com\/#\/schema\/person\/2ec14f73fb96be2caf28f91afb14749d\"},\"breadcrumb\":{\"@id\":\"https:\/\/www.gaveanews.com\/index.php\/2021\/07\/15\/renato-gaucho-quer-descobrir-quem-e-o-x-9-do-flamengo\/#breadcrumb\"},\"inLanguage\":\"pt-BR\",\"potentialAction\":[{\"@type\":\"ReadAction\",\"target\":[\"https:\/\/www.gaveanews.com\/index.php\/2021\/07\/15\/renato-gaucho-quer-descobrir-quem-e-o-x-9-do-flamengo\/\"]}]},{\"@type\":\"ImageObject\",\"inLanguage\":\"pt-BR\",\"@id\":\"https:\/\/www.gaveanews.com\/index.php\/2021\/07\/15\/renato-gaucho-quer-descobrir-quem-e-o-x-9-do-flamengo\/#primaryimage\",\"url\":\"https:\/\/www.gaveanews.com\/wp-content\/uploads\/Renato-Gaucho-em-entrevista-coletiva-no-Ninho-do-Urubu.webp\",\"contentUrl\":\"https:\/\/www.gaveanews.com\/wp-content\/uploads\/Renato-Gaucho-em-entrevista-coletiva-no-Ninho-do-Urubu.webp\",\"width\":799,\"height\":532,\"caption\":\"Renato Ga\u00facho em entrevista coletiva no Ninho do Urubu (Foto: Alexandre Vidal\/Flamengo)\"},{\"@type\":\"BreadcrumbList\",\"@id\":\"https:\/\/www.gaveanews.com\/index.php\/2021\/07\/15\/renato-gaucho-quer-descobrir-quem-e-o-x-9-do-flamengo\/#breadcrumb\",\"itemListElement\":[{\"@type\":\"ListItem\",\"position\":1,\"name\":\"Home\",\"item\":\"https:\/\/www.gaveanews.com\/\"},{\"@type\":\"ListItem\",\"position\":2,\"name\":\"Renato Ga\u00facho quer descobrir quem \u00e9 o \u2018X-9\u2019 do Flamengo\"}]},{\"@type\":\"WebSite\",\"@id\":\"https:\/\/www.gaveanews.com\/#website\",\"url\":\"https:\/\/www.gaveanews.com\/\",\"name\":\"G\u00e1vea News\",\"description\":\"Veja todas as not\u00edcias sobre o Flamengo: Contrata\u00e7\u00f5es, categorias de base, resultados das partidas, tabela de classifica\u00e7\u00e3o, pr\u00f3ximos jogos!\",\"potentialAction\":[{\"@type\":\"SearchAction\",\"target\":{\"@type\":\"EntryPoint\",\"urlTemplate\":\"https:\/\/www.gaveanews.com\/?s={search_term_string}\"},\"query-input\":{\"@type\":\"PropertyValueSpecification\",\"valueRequired\":true,\"valueName\":\"search_term_string\"}}],\"inLanguage\":\"pt-BR\"},{\"@type\":\"Person\",\"@id\":\"https:\/\/www.gaveanews.com\/#\/schema\/person\/2ec14f73fb96be2caf28f91afb14749d\",\"name\":\"Equipe G\u00e1vea News\",\"image\":{\"@type\":\"ImageObject\",\"inLanguage\":\"pt-BR\",\"@id\":\"https:\/\/www.gaveanews.com\/#\/schema\/person\/image\/\",\"url\":\"https:\/\/secure.gravatar.com\/avatar\/1e1956f1facbffd3f8fa53a326721950116b3b9dc9bd44939c01180fd4a745a9?s=96&d=mm&r=g\",\"contentUrl\":\"https:\/\/secure.gravatar.com\/avatar\/1e1956f1facbffd3f8fa53a326721950116b3b9dc9bd44939c01180fd4a745a9?s=96&d=mm&r=g\",\"caption\":\"Equipe G\u00e1vea News\"}}]}<\/script>\n<!-- \/ Yoast SEO Premium plugin. -->","yoast_head_json":{"title":"Renato Ga\u00facho quer descobrir quem \u00e9 o \u2018X-9\u2019 do Flamengo","robots":{"index":"index","follow":"follow","max-snippet":"max-snippet:-1","max-image-preview":"max-image-preview:large","max-video-preview":"max-video-preview:-1"},"canonical":"https:\/\/www.gaveanews.com\/index.php\/2021\/07\/15\/renato-gaucho-quer-descobrir-quem-e-o-x-9-do-flamengo\/","og_locale":"pt_BR","og_type":"article","og_title":"Renato Ga\u00facho quer descobrir quem \u00e9 o \u2018X-9\u2019 do Flamengo","og_description":"O t\u00e9cnico Renato Ga\u00facho est\u00e1 se adaptando a rotina de trabalhos no Flamengo. As primeiras medidas do treinador est\u00e3o sendo colocadas em pr\u00e1tica. E uma das prioridades \u00e9 a identifica\u00e7\u00e3o de quem est\u00e1 vazando informa\u00e7\u00f5es do vesti\u00e1rio do clube para a imprensa. Renato quer blindar o ambiente flamenguista, que foi exposto na reta final do [&hellip;]","og_url":"https:\/\/www.gaveanews.com\/index.php\/2021\/07\/15\/renato-gaucho-quer-descobrir-quem-e-o-x-9-do-flamengo\/","og_site_name":"G\u00e1vea News","article_publisher":"https:\/\/facebook.com\/gaveaNews\/","article_published_time":"2021-07-15T15:42:27+00:00","article_modified_time":"2021-07-15T15:42:30+00:00","og_image":[{"width":799,"height":532,"url":"https:\/\/www.gaveanews.com\/wp-content\/uploads\/Renato-Gaucho-em-entrevista-coletiva-no-Ninho-do-Urubu.webp","type":"image\/jpeg"}],"author":"Equipe G\u00e1vea News","twitter_card":"summary_large_image","twitter_misc":{"Escrito por":"Equipe G\u00e1vea News","Est. tempo de leitura":"2 minutos"},"schema":{"@context":"https:\/\/schema.org","@graph":[{"@type":"NewsArticle","@id":"https:\/\/www.gaveanews.com\/index.php\/2021\/07\/15\/renato-gaucho-quer-descobrir-quem-e-o-x-9-do-flamengo\/#article","isPartOf":{"@id":"https:\/\/www.gaveanews.com\/index.php\/2021\/07\/15\/renato-gaucho-quer-descobrir-quem-e-o-x-9-do-flamengo\/"},"author":{"name":"Equipe G\u00e1vea News","@id":"https:\/\/www.gaveanews.com\/#\/schema\/person\/2ec14f73fb96be2caf28f91afb14749d"},"headline":"Renato Ga\u00facho quer descobrir quem \u00e9 o \u2018X-9\u2019 do Flamengo","datePublished":"2021-07-15T15:42:27+00:00","dateModified":"2021-07-15T15:42:30+00:00","mainEntityOfPage":{"@id":"https:\/\/www.gaveanews.com\/index.php\/2021\/07\/15\/renato-gaucho-quer-descobrir-quem-e-o-x-9-do-flamengo\/"},"wordCount":297,"commentCount":79,"image":{"@id":"https:\/\/www.gaveanews.com\/index.php\/2021\/07\/15\/renato-gaucho-quer-descobrir-quem-e-o-x-9-do-flamengo\/#primaryimage"},"thumbnailUrl":"https:\/\/www.gaveanews.com\/wp-content\/uploads\/Renato-Gaucho-em-entrevista-coletiva-no-Ninho-do-Urubu.webp","articleSection":["Flamengo"],"inLanguage":"pt-BR","potentialAction":[{"@type":"CommentAction","name":"Comment","target":["https:\/\/www.gaveanews.com\/index.php\/2021\/07\/15\/renato-gaucho-quer-descobrir-quem-e-o-x-9-do-flamengo\/#respond"]}],"copyrightYear":"2021","copyrightHolder":{"@id":"https:\/\/www.gaveanews.com\/#organization"}},{"@type":"WebPage","@id":"https:\/\/www.gaveanews.com\/index.php\/2021\/07\/15\/renato-gaucho-quer-descobrir-quem-e-o-x-9-do-flamengo\/","url":"https:\/\/www.gaveanews.com\/index.php\/2021\/07\/15\/renato-gaucho-quer-descobrir-quem-e-o-x-9-do-flamengo\/","name":"Renato Ga\u00facho quer descobrir quem \u00e9 o \u2018X-9\u2019 do Flamengo","isPartOf":{"@id":"https:\/\/www.gaveanews.com\/#website"},"primaryImageOfPage":{"@id":"https:\/\/www.gaveanews.com\/index.php\/2021\/07\/15\/renato-gaucho-quer-descobrir-quem-e-o-x-9-do-flamengo\/#primaryimage"},"image":{"@id":"https:\/\/www.gaveanews.com\/index.php\/2021\/07\/15\/renato-gaucho-quer-descobrir-quem-e-o-x-9-do-flamengo\/#primaryimage"},"thumbnailUrl":"https:\/\/www.gaveanews.com\/wp-content\/uploads\/Renato-Gaucho-em-entrevista-coletiva-no-Ninho-do-Urubu.webp","datePublished":"2021-07-15T15:42:27+00:00","dateModified":"2021-07-15T15:42:30+00:00","author":{"@id":"https:\/\/www.gaveanews.com\/#\/schema\/person\/2ec14f73fb96be2caf28f91afb14749d"},"breadcrumb":{"@id":"https:\/\/www.gaveanews.com\/index.php\/2021\/07\/15\/renato-gaucho-quer-descobrir-quem-e-o-x-9-do-flamengo\/#breadcrumb"},"inLanguage":"pt-BR","potentialAction":[{"@type":"ReadAction","target":["https:\/\/www.gaveanews.com\/index.php\/2021\/07\/15\/renato-gaucho-quer-descobrir-quem-e-o-x-9-do-flamengo\/"]}]},{"@type":"ImageObject","inLanguage":"pt-BR","@id":"https:\/\/www.gaveanews.com\/index.php\/2021\/07\/15\/renato-gaucho-quer-descobrir-quem-e-o-x-9-do-flamengo\/#primaryimage","url":"https:\/\/www.gaveanews.com\/wp-content\/uploads\/Renato-Gaucho-em-entrevista-coletiva-no-Ninho-do-Urubu.webp","contentUrl":"https:\/\/www.gaveanews.com\/wp-content\/uploads\/Renato-Gaucho-em-entrevista-coletiva-no-Ninho-do-Urubu.webp","width":799,"height":532,"caption":"Renato Ga\u00facho em entrevista coletiva no Ninho do Urubu (Foto: Alexandre Vidal\/Flamengo)"},{"@type":"BreadcrumbList","@id":"https:\/\/www.gaveanews.com\/index.php\/2021\/07\/15\/renato-gaucho-quer-descobrir-quem-e-o-x-9-do-flamengo\/#breadcrumb","itemListElement":[{"@type":"ListItem","position":1,"name":"Home","item":"https:\/\/www.gaveanews.com\/"},{"@type":"ListItem","position":2,"name":"Renato Ga\u00facho quer descobrir quem \u00e9 o \u2018X-9\u2019 do Flamengo"}]},{"@type":"WebSite","@id":"https:\/\/www.gaveanews.com\/#website","url":"https:\/\/www.gaveanews.com\/","name":"G\u00e1vea News","description":"Veja todas as not\u00edcias sobre o Flamengo: Contrata\u00e7\u00f5es, categorias de base, resultados das partidas, tabela de classifica\u00e7\u00e3o, pr\u00f3ximos jogos!","potentialAction":[{"@type":"SearchAction","target":{"@type":"EntryPoint","urlTemplate":"https:\/\/www.gaveanews.com\/?s={search_term_string}"},"query-input":{"@type":"PropertyValueSpecification","valueRequired":true,"valueName":"search_term_string"}}],"inLanguage":"pt-BR"},{"@type":"Person","@id":"https:\/\/www.gaveanews.com\/#\/schema\/person\/2ec14f73fb96be2caf28f91afb14749d","name":"Equipe G\u00e1vea News","image":{"@type":"ImageObject","inLanguage":"pt-BR","@id":"https:\/\/www.gaveanews.com\/#\/schema\/person\/image\/","url":"https:\/\/secure.gravatar.com\/avatar\/1e1956f1facbffd3f8fa53a326721950116b3b9dc9bd44939c01180fd4a745a9?s=96&d=mm&r=g","contentUrl":"https:\/\/secure.gravatar.com\/avatar\/1e1956f1facbffd3f8fa53a326721950116b3b9dc9bd44939c01180fd4a745a9?s=96&d=mm&r=g","caption":"Equipe G\u00e1vea News"}}]}},"_links":{"self":[{"href":"https:\/\/www.gaveanews.com\/index.php\/wp-json\/wp\/v2\/posts\/64475","targetHints":{"allow":["GET"]}}],"collection":[{"href":"https:\/\/www.gaveanews.com\/index.php\/wp-json\/wp\/v2\/posts"}],"about":[{"href":"https:\/\/www.gaveanews.com\/index.php\/wp-json\/wp\/v2\/types\/post"}],"author":[{"embeddable":true,"href":"https:\/\/www.gaveanews.com\/index.php\/wp-json\/wp\/v2\/users\/1"}],"replies":[{"embeddable":true,"href":"https:\/\/www.gaveanews.com\/index.php\/wp-json\/wp\/v2\/comments?post=64475"}],"version-history":[{"count":0,"href":"https:\/\/www.gaveanews.com\/index.php\/wp-json\/wp\/v2\/posts\/64475\/revisions"}],"wp:featuredmedia":[{"embeddable":true,"href":"https:\/\/www.gaveanews.com\/index.php\/wp-json\/wp\/v2\/media\/64405"}],"wp:attachment":[{"href":"https:\/\/www.gaveanews.com\/index.php\/wp-json\/wp\/v2\/media?parent=64475"}],"wp:term":[{"taxonomy":"category","embeddable":true,"href":"https:\/\/www.gaveanews.com\/index.php\/wp-json\/wp\/v2\/categories?post=64475"},{"taxonomy":"post_tag","embeddable":true,"href":"https:\/\/www.gaveanews.com\/index.php\/wp-json\/wp\/v2\/tags?post=64475"}],"curies":[{"name":"wp","href":"https:\/\/api.w.org\/{rel}","templated":true}]}}