{"id":64503,"date":"2021-07-15T18:20:45","date_gmt":"2021-07-15T21:20:45","guid":{"rendered":"https:\/\/www.gaveanews.com\/?p=64503"},"modified":"2021-08-12T00:47:40","modified_gmt":"2021-08-12T03:47:40","slug":"lyon-recusa-termos-do-fla-e-prepara-nova-forma-para-ceder-thiago-mendes","status":"publish","type":"post","link":"https:\/\/www.gaveanews.com\/index.php\/2021\/07\/15\/lyon-recusa-termos-do-fla-e-prepara-nova-forma-para-ceder-thiago-mendes\/","title":{"rendered":"Lyon recusa termos do Fla e prepara nova forma para ceder Thiago Mendes"},"content":{"rendered":"\n<p>O Flamengo segue em busca da contrata\u00e7\u00e3o de Thiago Mendes. O jogador pertence ao Lyon, que, por sua vez, n\u00e3o gostou da proposta feita pelo rubro-negro e prepara cl\u00e1usula para incluir no contrato.<\/p>\n\n\n\n<p>Por ter or\u00e7amento apertado nesta temporada, a diretoria do Mais Querido n\u00e3o deseja trazer atletas em formato de compra. Por isso, o clube conta com op\u00e7\u00f5es limitadas e tenta garantir refor\u00e7os por empr\u00e9stimos. Por\u00e9m, de acordo com Juninho Pernambucano, diretor do clube franc\u00eas, o Fla realizou proposta de contratar o atleta sem cl\u00e1usula prevendo compra.<\/p>\n\n\n\n<p>Desta forma, o time europeu prepara uma contraproposta, onde incluir\u00e1 obrigatoriedade de negocia\u00e7\u00e3o em definitivo mediante metas atingidas por Thiago Mendes. A informa\u00e7\u00e3o foi divulgada inicialmente pela <em>Globo CBN<\/em>.<\/p>\n\n\n\n<p>Vale ressaltar que o pr\u00f3prio jogador j\u00e1 externou seu desejo de atuar pelo Flamengo, o que serve de combust\u00edvel para o clube buscar a contrata\u00e7\u00e3o. Al\u00e9m do volante, <a href=\"https:\/\/www.gaveanews.com\/index.php\/2021\/07\/15\/filha-de-thiago-mendes-faz-pedido-ao-papai-e-agita-torcida-do-flamengo\/\">sua filha chegou a dizer em rede social que deseja voltar ao Brasil<\/a>.<\/p>\n\n\n\n<p>Juntamente com a negocia\u00e7\u00e3o por Thiago Mendes, o rubro-negro tamb\u00e9m se empenha para garantir a chegada de Kenedy, do Chelsea. O atacante retornou ao clube europeu na \u00faltima semana, mas permanece em per\u00edodo de quarentena antes de retornar \u00e0s atividades do time.<\/p>\n","protected":false},"excerpt":{"rendered":"<p>O Flamengo segue em busca da contrata\u00e7\u00e3o de Thiago Mendes. O jogador pertence ao Lyon, que, por sua vez, n\u00e3o gostou da proposta feita pelo rubro-negro e prepara cl\u00e1usula para incluir no contrato. Por ter or\u00e7amento apertado nesta temporada, a diretoria do Mais Querido n\u00e3o deseja trazer atletas em formato de compra. Por isso, o [&hellip;]<\/p>\n","protected":false},"author":4,"featured_media":63968,"comment_status":"open","ping_status":"closed","sticky":false,"template":"","format":"standard","meta":{"footnotes":""},"categories":[1],"tags":[],"class_list":["post-64503","post","type-post","status-publish","format-standard","has-post-thumbnail","hentry","category-flamengo"],"yoast_head":"<!-- This site is optimized with the Yoast SEO Premium plugin v24.2 (Yoast SEO v26.9) - https:\/\/yoast.com\/product\/yoast-seo-premium-wordpress\/ -->\n<title>Lyon recusa termos do Fla e prepara nova forma para ceder Thiago<\/title>\n<meta name=\"robots\" content=\"index, follow, max-snippet:-1, max-image-preview:large, max-video-preview:-1\" \/>\n<link rel=\"canonical\" href=\"https:\/\/www.gaveanews.com\/index.php\/2021\/07\/15\/lyon-recusa-termos-do-fla-e-prepara-nova-forma-para-ceder-thiago-mendes\/\" \/>\n<meta property=\"og:locale\" content=\"pt_BR\" \/>\n<meta property=\"og:type\" content=\"article\" \/>\n<meta property=\"og:title\" content=\"Lyon recusa termos do Fla e prepara nova forma para ceder Thiago Mendes\" \/>\n<meta property=\"og:description\" content=\"O Flamengo segue em busca da contrata\u00e7\u00e3o de Thiago Mendes. O jogador pertence ao Lyon, que, por sua vez, n\u00e3o gostou da proposta feita pelo rubro-negro e prepara cl\u00e1usula para incluir no contrato. Por ter or\u00e7amento apertado nesta temporada, a diretoria do Mais Querido n\u00e3o deseja trazer atletas em formato de compra. Por isso, o [&hellip;]\" \/>\n<meta property=\"og:url\" content=\"https:\/\/www.gaveanews.com\/index.php\/2021\/07\/15\/lyon-recusa-termos-do-fla-e-prepara-nova-forma-para-ceder-thiago-mendes\/\" \/>\n<meta property=\"og:site_name\" content=\"G\u00e1vea News\" \/>\n<meta property=\"article:publisher\" content=\"https:\/\/facebook.com\/gaveaNews\/\" \/>\n<meta property=\"article:published_time\" content=\"2021-07-15T21:20:45+00:00\" \/>\n<meta property=\"article:modified_time\" content=\"2021-08-12T03:47:40+00:00\" \/>\n<meta property=\"og:image\" content=\"https:\/\/www.gaveanews.com\/wp-content\/uploads\/Thiago-Mendes-em-acao-durante-um-jogo-do-Lyon.webp\" \/>\n\t<meta property=\"og:image:width\" content=\"1080\" \/>\n\t<meta property=\"og:image:height\" content=\"1080\" \/>\n\t<meta property=\"og:image:type\" content=\"image\/jpeg\" \/>\n<meta name=\"author\" content=\"Let\u00edcia Gerheim\" \/>\n<meta name=\"twitter:card\" content=\"summary_large_image\" \/>\n<meta name=\"twitter:label1\" content=\"Escrito por\" \/>\n\t<meta name=\"twitter:data1\" content=\"Let\u00edcia Gerheim\" \/>\n\t<meta name=\"twitter:label2\" content=\"Est. tempo de leitura\" \/>\n\t<meta name=\"twitter:data2\" content=\"1 minuto\" \/>\n<script type=\"application\/ld+json\" class=\"yoast-schema-graph\">{\"@context\":\"https:\/\/schema.org\",\"@graph\":[{\"@type\":\"NewsArticle\",\"@id\":\"https:\/\/www.gaveanews.com\/index.php\/2021\/07\/15\/lyon-recusa-termos-do-fla-e-prepara-nova-forma-para-ceder-thiago-mendes\/#article\",\"isPartOf\":{\"@id\":\"https:\/\/www.gaveanews.com\/index.php\/2021\/07\/15\/lyon-recusa-termos-do-fla-e-prepara-nova-forma-para-ceder-thiago-mendes\/\"},\"author\":{\"name\":\"Let\u00edcia Gerheim\",\"@id\":\"https:\/\/www.gaveanews.com\/#\/schema\/person\/714c67050b836198af2450ba1c142a67\"},\"headline\":\"Lyon recusa termos do Fla e prepara nova forma para ceder Thiago Mendes\",\"datePublished\":\"2021-07-15T21:20:45+00:00\",\"dateModified\":\"2021-08-12T03:47:40+00:00\",\"mainEntityOfPage\":{\"@id\":\"https:\/\/www.gaveanews.com\/index.php\/2021\/07\/15\/lyon-recusa-termos-do-fla-e-prepara-nova-forma-para-ceder-thiago-mendes\/\"},\"wordCount\":233,\"commentCount\":10,\"image\":{\"@id\":\"https:\/\/www.gaveanews.com\/index.php\/2021\/07\/15\/lyon-recusa-termos-do-fla-e-prepara-nova-forma-para-ceder-thiago-mendes\/#primaryimage\"},\"thumbnailUrl\":\"https:\/\/www.gaveanews.com\/wp-content\/uploads\/Thiago-Mendes-em-acao-durante-um-jogo-do-Lyon.webp\",\"articleSection\":[\"Flamengo\"],\"inLanguage\":\"pt-BR\",\"potentialAction\":[{\"@type\":\"CommentAction\",\"name\":\"Comment\",\"target\":[\"https:\/\/www.gaveanews.com\/index.php\/2021\/07\/15\/lyon-recusa-termos-do-fla-e-prepara-nova-forma-para-ceder-thiago-mendes\/#respond\"]}],\"copyrightYear\":\"2021\",\"copyrightHolder\":{\"@id\":\"https:\/\/www.gaveanews.com\/#organization\"}},{\"@type\":\"WebPage\",\"@id\":\"https:\/\/www.gaveanews.com\/index.php\/2021\/07\/15\/lyon-recusa-termos-do-fla-e-prepara-nova-forma-para-ceder-thiago-mendes\/\",\"url\":\"https:\/\/www.gaveanews.com\/index.php\/2021\/07\/15\/lyon-recusa-termos-do-fla-e-prepara-nova-forma-para-ceder-thiago-mendes\/\",\"name\":\"Lyon recusa termos do Fla e prepara nova forma para ceder Thiago\",\"isPartOf\":{\"@id\":\"https:\/\/www.gaveanews.com\/#website\"},\"primaryImageOfPage\":{\"@id\":\"https:\/\/www.gaveanews.com\/index.php\/2021\/07\/15\/lyon-recusa-termos-do-fla-e-prepara-nova-forma-para-ceder-thiago-mendes\/#primaryimage\"},\"image\":{\"@id\":\"https:\/\/www.gaveanews.com\/index.php\/2021\/07\/15\/lyon-recusa-termos-do-fla-e-prepara-nova-forma-para-ceder-thiago-mendes\/#primaryimage\"},\"thumbnailUrl\":\"https:\/\/www.gaveanews.com\/wp-content\/uploads\/Thiago-Mendes-em-acao-durante-um-jogo-do-Lyon.webp\",\"datePublished\":\"2021-07-15T21:20:45+00:00\",\"dateModified\":\"2021-08-12T03:47:40+00:00\",\"author\":{\"@id\":\"https:\/\/www.gaveanews.com\/#\/schema\/person\/714c67050b836198af2450ba1c142a67\"},\"breadcrumb\":{\"@id\":\"https:\/\/www.gaveanews.com\/index.php\/2021\/07\/15\/lyon-recusa-termos-do-fla-e-prepara-nova-forma-para-ceder-thiago-mendes\/#breadcrumb\"},\"inLanguage\":\"pt-BR\",\"potentialAction\":[{\"@type\":\"ReadAction\",\"target\":[\"https:\/\/www.gaveanews.com\/index.php\/2021\/07\/15\/lyon-recusa-termos-do-fla-e-prepara-nova-forma-para-ceder-thiago-mendes\/\"]}]},{\"@type\":\"ImageObject\",\"inLanguage\":\"pt-BR\",\"@id\":\"https:\/\/www.gaveanews.com\/index.php\/2021\/07\/15\/lyon-recusa-termos-do-fla-e-prepara-nova-forma-para-ceder-thiago-mendes\/#primaryimage\",\"url\":\"https:\/\/www.gaveanews.com\/wp-content\/uploads\/Thiago-Mendes-em-acao-durante-um-jogo-do-Lyon.webp\",\"contentUrl\":\"https:\/\/www.gaveanews.com\/wp-content\/uploads\/Thiago-Mendes-em-acao-durante-um-jogo-do-Lyon.webp\",\"width\":1080,\"height\":1080,\"caption\":\"Thiago Mendes em a\u00e7\u00e3o durante um jogo do Lyon (Foto: Divulga\u00e7\u00e3o)\"},{\"@type\":\"BreadcrumbList\",\"@id\":\"https:\/\/www.gaveanews.com\/index.php\/2021\/07\/15\/lyon-recusa-termos-do-fla-e-prepara-nova-forma-para-ceder-thiago-mendes\/#breadcrumb\",\"itemListElement\":[{\"@type\":\"ListItem\",\"position\":1,\"name\":\"Home\",\"item\":\"https:\/\/www.gaveanews.com\/\"},{\"@type\":\"ListItem\",\"position\":2,\"name\":\"Lyon recusa termos do Fla e prepara nova forma para ceder Thiago Mendes\"}]},{\"@type\":\"WebSite\",\"@id\":\"https:\/\/www.gaveanews.com\/#website\",\"url\":\"https:\/\/www.gaveanews.com\/\",\"name\":\"G\u00e1vea News\",\"description\":\"Veja todas as not\u00edcias sobre o Flamengo: Contrata\u00e7\u00f5es, categorias de base, resultados das partidas, tabela de classifica\u00e7\u00e3o, pr\u00f3ximos jogos!\",\"potentialAction\":[{\"@type\":\"SearchAction\",\"target\":{\"@type\":\"EntryPoint\",\"urlTemplate\":\"https:\/\/www.gaveanews.com\/?s={search_term_string}\"},\"query-input\":{\"@type\":\"PropertyValueSpecification\",\"valueRequired\":true,\"valueName\":\"search_term_string\"}}],\"inLanguage\":\"pt-BR\"},{\"@type\":\"Person\",\"@id\":\"https:\/\/www.gaveanews.com\/#\/schema\/person\/714c67050b836198af2450ba1c142a67\",\"name\":\"Let\u00edcia Gerheim\",\"image\":{\"@type\":\"ImageObject\",\"inLanguage\":\"pt-BR\",\"@id\":\"https:\/\/www.gaveanews.com\/#\/schema\/person\/image\/\",\"url\":\"https:\/\/secure.gravatar.com\/avatar\/60734739c50fcebfbac509e2a826ccd0ff405c019bc73aab9354f19ecad1dcb4?s=96&d=mm&r=g\",\"contentUrl\":\"https:\/\/secure.gravatar.com\/avatar\/60734739c50fcebfbac509e2a826ccd0ff405c019bc73aab9354f19ecad1dcb4?s=96&d=mm&r=g\",\"caption\":\"Let\u00edcia Gerheim\"}}]}<\/script>\n<!-- \/ Yoast SEO Premium plugin. -->","yoast_head_json":{"title":"Lyon recusa termos do Fla e prepara nova forma para ceder Thiago","robots":{"index":"index","follow":"follow","max-snippet":"max-snippet:-1","max-image-preview":"max-image-preview:large","max-video-preview":"max-video-preview:-1"},"canonical":"https:\/\/www.gaveanews.com\/index.php\/2021\/07\/15\/lyon-recusa-termos-do-fla-e-prepara-nova-forma-para-ceder-thiago-mendes\/","og_locale":"pt_BR","og_type":"article","og_title":"Lyon recusa termos do Fla e prepara nova forma para ceder Thiago Mendes","og_description":"O Flamengo segue em busca da contrata\u00e7\u00e3o de Thiago Mendes. O jogador pertence ao Lyon, que, por sua vez, n\u00e3o gostou da proposta feita pelo rubro-negro e prepara cl\u00e1usula para incluir no contrato. Por ter or\u00e7amento apertado nesta temporada, a diretoria do Mais Querido n\u00e3o deseja trazer atletas em formato de compra. Por isso, o [&hellip;]","og_url":"https:\/\/www.gaveanews.com\/index.php\/2021\/07\/15\/lyon-recusa-termos-do-fla-e-prepara-nova-forma-para-ceder-thiago-mendes\/","og_site_name":"G\u00e1vea News","article_publisher":"https:\/\/facebook.com\/gaveaNews\/","article_published_time":"2021-07-15T21:20:45+00:00","article_modified_time":"2021-08-12T03:47:40+00:00","og_image":[{"width":1080,"height":1080,"url":"https:\/\/www.gaveanews.com\/wp-content\/uploads\/Thiago-Mendes-em-acao-durante-um-jogo-do-Lyon.webp","type":"image\/jpeg"}],"author":"Let\u00edcia Gerheim","twitter_card":"summary_large_image","twitter_misc":{"Escrito por":"Let\u00edcia Gerheim","Est. tempo de leitura":"1 minuto"},"schema":{"@context":"https:\/\/schema.org","@graph":[{"@type":"NewsArticle","@id":"https:\/\/www.gaveanews.com\/index.php\/2021\/07\/15\/lyon-recusa-termos-do-fla-e-prepara-nova-forma-para-ceder-thiago-mendes\/#article","isPartOf":{"@id":"https:\/\/www.gaveanews.com\/index.php\/2021\/07\/15\/lyon-recusa-termos-do-fla-e-prepara-nova-forma-para-ceder-thiago-mendes\/"},"author":{"name":"Let\u00edcia Gerheim","@id":"https:\/\/www.gaveanews.com\/#\/schema\/person\/714c67050b836198af2450ba1c142a67"},"headline":"Lyon recusa termos do Fla e prepara nova forma para ceder Thiago Mendes","datePublished":"2021-07-15T21:20:45+00:00","dateModified":"2021-08-12T03:47:40+00:00","mainEntityOfPage":{"@id":"https:\/\/www.gaveanews.com\/index.php\/2021\/07\/15\/lyon-recusa-termos-do-fla-e-prepara-nova-forma-para-ceder-thiago-mendes\/"},"wordCount":233,"commentCount":10,"image":{"@id":"https:\/\/www.gaveanews.com\/index.php\/2021\/07\/15\/lyon-recusa-termos-do-fla-e-prepara-nova-forma-para-ceder-thiago-mendes\/#primaryimage"},"thumbnailUrl":"https:\/\/www.gaveanews.com\/wp-content\/uploads\/Thiago-Mendes-em-acao-durante-um-jogo-do-Lyon.webp","articleSection":["Flamengo"],"inLanguage":"pt-BR","potentialAction":[{"@type":"CommentAction","name":"Comment","target":["https:\/\/www.gaveanews.com\/index.php\/2021\/07\/15\/lyon-recusa-termos-do-fla-e-prepara-nova-forma-para-ceder-thiago-mendes\/#respond"]}],"copyrightYear":"2021","copyrightHolder":{"@id":"https:\/\/www.gaveanews.com\/#organization"}},{"@type":"WebPage","@id":"https:\/\/www.gaveanews.com\/index.php\/2021\/07\/15\/lyon-recusa-termos-do-fla-e-prepara-nova-forma-para-ceder-thiago-mendes\/","url":"https:\/\/www.gaveanews.com\/index.php\/2021\/07\/15\/lyon-recusa-termos-do-fla-e-prepara-nova-forma-para-ceder-thiago-mendes\/","name":"Lyon recusa termos do Fla e prepara nova forma para ceder Thiago","isPartOf":{"@id":"https:\/\/www.gaveanews.com\/#website"},"primaryImageOfPage":{"@id":"https:\/\/www.gaveanews.com\/index.php\/2021\/07\/15\/lyon-recusa-termos-do-fla-e-prepara-nova-forma-para-ceder-thiago-mendes\/#primaryimage"},"image":{"@id":"https:\/\/www.gaveanews.com\/index.php\/2021\/07\/15\/lyon-recusa-termos-do-fla-e-prepara-nova-forma-para-ceder-thiago-mendes\/#primaryimage"},"thumbnailUrl":"https:\/\/www.gaveanews.com\/wp-content\/uploads\/Thiago-Mendes-em-acao-durante-um-jogo-do-Lyon.webp","datePublished":"2021-07-15T21:20:45+00:00","dateModified":"2021-08-12T03:47:40+00:00","author":{"@id":"https:\/\/www.gaveanews.com\/#\/schema\/person\/714c67050b836198af2450ba1c142a67"},"breadcrumb":{"@id":"https:\/\/www.gaveanews.com\/index.php\/2021\/07\/15\/lyon-recusa-termos-do-fla-e-prepara-nova-forma-para-ceder-thiago-mendes\/#breadcrumb"},"inLanguage":"pt-BR","potentialAction":[{"@type":"ReadAction","target":["https:\/\/www.gaveanews.com\/index.php\/2021\/07\/15\/lyon-recusa-termos-do-fla-e-prepara-nova-forma-para-ceder-thiago-mendes\/"]}]},{"@type":"ImageObject","inLanguage":"pt-BR","@id":"https:\/\/www.gaveanews.com\/index.php\/2021\/07\/15\/lyon-recusa-termos-do-fla-e-prepara-nova-forma-para-ceder-thiago-mendes\/#primaryimage","url":"https:\/\/www.gaveanews.com\/wp-content\/uploads\/Thiago-Mendes-em-acao-durante-um-jogo-do-Lyon.webp","contentUrl":"https:\/\/www.gaveanews.com\/wp-content\/uploads\/Thiago-Mendes-em-acao-durante-um-jogo-do-Lyon.webp","width":1080,"height":1080,"caption":"Thiago Mendes em a\u00e7\u00e3o durante um jogo do Lyon (Foto: Divulga\u00e7\u00e3o)"},{"@type":"BreadcrumbList","@id":"https:\/\/www.gaveanews.com\/index.php\/2021\/07\/15\/lyon-recusa-termos-do-fla-e-prepara-nova-forma-para-ceder-thiago-mendes\/#breadcrumb","itemListElement":[{"@type":"ListItem","position":1,"name":"Home","item":"https:\/\/www.gaveanews.com\/"},{"@type":"ListItem","position":2,"name":"Lyon recusa termos do Fla e prepara nova forma para ceder Thiago Mendes"}]},{"@type":"WebSite","@id":"https:\/\/www.gaveanews.com\/#website","url":"https:\/\/www.gaveanews.com\/","name":"G\u00e1vea News","description":"Veja todas as not\u00edcias sobre o Flamengo: Contrata\u00e7\u00f5es, categorias de base, resultados das partidas, tabela de classifica\u00e7\u00e3o, pr\u00f3ximos jogos!","potentialAction":[{"@type":"SearchAction","target":{"@type":"EntryPoint","urlTemplate":"https:\/\/www.gaveanews.com\/?s={search_term_string}"},"query-input":{"@type":"PropertyValueSpecification","valueRequired":true,"valueName":"search_term_string"}}],"inLanguage":"pt-BR"},{"@type":"Person","@id":"https:\/\/www.gaveanews.com\/#\/schema\/person\/714c67050b836198af2450ba1c142a67","name":"Let\u00edcia Gerheim","image":{"@type":"ImageObject","inLanguage":"pt-BR","@id":"https:\/\/www.gaveanews.com\/#\/schema\/person\/image\/","url":"https:\/\/secure.gravatar.com\/avatar\/60734739c50fcebfbac509e2a826ccd0ff405c019bc73aab9354f19ecad1dcb4?s=96&d=mm&r=g","contentUrl":"https:\/\/secure.gravatar.com\/avatar\/60734739c50fcebfbac509e2a826ccd0ff405c019bc73aab9354f19ecad1dcb4?s=96&d=mm&r=g","caption":"Let\u00edcia Gerheim"}}]}},"_links":{"self":[{"href":"https:\/\/www.gaveanews.com\/index.php\/wp-json\/wp\/v2\/posts\/64503","targetHints":{"allow":["GET"]}}],"collection":[{"href":"https:\/\/www.gaveanews.com\/index.php\/wp-json\/wp\/v2\/posts"}],"about":[{"href":"https:\/\/www.gaveanews.com\/index.php\/wp-json\/wp\/v2\/types\/post"}],"author":[{"embeddable":true,"href":"https:\/\/www.gaveanews.com\/index.php\/wp-json\/wp\/v2\/users\/4"}],"replies":[{"embeddable":true,"href":"https:\/\/www.gaveanews.com\/index.php\/wp-json\/wp\/v2\/comments?post=64503"}],"version-history":[{"count":0,"href":"https:\/\/www.gaveanews.com\/index.php\/wp-json\/wp\/v2\/posts\/64503\/revisions"}],"wp:featuredmedia":[{"embeddable":true,"href":"https:\/\/www.gaveanews.com\/index.php\/wp-json\/wp\/v2\/media\/63968"}],"wp:attachment":[{"href":"https:\/\/www.gaveanews.com\/index.php\/wp-json\/wp\/v2\/media?parent=64503"}],"wp:term":[{"taxonomy":"category","embeddable":true,"href":"https:\/\/www.gaveanews.com\/index.php\/wp-json\/wp\/v2\/categories?post=64503"},{"taxonomy":"post_tag","embeddable":true,"href":"https:\/\/www.gaveanews.com\/index.php\/wp-json\/wp\/v2\/tags?post=64503"}],"curies":[{"name":"wp","href":"https:\/\/api.w.org\/{rel}","templated":true}]}}