{"id":64514,"date":"2021-07-16T08:16:45","date_gmt":"2021-07-16T11:16:45","guid":{"rendered":"https:\/\/www.gaveanews.com\/?p=64514"},"modified":"2021-07-16T08:17:15","modified_gmt":"2021-07-16T11:17:15","slug":"renato-gaucho-vive-dilema-nos-primeiros-dias-de-flamengo","status":"publish","type":"post","link":"https:\/\/www.gaveanews.com\/index.php\/2021\/07\/16\/renato-gaucho-vive-dilema-nos-primeiros-dias-de-flamengo\/","title":{"rendered":"Renato Ga\u00facho vive dilema nos primeiros dias de Flamengo"},"content":{"rendered":"\n<p>Logo nos primeiros dias no comando do Flamengo, Renato Ga\u00facho j\u00e1 vive um importante dilema: poupar de olho no Defensa y Justicia ou usar for\u00e7a m\u00e1xima e tentar subir na tabela do Brasileir\u00e3o? Neste domingo, o Rubro-Negro visita o Bahia em Salvador com necessidade de pontuar, mas com o confronto de volta das oitavas de final da Libertadores no horizonte.<\/p>\n\n\n\n<p>A op\u00e7\u00e3o por poupar atletas \u00e9 inclusive uma das principais d\u00favidas em torno do trabalho de Renato Ga\u00facho. Nos quatro anos e meio \u00e0 frente do Gr\u00eamio, o treinador criou o h\u00e1bito de priorizar as competi\u00e7\u00f5es de mata-mata em detrimento do Brasileir\u00e3o. Dessa forma, ele usava as rodadas no fim de semana para rodar o elenco &#8211; com a autoriza\u00e7\u00e3o da diretoria gremista.<\/p>\n\n\n\n<p>O contexto do Flamengo, no entanto, parece ser diferente, uma vez que o Campeonato Brasileiro \u00e9 tratado com import\u00e2ncia pelos dirigentes rubro-negros. Bicampe\u00e3o nacional, o clube almeja conquistar o terceiro t\u00edtulo seguido, o que apenas o S\u00e3o Paulo (em 2006, 2007 e 2008) alcan\u00e7ou nesses 50 anos de competi\u00e7\u00e3o.<\/p>\n\n\n\n<p>Ap\u00f3s um in\u00edcio irregular, com quatro derrotas, o Flamengo soma 15 pontos e ocupa apenas a 8\u00aa coloca\u00e7\u00e3o da tabela. Apesar de ter dois jogos atrasados, a equipe est\u00e1 a seis pontos do G-4 e a dez do l\u00edder Palmeiras. Ou seja, precisa engatar uma boa sequ\u00eancia de vit\u00f3rias para encostar nos l\u00edderes e se firmar na brigar pelo t\u00edtulo.<\/p>\n\n\n\n<p>Em meio \u00e0 maratona de jogos, o Flamengo adotou uma estrat\u00e9gia de preservar jogadores por precau\u00e7\u00e3o, ap\u00f3s avalia\u00e7\u00f5es regulares da fisiologia. Nas \u00faltimas semanas, por exemplo, Rodrigo Caio, Diego Alves e Filipe Lu\u00eds foram poupados, mas em partidas diferentes. A \u00faltima vez que a equipe entrou em campo com um time majoritariamente reserva foi na semifinal do Carioca, contra o Volta Redonda, em 8 de maio.<\/p>\n\n\n\n<p>Questionado sobre o assunto na coletiva de apresenta\u00e7\u00e3o, na \u00faltima segunda-feira, Renato Ga\u00facho aparentou estar alinhado com esse procedimento do Flamengo. O treinador ressaltou a import\u00e2ncia da equipe de fisiologia e citou o risco de les\u00e3o como justificativa para poupar determinados atletas.<\/p>\n\n\n\n<p><strong><em>\u2014 O poupar em algumas competi\u00e7\u00f5es as pessoas, \u00e0s vezes, entendem mal. A gente sempre quer a for\u00e7a total. Mas no momento em que o jogador est\u00e1 desgastado, e o exame de &#8220;CK&#8221; mostra que ele pode ter uma les\u00e3o, esse jogador vai ser poupado. A explica\u00e7\u00e3o \u00e9 essa. O fisiologista e o preparador f\u00edsico ajudam o treinador. No momento em que ele (jogador) se sentir bem, ele vai jogar<\/em><\/strong> &#8211; disse Renato.<\/p>\n\n\n\n<h2 class=\"wp-block-heading\" id=\"h-desfalque-e-retornos\">Desfalque e retornos<\/h2>\n\n\n\n<p>Na estreia contra o Defensa y Justicia, o treinador n\u00e3o p\u00f4de contar com quatro atletas: Rodrigo Caio, Willian Ar\u00e3o, Diego e Bruno Henrique. De todos eles, apenas Ar\u00e3o tem o retorno confirmado contra o Bahia. O trio restante se recupera de les\u00e3o e ser\u00e1 avaliado no Ninho do Urubu antes da viagem a Salvador, no s\u00e1bado.<\/p>\n\n\n\n<p>Ap\u00f3s ganhar folga, Renato Ga\u00facho e o elenco do Flamengo se reapresentam no CT nesta sexta-feira e ter\u00e3o apenas dois dias de prepara\u00e7\u00e3o para o confronto com o Bahia. A partida est\u00e1 marcada para domingo, \u00e0s 18h15 (de Bras\u00edlia), em Pitua\u00e7u. Em seguida, a equipe segue direto para Bras\u00edlia, onde enfrenta o Defensa y Justicia na pr\u00f3xima quarta, valendo uma vaga nas quartas de final da Libertadores.<\/p>\n\n\n\n<p>Retirado de: Lance<\/p>\n","protected":false},"excerpt":{"rendered":"<p>Logo nos primeiros dias no comando do Flamengo, Renato Ga\u00facho j\u00e1 vive um importante dilema: poupar de olho no Defensa y Justicia ou usar for\u00e7a m\u00e1xima e tentar subir na tabela do Brasileir\u00e3o? Neste domingo, o Rubro-Negro visita o Bahia em Salvador com necessidade de pontuar, mas com o confronto de volta das oitavas de [&hellip;]<\/p>\n","protected":false},"author":1,"featured_media":64405,"comment_status":"open","ping_status":"closed","sticky":false,"template":"","format":"standard","meta":{"footnotes":""},"categories":[1],"tags":[],"class_list":["post-64514","post","type-post","status-publish","format-standard","has-post-thumbnail","hentry","category-flamengo"],"yoast_head":"<!-- This site is optimized with the Yoast SEO Premium plugin v24.2 (Yoast SEO v26.9) - https:\/\/yoast.com\/product\/yoast-seo-premium-wordpress\/ -->\n<title>Renato Ga\u00facho vive dilema nos primeiros dias de Flamengo<\/title>\n<meta name=\"robots\" content=\"index, follow, max-snippet:-1, max-image-preview:large, max-video-preview:-1\" \/>\n<link rel=\"canonical\" href=\"https:\/\/www.gaveanews.com\/index.php\/2021\/07\/16\/renato-gaucho-vive-dilema-nos-primeiros-dias-de-flamengo\/\" \/>\n<meta property=\"og:locale\" content=\"pt_BR\" \/>\n<meta property=\"og:type\" content=\"article\" \/>\n<meta property=\"og:title\" content=\"Renato Ga\u00facho vive dilema nos primeiros dias de Flamengo\" \/>\n<meta property=\"og:description\" content=\"Logo nos primeiros dias no comando do Flamengo, Renato Ga\u00facho j\u00e1 vive um importante dilema: poupar de olho no Defensa y Justicia ou usar for\u00e7a m\u00e1xima e tentar subir na tabela do Brasileir\u00e3o? Neste domingo, o Rubro-Negro visita o Bahia em Salvador com necessidade de pontuar, mas com o confronto de volta das oitavas de [&hellip;]\" \/>\n<meta property=\"og:url\" content=\"https:\/\/www.gaveanews.com\/index.php\/2021\/07\/16\/renato-gaucho-vive-dilema-nos-primeiros-dias-de-flamengo\/\" \/>\n<meta property=\"og:site_name\" content=\"G\u00e1vea News\" \/>\n<meta property=\"article:publisher\" content=\"https:\/\/facebook.com\/gaveaNews\/\" \/>\n<meta property=\"article:published_time\" content=\"2021-07-16T11:16:45+00:00\" \/>\n<meta property=\"article:modified_time\" content=\"2021-07-16T11:17:15+00:00\" \/>\n<meta property=\"og:image\" content=\"https:\/\/www.gaveanews.com\/wp-content\/uploads\/Renato-Gaucho-em-entrevista-coletiva-no-Ninho-do-Urubu.webp\" \/>\n\t<meta property=\"og:image:width\" content=\"799\" \/>\n\t<meta property=\"og:image:height\" content=\"532\" \/>\n\t<meta property=\"og:image:type\" content=\"image\/jpeg\" \/>\n<meta name=\"author\" content=\"Equipe G\u00e1vea News\" \/>\n<meta name=\"twitter:card\" content=\"summary_large_image\" \/>\n<meta name=\"twitter:label1\" content=\"Escrito por\" \/>\n\t<meta name=\"twitter:data1\" content=\"Equipe G\u00e1vea News\" \/>\n\t<meta name=\"twitter:label2\" content=\"Est. tempo de leitura\" \/>\n\t<meta name=\"twitter:data2\" content=\"3 minutos\" \/>\n<script type=\"application\/ld+json\" class=\"yoast-schema-graph\">{\"@context\":\"https:\/\/schema.org\",\"@graph\":[{\"@type\":\"NewsArticle\",\"@id\":\"https:\/\/www.gaveanews.com\/index.php\/2021\/07\/16\/renato-gaucho-vive-dilema-nos-primeiros-dias-de-flamengo\/#article\",\"isPartOf\":{\"@id\":\"https:\/\/www.gaveanews.com\/index.php\/2021\/07\/16\/renato-gaucho-vive-dilema-nos-primeiros-dias-de-flamengo\/\"},\"author\":{\"name\":\"Equipe G\u00e1vea News\",\"@id\":\"https:\/\/www.gaveanews.com\/#\/schema\/person\/2ec14f73fb96be2caf28f91afb14749d\"},\"headline\":\"Renato Ga\u00facho vive dilema nos primeiros dias de Flamengo\",\"datePublished\":\"2021-07-16T11:16:45+00:00\",\"dateModified\":\"2021-07-16T11:17:15+00:00\",\"mainEntityOfPage\":{\"@id\":\"https:\/\/www.gaveanews.com\/index.php\/2021\/07\/16\/renato-gaucho-vive-dilema-nos-primeiros-dias-de-flamengo\/\"},\"wordCount\":593,\"commentCount\":19,\"image\":{\"@id\":\"https:\/\/www.gaveanews.com\/index.php\/2021\/07\/16\/renato-gaucho-vive-dilema-nos-primeiros-dias-de-flamengo\/#primaryimage\"},\"thumbnailUrl\":\"https:\/\/www.gaveanews.com\/wp-content\/uploads\/Renato-Gaucho-em-entrevista-coletiva-no-Ninho-do-Urubu.webp\",\"articleSection\":[\"Flamengo\"],\"inLanguage\":\"pt-BR\",\"potentialAction\":[{\"@type\":\"CommentAction\",\"name\":\"Comment\",\"target\":[\"https:\/\/www.gaveanews.com\/index.php\/2021\/07\/16\/renato-gaucho-vive-dilema-nos-primeiros-dias-de-flamengo\/#respond\"]}],\"copyrightYear\":\"2021\",\"copyrightHolder\":{\"@id\":\"https:\/\/www.gaveanews.com\/#organization\"}},{\"@type\":\"WebPage\",\"@id\":\"https:\/\/www.gaveanews.com\/index.php\/2021\/07\/16\/renato-gaucho-vive-dilema-nos-primeiros-dias-de-flamengo\/\",\"url\":\"https:\/\/www.gaveanews.com\/index.php\/2021\/07\/16\/renato-gaucho-vive-dilema-nos-primeiros-dias-de-flamengo\/\",\"name\":\"Renato Ga\u00facho vive dilema nos primeiros dias de Flamengo\",\"isPartOf\":{\"@id\":\"https:\/\/www.gaveanews.com\/#website\"},\"primaryImageOfPage\":{\"@id\":\"https:\/\/www.gaveanews.com\/index.php\/2021\/07\/16\/renato-gaucho-vive-dilema-nos-primeiros-dias-de-flamengo\/#primaryimage\"},\"image\":{\"@id\":\"https:\/\/www.gaveanews.com\/index.php\/2021\/07\/16\/renato-gaucho-vive-dilema-nos-primeiros-dias-de-flamengo\/#primaryimage\"},\"thumbnailUrl\":\"https:\/\/www.gaveanews.com\/wp-content\/uploads\/Renato-Gaucho-em-entrevista-coletiva-no-Ninho-do-Urubu.webp\",\"datePublished\":\"2021-07-16T11:16:45+00:00\",\"dateModified\":\"2021-07-16T11:17:15+00:00\",\"author\":{\"@id\":\"https:\/\/www.gaveanews.com\/#\/schema\/person\/2ec14f73fb96be2caf28f91afb14749d\"},\"breadcrumb\":{\"@id\":\"https:\/\/www.gaveanews.com\/index.php\/2021\/07\/16\/renato-gaucho-vive-dilema-nos-primeiros-dias-de-flamengo\/#breadcrumb\"},\"inLanguage\":\"pt-BR\",\"potentialAction\":[{\"@type\":\"ReadAction\",\"target\":[\"https:\/\/www.gaveanews.com\/index.php\/2021\/07\/16\/renato-gaucho-vive-dilema-nos-primeiros-dias-de-flamengo\/\"]}]},{\"@type\":\"ImageObject\",\"inLanguage\":\"pt-BR\",\"@id\":\"https:\/\/www.gaveanews.com\/index.php\/2021\/07\/16\/renato-gaucho-vive-dilema-nos-primeiros-dias-de-flamengo\/#primaryimage\",\"url\":\"https:\/\/www.gaveanews.com\/wp-content\/uploads\/Renato-Gaucho-em-entrevista-coletiva-no-Ninho-do-Urubu.webp\",\"contentUrl\":\"https:\/\/www.gaveanews.com\/wp-content\/uploads\/Renato-Gaucho-em-entrevista-coletiva-no-Ninho-do-Urubu.webp\",\"width\":799,\"height\":532,\"caption\":\"Renato Ga\u00facho em entrevista coletiva no Ninho do Urubu (Foto: Alexandre Vidal\/Flamengo)\"},{\"@type\":\"BreadcrumbList\",\"@id\":\"https:\/\/www.gaveanews.com\/index.php\/2021\/07\/16\/renato-gaucho-vive-dilema-nos-primeiros-dias-de-flamengo\/#breadcrumb\",\"itemListElement\":[{\"@type\":\"ListItem\",\"position\":1,\"name\":\"Home\",\"item\":\"https:\/\/www.gaveanews.com\/\"},{\"@type\":\"ListItem\",\"position\":2,\"name\":\"Renato Ga\u00facho vive dilema nos primeiros dias de Flamengo\"}]},{\"@type\":\"WebSite\",\"@id\":\"https:\/\/www.gaveanews.com\/#website\",\"url\":\"https:\/\/www.gaveanews.com\/\",\"name\":\"G\u00e1vea News\",\"description\":\"Veja todas as not\u00edcias sobre o Flamengo: Contrata\u00e7\u00f5es, categorias de base, resultados das partidas, tabela de classifica\u00e7\u00e3o, pr\u00f3ximos jogos!\",\"potentialAction\":[{\"@type\":\"SearchAction\",\"target\":{\"@type\":\"EntryPoint\",\"urlTemplate\":\"https:\/\/www.gaveanews.com\/?s={search_term_string}\"},\"query-input\":{\"@type\":\"PropertyValueSpecification\",\"valueRequired\":true,\"valueName\":\"search_term_string\"}}],\"inLanguage\":\"pt-BR\"},{\"@type\":\"Person\",\"@id\":\"https:\/\/www.gaveanews.com\/#\/schema\/person\/2ec14f73fb96be2caf28f91afb14749d\",\"name\":\"Equipe G\u00e1vea News\",\"image\":{\"@type\":\"ImageObject\",\"inLanguage\":\"pt-BR\",\"@id\":\"https:\/\/www.gaveanews.com\/#\/schema\/person\/image\/\",\"url\":\"https:\/\/secure.gravatar.com\/avatar\/1e1956f1facbffd3f8fa53a326721950116b3b9dc9bd44939c01180fd4a745a9?s=96&d=mm&r=g\",\"contentUrl\":\"https:\/\/secure.gravatar.com\/avatar\/1e1956f1facbffd3f8fa53a326721950116b3b9dc9bd44939c01180fd4a745a9?s=96&d=mm&r=g\",\"caption\":\"Equipe G\u00e1vea News\"}}]}<\/script>\n<!-- \/ Yoast SEO Premium plugin. -->","yoast_head_json":{"title":"Renato Ga\u00facho vive dilema nos primeiros dias de Flamengo","robots":{"index":"index","follow":"follow","max-snippet":"max-snippet:-1","max-image-preview":"max-image-preview:large","max-video-preview":"max-video-preview:-1"},"canonical":"https:\/\/www.gaveanews.com\/index.php\/2021\/07\/16\/renato-gaucho-vive-dilema-nos-primeiros-dias-de-flamengo\/","og_locale":"pt_BR","og_type":"article","og_title":"Renato Ga\u00facho vive dilema nos primeiros dias de Flamengo","og_description":"Logo nos primeiros dias no comando do Flamengo, Renato Ga\u00facho j\u00e1 vive um importante dilema: poupar de olho no Defensa y Justicia ou usar for\u00e7a m\u00e1xima e tentar subir na tabela do Brasileir\u00e3o? Neste domingo, o Rubro-Negro visita o Bahia em Salvador com necessidade de pontuar, mas com o confronto de volta das oitavas de [&hellip;]","og_url":"https:\/\/www.gaveanews.com\/index.php\/2021\/07\/16\/renato-gaucho-vive-dilema-nos-primeiros-dias-de-flamengo\/","og_site_name":"G\u00e1vea News","article_publisher":"https:\/\/facebook.com\/gaveaNews\/","article_published_time":"2021-07-16T11:16:45+00:00","article_modified_time":"2021-07-16T11:17:15+00:00","og_image":[{"width":799,"height":532,"url":"https:\/\/www.gaveanews.com\/wp-content\/uploads\/Renato-Gaucho-em-entrevista-coletiva-no-Ninho-do-Urubu.webp","type":"image\/jpeg"}],"author":"Equipe G\u00e1vea News","twitter_card":"summary_large_image","twitter_misc":{"Escrito por":"Equipe G\u00e1vea News","Est. tempo de leitura":"3 minutos"},"schema":{"@context":"https:\/\/schema.org","@graph":[{"@type":"NewsArticle","@id":"https:\/\/www.gaveanews.com\/index.php\/2021\/07\/16\/renato-gaucho-vive-dilema-nos-primeiros-dias-de-flamengo\/#article","isPartOf":{"@id":"https:\/\/www.gaveanews.com\/index.php\/2021\/07\/16\/renato-gaucho-vive-dilema-nos-primeiros-dias-de-flamengo\/"},"author":{"name":"Equipe G\u00e1vea News","@id":"https:\/\/www.gaveanews.com\/#\/schema\/person\/2ec14f73fb96be2caf28f91afb14749d"},"headline":"Renato Ga\u00facho vive dilema nos primeiros dias de Flamengo","datePublished":"2021-07-16T11:16:45+00:00","dateModified":"2021-07-16T11:17:15+00:00","mainEntityOfPage":{"@id":"https:\/\/www.gaveanews.com\/index.php\/2021\/07\/16\/renato-gaucho-vive-dilema-nos-primeiros-dias-de-flamengo\/"},"wordCount":593,"commentCount":19,"image":{"@id":"https:\/\/www.gaveanews.com\/index.php\/2021\/07\/16\/renato-gaucho-vive-dilema-nos-primeiros-dias-de-flamengo\/#primaryimage"},"thumbnailUrl":"https:\/\/www.gaveanews.com\/wp-content\/uploads\/Renato-Gaucho-em-entrevista-coletiva-no-Ninho-do-Urubu.webp","articleSection":["Flamengo"],"inLanguage":"pt-BR","potentialAction":[{"@type":"CommentAction","name":"Comment","target":["https:\/\/www.gaveanews.com\/index.php\/2021\/07\/16\/renato-gaucho-vive-dilema-nos-primeiros-dias-de-flamengo\/#respond"]}],"copyrightYear":"2021","copyrightHolder":{"@id":"https:\/\/www.gaveanews.com\/#organization"}},{"@type":"WebPage","@id":"https:\/\/www.gaveanews.com\/index.php\/2021\/07\/16\/renato-gaucho-vive-dilema-nos-primeiros-dias-de-flamengo\/","url":"https:\/\/www.gaveanews.com\/index.php\/2021\/07\/16\/renato-gaucho-vive-dilema-nos-primeiros-dias-de-flamengo\/","name":"Renato Ga\u00facho vive dilema nos primeiros dias de Flamengo","isPartOf":{"@id":"https:\/\/www.gaveanews.com\/#website"},"primaryImageOfPage":{"@id":"https:\/\/www.gaveanews.com\/index.php\/2021\/07\/16\/renato-gaucho-vive-dilema-nos-primeiros-dias-de-flamengo\/#primaryimage"},"image":{"@id":"https:\/\/www.gaveanews.com\/index.php\/2021\/07\/16\/renato-gaucho-vive-dilema-nos-primeiros-dias-de-flamengo\/#primaryimage"},"thumbnailUrl":"https:\/\/www.gaveanews.com\/wp-content\/uploads\/Renato-Gaucho-em-entrevista-coletiva-no-Ninho-do-Urubu.webp","datePublished":"2021-07-16T11:16:45+00:00","dateModified":"2021-07-16T11:17:15+00:00","author":{"@id":"https:\/\/www.gaveanews.com\/#\/schema\/person\/2ec14f73fb96be2caf28f91afb14749d"},"breadcrumb":{"@id":"https:\/\/www.gaveanews.com\/index.php\/2021\/07\/16\/renato-gaucho-vive-dilema-nos-primeiros-dias-de-flamengo\/#breadcrumb"},"inLanguage":"pt-BR","potentialAction":[{"@type":"ReadAction","target":["https:\/\/www.gaveanews.com\/index.php\/2021\/07\/16\/renato-gaucho-vive-dilema-nos-primeiros-dias-de-flamengo\/"]}]},{"@type":"ImageObject","inLanguage":"pt-BR","@id":"https:\/\/www.gaveanews.com\/index.php\/2021\/07\/16\/renato-gaucho-vive-dilema-nos-primeiros-dias-de-flamengo\/#primaryimage","url":"https:\/\/www.gaveanews.com\/wp-content\/uploads\/Renato-Gaucho-em-entrevista-coletiva-no-Ninho-do-Urubu.webp","contentUrl":"https:\/\/www.gaveanews.com\/wp-content\/uploads\/Renato-Gaucho-em-entrevista-coletiva-no-Ninho-do-Urubu.webp","width":799,"height":532,"caption":"Renato Ga\u00facho em entrevista coletiva no Ninho do Urubu (Foto: Alexandre Vidal\/Flamengo)"},{"@type":"BreadcrumbList","@id":"https:\/\/www.gaveanews.com\/index.php\/2021\/07\/16\/renato-gaucho-vive-dilema-nos-primeiros-dias-de-flamengo\/#breadcrumb","itemListElement":[{"@type":"ListItem","position":1,"name":"Home","item":"https:\/\/www.gaveanews.com\/"},{"@type":"ListItem","position":2,"name":"Renato Ga\u00facho vive dilema nos primeiros dias de Flamengo"}]},{"@type":"WebSite","@id":"https:\/\/www.gaveanews.com\/#website","url":"https:\/\/www.gaveanews.com\/","name":"G\u00e1vea News","description":"Veja todas as not\u00edcias sobre o Flamengo: Contrata\u00e7\u00f5es, categorias de base, resultados das partidas, tabela de classifica\u00e7\u00e3o, pr\u00f3ximos jogos!","potentialAction":[{"@type":"SearchAction","target":{"@type":"EntryPoint","urlTemplate":"https:\/\/www.gaveanews.com\/?s={search_term_string}"},"query-input":{"@type":"PropertyValueSpecification","valueRequired":true,"valueName":"search_term_string"}}],"inLanguage":"pt-BR"},{"@type":"Person","@id":"https:\/\/www.gaveanews.com\/#\/schema\/person\/2ec14f73fb96be2caf28f91afb14749d","name":"Equipe G\u00e1vea News","image":{"@type":"ImageObject","inLanguage":"pt-BR","@id":"https:\/\/www.gaveanews.com\/#\/schema\/person\/image\/","url":"https:\/\/secure.gravatar.com\/avatar\/1e1956f1facbffd3f8fa53a326721950116b3b9dc9bd44939c01180fd4a745a9?s=96&d=mm&r=g","contentUrl":"https:\/\/secure.gravatar.com\/avatar\/1e1956f1facbffd3f8fa53a326721950116b3b9dc9bd44939c01180fd4a745a9?s=96&d=mm&r=g","caption":"Equipe G\u00e1vea News"}}]}},"_links":{"self":[{"href":"https:\/\/www.gaveanews.com\/index.php\/wp-json\/wp\/v2\/posts\/64514","targetHints":{"allow":["GET"]}}],"collection":[{"href":"https:\/\/www.gaveanews.com\/index.php\/wp-json\/wp\/v2\/posts"}],"about":[{"href":"https:\/\/www.gaveanews.com\/index.php\/wp-json\/wp\/v2\/types\/post"}],"author":[{"embeddable":true,"href":"https:\/\/www.gaveanews.com\/index.php\/wp-json\/wp\/v2\/users\/1"}],"replies":[{"embeddable":true,"href":"https:\/\/www.gaveanews.com\/index.php\/wp-json\/wp\/v2\/comments?post=64514"}],"version-history":[{"count":0,"href":"https:\/\/www.gaveanews.com\/index.php\/wp-json\/wp\/v2\/posts\/64514\/revisions"}],"wp:featuredmedia":[{"embeddable":true,"href":"https:\/\/www.gaveanews.com\/index.php\/wp-json\/wp\/v2\/media\/64405"}],"wp:attachment":[{"href":"https:\/\/www.gaveanews.com\/index.php\/wp-json\/wp\/v2\/media?parent=64514"}],"wp:term":[{"taxonomy":"category","embeddable":true,"href":"https:\/\/www.gaveanews.com\/index.php\/wp-json\/wp\/v2\/categories?post=64514"},{"taxonomy":"post_tag","embeddable":true,"href":"https:\/\/www.gaveanews.com\/index.php\/wp-json\/wp\/v2\/tags?post=64514"}],"curies":[{"name":"wp","href":"https:\/\/api.w.org\/{rel}","templated":true}]}}