{"id":64518,"date":"2021-07-16T10:01:03","date_gmt":"2021-07-16T13:01:03","guid":{"rendered":"https:\/\/www.gaveanews.com\/?p=64518"},"modified":"2021-07-16T10:01:06","modified_gmt":"2021-07-16T13:01:06","slug":"com-dois-nomes-na-lista-flamengo-estuda-a-contratacao-de-um-goleiro","status":"publish","type":"post","link":"https:\/\/www.gaveanews.com\/index.php\/2021\/07\/16\/com-dois-nomes-na-lista-flamengo-estuda-a-contratacao-de-um-goleiro\/","title":{"rendered":"Com dois nomes na lista, Flamengo estuda a contrata\u00e7\u00e3o de um goleiro"},"content":{"rendered":"\n<p>O Flamengo estuda a contrata\u00e7\u00e3o de um goleiro para a reserva de Diego Alves, de acordo com o youtuber Gustavo Henrique \u201cDando Choque\u201d. O clube, inclusive, j\u00e1 definiu os nomes: Rafael, ex-Santos, e Jandrei, ex-Chapecoense. Em breve o Mais Querido deve fazer as propostas.<\/p>\n\n\n\n<p>Rafael, de 31 anos, foi revelado no Santos e era tido como uma das grandes promessas da posi\u00e7\u00e3o. O atleta foi campe\u00e3o da Libertadores em 2011, sendo um dos destaques e, inclusive, chegou a ser convocado para a sele\u00e7\u00e3o e seria o goleiro das Olimp\u00edadas de 2012, mas acabou se lesionando.<\/p>\n\n\n\n<p>Em 2013, foi para o Napoli, da It\u00e1lia, onde ficou at\u00e9 2018, mas sem muito espa\u00e7o, tendo atuado apenas 2 jogos nos tr\u00eas \u00faltimos anos. Depois, foi negociado para a Sampdoria, onde tamb\u00e9m n\u00e3o atuou muito. Ent\u00e3o, nas \u00faltimas duas temporadas ele defendeu o Reading, da Inglaterra. No clube, ele finalmente teve sequ\u00eancia, sendo titular absoluto e elogiado.<\/p>\n\n\n\n<p>Jandrei, de 28 anos, por sua vez, fez a base no Internacional, passou pelo Novo Hamburgo e Atl\u00e9tico Tubar\u00e3o, at\u00e9 se destacar na Chapecoense, em 2017 e 2018. Nos dois anos, o goleiro mostrou muita qualidade, principalmente com os p\u00e9s. Foi vendido para o Genoa em 2019, onde ainda est\u00e1, mas sem espa\u00e7o. Ele atuou em apenas 2 jogos e, no ano passado, foi emprestado ao Athletico, para ser reserva de Santos. L\u00e1 ele disputou 7 partidas.<\/p>\n\n\n\n<p>Vale destacar que Diego Alves tem 36 anos, com contrato apenas at\u00e9 o final do ano. Al\u00e9m disso, o experiente goleiro teve alguns problemas f\u00edsicos recentemente. Depois de atuar em 62 jogos em 2019, ele entrou em campo apenas 29 vezes na temporada passada. Com a les\u00e3o do C\u00e9sar, a reserva ficou para os jovens Gabriel Batista, de 23 anos, e Hugo Souza, de 22.<\/p>\n\n\n\n<p>Retirado de: Di\u00e1rio do Fla<\/p>\n","protected":false},"excerpt":{"rendered":"<p>O Flamengo estuda a contrata\u00e7\u00e3o de um goleiro para a reserva de Diego Alves, de acordo com o youtuber Gustavo Henrique \u201cDando Choque\u201d. O clube, inclusive, j\u00e1 definiu os nomes: Rafael, ex-Santos, e Jandrei, ex-Chapecoense. Em breve o Mais Querido deve fazer as propostas. Rafael, de 31 anos, foi revelado no Santos e era tido [&hellip;]<\/p>\n","protected":false},"author":1,"featured_media":64346,"comment_status":"open","ping_status":"closed","sticky":false,"template":"","format":"standard","meta":{"footnotes":""},"categories":[48],"tags":[],"class_list":["post-64518","post","type-post","status-publish","format-standard","has-post-thumbnail","hentry","category-negociacoes"],"yoast_head":"<!-- This site is optimized with the Yoast SEO Premium plugin v24.2 (Yoast SEO v26.9) - https:\/\/yoast.com\/product\/yoast-seo-premium-wordpress\/ -->\n<title>Com dois nomes na lista, Flamengo estuda a contrata\u00e7\u00e3o de um goleiro<\/title>\n<meta name=\"robots\" content=\"index, follow, max-snippet:-1, max-image-preview:large, max-video-preview:-1\" \/>\n<link rel=\"canonical\" href=\"https:\/\/www.gaveanews.com\/index.php\/2021\/07\/16\/com-dois-nomes-na-lista-flamengo-estuda-a-contratacao-de-um-goleiro\/\" \/>\n<meta property=\"og:locale\" content=\"pt_BR\" \/>\n<meta property=\"og:type\" content=\"article\" \/>\n<meta property=\"og:title\" content=\"Com dois nomes na lista, Flamengo estuda a contrata\u00e7\u00e3o de um goleiro\" \/>\n<meta property=\"og:description\" content=\"O Flamengo estuda a contrata\u00e7\u00e3o de um goleiro para a reserva de Diego Alves, de acordo com o youtuber Gustavo Henrique \u201cDando Choque\u201d. O clube, inclusive, j\u00e1 definiu os nomes: Rafael, ex-Santos, e Jandrei, ex-Chapecoense. Em breve o Mais Querido deve fazer as propostas. Rafael, de 31 anos, foi revelado no Santos e era tido [&hellip;]\" \/>\n<meta property=\"og:url\" content=\"https:\/\/www.gaveanews.com\/index.php\/2021\/07\/16\/com-dois-nomes-na-lista-flamengo-estuda-a-contratacao-de-um-goleiro\/\" \/>\n<meta property=\"og:site_name\" content=\"G\u00e1vea News\" \/>\n<meta property=\"article:publisher\" content=\"https:\/\/facebook.com\/gaveaNews\/\" \/>\n<meta property=\"article:published_time\" content=\"2021-07-16T13:01:03+00:00\" \/>\n<meta property=\"article:modified_time\" content=\"2021-07-16T13:01:06+00:00\" \/>\n<meta property=\"og:image\" content=\"https:\/\/www.gaveanews.com\/wp-content\/uploads\/Marcos-Braz-em-entrevista-coletiva-no-Ninho-do-Urubu.webp\" \/>\n\t<meta property=\"og:image:width\" content=\"799\" \/>\n\t<meta property=\"og:image:height\" content=\"532\" \/>\n\t<meta property=\"og:image:type\" content=\"image\/jpeg\" \/>\n<meta name=\"author\" content=\"Equipe G\u00e1vea News\" \/>\n<meta name=\"twitter:card\" content=\"summary_large_image\" \/>\n<meta name=\"twitter:label1\" content=\"Escrito por\" \/>\n\t<meta name=\"twitter:data1\" content=\"Equipe G\u00e1vea News\" \/>\n\t<meta name=\"twitter:label2\" content=\"Est. tempo de leitura\" \/>\n\t<meta name=\"twitter:data2\" content=\"2 minutos\" \/>\n<script type=\"application\/ld+json\" class=\"yoast-schema-graph\">{\"@context\":\"https:\/\/schema.org\",\"@graph\":[{\"@type\":\"NewsArticle\",\"@id\":\"https:\/\/www.gaveanews.com\/index.php\/2021\/07\/16\/com-dois-nomes-na-lista-flamengo-estuda-a-contratacao-de-um-goleiro\/#article\",\"isPartOf\":{\"@id\":\"https:\/\/www.gaveanews.com\/index.php\/2021\/07\/16\/com-dois-nomes-na-lista-flamengo-estuda-a-contratacao-de-um-goleiro\/\"},\"author\":{\"name\":\"Equipe G\u00e1vea News\",\"@id\":\"https:\/\/www.gaveanews.com\/#\/schema\/person\/2ec14f73fb96be2caf28f91afb14749d\"},\"headline\":\"Com dois nomes na lista, Flamengo estuda a contrata\u00e7\u00e3o de um goleiro\",\"datePublished\":\"2021-07-16T13:01:03+00:00\",\"dateModified\":\"2021-07-16T13:01:06+00:00\",\"mainEntityOfPage\":{\"@id\":\"https:\/\/www.gaveanews.com\/index.php\/2021\/07\/16\/com-dois-nomes-na-lista-flamengo-estuda-a-contratacao-de-um-goleiro\/\"},\"wordCount\":316,\"commentCount\":29,\"image\":{\"@id\":\"https:\/\/www.gaveanews.com\/index.php\/2021\/07\/16\/com-dois-nomes-na-lista-flamengo-estuda-a-contratacao-de-um-goleiro\/#primaryimage\"},\"thumbnailUrl\":\"https:\/\/www.gaveanews.com\/wp-content\/uploads\/Marcos-Braz-em-entrevista-coletiva-no-Ninho-do-Urubu.webp\",\"articleSection\":[\"Negocia\u00e7\u00f5es\"],\"inLanguage\":\"pt-BR\",\"potentialAction\":[{\"@type\":\"CommentAction\",\"name\":\"Comment\",\"target\":[\"https:\/\/www.gaveanews.com\/index.php\/2021\/07\/16\/com-dois-nomes-na-lista-flamengo-estuda-a-contratacao-de-um-goleiro\/#respond\"]}],\"copyrightYear\":\"2021\",\"copyrightHolder\":{\"@id\":\"https:\/\/www.gaveanews.com\/#organization\"}},{\"@type\":\"WebPage\",\"@id\":\"https:\/\/www.gaveanews.com\/index.php\/2021\/07\/16\/com-dois-nomes-na-lista-flamengo-estuda-a-contratacao-de-um-goleiro\/\",\"url\":\"https:\/\/www.gaveanews.com\/index.php\/2021\/07\/16\/com-dois-nomes-na-lista-flamengo-estuda-a-contratacao-de-um-goleiro\/\",\"name\":\"Com dois nomes na lista, Flamengo estuda a contrata\u00e7\u00e3o de um goleiro\",\"isPartOf\":{\"@id\":\"https:\/\/www.gaveanews.com\/#website\"},\"primaryImageOfPage\":{\"@id\":\"https:\/\/www.gaveanews.com\/index.php\/2021\/07\/16\/com-dois-nomes-na-lista-flamengo-estuda-a-contratacao-de-um-goleiro\/#primaryimage\"},\"image\":{\"@id\":\"https:\/\/www.gaveanews.com\/index.php\/2021\/07\/16\/com-dois-nomes-na-lista-flamengo-estuda-a-contratacao-de-um-goleiro\/#primaryimage\"},\"thumbnailUrl\":\"https:\/\/www.gaveanews.com\/wp-content\/uploads\/Marcos-Braz-em-entrevista-coletiva-no-Ninho-do-Urubu.webp\",\"datePublished\":\"2021-07-16T13:01:03+00:00\",\"dateModified\":\"2021-07-16T13:01:06+00:00\",\"author\":{\"@id\":\"https:\/\/www.gaveanews.com\/#\/schema\/person\/2ec14f73fb96be2caf28f91afb14749d\"},\"breadcrumb\":{\"@id\":\"https:\/\/www.gaveanews.com\/index.php\/2021\/07\/16\/com-dois-nomes-na-lista-flamengo-estuda-a-contratacao-de-um-goleiro\/#breadcrumb\"},\"inLanguage\":\"pt-BR\",\"potentialAction\":[{\"@type\":\"ReadAction\",\"target\":[\"https:\/\/www.gaveanews.com\/index.php\/2021\/07\/16\/com-dois-nomes-na-lista-flamengo-estuda-a-contratacao-de-um-goleiro\/\"]}]},{\"@type\":\"ImageObject\",\"inLanguage\":\"pt-BR\",\"@id\":\"https:\/\/www.gaveanews.com\/index.php\/2021\/07\/16\/com-dois-nomes-na-lista-flamengo-estuda-a-contratacao-de-um-goleiro\/#primaryimage\",\"url\":\"https:\/\/www.gaveanews.com\/wp-content\/uploads\/Marcos-Braz-em-entrevista-coletiva-no-Ninho-do-Urubu.webp\",\"contentUrl\":\"https:\/\/www.gaveanews.com\/wp-content\/uploads\/Marcos-Braz-em-entrevista-coletiva-no-Ninho-do-Urubu.webp\",\"width\":799,\"height\":532,\"caption\":\"Marcos Braz em entrevista coletiva no Ninho do Urubu (Foto: Alexandre Vidal\/Flamengo)\"},{\"@type\":\"BreadcrumbList\",\"@id\":\"https:\/\/www.gaveanews.com\/index.php\/2021\/07\/16\/com-dois-nomes-na-lista-flamengo-estuda-a-contratacao-de-um-goleiro\/#breadcrumb\",\"itemListElement\":[{\"@type\":\"ListItem\",\"position\":1,\"name\":\"Home\",\"item\":\"https:\/\/www.gaveanews.com\/\"},{\"@type\":\"ListItem\",\"position\":2,\"name\":\"Com dois nomes na lista, Flamengo estuda a contrata\u00e7\u00e3o de um goleiro\"}]},{\"@type\":\"WebSite\",\"@id\":\"https:\/\/www.gaveanews.com\/#website\",\"url\":\"https:\/\/www.gaveanews.com\/\",\"name\":\"G\u00e1vea News\",\"description\":\"Veja todas as not\u00edcias sobre o Flamengo: Contrata\u00e7\u00f5es, categorias de base, resultados das partidas, tabela de classifica\u00e7\u00e3o, pr\u00f3ximos jogos!\",\"potentialAction\":[{\"@type\":\"SearchAction\",\"target\":{\"@type\":\"EntryPoint\",\"urlTemplate\":\"https:\/\/www.gaveanews.com\/?s={search_term_string}\"},\"query-input\":{\"@type\":\"PropertyValueSpecification\",\"valueRequired\":true,\"valueName\":\"search_term_string\"}}],\"inLanguage\":\"pt-BR\"},{\"@type\":\"Person\",\"@id\":\"https:\/\/www.gaveanews.com\/#\/schema\/person\/2ec14f73fb96be2caf28f91afb14749d\",\"name\":\"Equipe G\u00e1vea News\",\"image\":{\"@type\":\"ImageObject\",\"inLanguage\":\"pt-BR\",\"@id\":\"https:\/\/www.gaveanews.com\/#\/schema\/person\/image\/\",\"url\":\"https:\/\/secure.gravatar.com\/avatar\/1e1956f1facbffd3f8fa53a326721950116b3b9dc9bd44939c01180fd4a745a9?s=96&d=mm&r=g\",\"contentUrl\":\"https:\/\/secure.gravatar.com\/avatar\/1e1956f1facbffd3f8fa53a326721950116b3b9dc9bd44939c01180fd4a745a9?s=96&d=mm&r=g\",\"caption\":\"Equipe G\u00e1vea News\"}}]}<\/script>\n<!-- \/ Yoast SEO Premium plugin. -->","yoast_head_json":{"title":"Com dois nomes na lista, Flamengo estuda a contrata\u00e7\u00e3o de um goleiro","robots":{"index":"index","follow":"follow","max-snippet":"max-snippet:-1","max-image-preview":"max-image-preview:large","max-video-preview":"max-video-preview:-1"},"canonical":"https:\/\/www.gaveanews.com\/index.php\/2021\/07\/16\/com-dois-nomes-na-lista-flamengo-estuda-a-contratacao-de-um-goleiro\/","og_locale":"pt_BR","og_type":"article","og_title":"Com dois nomes na lista, Flamengo estuda a contrata\u00e7\u00e3o de um goleiro","og_description":"O Flamengo estuda a contrata\u00e7\u00e3o de um goleiro para a reserva de Diego Alves, de acordo com o youtuber Gustavo Henrique \u201cDando Choque\u201d. O clube, inclusive, j\u00e1 definiu os nomes: Rafael, ex-Santos, e Jandrei, ex-Chapecoense. Em breve o Mais Querido deve fazer as propostas. Rafael, de 31 anos, foi revelado no Santos e era tido [&hellip;]","og_url":"https:\/\/www.gaveanews.com\/index.php\/2021\/07\/16\/com-dois-nomes-na-lista-flamengo-estuda-a-contratacao-de-um-goleiro\/","og_site_name":"G\u00e1vea News","article_publisher":"https:\/\/facebook.com\/gaveaNews\/","article_published_time":"2021-07-16T13:01:03+00:00","article_modified_time":"2021-07-16T13:01:06+00:00","og_image":[{"width":799,"height":532,"url":"https:\/\/www.gaveanews.com\/wp-content\/uploads\/Marcos-Braz-em-entrevista-coletiva-no-Ninho-do-Urubu.webp","type":"image\/jpeg"}],"author":"Equipe G\u00e1vea News","twitter_card":"summary_large_image","twitter_misc":{"Escrito por":"Equipe G\u00e1vea News","Est. tempo de leitura":"2 minutos"},"schema":{"@context":"https:\/\/schema.org","@graph":[{"@type":"NewsArticle","@id":"https:\/\/www.gaveanews.com\/index.php\/2021\/07\/16\/com-dois-nomes-na-lista-flamengo-estuda-a-contratacao-de-um-goleiro\/#article","isPartOf":{"@id":"https:\/\/www.gaveanews.com\/index.php\/2021\/07\/16\/com-dois-nomes-na-lista-flamengo-estuda-a-contratacao-de-um-goleiro\/"},"author":{"name":"Equipe G\u00e1vea News","@id":"https:\/\/www.gaveanews.com\/#\/schema\/person\/2ec14f73fb96be2caf28f91afb14749d"},"headline":"Com dois nomes na lista, Flamengo estuda a contrata\u00e7\u00e3o de um goleiro","datePublished":"2021-07-16T13:01:03+00:00","dateModified":"2021-07-16T13:01:06+00:00","mainEntityOfPage":{"@id":"https:\/\/www.gaveanews.com\/index.php\/2021\/07\/16\/com-dois-nomes-na-lista-flamengo-estuda-a-contratacao-de-um-goleiro\/"},"wordCount":316,"commentCount":29,"image":{"@id":"https:\/\/www.gaveanews.com\/index.php\/2021\/07\/16\/com-dois-nomes-na-lista-flamengo-estuda-a-contratacao-de-um-goleiro\/#primaryimage"},"thumbnailUrl":"https:\/\/www.gaveanews.com\/wp-content\/uploads\/Marcos-Braz-em-entrevista-coletiva-no-Ninho-do-Urubu.webp","articleSection":["Negocia\u00e7\u00f5es"],"inLanguage":"pt-BR","potentialAction":[{"@type":"CommentAction","name":"Comment","target":["https:\/\/www.gaveanews.com\/index.php\/2021\/07\/16\/com-dois-nomes-na-lista-flamengo-estuda-a-contratacao-de-um-goleiro\/#respond"]}],"copyrightYear":"2021","copyrightHolder":{"@id":"https:\/\/www.gaveanews.com\/#organization"}},{"@type":"WebPage","@id":"https:\/\/www.gaveanews.com\/index.php\/2021\/07\/16\/com-dois-nomes-na-lista-flamengo-estuda-a-contratacao-de-um-goleiro\/","url":"https:\/\/www.gaveanews.com\/index.php\/2021\/07\/16\/com-dois-nomes-na-lista-flamengo-estuda-a-contratacao-de-um-goleiro\/","name":"Com dois nomes na lista, Flamengo estuda a contrata\u00e7\u00e3o de um goleiro","isPartOf":{"@id":"https:\/\/www.gaveanews.com\/#website"},"primaryImageOfPage":{"@id":"https:\/\/www.gaveanews.com\/index.php\/2021\/07\/16\/com-dois-nomes-na-lista-flamengo-estuda-a-contratacao-de-um-goleiro\/#primaryimage"},"image":{"@id":"https:\/\/www.gaveanews.com\/index.php\/2021\/07\/16\/com-dois-nomes-na-lista-flamengo-estuda-a-contratacao-de-um-goleiro\/#primaryimage"},"thumbnailUrl":"https:\/\/www.gaveanews.com\/wp-content\/uploads\/Marcos-Braz-em-entrevista-coletiva-no-Ninho-do-Urubu.webp","datePublished":"2021-07-16T13:01:03+00:00","dateModified":"2021-07-16T13:01:06+00:00","author":{"@id":"https:\/\/www.gaveanews.com\/#\/schema\/person\/2ec14f73fb96be2caf28f91afb14749d"},"breadcrumb":{"@id":"https:\/\/www.gaveanews.com\/index.php\/2021\/07\/16\/com-dois-nomes-na-lista-flamengo-estuda-a-contratacao-de-um-goleiro\/#breadcrumb"},"inLanguage":"pt-BR","potentialAction":[{"@type":"ReadAction","target":["https:\/\/www.gaveanews.com\/index.php\/2021\/07\/16\/com-dois-nomes-na-lista-flamengo-estuda-a-contratacao-de-um-goleiro\/"]}]},{"@type":"ImageObject","inLanguage":"pt-BR","@id":"https:\/\/www.gaveanews.com\/index.php\/2021\/07\/16\/com-dois-nomes-na-lista-flamengo-estuda-a-contratacao-de-um-goleiro\/#primaryimage","url":"https:\/\/www.gaveanews.com\/wp-content\/uploads\/Marcos-Braz-em-entrevista-coletiva-no-Ninho-do-Urubu.webp","contentUrl":"https:\/\/www.gaveanews.com\/wp-content\/uploads\/Marcos-Braz-em-entrevista-coletiva-no-Ninho-do-Urubu.webp","width":799,"height":532,"caption":"Marcos Braz em entrevista coletiva no Ninho do Urubu (Foto: Alexandre Vidal\/Flamengo)"},{"@type":"BreadcrumbList","@id":"https:\/\/www.gaveanews.com\/index.php\/2021\/07\/16\/com-dois-nomes-na-lista-flamengo-estuda-a-contratacao-de-um-goleiro\/#breadcrumb","itemListElement":[{"@type":"ListItem","position":1,"name":"Home","item":"https:\/\/www.gaveanews.com\/"},{"@type":"ListItem","position":2,"name":"Com dois nomes na lista, Flamengo estuda a contrata\u00e7\u00e3o de um goleiro"}]},{"@type":"WebSite","@id":"https:\/\/www.gaveanews.com\/#website","url":"https:\/\/www.gaveanews.com\/","name":"G\u00e1vea News","description":"Veja todas as not\u00edcias sobre o Flamengo: Contrata\u00e7\u00f5es, categorias de base, resultados das partidas, tabela de classifica\u00e7\u00e3o, pr\u00f3ximos jogos!","potentialAction":[{"@type":"SearchAction","target":{"@type":"EntryPoint","urlTemplate":"https:\/\/www.gaveanews.com\/?s={search_term_string}"},"query-input":{"@type":"PropertyValueSpecification","valueRequired":true,"valueName":"search_term_string"}}],"inLanguage":"pt-BR"},{"@type":"Person","@id":"https:\/\/www.gaveanews.com\/#\/schema\/person\/2ec14f73fb96be2caf28f91afb14749d","name":"Equipe G\u00e1vea News","image":{"@type":"ImageObject","inLanguage":"pt-BR","@id":"https:\/\/www.gaveanews.com\/#\/schema\/person\/image\/","url":"https:\/\/secure.gravatar.com\/avatar\/1e1956f1facbffd3f8fa53a326721950116b3b9dc9bd44939c01180fd4a745a9?s=96&d=mm&r=g","contentUrl":"https:\/\/secure.gravatar.com\/avatar\/1e1956f1facbffd3f8fa53a326721950116b3b9dc9bd44939c01180fd4a745a9?s=96&d=mm&r=g","caption":"Equipe G\u00e1vea News"}}]}},"_links":{"self":[{"href":"https:\/\/www.gaveanews.com\/index.php\/wp-json\/wp\/v2\/posts\/64518","targetHints":{"allow":["GET"]}}],"collection":[{"href":"https:\/\/www.gaveanews.com\/index.php\/wp-json\/wp\/v2\/posts"}],"about":[{"href":"https:\/\/www.gaveanews.com\/index.php\/wp-json\/wp\/v2\/types\/post"}],"author":[{"embeddable":true,"href":"https:\/\/www.gaveanews.com\/index.php\/wp-json\/wp\/v2\/users\/1"}],"replies":[{"embeddable":true,"href":"https:\/\/www.gaveanews.com\/index.php\/wp-json\/wp\/v2\/comments?post=64518"}],"version-history":[{"count":0,"href":"https:\/\/www.gaveanews.com\/index.php\/wp-json\/wp\/v2\/posts\/64518\/revisions"}],"wp:featuredmedia":[{"embeddable":true,"href":"https:\/\/www.gaveanews.com\/index.php\/wp-json\/wp\/v2\/media\/64346"}],"wp:attachment":[{"href":"https:\/\/www.gaveanews.com\/index.php\/wp-json\/wp\/v2\/media?parent=64518"}],"wp:term":[{"taxonomy":"category","embeddable":true,"href":"https:\/\/www.gaveanews.com\/index.php\/wp-json\/wp\/v2\/categories?post=64518"},{"taxonomy":"post_tag","embeddable":true,"href":"https:\/\/www.gaveanews.com\/index.php\/wp-json\/wp\/v2\/tags?post=64518"}],"curies":[{"name":"wp","href":"https:\/\/api.w.org\/{rel}","templated":true}]}}