{"id":64526,"date":"2021-07-16T13:57:56","date_gmt":"2021-07-16T16:57:56","guid":{"rendered":"https:\/\/www.gaveanews.com\/?p=64526"},"modified":"2021-07-16T13:57:58","modified_gmt":"2021-07-16T16:57:58","slug":"clubes-negociam-por-publico-nos-estadios-tambem-no-brasileirao","status":"publish","type":"post","link":"https:\/\/www.gaveanews.com\/index.php\/2021\/07\/16\/clubes-negociam-por-publico-nos-estadios-tambem-no-brasileirao\/","title":{"rendered":"Clubes negociam por p\u00fablico nos est\u00e1dios tamb\u00e9m no Brasileir\u00e3o"},"content":{"rendered":"\n<p>O protocolo de retorno do p\u00fablico aos est\u00e1dios que a CBF elabora h\u00e1 alguns meses \u00e9 bem parecido com o da Conmebol, divulgado no fim de semana passado: permiss\u00e3o de entrada apenas de pessoas totalmente vacinadas (com duas ou uma doses recebidas, a depender do laborat\u00f3rio) contra a covid-19 ou com exame RT-PCR negativo feito at\u00e9 48 horas antes do evento, limita\u00e7\u00e3o de assentos a at\u00e9 50% do est\u00e1dio, obrigatoriedade do uso de m\u00e1scaras e proibi\u00e7\u00e3o de venda de bebidas e alimentos. Mas o plano estava sendo trabalhado para setembro, n\u00e3o para agora.<\/p>\n\n\n\n<p>A CBF planejava a divulga\u00e7\u00e3o do protocolo para agosto e a reabertura dos port\u00f5es em setembro, no in\u00edcio do 2\u00ba turno da S\u00e9rie A do Brasileir\u00e3o. A confedera\u00e7\u00e3o n\u00e3o abre m\u00e3o da isonomia, ou seja, que todos os clubes possam ter torcida ao mesmo tempo, mesmo que em n\u00famero diferente de assentos liberados (j\u00e1 que cada governo pode determinar uma porcentagem diferente). S\u00f3 que a libera\u00e7\u00e3o da Conmebol para p\u00fablico imediatamente na Libertadores e Sul-Americana jogou press\u00e3o sobre a CBF.<\/p>\n\n\n\n<p>H\u00e1 um acordo entre CBF e clubes de que os presidentes negociem diretamente com seus governos estaduais e prefeituras pela libera\u00e7\u00e3o, e isso j\u00e1 come\u00e7ou: no Cear\u00e1, por exemplo, as diretorias do Cear\u00e1 e do Fortaleza conversam com representantes do governador Camilo Santana (PT).<\/p>\n\n\n\n<p>Os clubes queriam um aval especial para colocar no Castel\u00e3o p\u00fablico vacinado, mesmo que fossem convidados, no cl\u00e1ssico de 1\u00ba de agosto, mas n\u00e3o houve acordo. O Estado semanalmente tem liberado setores da economia com a diminui\u00e7\u00e3o no n\u00famero de infectados e mortos por covid-19 e n\u00e3o se descarta que o futebol possa se encaixar na flexibiliza\u00e7\u00e3o em breve.<\/p>\n\n\n\n<p>S\u00e3o Paulo \u00e9 um estado-chave porque tem cinco times na S\u00e9rie A, o que representa 25% dos participantes. \u00c9 fundamental ter o aval do governador Jo\u00e3o D\u00f3ria (PSDB), que no in\u00edcio de julho projetou a volta de p\u00fablico para outubro \u2014 um pouco al\u00e9m do que a CBF planeja, mas considerado razo\u00e1vel.<\/p>\n\n\n\n<p>A coluna apurou que Belo Horizonte, que tem como prefeito Alexandre Kalil (PSD), ex-presidente do Atl\u00e9tico-MG, \u00e9 a cidade menos receptiva \u00e0 volta de p\u00fablico aos est\u00e1dios nos pr\u00f3ximos meses. Am\u00e9rica e Atl\u00e9tico, representantes mineiros da S\u00e9rie A, poderiam, caso todos os outros locais liberassem, mandar seus jogos no interior do Estado, caso quisessem.<\/p>\n\n\n\n<p>O Flamengo tentou com a prefeitura do Rio receber com p\u00fablico no Maracan\u00e3 o Defensa Y Justicia (ARG) na quarta da semana que vem, pelas oitavas da Libertadores, mas n\u00e3o conseguiu. Negociou ent\u00e3o com o Distrito Federal, que liberou 25% da capacidade do est\u00e1dio Man\u00e9 Garrincha, cerca de 15 mil assentos, e transferiu o jogo para l\u00e1 com aval dos argentinos (que precisaram mudar toda sua log\u00edstica).<\/p>\n\n\n\n<p>Para o Brasileir\u00e3o, por\u00e9m, nenhum clube pode alterar seu jogo para Bras\u00edlia para ter p\u00fablico, j\u00e1 que a CBF mant\u00e9m a isonomia. A quest\u00e3o \u00e9 que agora, com o movimento da Conmebol, h\u00e1 press\u00e3o para que as negocia\u00e7\u00f5es com entes governamentais avancem mais rapidamente. A ver os pr\u00f3ximos cap\u00edtulos.<\/p>\n\n\n\n<p>Retirado de: UOL<\/p>\n","protected":false},"excerpt":{"rendered":"<p>O protocolo de retorno do p\u00fablico aos est\u00e1dios que a CBF elabora h\u00e1 alguns meses \u00e9 bem parecido com o da Conmebol, divulgado no fim de semana passado: permiss\u00e3o de entrada apenas de pessoas totalmente vacinadas (com duas ou uma doses recebidas, a depender do laborat\u00f3rio) contra a covid-19 ou com exame RT-PCR negativo feito [&hellip;]<\/p>\n","protected":false},"author":1,"featured_media":56366,"comment_status":"open","ping_status":"closed","sticky":false,"template":"","format":"standard","meta":{"footnotes":""},"categories":[1],"tags":[],"class_list":["post-64526","post","type-post","status-publish","format-standard","has-post-thumbnail","hentry","category-flamengo"],"yoast_head":"<!-- This site is optimized with the Yoast SEO Premium plugin v24.2 (Yoast SEO v26.9) - https:\/\/yoast.com\/product\/yoast-seo-premium-wordpress\/ -->\n<title>Clubes negociam por p\u00fablico nos est\u00e1dios tamb\u00e9m no Brasileir\u00e3o<\/title>\n<meta name=\"robots\" content=\"index, follow, max-snippet:-1, max-image-preview:large, max-video-preview:-1\" \/>\n<link rel=\"canonical\" href=\"https:\/\/www.gaveanews.com\/index.php\/2021\/07\/16\/clubes-negociam-por-publico-nos-estadios-tambem-no-brasileirao\/\" \/>\n<meta property=\"og:locale\" content=\"pt_BR\" \/>\n<meta property=\"og:type\" content=\"article\" \/>\n<meta property=\"og:title\" content=\"Clubes negociam por p\u00fablico nos est\u00e1dios tamb\u00e9m no Brasileir\u00e3o\" \/>\n<meta property=\"og:description\" content=\"O protocolo de retorno do p\u00fablico aos est\u00e1dios que a CBF elabora h\u00e1 alguns meses \u00e9 bem parecido com o da Conmebol, divulgado no fim de semana passado: permiss\u00e3o de entrada apenas de pessoas totalmente vacinadas (com duas ou uma doses recebidas, a depender do laborat\u00f3rio) contra a covid-19 ou com exame RT-PCR negativo feito [&hellip;]\" \/>\n<meta property=\"og:url\" content=\"https:\/\/www.gaveanews.com\/index.php\/2021\/07\/16\/clubes-negociam-por-publico-nos-estadios-tambem-no-brasileirao\/\" \/>\n<meta property=\"og:site_name\" content=\"G\u00e1vea News\" \/>\n<meta property=\"article:publisher\" content=\"https:\/\/facebook.com\/gaveaNews\/\" \/>\n<meta property=\"article:published_time\" content=\"2021-07-16T16:57:56+00:00\" \/>\n<meta property=\"article:modified_time\" content=\"2021-07-16T16:57:58+00:00\" \/>\n<meta property=\"og:image\" content=\"https:\/\/www.gaveanews.com\/wp-content\/uploads\/Interior-do-estadio-Maracana.webp\" \/>\n\t<meta property=\"og:image:width\" content=\"678\" \/>\n\t<meta property=\"og:image:height\" content=\"476\" \/>\n\t<meta property=\"og:image:type\" content=\"image\/jpeg\" \/>\n<meta name=\"author\" content=\"Equipe G\u00e1vea News\" \/>\n<meta name=\"twitter:card\" content=\"summary_large_image\" \/>\n<meta name=\"twitter:label1\" content=\"Escrito por\" \/>\n\t<meta name=\"twitter:data1\" content=\"Equipe G\u00e1vea News\" \/>\n\t<meta name=\"twitter:label2\" content=\"Est. tempo de leitura\" \/>\n\t<meta name=\"twitter:data2\" content=\"3 minutos\" \/>\n<script type=\"application\/ld+json\" class=\"yoast-schema-graph\">{\"@context\":\"https:\/\/schema.org\",\"@graph\":[{\"@type\":\"NewsArticle\",\"@id\":\"https:\/\/www.gaveanews.com\/index.php\/2021\/07\/16\/clubes-negociam-por-publico-nos-estadios-tambem-no-brasileirao\/#article\",\"isPartOf\":{\"@id\":\"https:\/\/www.gaveanews.com\/index.php\/2021\/07\/16\/clubes-negociam-por-publico-nos-estadios-tambem-no-brasileirao\/\"},\"author\":{\"name\":\"Equipe G\u00e1vea News\",\"@id\":\"https:\/\/www.gaveanews.com\/#\/schema\/person\/2ec14f73fb96be2caf28f91afb14749d\"},\"headline\":\"Clubes negociam por p\u00fablico nos est\u00e1dios tamb\u00e9m no Brasileir\u00e3o\",\"datePublished\":\"2021-07-16T16:57:56+00:00\",\"dateModified\":\"2021-07-16T16:57:58+00:00\",\"mainEntityOfPage\":{\"@id\":\"https:\/\/www.gaveanews.com\/index.php\/2021\/07\/16\/clubes-negociam-por-publico-nos-estadios-tambem-no-brasileirao\/\"},\"wordCount\":561,\"commentCount\":3,\"image\":{\"@id\":\"https:\/\/www.gaveanews.com\/index.php\/2021\/07\/16\/clubes-negociam-por-publico-nos-estadios-tambem-no-brasileirao\/#primaryimage\"},\"thumbnailUrl\":\"https:\/\/www.gaveanews.com\/wp-content\/uploads\/Interior-do-estadio-Maracana.webp\",\"articleSection\":[\"Flamengo\"],\"inLanguage\":\"pt-BR\",\"potentialAction\":[{\"@type\":\"CommentAction\",\"name\":\"Comment\",\"target\":[\"https:\/\/www.gaveanews.com\/index.php\/2021\/07\/16\/clubes-negociam-por-publico-nos-estadios-tambem-no-brasileirao\/#respond\"]}],\"copyrightYear\":\"2021\",\"copyrightHolder\":{\"@id\":\"https:\/\/www.gaveanews.com\/#organization\"}},{\"@type\":\"WebPage\",\"@id\":\"https:\/\/www.gaveanews.com\/index.php\/2021\/07\/16\/clubes-negociam-por-publico-nos-estadios-tambem-no-brasileirao\/\",\"url\":\"https:\/\/www.gaveanews.com\/index.php\/2021\/07\/16\/clubes-negociam-por-publico-nos-estadios-tambem-no-brasileirao\/\",\"name\":\"Clubes negociam por p\u00fablico nos est\u00e1dios tamb\u00e9m no Brasileir\u00e3o\",\"isPartOf\":{\"@id\":\"https:\/\/www.gaveanews.com\/#website\"},\"primaryImageOfPage\":{\"@id\":\"https:\/\/www.gaveanews.com\/index.php\/2021\/07\/16\/clubes-negociam-por-publico-nos-estadios-tambem-no-brasileirao\/#primaryimage\"},\"image\":{\"@id\":\"https:\/\/www.gaveanews.com\/index.php\/2021\/07\/16\/clubes-negociam-por-publico-nos-estadios-tambem-no-brasileirao\/#primaryimage\"},\"thumbnailUrl\":\"https:\/\/www.gaveanews.com\/wp-content\/uploads\/Interior-do-estadio-Maracana.webp\",\"datePublished\":\"2021-07-16T16:57:56+00:00\",\"dateModified\":\"2021-07-16T16:57:58+00:00\",\"author\":{\"@id\":\"https:\/\/www.gaveanews.com\/#\/schema\/person\/2ec14f73fb96be2caf28f91afb14749d\"},\"breadcrumb\":{\"@id\":\"https:\/\/www.gaveanews.com\/index.php\/2021\/07\/16\/clubes-negociam-por-publico-nos-estadios-tambem-no-brasileirao\/#breadcrumb\"},\"inLanguage\":\"pt-BR\",\"potentialAction\":[{\"@type\":\"ReadAction\",\"target\":[\"https:\/\/www.gaveanews.com\/index.php\/2021\/07\/16\/clubes-negociam-por-publico-nos-estadios-tambem-no-brasileirao\/\"]}]},{\"@type\":\"ImageObject\",\"inLanguage\":\"pt-BR\",\"@id\":\"https:\/\/www.gaveanews.com\/index.php\/2021\/07\/16\/clubes-negociam-por-publico-nos-estadios-tambem-no-brasileirao\/#primaryimage\",\"url\":\"https:\/\/www.gaveanews.com\/wp-content\/uploads\/Interior-do-estadio-Maracana.webp\",\"contentUrl\":\"https:\/\/www.gaveanews.com\/wp-content\/uploads\/Interior-do-estadio-Maracana.webp\",\"width\":678,\"height\":476,\"caption\":\"Interior do est\u00e1dio Maracan\u00e3 (Foto: Alexandre Vidal\/Flamengo)\"},{\"@type\":\"BreadcrumbList\",\"@id\":\"https:\/\/www.gaveanews.com\/index.php\/2021\/07\/16\/clubes-negociam-por-publico-nos-estadios-tambem-no-brasileirao\/#breadcrumb\",\"itemListElement\":[{\"@type\":\"ListItem\",\"position\":1,\"name\":\"Home\",\"item\":\"https:\/\/www.gaveanews.com\/\"},{\"@type\":\"ListItem\",\"position\":2,\"name\":\"Clubes negociam por p\u00fablico nos est\u00e1dios tamb\u00e9m no Brasileir\u00e3o\"}]},{\"@type\":\"WebSite\",\"@id\":\"https:\/\/www.gaveanews.com\/#website\",\"url\":\"https:\/\/www.gaveanews.com\/\",\"name\":\"G\u00e1vea News\",\"description\":\"Veja todas as not\u00edcias sobre o Flamengo: Contrata\u00e7\u00f5es, categorias de base, resultados das partidas, tabela de classifica\u00e7\u00e3o, pr\u00f3ximos jogos!\",\"potentialAction\":[{\"@type\":\"SearchAction\",\"target\":{\"@type\":\"EntryPoint\",\"urlTemplate\":\"https:\/\/www.gaveanews.com\/?s={search_term_string}\"},\"query-input\":{\"@type\":\"PropertyValueSpecification\",\"valueRequired\":true,\"valueName\":\"search_term_string\"}}],\"inLanguage\":\"pt-BR\"},{\"@type\":\"Person\",\"@id\":\"https:\/\/www.gaveanews.com\/#\/schema\/person\/2ec14f73fb96be2caf28f91afb14749d\",\"name\":\"Equipe G\u00e1vea News\",\"image\":{\"@type\":\"ImageObject\",\"inLanguage\":\"pt-BR\",\"@id\":\"https:\/\/www.gaveanews.com\/#\/schema\/person\/image\/\",\"url\":\"https:\/\/secure.gravatar.com\/avatar\/1e1956f1facbffd3f8fa53a326721950116b3b9dc9bd44939c01180fd4a745a9?s=96&d=mm&r=g\",\"contentUrl\":\"https:\/\/secure.gravatar.com\/avatar\/1e1956f1facbffd3f8fa53a326721950116b3b9dc9bd44939c01180fd4a745a9?s=96&d=mm&r=g\",\"caption\":\"Equipe G\u00e1vea News\"}}]}<\/script>\n<!-- \/ Yoast SEO Premium plugin. -->","yoast_head_json":{"title":"Clubes negociam por p\u00fablico nos est\u00e1dios tamb\u00e9m no Brasileir\u00e3o","robots":{"index":"index","follow":"follow","max-snippet":"max-snippet:-1","max-image-preview":"max-image-preview:large","max-video-preview":"max-video-preview:-1"},"canonical":"https:\/\/www.gaveanews.com\/index.php\/2021\/07\/16\/clubes-negociam-por-publico-nos-estadios-tambem-no-brasileirao\/","og_locale":"pt_BR","og_type":"article","og_title":"Clubes negociam por p\u00fablico nos est\u00e1dios tamb\u00e9m no Brasileir\u00e3o","og_description":"O protocolo de retorno do p\u00fablico aos est\u00e1dios que a CBF elabora h\u00e1 alguns meses \u00e9 bem parecido com o da Conmebol, divulgado no fim de semana passado: permiss\u00e3o de entrada apenas de pessoas totalmente vacinadas (com duas ou uma doses recebidas, a depender do laborat\u00f3rio) contra a covid-19 ou com exame RT-PCR negativo feito [&hellip;]","og_url":"https:\/\/www.gaveanews.com\/index.php\/2021\/07\/16\/clubes-negociam-por-publico-nos-estadios-tambem-no-brasileirao\/","og_site_name":"G\u00e1vea News","article_publisher":"https:\/\/facebook.com\/gaveaNews\/","article_published_time":"2021-07-16T16:57:56+00:00","article_modified_time":"2021-07-16T16:57:58+00:00","og_image":[{"width":678,"height":476,"url":"https:\/\/www.gaveanews.com\/wp-content\/uploads\/Interior-do-estadio-Maracana.webp","type":"image\/jpeg"}],"author":"Equipe G\u00e1vea News","twitter_card":"summary_large_image","twitter_misc":{"Escrito por":"Equipe G\u00e1vea News","Est. tempo de leitura":"3 minutos"},"schema":{"@context":"https:\/\/schema.org","@graph":[{"@type":"NewsArticle","@id":"https:\/\/www.gaveanews.com\/index.php\/2021\/07\/16\/clubes-negociam-por-publico-nos-estadios-tambem-no-brasileirao\/#article","isPartOf":{"@id":"https:\/\/www.gaveanews.com\/index.php\/2021\/07\/16\/clubes-negociam-por-publico-nos-estadios-tambem-no-brasileirao\/"},"author":{"name":"Equipe G\u00e1vea News","@id":"https:\/\/www.gaveanews.com\/#\/schema\/person\/2ec14f73fb96be2caf28f91afb14749d"},"headline":"Clubes negociam por p\u00fablico nos est\u00e1dios tamb\u00e9m no Brasileir\u00e3o","datePublished":"2021-07-16T16:57:56+00:00","dateModified":"2021-07-16T16:57:58+00:00","mainEntityOfPage":{"@id":"https:\/\/www.gaveanews.com\/index.php\/2021\/07\/16\/clubes-negociam-por-publico-nos-estadios-tambem-no-brasileirao\/"},"wordCount":561,"commentCount":3,"image":{"@id":"https:\/\/www.gaveanews.com\/index.php\/2021\/07\/16\/clubes-negociam-por-publico-nos-estadios-tambem-no-brasileirao\/#primaryimage"},"thumbnailUrl":"https:\/\/www.gaveanews.com\/wp-content\/uploads\/Interior-do-estadio-Maracana.webp","articleSection":["Flamengo"],"inLanguage":"pt-BR","potentialAction":[{"@type":"CommentAction","name":"Comment","target":["https:\/\/www.gaveanews.com\/index.php\/2021\/07\/16\/clubes-negociam-por-publico-nos-estadios-tambem-no-brasileirao\/#respond"]}],"copyrightYear":"2021","copyrightHolder":{"@id":"https:\/\/www.gaveanews.com\/#organization"}},{"@type":"WebPage","@id":"https:\/\/www.gaveanews.com\/index.php\/2021\/07\/16\/clubes-negociam-por-publico-nos-estadios-tambem-no-brasileirao\/","url":"https:\/\/www.gaveanews.com\/index.php\/2021\/07\/16\/clubes-negociam-por-publico-nos-estadios-tambem-no-brasileirao\/","name":"Clubes negociam por p\u00fablico nos est\u00e1dios tamb\u00e9m no Brasileir\u00e3o","isPartOf":{"@id":"https:\/\/www.gaveanews.com\/#website"},"primaryImageOfPage":{"@id":"https:\/\/www.gaveanews.com\/index.php\/2021\/07\/16\/clubes-negociam-por-publico-nos-estadios-tambem-no-brasileirao\/#primaryimage"},"image":{"@id":"https:\/\/www.gaveanews.com\/index.php\/2021\/07\/16\/clubes-negociam-por-publico-nos-estadios-tambem-no-brasileirao\/#primaryimage"},"thumbnailUrl":"https:\/\/www.gaveanews.com\/wp-content\/uploads\/Interior-do-estadio-Maracana.webp","datePublished":"2021-07-16T16:57:56+00:00","dateModified":"2021-07-16T16:57:58+00:00","author":{"@id":"https:\/\/www.gaveanews.com\/#\/schema\/person\/2ec14f73fb96be2caf28f91afb14749d"},"breadcrumb":{"@id":"https:\/\/www.gaveanews.com\/index.php\/2021\/07\/16\/clubes-negociam-por-publico-nos-estadios-tambem-no-brasileirao\/#breadcrumb"},"inLanguage":"pt-BR","potentialAction":[{"@type":"ReadAction","target":["https:\/\/www.gaveanews.com\/index.php\/2021\/07\/16\/clubes-negociam-por-publico-nos-estadios-tambem-no-brasileirao\/"]}]},{"@type":"ImageObject","inLanguage":"pt-BR","@id":"https:\/\/www.gaveanews.com\/index.php\/2021\/07\/16\/clubes-negociam-por-publico-nos-estadios-tambem-no-brasileirao\/#primaryimage","url":"https:\/\/www.gaveanews.com\/wp-content\/uploads\/Interior-do-estadio-Maracana.webp","contentUrl":"https:\/\/www.gaveanews.com\/wp-content\/uploads\/Interior-do-estadio-Maracana.webp","width":678,"height":476,"caption":"Interior do est\u00e1dio Maracan\u00e3 (Foto: Alexandre Vidal\/Flamengo)"},{"@type":"BreadcrumbList","@id":"https:\/\/www.gaveanews.com\/index.php\/2021\/07\/16\/clubes-negociam-por-publico-nos-estadios-tambem-no-brasileirao\/#breadcrumb","itemListElement":[{"@type":"ListItem","position":1,"name":"Home","item":"https:\/\/www.gaveanews.com\/"},{"@type":"ListItem","position":2,"name":"Clubes negociam por p\u00fablico nos est\u00e1dios tamb\u00e9m no Brasileir\u00e3o"}]},{"@type":"WebSite","@id":"https:\/\/www.gaveanews.com\/#website","url":"https:\/\/www.gaveanews.com\/","name":"G\u00e1vea News","description":"Veja todas as not\u00edcias sobre o Flamengo: Contrata\u00e7\u00f5es, categorias de base, resultados das partidas, tabela de classifica\u00e7\u00e3o, pr\u00f3ximos jogos!","potentialAction":[{"@type":"SearchAction","target":{"@type":"EntryPoint","urlTemplate":"https:\/\/www.gaveanews.com\/?s={search_term_string}"},"query-input":{"@type":"PropertyValueSpecification","valueRequired":true,"valueName":"search_term_string"}}],"inLanguage":"pt-BR"},{"@type":"Person","@id":"https:\/\/www.gaveanews.com\/#\/schema\/person\/2ec14f73fb96be2caf28f91afb14749d","name":"Equipe G\u00e1vea News","image":{"@type":"ImageObject","inLanguage":"pt-BR","@id":"https:\/\/www.gaveanews.com\/#\/schema\/person\/image\/","url":"https:\/\/secure.gravatar.com\/avatar\/1e1956f1facbffd3f8fa53a326721950116b3b9dc9bd44939c01180fd4a745a9?s=96&d=mm&r=g","contentUrl":"https:\/\/secure.gravatar.com\/avatar\/1e1956f1facbffd3f8fa53a326721950116b3b9dc9bd44939c01180fd4a745a9?s=96&d=mm&r=g","caption":"Equipe G\u00e1vea News"}}]}},"_links":{"self":[{"href":"https:\/\/www.gaveanews.com\/index.php\/wp-json\/wp\/v2\/posts\/64526","targetHints":{"allow":["GET"]}}],"collection":[{"href":"https:\/\/www.gaveanews.com\/index.php\/wp-json\/wp\/v2\/posts"}],"about":[{"href":"https:\/\/www.gaveanews.com\/index.php\/wp-json\/wp\/v2\/types\/post"}],"author":[{"embeddable":true,"href":"https:\/\/www.gaveanews.com\/index.php\/wp-json\/wp\/v2\/users\/1"}],"replies":[{"embeddable":true,"href":"https:\/\/www.gaveanews.com\/index.php\/wp-json\/wp\/v2\/comments?post=64526"}],"version-history":[{"count":0,"href":"https:\/\/www.gaveanews.com\/index.php\/wp-json\/wp\/v2\/posts\/64526\/revisions"}],"wp:featuredmedia":[{"embeddable":true,"href":"https:\/\/www.gaveanews.com\/index.php\/wp-json\/wp\/v2\/media\/56366"}],"wp:attachment":[{"href":"https:\/\/www.gaveanews.com\/index.php\/wp-json\/wp\/v2\/media?parent=64526"}],"wp:term":[{"taxonomy":"category","embeddable":true,"href":"https:\/\/www.gaveanews.com\/index.php\/wp-json\/wp\/v2\/categories?post=64526"},{"taxonomy":"post_tag","embeddable":true,"href":"https:\/\/www.gaveanews.com\/index.php\/wp-json\/wp\/v2\/tags?post=64526"}],"curies":[{"name":"wp","href":"https:\/\/api.w.org\/{rel}","templated":true}]}}