{"id":64532,"date":"2021-07-16T15:51:14","date_gmt":"2021-07-16T18:51:14","guid":{"rendered":"https:\/\/www.gaveanews.com\/?p=64532"},"modified":"2021-08-12T00:47:36","modified_gmt":"2021-08-12T03:47:36","slug":"flamengo-vive-expectativa-de-retorno-diego-avancado-em-recuperacao","status":"publish","type":"post","link":"https:\/\/www.gaveanews.com\/index.php\/2021\/07\/16\/flamengo-vive-expectativa-de-retorno-diego-avancado-em-recuperacao\/","title":{"rendered":"Flamengo vive expectativa de retorno Diego, avan\u00e7ado em recupera\u00e7\u00e3o"},"content":{"rendered":"\n<p>O desfalcado elenco rubro-negro poder\u00e1 ter um refor\u00e7o importante no jogo contra o Bahia deste fim de semana. Dentre os tr\u00eas titulares lesionados, Diego Ribas \u00e9 o \u00fanico que tem possibilidade de atuar em Salvador.<\/p>\n\n\n\n<p>De acordo com as informa\u00e7\u00f5es divulgadas pelo jornalista Ven\u00ea Casagrande, o camisa 10 avan\u00e7ou em seu processo de recupera\u00e7\u00e3o das les\u00f5es na coxa e no tornozelo, constatadas em exame realizado no dia 02 deste m\u00eas. Neste contexto, o Flamengo est\u00e1 otimista e vive expectativa pelo retorno de seu capit\u00e3o.<\/p>\n\n\n\n<p>O meia voltou a participar, separadamente, de atividades em campo com a bola. Desta forma, ainda que Diego n\u00e3o enfrente o Bahia no domingo (18), ele certamente \u00e9 esperado para o duelo decisivo pelas oitavas de final da Libertadores na pr\u00f3xima quarta-feira (21).<\/p>\n\n\n\n<p>No tocante aos demais titulares que desfalcam o time, Rodrigo Caio e Bruno Henrique, que ainda n\u00e3o retomou as atividades em campo, s\u00e3o aus\u00eancias garantidas para o confronto contra a equipe baiana. Os dois atletas ainda n\u00e3o se encontram em condi\u00e7\u00f5es de atuarem pelo clube da G\u00e1vea e tamb\u00e9m s\u00e3o d\u00favidas para o jogo de volta contra o Defensa.<\/p>\n\n\n\n<p>Desta forma, o Flamengo se prepara para visitar o Bahia no domingo (18), \u00e0s 18h15 (hor\u00e1rio de Bras\u00edlia), pela 12\u00aa rodada do Campeonato Brasileiro. Ocupando a oitava posi\u00e7\u00e3o, o Mais Querido tentar\u00e1 subir na tabela e se aproximar do atual l\u00edder da competi\u00e7\u00e3o. A partida ser\u00e1 transmitida pelo canal Premiere.<\/p>\n","protected":false},"excerpt":{"rendered":"<p>O desfalcado elenco rubro-negro poder\u00e1 ter um refor\u00e7o importante no jogo contra o Bahia deste fim de semana. Dentre os tr\u00eas titulares lesionados, Diego Ribas \u00e9 o \u00fanico que tem possibilidade de atuar em Salvador. De acordo com as informa\u00e7\u00f5es divulgadas pelo jornalista Ven\u00ea Casagrande, o camisa 10 avan\u00e7ou em seu processo de recupera\u00e7\u00e3o das [&hellip;]<\/p>\n","protected":false},"author":4,"featured_media":60673,"comment_status":"open","ping_status":"closed","sticky":false,"template":"","format":"standard","meta":{"footnotes":""},"categories":[1],"tags":[],"class_list":["post-64532","post","type-post","status-publish","format-standard","has-post-thumbnail","hentry","category-flamengo"],"yoast_head":"<!-- This site is optimized with the Yoast SEO Premium plugin v24.2 (Yoast SEO v26.9) - https:\/\/yoast.com\/product\/yoast-seo-premium-wordpress\/ -->\n<title>Flamengo vive expectativa de retorno Diego, avan\u00e7ado em recupera\u00e7\u00e3o<\/title>\n<meta name=\"robots\" content=\"index, follow, max-snippet:-1, max-image-preview:large, max-video-preview:-1\" \/>\n<link rel=\"canonical\" href=\"https:\/\/www.gaveanews.com\/index.php\/2021\/07\/16\/flamengo-vive-expectativa-de-retorno-diego-avancado-em-recuperacao\/\" \/>\n<meta property=\"og:locale\" content=\"pt_BR\" \/>\n<meta property=\"og:type\" content=\"article\" \/>\n<meta property=\"og:title\" content=\"Flamengo vive expectativa de retorno Diego, avan\u00e7ado em recupera\u00e7\u00e3o\" \/>\n<meta property=\"og:description\" content=\"O desfalcado elenco rubro-negro poder\u00e1 ter um refor\u00e7o importante no jogo contra o Bahia deste fim de semana. Dentre os tr\u00eas titulares lesionados, Diego Ribas \u00e9 o \u00fanico que tem possibilidade de atuar em Salvador. De acordo com as informa\u00e7\u00f5es divulgadas pelo jornalista Ven\u00ea Casagrande, o camisa 10 avan\u00e7ou em seu processo de recupera\u00e7\u00e3o das [&hellip;]\" \/>\n<meta property=\"og:url\" content=\"https:\/\/www.gaveanews.com\/index.php\/2021\/07\/16\/flamengo-vive-expectativa-de-retorno-diego-avancado-em-recuperacao\/\" \/>\n<meta property=\"og:site_name\" content=\"G\u00e1vea News\" \/>\n<meta property=\"article:publisher\" content=\"https:\/\/facebook.com\/gaveaNews\/\" \/>\n<meta property=\"article:published_time\" content=\"2021-07-16T18:51:14+00:00\" \/>\n<meta property=\"article:modified_time\" content=\"2021-08-12T03:47:36+00:00\" \/>\n<meta property=\"og:image\" content=\"https:\/\/www.gaveanews.com\/wp-content\/uploads\/Diego-em-acao-pelo-Flamengo-na-Libertadores.webp\" \/>\n\t<meta property=\"og:image:width\" content=\"799\" \/>\n\t<meta property=\"og:image:height\" content=\"533\" \/>\n\t<meta property=\"og:image:type\" content=\"image\/jpeg\" \/>\n<meta name=\"author\" content=\"Let\u00edcia Gerheim\" \/>\n<meta name=\"twitter:card\" content=\"summary_large_image\" \/>\n<meta name=\"twitter:label1\" content=\"Escrito por\" \/>\n\t<meta name=\"twitter:data1\" content=\"Let\u00edcia Gerheim\" \/>\n\t<meta name=\"twitter:label2\" content=\"Est. tempo de leitura\" \/>\n\t<meta name=\"twitter:data2\" content=\"2 minutos\" \/>\n<script type=\"application\/ld+json\" class=\"yoast-schema-graph\">{\"@context\":\"https:\/\/schema.org\",\"@graph\":[{\"@type\":\"NewsArticle\",\"@id\":\"https:\/\/www.gaveanews.com\/index.php\/2021\/07\/16\/flamengo-vive-expectativa-de-retorno-diego-avancado-em-recuperacao\/#article\",\"isPartOf\":{\"@id\":\"https:\/\/www.gaveanews.com\/index.php\/2021\/07\/16\/flamengo-vive-expectativa-de-retorno-diego-avancado-em-recuperacao\/\"},\"author\":{\"name\":\"Let\u00edcia Gerheim\",\"@id\":\"https:\/\/www.gaveanews.com\/#\/schema\/person\/714c67050b836198af2450ba1c142a67\"},\"headline\":\"Flamengo vive expectativa de retorno Diego, avan\u00e7ado em recupera\u00e7\u00e3o\",\"datePublished\":\"2021-07-16T18:51:14+00:00\",\"dateModified\":\"2021-08-12T03:47:36+00:00\",\"mainEntityOfPage\":{\"@id\":\"https:\/\/www.gaveanews.com\/index.php\/2021\/07\/16\/flamengo-vive-expectativa-de-retorno-diego-avancado-em-recuperacao\/\"},\"wordCount\":263,\"commentCount\":6,\"image\":{\"@id\":\"https:\/\/www.gaveanews.com\/index.php\/2021\/07\/16\/flamengo-vive-expectativa-de-retorno-diego-avancado-em-recuperacao\/#primaryimage\"},\"thumbnailUrl\":\"https:\/\/www.gaveanews.com\/wp-content\/uploads\/Diego-em-acao-pelo-Flamengo-na-Libertadores.webp\",\"articleSection\":[\"Flamengo\"],\"inLanguage\":\"pt-BR\",\"potentialAction\":[{\"@type\":\"CommentAction\",\"name\":\"Comment\",\"target\":[\"https:\/\/www.gaveanews.com\/index.php\/2021\/07\/16\/flamengo-vive-expectativa-de-retorno-diego-avancado-em-recuperacao\/#respond\"]}],\"copyrightYear\":\"2021\",\"copyrightHolder\":{\"@id\":\"https:\/\/www.gaveanews.com\/#organization\"}},{\"@type\":\"WebPage\",\"@id\":\"https:\/\/www.gaveanews.com\/index.php\/2021\/07\/16\/flamengo-vive-expectativa-de-retorno-diego-avancado-em-recuperacao\/\",\"url\":\"https:\/\/www.gaveanews.com\/index.php\/2021\/07\/16\/flamengo-vive-expectativa-de-retorno-diego-avancado-em-recuperacao\/\",\"name\":\"Flamengo vive expectativa de retorno Diego, avan\u00e7ado em recupera\u00e7\u00e3o\",\"isPartOf\":{\"@id\":\"https:\/\/www.gaveanews.com\/#website\"},\"primaryImageOfPage\":{\"@id\":\"https:\/\/www.gaveanews.com\/index.php\/2021\/07\/16\/flamengo-vive-expectativa-de-retorno-diego-avancado-em-recuperacao\/#primaryimage\"},\"image\":{\"@id\":\"https:\/\/www.gaveanews.com\/index.php\/2021\/07\/16\/flamengo-vive-expectativa-de-retorno-diego-avancado-em-recuperacao\/#primaryimage\"},\"thumbnailUrl\":\"https:\/\/www.gaveanews.com\/wp-content\/uploads\/Diego-em-acao-pelo-Flamengo-na-Libertadores.webp\",\"datePublished\":\"2021-07-16T18:51:14+00:00\",\"dateModified\":\"2021-08-12T03:47:36+00:00\",\"author\":{\"@id\":\"https:\/\/www.gaveanews.com\/#\/schema\/person\/714c67050b836198af2450ba1c142a67\"},\"breadcrumb\":{\"@id\":\"https:\/\/www.gaveanews.com\/index.php\/2021\/07\/16\/flamengo-vive-expectativa-de-retorno-diego-avancado-em-recuperacao\/#breadcrumb\"},\"inLanguage\":\"pt-BR\",\"potentialAction\":[{\"@type\":\"ReadAction\",\"target\":[\"https:\/\/www.gaveanews.com\/index.php\/2021\/07\/16\/flamengo-vive-expectativa-de-retorno-diego-avancado-em-recuperacao\/\"]}]},{\"@type\":\"ImageObject\",\"inLanguage\":\"pt-BR\",\"@id\":\"https:\/\/www.gaveanews.com\/index.php\/2021\/07\/16\/flamengo-vive-expectativa-de-retorno-diego-avancado-em-recuperacao\/#primaryimage\",\"url\":\"https:\/\/www.gaveanews.com\/wp-content\/uploads\/Diego-em-acao-pelo-Flamengo-na-Libertadores.webp\",\"contentUrl\":\"https:\/\/www.gaveanews.com\/wp-content\/uploads\/Diego-em-acao-pelo-Flamengo-na-Libertadores.webp\",\"width\":799,\"height\":533,\"caption\":\"Diego em a\u00e7\u00e3o pelo Flamengo na Libertadores (Foto: Alexandre Vidal\/Flamengo)\"},{\"@type\":\"BreadcrumbList\",\"@id\":\"https:\/\/www.gaveanews.com\/index.php\/2021\/07\/16\/flamengo-vive-expectativa-de-retorno-diego-avancado-em-recuperacao\/#breadcrumb\",\"itemListElement\":[{\"@type\":\"ListItem\",\"position\":1,\"name\":\"Home\",\"item\":\"https:\/\/www.gaveanews.com\/\"},{\"@type\":\"ListItem\",\"position\":2,\"name\":\"Flamengo vive expectativa de retorno Diego, avan\u00e7ado em recupera\u00e7\u00e3o\"}]},{\"@type\":\"WebSite\",\"@id\":\"https:\/\/www.gaveanews.com\/#website\",\"url\":\"https:\/\/www.gaveanews.com\/\",\"name\":\"G\u00e1vea News\",\"description\":\"Veja todas as not\u00edcias sobre o Flamengo: Contrata\u00e7\u00f5es, categorias de base, resultados das partidas, tabela de classifica\u00e7\u00e3o, pr\u00f3ximos jogos!\",\"potentialAction\":[{\"@type\":\"SearchAction\",\"target\":{\"@type\":\"EntryPoint\",\"urlTemplate\":\"https:\/\/www.gaveanews.com\/?s={search_term_string}\"},\"query-input\":{\"@type\":\"PropertyValueSpecification\",\"valueRequired\":true,\"valueName\":\"search_term_string\"}}],\"inLanguage\":\"pt-BR\"},{\"@type\":\"Person\",\"@id\":\"https:\/\/www.gaveanews.com\/#\/schema\/person\/714c67050b836198af2450ba1c142a67\",\"name\":\"Let\u00edcia Gerheim\",\"image\":{\"@type\":\"ImageObject\",\"inLanguage\":\"pt-BR\",\"@id\":\"https:\/\/www.gaveanews.com\/#\/schema\/person\/image\/\",\"url\":\"https:\/\/secure.gravatar.com\/avatar\/60734739c50fcebfbac509e2a826ccd0ff405c019bc73aab9354f19ecad1dcb4?s=96&d=mm&r=g\",\"contentUrl\":\"https:\/\/secure.gravatar.com\/avatar\/60734739c50fcebfbac509e2a826ccd0ff405c019bc73aab9354f19ecad1dcb4?s=96&d=mm&r=g\",\"caption\":\"Let\u00edcia Gerheim\"}}]}<\/script>\n<!-- \/ Yoast SEO Premium plugin. -->","yoast_head_json":{"title":"Flamengo vive expectativa de retorno Diego, avan\u00e7ado em recupera\u00e7\u00e3o","robots":{"index":"index","follow":"follow","max-snippet":"max-snippet:-1","max-image-preview":"max-image-preview:large","max-video-preview":"max-video-preview:-1"},"canonical":"https:\/\/www.gaveanews.com\/index.php\/2021\/07\/16\/flamengo-vive-expectativa-de-retorno-diego-avancado-em-recuperacao\/","og_locale":"pt_BR","og_type":"article","og_title":"Flamengo vive expectativa de retorno Diego, avan\u00e7ado em recupera\u00e7\u00e3o","og_description":"O desfalcado elenco rubro-negro poder\u00e1 ter um refor\u00e7o importante no jogo contra o Bahia deste fim de semana. Dentre os tr\u00eas titulares lesionados, Diego Ribas \u00e9 o \u00fanico que tem possibilidade de atuar em Salvador. De acordo com as informa\u00e7\u00f5es divulgadas pelo jornalista Ven\u00ea Casagrande, o camisa 10 avan\u00e7ou em seu processo de recupera\u00e7\u00e3o das [&hellip;]","og_url":"https:\/\/www.gaveanews.com\/index.php\/2021\/07\/16\/flamengo-vive-expectativa-de-retorno-diego-avancado-em-recuperacao\/","og_site_name":"G\u00e1vea News","article_publisher":"https:\/\/facebook.com\/gaveaNews\/","article_published_time":"2021-07-16T18:51:14+00:00","article_modified_time":"2021-08-12T03:47:36+00:00","og_image":[{"width":799,"height":533,"url":"https:\/\/www.gaveanews.com\/wp-content\/uploads\/Diego-em-acao-pelo-Flamengo-na-Libertadores.webp","type":"image\/jpeg"}],"author":"Let\u00edcia Gerheim","twitter_card":"summary_large_image","twitter_misc":{"Escrito por":"Let\u00edcia Gerheim","Est. tempo de leitura":"2 minutos"},"schema":{"@context":"https:\/\/schema.org","@graph":[{"@type":"NewsArticle","@id":"https:\/\/www.gaveanews.com\/index.php\/2021\/07\/16\/flamengo-vive-expectativa-de-retorno-diego-avancado-em-recuperacao\/#article","isPartOf":{"@id":"https:\/\/www.gaveanews.com\/index.php\/2021\/07\/16\/flamengo-vive-expectativa-de-retorno-diego-avancado-em-recuperacao\/"},"author":{"name":"Let\u00edcia Gerheim","@id":"https:\/\/www.gaveanews.com\/#\/schema\/person\/714c67050b836198af2450ba1c142a67"},"headline":"Flamengo vive expectativa de retorno Diego, avan\u00e7ado em recupera\u00e7\u00e3o","datePublished":"2021-07-16T18:51:14+00:00","dateModified":"2021-08-12T03:47:36+00:00","mainEntityOfPage":{"@id":"https:\/\/www.gaveanews.com\/index.php\/2021\/07\/16\/flamengo-vive-expectativa-de-retorno-diego-avancado-em-recuperacao\/"},"wordCount":263,"commentCount":6,"image":{"@id":"https:\/\/www.gaveanews.com\/index.php\/2021\/07\/16\/flamengo-vive-expectativa-de-retorno-diego-avancado-em-recuperacao\/#primaryimage"},"thumbnailUrl":"https:\/\/www.gaveanews.com\/wp-content\/uploads\/Diego-em-acao-pelo-Flamengo-na-Libertadores.webp","articleSection":["Flamengo"],"inLanguage":"pt-BR","potentialAction":[{"@type":"CommentAction","name":"Comment","target":["https:\/\/www.gaveanews.com\/index.php\/2021\/07\/16\/flamengo-vive-expectativa-de-retorno-diego-avancado-em-recuperacao\/#respond"]}],"copyrightYear":"2021","copyrightHolder":{"@id":"https:\/\/www.gaveanews.com\/#organization"}},{"@type":"WebPage","@id":"https:\/\/www.gaveanews.com\/index.php\/2021\/07\/16\/flamengo-vive-expectativa-de-retorno-diego-avancado-em-recuperacao\/","url":"https:\/\/www.gaveanews.com\/index.php\/2021\/07\/16\/flamengo-vive-expectativa-de-retorno-diego-avancado-em-recuperacao\/","name":"Flamengo vive expectativa de retorno Diego, avan\u00e7ado em recupera\u00e7\u00e3o","isPartOf":{"@id":"https:\/\/www.gaveanews.com\/#website"},"primaryImageOfPage":{"@id":"https:\/\/www.gaveanews.com\/index.php\/2021\/07\/16\/flamengo-vive-expectativa-de-retorno-diego-avancado-em-recuperacao\/#primaryimage"},"image":{"@id":"https:\/\/www.gaveanews.com\/index.php\/2021\/07\/16\/flamengo-vive-expectativa-de-retorno-diego-avancado-em-recuperacao\/#primaryimage"},"thumbnailUrl":"https:\/\/www.gaveanews.com\/wp-content\/uploads\/Diego-em-acao-pelo-Flamengo-na-Libertadores.webp","datePublished":"2021-07-16T18:51:14+00:00","dateModified":"2021-08-12T03:47:36+00:00","author":{"@id":"https:\/\/www.gaveanews.com\/#\/schema\/person\/714c67050b836198af2450ba1c142a67"},"breadcrumb":{"@id":"https:\/\/www.gaveanews.com\/index.php\/2021\/07\/16\/flamengo-vive-expectativa-de-retorno-diego-avancado-em-recuperacao\/#breadcrumb"},"inLanguage":"pt-BR","potentialAction":[{"@type":"ReadAction","target":["https:\/\/www.gaveanews.com\/index.php\/2021\/07\/16\/flamengo-vive-expectativa-de-retorno-diego-avancado-em-recuperacao\/"]}]},{"@type":"ImageObject","inLanguage":"pt-BR","@id":"https:\/\/www.gaveanews.com\/index.php\/2021\/07\/16\/flamengo-vive-expectativa-de-retorno-diego-avancado-em-recuperacao\/#primaryimage","url":"https:\/\/www.gaveanews.com\/wp-content\/uploads\/Diego-em-acao-pelo-Flamengo-na-Libertadores.webp","contentUrl":"https:\/\/www.gaveanews.com\/wp-content\/uploads\/Diego-em-acao-pelo-Flamengo-na-Libertadores.webp","width":799,"height":533,"caption":"Diego em a\u00e7\u00e3o pelo Flamengo na Libertadores (Foto: Alexandre Vidal\/Flamengo)"},{"@type":"BreadcrumbList","@id":"https:\/\/www.gaveanews.com\/index.php\/2021\/07\/16\/flamengo-vive-expectativa-de-retorno-diego-avancado-em-recuperacao\/#breadcrumb","itemListElement":[{"@type":"ListItem","position":1,"name":"Home","item":"https:\/\/www.gaveanews.com\/"},{"@type":"ListItem","position":2,"name":"Flamengo vive expectativa de retorno Diego, avan\u00e7ado em recupera\u00e7\u00e3o"}]},{"@type":"WebSite","@id":"https:\/\/www.gaveanews.com\/#website","url":"https:\/\/www.gaveanews.com\/","name":"G\u00e1vea News","description":"Veja todas as not\u00edcias sobre o Flamengo: Contrata\u00e7\u00f5es, categorias de base, resultados das partidas, tabela de classifica\u00e7\u00e3o, pr\u00f3ximos jogos!","potentialAction":[{"@type":"SearchAction","target":{"@type":"EntryPoint","urlTemplate":"https:\/\/www.gaveanews.com\/?s={search_term_string}"},"query-input":{"@type":"PropertyValueSpecification","valueRequired":true,"valueName":"search_term_string"}}],"inLanguage":"pt-BR"},{"@type":"Person","@id":"https:\/\/www.gaveanews.com\/#\/schema\/person\/714c67050b836198af2450ba1c142a67","name":"Let\u00edcia Gerheim","image":{"@type":"ImageObject","inLanguage":"pt-BR","@id":"https:\/\/www.gaveanews.com\/#\/schema\/person\/image\/","url":"https:\/\/secure.gravatar.com\/avatar\/60734739c50fcebfbac509e2a826ccd0ff405c019bc73aab9354f19ecad1dcb4?s=96&d=mm&r=g","contentUrl":"https:\/\/secure.gravatar.com\/avatar\/60734739c50fcebfbac509e2a826ccd0ff405c019bc73aab9354f19ecad1dcb4?s=96&d=mm&r=g","caption":"Let\u00edcia Gerheim"}}]}},"_links":{"self":[{"href":"https:\/\/www.gaveanews.com\/index.php\/wp-json\/wp\/v2\/posts\/64532","targetHints":{"allow":["GET"]}}],"collection":[{"href":"https:\/\/www.gaveanews.com\/index.php\/wp-json\/wp\/v2\/posts"}],"about":[{"href":"https:\/\/www.gaveanews.com\/index.php\/wp-json\/wp\/v2\/types\/post"}],"author":[{"embeddable":true,"href":"https:\/\/www.gaveanews.com\/index.php\/wp-json\/wp\/v2\/users\/4"}],"replies":[{"embeddable":true,"href":"https:\/\/www.gaveanews.com\/index.php\/wp-json\/wp\/v2\/comments?post=64532"}],"version-history":[{"count":0,"href":"https:\/\/www.gaveanews.com\/index.php\/wp-json\/wp\/v2\/posts\/64532\/revisions"}],"wp:featuredmedia":[{"embeddable":true,"href":"https:\/\/www.gaveanews.com\/index.php\/wp-json\/wp\/v2\/media\/60673"}],"wp:attachment":[{"href":"https:\/\/www.gaveanews.com\/index.php\/wp-json\/wp\/v2\/media?parent=64532"}],"wp:term":[{"taxonomy":"category","embeddable":true,"href":"https:\/\/www.gaveanews.com\/index.php\/wp-json\/wp\/v2\/categories?post=64532"},{"taxonomy":"post_tag","embeddable":true,"href":"https:\/\/www.gaveanews.com\/index.php\/wp-json\/wp\/v2\/tags?post=64532"}],"curies":[{"name":"wp","href":"https:\/\/api.w.org\/{rel}","templated":true}]}}