{"id":64543,"date":"2021-07-17T19:27:02","date_gmt":"2021-07-17T22:27:02","guid":{"rendered":"https:\/\/www.gaveanews.com\/?p=64543"},"modified":"2021-07-17T19:27:04","modified_gmt":"2021-07-17T22:27:04","slug":"braz-abre-o-jogo-sobre-a-possibilidade-da-contratacao-de-dede","status":"publish","type":"post","link":"https:\/\/www.gaveanews.com\/index.php\/2021\/07\/17\/braz-abre-o-jogo-sobre-a-possibilidade-da-contratacao-de-dede\/","title":{"rendered":"Braz abre o jogo sobre a possibilidade da contrata\u00e7\u00e3o de Ded\u00e9"},"content":{"rendered":"\n<p>O nome do zagueiro Ded\u00e9, que rescindiu seu contrato com o Cruzeiro nos \u00faltimos dias, foi especulado como poss\u00edvel refor\u00e7o no Flamengo, mas n\u00e3o h\u00e1 qualquer negocia\u00e7\u00e3o entre as partes.<\/p>\n\n\n\n<p>\u00c9 o que garante Marcos Braz, vice de futebol do Rubro-Negro, que, no entanto, abriu as portas do clube para que o jogador continue tratamento de problemas f\u00edsicos.<\/p>\n\n\n\n<p>Na chegada a Salvador, onde o time vai enfrentar o Bahia, neste domingo (18), \u00e0s 18h15 (hor\u00e1rio de Bras\u00edlia), pela 12\u00aa rodada do Brasileir\u00e3o, o dirigente abriu o jogo sobre possibilidade do zagueiro ser contratado.<\/p>\n\n\n\n<p><strong><em>\u2014 O Ded\u00e9 sempre que quiser se tratar no clube vai ser oferecido a ele. Mas n\u00e3o tem nada (de negocia\u00e7\u00e3o), absolutamente nada<\/em><\/strong>, disse Braz.<\/p>\n\n\n\n<h3 class=\"wp-block-heading\" id=\"h-ded-quer-jogar-no-flamengo\">Ded\u00e9 quer jogar no\u00a0Flamengo<\/h3>\n\n\n\n<p>Apesar da negativa dos dirigentes do\u00a0Rubro-Negro, Ded\u00e9 teria se oferecido a jogar pelo clube nesta temporada e\u00a0aceitaria at\u00e9 assinar um contrato de produtividade, segundo\u00a0o jornalista Ven\u00ea Casagrande.<\/p>\n\n\n\n<p>Sem time, o zagueiro mant\u00e9m a forma f\u00edsica junto com alguns profissionais do Rubro-Negro e se garante apto para retornar em alto n\u00edvel. Em uma entrevista recente, afirmou que gostaria de jogar ainda no Brasileir\u00e3o 2021.<\/p>\n\n\n\n<p><strong><em>\u2014 Pretendo jogar esse Campeonato Brasileiro. Eu estou pronto. Pegar o ritmo de clube ali, de intensidade, profissional, trabalhar com uma equipe. Viver momentos com atletas, de concentra\u00e7\u00e3o, conversas com treinadores. Eu acho que isso vai antecipar a minha performance, a minha forma f\u00edsica vai elevar muito maior<\/em><\/strong>, afirmou ao \u201cEsporte Espetacular\u201d.<\/p>\n\n\n\n<p>Retirado de: Torcedores <\/p>\n","protected":false},"excerpt":{"rendered":"<p>O nome do zagueiro Ded\u00e9, que rescindiu seu contrato com o Cruzeiro nos \u00faltimos dias, foi especulado como poss\u00edvel refor\u00e7o no Flamengo, mas n\u00e3o h\u00e1 qualquer negocia\u00e7\u00e3o entre as partes. \u00c9 o que garante Marcos Braz, vice de futebol do Rubro-Negro, que, no entanto, abriu as portas do clube para que o jogador continue tratamento [&hellip;]<\/p>\n","protected":false},"author":1,"featured_media":64346,"comment_status":"open","ping_status":"closed","sticky":false,"template":"","format":"standard","meta":{"footnotes":""},"categories":[1],"tags":[],"class_list":["post-64543","post","type-post","status-publish","format-standard","has-post-thumbnail","hentry","category-flamengo"],"yoast_head":"<!-- This site is optimized with the Yoast SEO Premium plugin v24.2 (Yoast SEO v26.9) - https:\/\/yoast.com\/product\/yoast-seo-premium-wordpress\/ -->\n<title>Braz abre o jogo sobre a possibilidade da contrata\u00e7\u00e3o de Ded\u00e9<\/title>\n<meta name=\"robots\" content=\"index, follow, max-snippet:-1, max-image-preview:large, max-video-preview:-1\" \/>\n<link rel=\"canonical\" href=\"https:\/\/www.gaveanews.com\/index.php\/2021\/07\/17\/braz-abre-o-jogo-sobre-a-possibilidade-da-contratacao-de-dede\/\" \/>\n<meta property=\"og:locale\" content=\"pt_BR\" \/>\n<meta property=\"og:type\" content=\"article\" \/>\n<meta property=\"og:title\" content=\"Braz abre o jogo sobre a possibilidade da contrata\u00e7\u00e3o de Ded\u00e9\" \/>\n<meta property=\"og:description\" content=\"O nome do zagueiro Ded\u00e9, que rescindiu seu contrato com o Cruzeiro nos \u00faltimos dias, foi especulado como poss\u00edvel refor\u00e7o no Flamengo, mas n\u00e3o h\u00e1 qualquer negocia\u00e7\u00e3o entre as partes. \u00c9 o que garante Marcos Braz, vice de futebol do Rubro-Negro, que, no entanto, abriu as portas do clube para que o jogador continue tratamento [&hellip;]\" \/>\n<meta property=\"og:url\" content=\"https:\/\/www.gaveanews.com\/index.php\/2021\/07\/17\/braz-abre-o-jogo-sobre-a-possibilidade-da-contratacao-de-dede\/\" \/>\n<meta property=\"og:site_name\" content=\"G\u00e1vea News\" \/>\n<meta property=\"article:publisher\" content=\"https:\/\/facebook.com\/gaveaNews\/\" \/>\n<meta property=\"article:published_time\" content=\"2021-07-17T22:27:02+00:00\" \/>\n<meta property=\"article:modified_time\" content=\"2021-07-17T22:27:04+00:00\" \/>\n<meta property=\"og:image\" content=\"https:\/\/www.gaveanews.com\/wp-content\/uploads\/Marcos-Braz-em-entrevista-coletiva-no-Ninho-do-Urubu.webp\" \/>\n\t<meta property=\"og:image:width\" content=\"799\" \/>\n\t<meta property=\"og:image:height\" content=\"532\" \/>\n\t<meta property=\"og:image:type\" content=\"image\/jpeg\" \/>\n<meta name=\"author\" content=\"Equipe G\u00e1vea News\" \/>\n<meta name=\"twitter:card\" content=\"summary_large_image\" \/>\n<meta name=\"twitter:label1\" content=\"Escrito por\" \/>\n\t<meta name=\"twitter:data1\" content=\"Equipe G\u00e1vea News\" \/>\n\t<meta name=\"twitter:label2\" content=\"Est. tempo de leitura\" \/>\n\t<meta name=\"twitter:data2\" content=\"2 minutos\" \/>\n<script type=\"application\/ld+json\" class=\"yoast-schema-graph\">{\"@context\":\"https:\/\/schema.org\",\"@graph\":[{\"@type\":\"NewsArticle\",\"@id\":\"https:\/\/www.gaveanews.com\/index.php\/2021\/07\/17\/braz-abre-o-jogo-sobre-a-possibilidade-da-contratacao-de-dede\/#article\",\"isPartOf\":{\"@id\":\"https:\/\/www.gaveanews.com\/index.php\/2021\/07\/17\/braz-abre-o-jogo-sobre-a-possibilidade-da-contratacao-de-dede\/\"},\"author\":{\"name\":\"Equipe G\u00e1vea News\",\"@id\":\"https:\/\/www.gaveanews.com\/#\/schema\/person\/2ec14f73fb96be2caf28f91afb14749d\"},\"headline\":\"Braz abre o jogo sobre a possibilidade da contrata\u00e7\u00e3o de Ded\u00e9\",\"datePublished\":\"2021-07-17T22:27:02+00:00\",\"dateModified\":\"2021-07-17T22:27:04+00:00\",\"mainEntityOfPage\":{\"@id\":\"https:\/\/www.gaveanews.com\/index.php\/2021\/07\/17\/braz-abre-o-jogo-sobre-a-possibilidade-da-contratacao-de-dede\/\"},\"wordCount\":266,\"commentCount\":38,\"image\":{\"@id\":\"https:\/\/www.gaveanews.com\/index.php\/2021\/07\/17\/braz-abre-o-jogo-sobre-a-possibilidade-da-contratacao-de-dede\/#primaryimage\"},\"thumbnailUrl\":\"https:\/\/www.gaveanews.com\/wp-content\/uploads\/Marcos-Braz-em-entrevista-coletiva-no-Ninho-do-Urubu.webp\",\"articleSection\":[\"Flamengo\"],\"inLanguage\":\"pt-BR\",\"potentialAction\":[{\"@type\":\"CommentAction\",\"name\":\"Comment\",\"target\":[\"https:\/\/www.gaveanews.com\/index.php\/2021\/07\/17\/braz-abre-o-jogo-sobre-a-possibilidade-da-contratacao-de-dede\/#respond\"]}],\"copyrightYear\":\"2021\",\"copyrightHolder\":{\"@id\":\"https:\/\/www.gaveanews.com\/#organization\"}},{\"@type\":\"WebPage\",\"@id\":\"https:\/\/www.gaveanews.com\/index.php\/2021\/07\/17\/braz-abre-o-jogo-sobre-a-possibilidade-da-contratacao-de-dede\/\",\"url\":\"https:\/\/www.gaveanews.com\/index.php\/2021\/07\/17\/braz-abre-o-jogo-sobre-a-possibilidade-da-contratacao-de-dede\/\",\"name\":\"Braz abre o jogo sobre a possibilidade da contrata\u00e7\u00e3o de Ded\u00e9\",\"isPartOf\":{\"@id\":\"https:\/\/www.gaveanews.com\/#website\"},\"primaryImageOfPage\":{\"@id\":\"https:\/\/www.gaveanews.com\/index.php\/2021\/07\/17\/braz-abre-o-jogo-sobre-a-possibilidade-da-contratacao-de-dede\/#primaryimage\"},\"image\":{\"@id\":\"https:\/\/www.gaveanews.com\/index.php\/2021\/07\/17\/braz-abre-o-jogo-sobre-a-possibilidade-da-contratacao-de-dede\/#primaryimage\"},\"thumbnailUrl\":\"https:\/\/www.gaveanews.com\/wp-content\/uploads\/Marcos-Braz-em-entrevista-coletiva-no-Ninho-do-Urubu.webp\",\"datePublished\":\"2021-07-17T22:27:02+00:00\",\"dateModified\":\"2021-07-17T22:27:04+00:00\",\"author\":{\"@id\":\"https:\/\/www.gaveanews.com\/#\/schema\/person\/2ec14f73fb96be2caf28f91afb14749d\"},\"breadcrumb\":{\"@id\":\"https:\/\/www.gaveanews.com\/index.php\/2021\/07\/17\/braz-abre-o-jogo-sobre-a-possibilidade-da-contratacao-de-dede\/#breadcrumb\"},\"inLanguage\":\"pt-BR\",\"potentialAction\":[{\"@type\":\"ReadAction\",\"target\":[\"https:\/\/www.gaveanews.com\/index.php\/2021\/07\/17\/braz-abre-o-jogo-sobre-a-possibilidade-da-contratacao-de-dede\/\"]}]},{\"@type\":\"ImageObject\",\"inLanguage\":\"pt-BR\",\"@id\":\"https:\/\/www.gaveanews.com\/index.php\/2021\/07\/17\/braz-abre-o-jogo-sobre-a-possibilidade-da-contratacao-de-dede\/#primaryimage\",\"url\":\"https:\/\/www.gaveanews.com\/wp-content\/uploads\/Marcos-Braz-em-entrevista-coletiva-no-Ninho-do-Urubu.webp\",\"contentUrl\":\"https:\/\/www.gaveanews.com\/wp-content\/uploads\/Marcos-Braz-em-entrevista-coletiva-no-Ninho-do-Urubu.webp\",\"width\":799,\"height\":532,\"caption\":\"Marcos Braz em entrevista coletiva no Ninho do Urubu (Foto: Alexandre Vidal\/Flamengo)\"},{\"@type\":\"BreadcrumbList\",\"@id\":\"https:\/\/www.gaveanews.com\/index.php\/2021\/07\/17\/braz-abre-o-jogo-sobre-a-possibilidade-da-contratacao-de-dede\/#breadcrumb\",\"itemListElement\":[{\"@type\":\"ListItem\",\"position\":1,\"name\":\"Home\",\"item\":\"https:\/\/www.gaveanews.com\/\"},{\"@type\":\"ListItem\",\"position\":2,\"name\":\"Braz abre o jogo sobre a possibilidade da contrata\u00e7\u00e3o de Ded\u00e9\"}]},{\"@type\":\"WebSite\",\"@id\":\"https:\/\/www.gaveanews.com\/#website\",\"url\":\"https:\/\/www.gaveanews.com\/\",\"name\":\"G\u00e1vea News\",\"description\":\"Veja todas as not\u00edcias sobre o Flamengo: Contrata\u00e7\u00f5es, categorias de base, resultados das partidas, tabela de classifica\u00e7\u00e3o, pr\u00f3ximos jogos!\",\"potentialAction\":[{\"@type\":\"SearchAction\",\"target\":{\"@type\":\"EntryPoint\",\"urlTemplate\":\"https:\/\/www.gaveanews.com\/?s={search_term_string}\"},\"query-input\":{\"@type\":\"PropertyValueSpecification\",\"valueRequired\":true,\"valueName\":\"search_term_string\"}}],\"inLanguage\":\"pt-BR\"},{\"@type\":\"Person\",\"@id\":\"https:\/\/www.gaveanews.com\/#\/schema\/person\/2ec14f73fb96be2caf28f91afb14749d\",\"name\":\"Equipe G\u00e1vea News\",\"image\":{\"@type\":\"ImageObject\",\"inLanguage\":\"pt-BR\",\"@id\":\"https:\/\/www.gaveanews.com\/#\/schema\/person\/image\/\",\"url\":\"https:\/\/secure.gravatar.com\/avatar\/1e1956f1facbffd3f8fa53a326721950116b3b9dc9bd44939c01180fd4a745a9?s=96&d=mm&r=g\",\"contentUrl\":\"https:\/\/secure.gravatar.com\/avatar\/1e1956f1facbffd3f8fa53a326721950116b3b9dc9bd44939c01180fd4a745a9?s=96&d=mm&r=g\",\"caption\":\"Equipe G\u00e1vea News\"}}]}<\/script>\n<!-- \/ Yoast SEO Premium plugin. -->","yoast_head_json":{"title":"Braz abre o jogo sobre a possibilidade da contrata\u00e7\u00e3o de Ded\u00e9","robots":{"index":"index","follow":"follow","max-snippet":"max-snippet:-1","max-image-preview":"max-image-preview:large","max-video-preview":"max-video-preview:-1"},"canonical":"https:\/\/www.gaveanews.com\/index.php\/2021\/07\/17\/braz-abre-o-jogo-sobre-a-possibilidade-da-contratacao-de-dede\/","og_locale":"pt_BR","og_type":"article","og_title":"Braz abre o jogo sobre a possibilidade da contrata\u00e7\u00e3o de Ded\u00e9","og_description":"O nome do zagueiro Ded\u00e9, que rescindiu seu contrato com o Cruzeiro nos \u00faltimos dias, foi especulado como poss\u00edvel refor\u00e7o no Flamengo, mas n\u00e3o h\u00e1 qualquer negocia\u00e7\u00e3o entre as partes. \u00c9 o que garante Marcos Braz, vice de futebol do Rubro-Negro, que, no entanto, abriu as portas do clube para que o jogador continue tratamento [&hellip;]","og_url":"https:\/\/www.gaveanews.com\/index.php\/2021\/07\/17\/braz-abre-o-jogo-sobre-a-possibilidade-da-contratacao-de-dede\/","og_site_name":"G\u00e1vea News","article_publisher":"https:\/\/facebook.com\/gaveaNews\/","article_published_time":"2021-07-17T22:27:02+00:00","article_modified_time":"2021-07-17T22:27:04+00:00","og_image":[{"width":799,"height":532,"url":"https:\/\/www.gaveanews.com\/wp-content\/uploads\/Marcos-Braz-em-entrevista-coletiva-no-Ninho-do-Urubu.webp","type":"image\/jpeg"}],"author":"Equipe G\u00e1vea News","twitter_card":"summary_large_image","twitter_misc":{"Escrito por":"Equipe G\u00e1vea News","Est. tempo de leitura":"2 minutos"},"schema":{"@context":"https:\/\/schema.org","@graph":[{"@type":"NewsArticle","@id":"https:\/\/www.gaveanews.com\/index.php\/2021\/07\/17\/braz-abre-o-jogo-sobre-a-possibilidade-da-contratacao-de-dede\/#article","isPartOf":{"@id":"https:\/\/www.gaveanews.com\/index.php\/2021\/07\/17\/braz-abre-o-jogo-sobre-a-possibilidade-da-contratacao-de-dede\/"},"author":{"name":"Equipe G\u00e1vea News","@id":"https:\/\/www.gaveanews.com\/#\/schema\/person\/2ec14f73fb96be2caf28f91afb14749d"},"headline":"Braz abre o jogo sobre a possibilidade da contrata\u00e7\u00e3o de Ded\u00e9","datePublished":"2021-07-17T22:27:02+00:00","dateModified":"2021-07-17T22:27:04+00:00","mainEntityOfPage":{"@id":"https:\/\/www.gaveanews.com\/index.php\/2021\/07\/17\/braz-abre-o-jogo-sobre-a-possibilidade-da-contratacao-de-dede\/"},"wordCount":266,"commentCount":38,"image":{"@id":"https:\/\/www.gaveanews.com\/index.php\/2021\/07\/17\/braz-abre-o-jogo-sobre-a-possibilidade-da-contratacao-de-dede\/#primaryimage"},"thumbnailUrl":"https:\/\/www.gaveanews.com\/wp-content\/uploads\/Marcos-Braz-em-entrevista-coletiva-no-Ninho-do-Urubu.webp","articleSection":["Flamengo"],"inLanguage":"pt-BR","potentialAction":[{"@type":"CommentAction","name":"Comment","target":["https:\/\/www.gaveanews.com\/index.php\/2021\/07\/17\/braz-abre-o-jogo-sobre-a-possibilidade-da-contratacao-de-dede\/#respond"]}],"copyrightYear":"2021","copyrightHolder":{"@id":"https:\/\/www.gaveanews.com\/#organization"}},{"@type":"WebPage","@id":"https:\/\/www.gaveanews.com\/index.php\/2021\/07\/17\/braz-abre-o-jogo-sobre-a-possibilidade-da-contratacao-de-dede\/","url":"https:\/\/www.gaveanews.com\/index.php\/2021\/07\/17\/braz-abre-o-jogo-sobre-a-possibilidade-da-contratacao-de-dede\/","name":"Braz abre o jogo sobre a possibilidade da contrata\u00e7\u00e3o de Ded\u00e9","isPartOf":{"@id":"https:\/\/www.gaveanews.com\/#website"},"primaryImageOfPage":{"@id":"https:\/\/www.gaveanews.com\/index.php\/2021\/07\/17\/braz-abre-o-jogo-sobre-a-possibilidade-da-contratacao-de-dede\/#primaryimage"},"image":{"@id":"https:\/\/www.gaveanews.com\/index.php\/2021\/07\/17\/braz-abre-o-jogo-sobre-a-possibilidade-da-contratacao-de-dede\/#primaryimage"},"thumbnailUrl":"https:\/\/www.gaveanews.com\/wp-content\/uploads\/Marcos-Braz-em-entrevista-coletiva-no-Ninho-do-Urubu.webp","datePublished":"2021-07-17T22:27:02+00:00","dateModified":"2021-07-17T22:27:04+00:00","author":{"@id":"https:\/\/www.gaveanews.com\/#\/schema\/person\/2ec14f73fb96be2caf28f91afb14749d"},"breadcrumb":{"@id":"https:\/\/www.gaveanews.com\/index.php\/2021\/07\/17\/braz-abre-o-jogo-sobre-a-possibilidade-da-contratacao-de-dede\/#breadcrumb"},"inLanguage":"pt-BR","potentialAction":[{"@type":"ReadAction","target":["https:\/\/www.gaveanews.com\/index.php\/2021\/07\/17\/braz-abre-o-jogo-sobre-a-possibilidade-da-contratacao-de-dede\/"]}]},{"@type":"ImageObject","inLanguage":"pt-BR","@id":"https:\/\/www.gaveanews.com\/index.php\/2021\/07\/17\/braz-abre-o-jogo-sobre-a-possibilidade-da-contratacao-de-dede\/#primaryimage","url":"https:\/\/www.gaveanews.com\/wp-content\/uploads\/Marcos-Braz-em-entrevista-coletiva-no-Ninho-do-Urubu.webp","contentUrl":"https:\/\/www.gaveanews.com\/wp-content\/uploads\/Marcos-Braz-em-entrevista-coletiva-no-Ninho-do-Urubu.webp","width":799,"height":532,"caption":"Marcos Braz em entrevista coletiva no Ninho do Urubu (Foto: Alexandre Vidal\/Flamengo)"},{"@type":"BreadcrumbList","@id":"https:\/\/www.gaveanews.com\/index.php\/2021\/07\/17\/braz-abre-o-jogo-sobre-a-possibilidade-da-contratacao-de-dede\/#breadcrumb","itemListElement":[{"@type":"ListItem","position":1,"name":"Home","item":"https:\/\/www.gaveanews.com\/"},{"@type":"ListItem","position":2,"name":"Braz abre o jogo sobre a possibilidade da contrata\u00e7\u00e3o de Ded\u00e9"}]},{"@type":"WebSite","@id":"https:\/\/www.gaveanews.com\/#website","url":"https:\/\/www.gaveanews.com\/","name":"G\u00e1vea News","description":"Veja todas as not\u00edcias sobre o Flamengo: Contrata\u00e7\u00f5es, categorias de base, resultados das partidas, tabela de classifica\u00e7\u00e3o, pr\u00f3ximos jogos!","potentialAction":[{"@type":"SearchAction","target":{"@type":"EntryPoint","urlTemplate":"https:\/\/www.gaveanews.com\/?s={search_term_string}"},"query-input":{"@type":"PropertyValueSpecification","valueRequired":true,"valueName":"search_term_string"}}],"inLanguage":"pt-BR"},{"@type":"Person","@id":"https:\/\/www.gaveanews.com\/#\/schema\/person\/2ec14f73fb96be2caf28f91afb14749d","name":"Equipe G\u00e1vea News","image":{"@type":"ImageObject","inLanguage":"pt-BR","@id":"https:\/\/www.gaveanews.com\/#\/schema\/person\/image\/","url":"https:\/\/secure.gravatar.com\/avatar\/1e1956f1facbffd3f8fa53a326721950116b3b9dc9bd44939c01180fd4a745a9?s=96&d=mm&r=g","contentUrl":"https:\/\/secure.gravatar.com\/avatar\/1e1956f1facbffd3f8fa53a326721950116b3b9dc9bd44939c01180fd4a745a9?s=96&d=mm&r=g","caption":"Equipe G\u00e1vea News"}}]}},"_links":{"self":[{"href":"https:\/\/www.gaveanews.com\/index.php\/wp-json\/wp\/v2\/posts\/64543","targetHints":{"allow":["GET"]}}],"collection":[{"href":"https:\/\/www.gaveanews.com\/index.php\/wp-json\/wp\/v2\/posts"}],"about":[{"href":"https:\/\/www.gaveanews.com\/index.php\/wp-json\/wp\/v2\/types\/post"}],"author":[{"embeddable":true,"href":"https:\/\/www.gaveanews.com\/index.php\/wp-json\/wp\/v2\/users\/1"}],"replies":[{"embeddable":true,"href":"https:\/\/www.gaveanews.com\/index.php\/wp-json\/wp\/v2\/comments?post=64543"}],"version-history":[{"count":0,"href":"https:\/\/www.gaveanews.com\/index.php\/wp-json\/wp\/v2\/posts\/64543\/revisions"}],"wp:featuredmedia":[{"embeddable":true,"href":"https:\/\/www.gaveanews.com\/index.php\/wp-json\/wp\/v2\/media\/64346"}],"wp:attachment":[{"href":"https:\/\/www.gaveanews.com\/index.php\/wp-json\/wp\/v2\/media?parent=64543"}],"wp:term":[{"taxonomy":"category","embeddable":true,"href":"https:\/\/www.gaveanews.com\/index.php\/wp-json\/wp\/v2\/categories?post=64543"},{"taxonomy":"post_tag","embeddable":true,"href":"https:\/\/www.gaveanews.com\/index.php\/wp-json\/wp\/v2\/tags?post=64543"}],"curies":[{"name":"wp","href":"https:\/\/api.w.org\/{rel}","templated":true}]}}