{"id":64553,"date":"2021-07-17T23:33:10","date_gmt":"2021-07-18T02:33:10","guid":{"rendered":"https:\/\/www.gaveanews.com\/?p=64553"},"modified":"2024-04-07T08:44:27","modified_gmt":"2024-04-07T11:44:27","slug":"benfica-ainda-quer-willian-arao-do-flamengo","status":"publish","type":"post","link":"https:\/\/www.gaveanews.com\/index.php\/2021\/07\/17\/benfica-ainda-quer-willian-arao-do-flamengo\/","title":{"rendered":"Benfica ainda quer Willian Ar\u00e3o, do Flamengo"},"content":{"rendered":"\n<p>Em busca de um novo meio-campista para refor\u00e7ar o seu plantel para a pr\u00f3xima temporada, o Benfica avalia algumas alternativas para o setor e mais um nome entrou em pauta no clube portugu\u00eas. De acordo com o jornal A Bola, Soualiho Me\u00eft\u00e9, de 27 anos, e que atuou por empr\u00e9stimo no Milan na \u00faltima campanha est\u00e1 na mira dos Encarnados.<\/p>\n\n\n\n<p>Ele \u00e9 mais um na lista dos meio-campistas observados pelo clube e que j\u00e1 conta com o brasileiro Willian Ar\u00e3o, do Flamengo, e Al Musrati, do rival Braga. Se as negocia\u00e7\u00f5es pelos dois primeiros nomes n\u00e3o derem certo, ent\u00e3o o Benfica ir\u00e1 atr\u00e1s de Me\u00eft\u00e9 como alternativa.<\/p>\n\n\n\n<p>O volante franc\u00eas pertence ao Torino, com quem tem contrato at\u00e9 junho de 2023, e tem valor de mercado na casa dos cinco milh\u00f5es de euros (R$ 30 milh\u00f5es na cota\u00e7\u00e3o atual) de acordo com o site especializado Transfermarkt.<\/p>\n\n\n\n<p>Na \u00faltima temporada, Me\u00eft\u00e9 foi emprestado ao Milan em janeiro e disputou 21 jogos &#8211; nove deles como titular &#8211; e n\u00e3o balan\u00e7ou as redes. Al\u00e9m da It\u00e1lia, o jogador tamb\u00e9m por B\u00e9lgica e Fran\u00e7a, onde teve a oportinidade de atuar por clubes conhecidos como o M\u00f4naco e o Lille.<\/p>\n\n\n\n<p>At\u00e9 o momento, a principal contrata\u00e7\u00e3o do Benfica para a pr\u00f3xima temporada \u00e9 o meia Jo\u00e3o M\u00e1rio, de 28 anos, que estava na Inter de Mil\u00e3o.<\/p>\n\n\n\n<p>Quem tamb\u00e9m retornou de empr\u00e9stimo do Tottenham foi o atacante Carlos Vin\u00edcius, que tamb\u00e9m refor\u00e7ar\u00e1 o plantel. Jorge Jesus ainda n\u00e3o trabalhou com o brasileiro desde que retornou a Portugal.<\/p>\n\n\n\n<p>Retirado de: ESPN<\/p>\n","protected":false},"excerpt":{"rendered":"<p>Em busca de um novo meio-campista para refor\u00e7ar o seu plantel para a pr\u00f3xima temporada, o Benfica avalia algumas alternativas para o setor e mais um nome entrou em pauta no clube portugu\u00eas. De acordo com o jornal A Bola, Soualiho Me\u00eft\u00e9, de 27 anos, e que atuou por empr\u00e9stimo no Milan na \u00faltima campanha [&hellip;]<\/p>\n","protected":false},"author":1,"featured_media":59670,"comment_status":"open","ping_status":"closed","sticky":false,"template":"","format":"standard","meta":{"footnotes":""},"categories":[1],"tags":[187],"class_list":["post-64553","post","type-post","status-publish","format-standard","has-post-thumbnail","hentry","category-flamengo","tag-willian-souza-arao-da-silva"],"yoast_head":"<!-- This site is optimized with the Yoast SEO Premium plugin v24.2 (Yoast SEO v26.9) - https:\/\/yoast.com\/product\/yoast-seo-premium-wordpress\/ -->\n<title>Benfica ainda quer Willian Ar\u00e3o, do Flamengo<\/title>\n<meta name=\"robots\" content=\"index, follow, max-snippet:-1, max-image-preview:large, max-video-preview:-1\" \/>\n<link rel=\"canonical\" href=\"https:\/\/www.gaveanews.com\/index.php\/2021\/07\/17\/benfica-ainda-quer-willian-arao-do-flamengo\/\" \/>\n<meta property=\"og:locale\" content=\"pt_BR\" \/>\n<meta property=\"og:type\" content=\"article\" \/>\n<meta property=\"og:title\" content=\"Benfica ainda quer Willian Ar\u00e3o, do Flamengo\" \/>\n<meta property=\"og:description\" content=\"Em busca de um novo meio-campista para refor\u00e7ar o seu plantel para a pr\u00f3xima temporada, o Benfica avalia algumas alternativas para o setor e mais um nome entrou em pauta no clube portugu\u00eas. De acordo com o jornal A Bola, Soualiho Me\u00eft\u00e9, de 27 anos, e que atuou por empr\u00e9stimo no Milan na \u00faltima campanha [&hellip;]\" \/>\n<meta property=\"og:url\" content=\"https:\/\/www.gaveanews.com\/index.php\/2021\/07\/17\/benfica-ainda-quer-willian-arao-do-flamengo\/\" \/>\n<meta property=\"og:site_name\" content=\"G\u00e1vea News\" \/>\n<meta property=\"article:publisher\" content=\"https:\/\/facebook.com\/gaveaNews\/\" \/>\n<meta property=\"article:published_time\" content=\"2021-07-18T02:33:10+00:00\" \/>\n<meta property=\"article:modified_time\" content=\"2024-04-07T11:44:27+00:00\" \/>\n<meta property=\"og:image\" content=\"https:\/\/www.gaveanews.com\/wp-content\/uploads\/Arao-em-acao-pelo-Flamengo-durante-o-jogo-contra-o-Velez-na-Copa-Libertadores-da-America-de-2021.webp\" \/>\n\t<meta property=\"og:image:width\" content=\"800\" \/>\n\t<meta property=\"og:image:height\" content=\"532\" \/>\n\t<meta property=\"og:image:type\" content=\"image\/jpeg\" \/>\n<meta name=\"author\" content=\"Equipe G\u00e1vea News\" \/>\n<meta name=\"twitter:card\" content=\"summary_large_image\" \/>\n<meta name=\"twitter:label1\" content=\"Escrito por\" \/>\n\t<meta name=\"twitter:data1\" content=\"Equipe G\u00e1vea News\" \/>\n\t<meta name=\"twitter:label2\" content=\"Est. tempo de leitura\" \/>\n\t<meta name=\"twitter:data2\" content=\"2 minutos\" \/>\n<script type=\"application\/ld+json\" class=\"yoast-schema-graph\">{\"@context\":\"https:\/\/schema.org\",\"@graph\":[{\"@type\":\"NewsArticle\",\"@id\":\"https:\/\/www.gaveanews.com\/index.php\/2021\/07\/17\/benfica-ainda-quer-willian-arao-do-flamengo\/#article\",\"isPartOf\":{\"@id\":\"https:\/\/www.gaveanews.com\/index.php\/2021\/07\/17\/benfica-ainda-quer-willian-arao-do-flamengo\/\"},\"author\":{\"name\":\"Equipe G\u00e1vea News\",\"@id\":\"https:\/\/www.gaveanews.com\/#\/schema\/person\/2ec14f73fb96be2caf28f91afb14749d\"},\"headline\":\"Benfica ainda quer Willian Ar\u00e3o, do Flamengo\",\"datePublished\":\"2021-07-18T02:33:10+00:00\",\"dateModified\":\"2024-04-07T11:44:27+00:00\",\"mainEntityOfPage\":{\"@id\":\"https:\/\/www.gaveanews.com\/index.php\/2021\/07\/17\/benfica-ainda-quer-willian-arao-do-flamengo\/\"},\"wordCount\":291,\"commentCount\":9,\"image\":{\"@id\":\"https:\/\/www.gaveanews.com\/index.php\/2021\/07\/17\/benfica-ainda-quer-willian-arao-do-flamengo\/#primaryimage\"},\"thumbnailUrl\":\"https:\/\/www.gaveanews.com\/wp-content\/uploads\/Arao-em-acao-pelo-Flamengo-durante-o-jogo-contra-o-Velez-na-Copa-Libertadores-da-America-de-2021.webp\",\"keywords\":[\"Willian Souza Ar\u00e3o da Silva\"],\"articleSection\":[\"Flamengo\"],\"inLanguage\":\"pt-BR\",\"potentialAction\":[{\"@type\":\"CommentAction\",\"name\":\"Comment\",\"target\":[\"https:\/\/www.gaveanews.com\/index.php\/2021\/07\/17\/benfica-ainda-quer-willian-arao-do-flamengo\/#respond\"]}],\"copyrightYear\":\"2021\",\"copyrightHolder\":{\"@id\":\"https:\/\/www.gaveanews.com\/#organization\"}},{\"@type\":\"WebPage\",\"@id\":\"https:\/\/www.gaveanews.com\/index.php\/2021\/07\/17\/benfica-ainda-quer-willian-arao-do-flamengo\/\",\"url\":\"https:\/\/www.gaveanews.com\/index.php\/2021\/07\/17\/benfica-ainda-quer-willian-arao-do-flamengo\/\",\"name\":\"Benfica ainda quer Willian Ar\u00e3o, do Flamengo\",\"isPartOf\":{\"@id\":\"https:\/\/www.gaveanews.com\/#website\"},\"primaryImageOfPage\":{\"@id\":\"https:\/\/www.gaveanews.com\/index.php\/2021\/07\/17\/benfica-ainda-quer-willian-arao-do-flamengo\/#primaryimage\"},\"image\":{\"@id\":\"https:\/\/www.gaveanews.com\/index.php\/2021\/07\/17\/benfica-ainda-quer-willian-arao-do-flamengo\/#primaryimage\"},\"thumbnailUrl\":\"https:\/\/www.gaveanews.com\/wp-content\/uploads\/Arao-em-acao-pelo-Flamengo-durante-o-jogo-contra-o-Velez-na-Copa-Libertadores-da-America-de-2021.webp\",\"datePublished\":\"2021-07-18T02:33:10+00:00\",\"dateModified\":\"2024-04-07T11:44:27+00:00\",\"author\":{\"@id\":\"https:\/\/www.gaveanews.com\/#\/schema\/person\/2ec14f73fb96be2caf28f91afb14749d\"},\"breadcrumb\":{\"@id\":\"https:\/\/www.gaveanews.com\/index.php\/2021\/07\/17\/benfica-ainda-quer-willian-arao-do-flamengo\/#breadcrumb\"},\"inLanguage\":\"pt-BR\",\"potentialAction\":[{\"@type\":\"ReadAction\",\"target\":[\"https:\/\/www.gaveanews.com\/index.php\/2021\/07\/17\/benfica-ainda-quer-willian-arao-do-flamengo\/\"]}]},{\"@type\":\"ImageObject\",\"inLanguage\":\"pt-BR\",\"@id\":\"https:\/\/www.gaveanews.com\/index.php\/2021\/07\/17\/benfica-ainda-quer-willian-arao-do-flamengo\/#primaryimage\",\"url\":\"https:\/\/www.gaveanews.com\/wp-content\/uploads\/Arao-em-acao-pelo-Flamengo-durante-o-jogo-contra-o-Velez-na-Copa-Libertadores-da-America-de-2021.webp\",\"contentUrl\":\"https:\/\/www.gaveanews.com\/wp-content\/uploads\/Arao-em-acao-pelo-Flamengo-durante-o-jogo-contra-o-Velez-na-Copa-Libertadores-da-America-de-2021.webp\",\"width\":800,\"height\":532,\"caption\":\"Ar\u00e3o em a\u00e7\u00e3o pelo Flamengo durante o jogo contra o Velez na Copa Libertadores da Am\u00e9rica de 2021 (Foto: Marcelo Cortes\/Flamengo)\"},{\"@type\":\"BreadcrumbList\",\"@id\":\"https:\/\/www.gaveanews.com\/index.php\/2021\/07\/17\/benfica-ainda-quer-willian-arao-do-flamengo\/#breadcrumb\",\"itemListElement\":[{\"@type\":\"ListItem\",\"position\":1,\"name\":\"Home\",\"item\":\"https:\/\/www.gaveanews.com\/\"},{\"@type\":\"ListItem\",\"position\":2,\"name\":\"Benfica ainda quer Willian Ar\u00e3o, do Flamengo\"}]},{\"@type\":\"WebSite\",\"@id\":\"https:\/\/www.gaveanews.com\/#website\",\"url\":\"https:\/\/www.gaveanews.com\/\",\"name\":\"G\u00e1vea News\",\"description\":\"Veja todas as not\u00edcias sobre o Flamengo: Contrata\u00e7\u00f5es, categorias de base, resultados das partidas, tabela de classifica\u00e7\u00e3o, pr\u00f3ximos jogos!\",\"potentialAction\":[{\"@type\":\"SearchAction\",\"target\":{\"@type\":\"EntryPoint\",\"urlTemplate\":\"https:\/\/www.gaveanews.com\/?s={search_term_string}\"},\"query-input\":{\"@type\":\"PropertyValueSpecification\",\"valueRequired\":true,\"valueName\":\"search_term_string\"}}],\"inLanguage\":\"pt-BR\"},{\"@type\":\"Person\",\"@id\":\"https:\/\/www.gaveanews.com\/#\/schema\/person\/2ec14f73fb96be2caf28f91afb14749d\",\"name\":\"Equipe G\u00e1vea News\",\"image\":{\"@type\":\"ImageObject\",\"inLanguage\":\"pt-BR\",\"@id\":\"https:\/\/www.gaveanews.com\/#\/schema\/person\/image\/\",\"url\":\"https:\/\/secure.gravatar.com\/avatar\/1e1956f1facbffd3f8fa53a326721950116b3b9dc9bd44939c01180fd4a745a9?s=96&d=mm&r=g\",\"contentUrl\":\"https:\/\/secure.gravatar.com\/avatar\/1e1956f1facbffd3f8fa53a326721950116b3b9dc9bd44939c01180fd4a745a9?s=96&d=mm&r=g\",\"caption\":\"Equipe G\u00e1vea News\"}}]}<\/script>\n<!-- \/ Yoast SEO Premium plugin. -->","yoast_head_json":{"title":"Benfica ainda quer Willian Ar\u00e3o, do Flamengo","robots":{"index":"index","follow":"follow","max-snippet":"max-snippet:-1","max-image-preview":"max-image-preview:large","max-video-preview":"max-video-preview:-1"},"canonical":"https:\/\/www.gaveanews.com\/index.php\/2021\/07\/17\/benfica-ainda-quer-willian-arao-do-flamengo\/","og_locale":"pt_BR","og_type":"article","og_title":"Benfica ainda quer Willian Ar\u00e3o, do Flamengo","og_description":"Em busca de um novo meio-campista para refor\u00e7ar o seu plantel para a pr\u00f3xima temporada, o Benfica avalia algumas alternativas para o setor e mais um nome entrou em pauta no clube portugu\u00eas. De acordo com o jornal A Bola, Soualiho Me\u00eft\u00e9, de 27 anos, e que atuou por empr\u00e9stimo no Milan na \u00faltima campanha [&hellip;]","og_url":"https:\/\/www.gaveanews.com\/index.php\/2021\/07\/17\/benfica-ainda-quer-willian-arao-do-flamengo\/","og_site_name":"G\u00e1vea News","article_publisher":"https:\/\/facebook.com\/gaveaNews\/","article_published_time":"2021-07-18T02:33:10+00:00","article_modified_time":"2024-04-07T11:44:27+00:00","og_image":[{"width":800,"height":532,"url":"https:\/\/www.gaveanews.com\/wp-content\/uploads\/Arao-em-acao-pelo-Flamengo-durante-o-jogo-contra-o-Velez-na-Copa-Libertadores-da-America-de-2021.webp","type":"image\/jpeg"}],"author":"Equipe G\u00e1vea News","twitter_card":"summary_large_image","twitter_misc":{"Escrito por":"Equipe G\u00e1vea News","Est. tempo de leitura":"2 minutos"},"schema":{"@context":"https:\/\/schema.org","@graph":[{"@type":"NewsArticle","@id":"https:\/\/www.gaveanews.com\/index.php\/2021\/07\/17\/benfica-ainda-quer-willian-arao-do-flamengo\/#article","isPartOf":{"@id":"https:\/\/www.gaveanews.com\/index.php\/2021\/07\/17\/benfica-ainda-quer-willian-arao-do-flamengo\/"},"author":{"name":"Equipe G\u00e1vea News","@id":"https:\/\/www.gaveanews.com\/#\/schema\/person\/2ec14f73fb96be2caf28f91afb14749d"},"headline":"Benfica ainda quer Willian Ar\u00e3o, do Flamengo","datePublished":"2021-07-18T02:33:10+00:00","dateModified":"2024-04-07T11:44:27+00:00","mainEntityOfPage":{"@id":"https:\/\/www.gaveanews.com\/index.php\/2021\/07\/17\/benfica-ainda-quer-willian-arao-do-flamengo\/"},"wordCount":291,"commentCount":9,"image":{"@id":"https:\/\/www.gaveanews.com\/index.php\/2021\/07\/17\/benfica-ainda-quer-willian-arao-do-flamengo\/#primaryimage"},"thumbnailUrl":"https:\/\/www.gaveanews.com\/wp-content\/uploads\/Arao-em-acao-pelo-Flamengo-durante-o-jogo-contra-o-Velez-na-Copa-Libertadores-da-America-de-2021.webp","keywords":["Willian Souza Ar\u00e3o da Silva"],"articleSection":["Flamengo"],"inLanguage":"pt-BR","potentialAction":[{"@type":"CommentAction","name":"Comment","target":["https:\/\/www.gaveanews.com\/index.php\/2021\/07\/17\/benfica-ainda-quer-willian-arao-do-flamengo\/#respond"]}],"copyrightYear":"2021","copyrightHolder":{"@id":"https:\/\/www.gaveanews.com\/#organization"}},{"@type":"WebPage","@id":"https:\/\/www.gaveanews.com\/index.php\/2021\/07\/17\/benfica-ainda-quer-willian-arao-do-flamengo\/","url":"https:\/\/www.gaveanews.com\/index.php\/2021\/07\/17\/benfica-ainda-quer-willian-arao-do-flamengo\/","name":"Benfica ainda quer Willian Ar\u00e3o, do Flamengo","isPartOf":{"@id":"https:\/\/www.gaveanews.com\/#website"},"primaryImageOfPage":{"@id":"https:\/\/www.gaveanews.com\/index.php\/2021\/07\/17\/benfica-ainda-quer-willian-arao-do-flamengo\/#primaryimage"},"image":{"@id":"https:\/\/www.gaveanews.com\/index.php\/2021\/07\/17\/benfica-ainda-quer-willian-arao-do-flamengo\/#primaryimage"},"thumbnailUrl":"https:\/\/www.gaveanews.com\/wp-content\/uploads\/Arao-em-acao-pelo-Flamengo-durante-o-jogo-contra-o-Velez-na-Copa-Libertadores-da-America-de-2021.webp","datePublished":"2021-07-18T02:33:10+00:00","dateModified":"2024-04-07T11:44:27+00:00","author":{"@id":"https:\/\/www.gaveanews.com\/#\/schema\/person\/2ec14f73fb96be2caf28f91afb14749d"},"breadcrumb":{"@id":"https:\/\/www.gaveanews.com\/index.php\/2021\/07\/17\/benfica-ainda-quer-willian-arao-do-flamengo\/#breadcrumb"},"inLanguage":"pt-BR","potentialAction":[{"@type":"ReadAction","target":["https:\/\/www.gaveanews.com\/index.php\/2021\/07\/17\/benfica-ainda-quer-willian-arao-do-flamengo\/"]}]},{"@type":"ImageObject","inLanguage":"pt-BR","@id":"https:\/\/www.gaveanews.com\/index.php\/2021\/07\/17\/benfica-ainda-quer-willian-arao-do-flamengo\/#primaryimage","url":"https:\/\/www.gaveanews.com\/wp-content\/uploads\/Arao-em-acao-pelo-Flamengo-durante-o-jogo-contra-o-Velez-na-Copa-Libertadores-da-America-de-2021.webp","contentUrl":"https:\/\/www.gaveanews.com\/wp-content\/uploads\/Arao-em-acao-pelo-Flamengo-durante-o-jogo-contra-o-Velez-na-Copa-Libertadores-da-America-de-2021.webp","width":800,"height":532,"caption":"Ar\u00e3o em a\u00e7\u00e3o pelo Flamengo durante o jogo contra o Velez na Copa Libertadores da Am\u00e9rica de 2021 (Foto: Marcelo Cortes\/Flamengo)"},{"@type":"BreadcrumbList","@id":"https:\/\/www.gaveanews.com\/index.php\/2021\/07\/17\/benfica-ainda-quer-willian-arao-do-flamengo\/#breadcrumb","itemListElement":[{"@type":"ListItem","position":1,"name":"Home","item":"https:\/\/www.gaveanews.com\/"},{"@type":"ListItem","position":2,"name":"Benfica ainda quer Willian Ar\u00e3o, do Flamengo"}]},{"@type":"WebSite","@id":"https:\/\/www.gaveanews.com\/#website","url":"https:\/\/www.gaveanews.com\/","name":"G\u00e1vea News","description":"Veja todas as not\u00edcias sobre o Flamengo: Contrata\u00e7\u00f5es, categorias de base, resultados das partidas, tabela de classifica\u00e7\u00e3o, pr\u00f3ximos jogos!","potentialAction":[{"@type":"SearchAction","target":{"@type":"EntryPoint","urlTemplate":"https:\/\/www.gaveanews.com\/?s={search_term_string}"},"query-input":{"@type":"PropertyValueSpecification","valueRequired":true,"valueName":"search_term_string"}}],"inLanguage":"pt-BR"},{"@type":"Person","@id":"https:\/\/www.gaveanews.com\/#\/schema\/person\/2ec14f73fb96be2caf28f91afb14749d","name":"Equipe G\u00e1vea News","image":{"@type":"ImageObject","inLanguage":"pt-BR","@id":"https:\/\/www.gaveanews.com\/#\/schema\/person\/image\/","url":"https:\/\/secure.gravatar.com\/avatar\/1e1956f1facbffd3f8fa53a326721950116b3b9dc9bd44939c01180fd4a745a9?s=96&d=mm&r=g","contentUrl":"https:\/\/secure.gravatar.com\/avatar\/1e1956f1facbffd3f8fa53a326721950116b3b9dc9bd44939c01180fd4a745a9?s=96&d=mm&r=g","caption":"Equipe G\u00e1vea News"}}]}},"_links":{"self":[{"href":"https:\/\/www.gaveanews.com\/index.php\/wp-json\/wp\/v2\/posts\/64553","targetHints":{"allow":["GET"]}}],"collection":[{"href":"https:\/\/www.gaveanews.com\/index.php\/wp-json\/wp\/v2\/posts"}],"about":[{"href":"https:\/\/www.gaveanews.com\/index.php\/wp-json\/wp\/v2\/types\/post"}],"author":[{"embeddable":true,"href":"https:\/\/www.gaveanews.com\/index.php\/wp-json\/wp\/v2\/users\/1"}],"replies":[{"embeddable":true,"href":"https:\/\/www.gaveanews.com\/index.php\/wp-json\/wp\/v2\/comments?post=64553"}],"version-history":[{"count":1,"href":"https:\/\/www.gaveanews.com\/index.php\/wp-json\/wp\/v2\/posts\/64553\/revisions"}],"predecessor-version":[{"id":136214,"href":"https:\/\/www.gaveanews.com\/index.php\/wp-json\/wp\/v2\/posts\/64553\/revisions\/136214"}],"wp:featuredmedia":[{"embeddable":true,"href":"https:\/\/www.gaveanews.com\/index.php\/wp-json\/wp\/v2\/media\/59670"}],"wp:attachment":[{"href":"https:\/\/www.gaveanews.com\/index.php\/wp-json\/wp\/v2\/media?parent=64553"}],"wp:term":[{"taxonomy":"category","embeddable":true,"href":"https:\/\/www.gaveanews.com\/index.php\/wp-json\/wp\/v2\/categories?post=64553"},{"taxonomy":"post_tag","embeddable":true,"href":"https:\/\/www.gaveanews.com\/index.php\/wp-json\/wp\/v2\/tags?post=64553"}],"curies":[{"name":"wp","href":"https:\/\/api.w.org\/{rel}","templated":true}]}}