{"id":64588,"date":"2021-07-19T10:15:45","date_gmt":"2021-07-19T13:15:45","guid":{"rendered":"https:\/\/www.gaveanews.com\/?p=64588"},"modified":"2021-07-19T10:15:47","modified_gmt":"2021-07-19T13:15:47","slug":"inter-de-milao-busca-novo-clube-para-vidal","status":"publish","type":"post","link":"https:\/\/www.gaveanews.com\/index.php\/2021\/07\/19\/inter-de-milao-busca-novo-clube-para-vidal\/","title":{"rendered":"Inter de Mil\u00e3o busca novo clube para Vidal"},"content":{"rendered":"\n<p>Arturo Vidal refor\u00e7ou durante a Copa Am\u00e9rica no Brasil, com o Chile, o desejo que tem de um dia defender o Flamengo. E, apesar de ter ressaltado ter mais um ano de contrato com a Inter de Mil\u00e3o, ele \u00e9 visto como negoci\u00e1vel no momento.<\/p>\n\n\n\n<p>Segundo informa o site \u201cCalciomercato\u201d, o clube italiano v\u00ea com bons olhos uma transfer\u00eancia do meio-campista para diminuir sua folha salarial. Vidal recebe 7 milh\u00f5es de euros (R$ 42 milh\u00f5es na cota\u00e7\u00e3o atual) por temporada.<\/p>\n\n\n\n<p>Somente dois jogadores do elenco da Inter, inclusive, tem vencimentos superiores ao do ex-Barcelona: o atacante Romelu Lukaku e o meia Christian Eriksen.<\/p>\n\n\n\n<p>O problema \u00e9 que s\u00e3o justamente os altos vencimentos do chileno que t\u00eam afastado qualquer interessado no jogador. Neste momento, n\u00e3o h\u00e1 nenhuma proposta sobre a mesa da Internazionale.<\/p>\n\n\n\n<p>Ainda segundo o Calciomercato, Vidal recebeu apenas sondagens, uma delas do Flamengo. Outros poss\u00edveis interessados foram o Boca Juniors, Am\u00e9rica-MEX e clubes da Major League Soccer (MLS).<\/p>\n\n\n\n<p>Na Copa Am\u00e9rica, Vidal abriu as portas para atuar no Brasil: \u201cSim. Existe a possibilidade. Digo sempre que meu sonho \u00e9 jogar no Flamengo. Ainda tenho contrato com a Inter de Mil\u00e3o, mas quem sabe no pr\u00f3ximo ano n\u00e3o possa vir para c\u00e1?\u201d.<\/p>\n\n\n\n<p>Retirado de: Torcedores<\/p>\n","protected":false},"excerpt":{"rendered":"<p>Arturo Vidal refor\u00e7ou durante a Copa Am\u00e9rica no Brasil, com o Chile, o desejo que tem de um dia defender o Flamengo. E, apesar de ter ressaltado ter mais um ano de contrato com a Inter de Mil\u00e3o, ele \u00e9 visto como negoci\u00e1vel no momento. Segundo informa o site \u201cCalciomercato\u201d, o clube italiano v\u00ea com [&hellip;]<\/p>\n","protected":false},"author":1,"featured_media":57356,"comment_status":"open","ping_status":"closed","sticky":false,"template":"","format":"standard","meta":{"footnotes":""},"categories":[1],"tags":[],"class_list":["post-64588","post","type-post","status-publish","format-standard","has-post-thumbnail","hentry","category-flamengo"],"yoast_head":"<!-- This site is optimized with the Yoast SEO Premium plugin v24.2 (Yoast SEO v26.9) - https:\/\/yoast.com\/product\/yoast-seo-premium-wordpress\/ -->\n<title>Inter de Mil\u00e3o busca novo clube para Vidal<\/title>\n<meta name=\"robots\" content=\"index, follow, max-snippet:-1, max-image-preview:large, max-video-preview:-1\" \/>\n<link rel=\"canonical\" href=\"https:\/\/www.gaveanews.com\/index.php\/2021\/07\/19\/inter-de-milao-busca-novo-clube-para-vidal\/\" \/>\n<meta property=\"og:locale\" content=\"pt_BR\" \/>\n<meta property=\"og:type\" content=\"article\" \/>\n<meta property=\"og:title\" content=\"Inter de Mil\u00e3o busca novo clube para Vidal\" \/>\n<meta property=\"og:description\" content=\"Arturo Vidal refor\u00e7ou durante a Copa Am\u00e9rica no Brasil, com o Chile, o desejo que tem de um dia defender o Flamengo. E, apesar de ter ressaltado ter mais um ano de contrato com a Inter de Mil\u00e3o, ele \u00e9 visto como negoci\u00e1vel no momento. Segundo informa o site \u201cCalciomercato\u201d, o clube italiano v\u00ea com [&hellip;]\" \/>\n<meta property=\"og:url\" content=\"https:\/\/www.gaveanews.com\/index.php\/2021\/07\/19\/inter-de-milao-busca-novo-clube-para-vidal\/\" \/>\n<meta property=\"og:site_name\" content=\"G\u00e1vea News\" \/>\n<meta property=\"article:publisher\" content=\"https:\/\/facebook.com\/gaveaNews\/\" \/>\n<meta property=\"article:published_time\" content=\"2021-07-19T13:15:45+00:00\" \/>\n<meta property=\"article:modified_time\" content=\"2021-07-19T13:15:47+00:00\" \/>\n<meta property=\"og:image\" content=\"https:\/\/www.gaveanews.com\/wp-content\/uploads\/Arturo-Vidal-em-acao-pelo-Inter-de-Milao.webp\" \/>\n\t<meta property=\"og:image:width\" content=\"640\" \/>\n\t<meta property=\"og:image:height\" content=\"400\" \/>\n\t<meta property=\"og:image:type\" content=\"image\/png\" \/>\n<meta name=\"author\" content=\"Equipe G\u00e1vea News\" \/>\n<meta name=\"twitter:card\" content=\"summary_large_image\" \/>\n<meta name=\"twitter:label1\" content=\"Escrito por\" \/>\n\t<meta name=\"twitter:data1\" content=\"Equipe G\u00e1vea News\" \/>\n\t<meta name=\"twitter:label2\" content=\"Est. tempo de leitura\" \/>\n\t<meta name=\"twitter:data2\" content=\"1 minuto\" \/>\n<script type=\"application\/ld+json\" class=\"yoast-schema-graph\">{\"@context\":\"https:\/\/schema.org\",\"@graph\":[{\"@type\":\"NewsArticle\",\"@id\":\"https:\/\/www.gaveanews.com\/index.php\/2021\/07\/19\/inter-de-milao-busca-novo-clube-para-vidal\/#article\",\"isPartOf\":{\"@id\":\"https:\/\/www.gaveanews.com\/index.php\/2021\/07\/19\/inter-de-milao-busca-novo-clube-para-vidal\/\"},\"author\":{\"name\":\"Equipe G\u00e1vea News\",\"@id\":\"https:\/\/www.gaveanews.com\/#\/schema\/person\/2ec14f73fb96be2caf28f91afb14749d\"},\"headline\":\"Inter de Mil\u00e3o busca novo clube para Vidal\",\"datePublished\":\"2021-07-19T13:15:45+00:00\",\"dateModified\":\"2021-07-19T13:15:47+00:00\",\"mainEntityOfPage\":{\"@id\":\"https:\/\/www.gaveanews.com\/index.php\/2021\/07\/19\/inter-de-milao-busca-novo-clube-para-vidal\/\"},\"wordCount\":226,\"commentCount\":15,\"image\":{\"@id\":\"https:\/\/www.gaveanews.com\/index.php\/2021\/07\/19\/inter-de-milao-busca-novo-clube-para-vidal\/#primaryimage\"},\"thumbnailUrl\":\"https:\/\/www.gaveanews.com\/wp-content\/uploads\/Arturo-Vidal-em-acao-pelo-Inter-de-Milao.webp\",\"articleSection\":[\"Flamengo\"],\"inLanguage\":\"pt-BR\",\"potentialAction\":[{\"@type\":\"CommentAction\",\"name\":\"Comment\",\"target\":[\"https:\/\/www.gaveanews.com\/index.php\/2021\/07\/19\/inter-de-milao-busca-novo-clube-para-vidal\/#respond\"]}],\"copyrightYear\":\"2021\",\"copyrightHolder\":{\"@id\":\"https:\/\/www.gaveanews.com\/#organization\"}},{\"@type\":\"WebPage\",\"@id\":\"https:\/\/www.gaveanews.com\/index.php\/2021\/07\/19\/inter-de-milao-busca-novo-clube-para-vidal\/\",\"url\":\"https:\/\/www.gaveanews.com\/index.php\/2021\/07\/19\/inter-de-milao-busca-novo-clube-para-vidal\/\",\"name\":\"Inter de Mil\u00e3o busca novo clube para Vidal\",\"isPartOf\":{\"@id\":\"https:\/\/www.gaveanews.com\/#website\"},\"primaryImageOfPage\":{\"@id\":\"https:\/\/www.gaveanews.com\/index.php\/2021\/07\/19\/inter-de-milao-busca-novo-clube-para-vidal\/#primaryimage\"},\"image\":{\"@id\":\"https:\/\/www.gaveanews.com\/index.php\/2021\/07\/19\/inter-de-milao-busca-novo-clube-para-vidal\/#primaryimage\"},\"thumbnailUrl\":\"https:\/\/www.gaveanews.com\/wp-content\/uploads\/Arturo-Vidal-em-acao-pelo-Inter-de-Milao.webp\",\"datePublished\":\"2021-07-19T13:15:45+00:00\",\"dateModified\":\"2021-07-19T13:15:47+00:00\",\"author\":{\"@id\":\"https:\/\/www.gaveanews.com\/#\/schema\/person\/2ec14f73fb96be2caf28f91afb14749d\"},\"breadcrumb\":{\"@id\":\"https:\/\/www.gaveanews.com\/index.php\/2021\/07\/19\/inter-de-milao-busca-novo-clube-para-vidal\/#breadcrumb\"},\"inLanguage\":\"pt-BR\",\"potentialAction\":[{\"@type\":\"ReadAction\",\"target\":[\"https:\/\/www.gaveanews.com\/index.php\/2021\/07\/19\/inter-de-milao-busca-novo-clube-para-vidal\/\"]}]},{\"@type\":\"ImageObject\",\"inLanguage\":\"pt-BR\",\"@id\":\"https:\/\/www.gaveanews.com\/index.php\/2021\/07\/19\/inter-de-milao-busca-novo-clube-para-vidal\/#primaryimage\",\"url\":\"https:\/\/www.gaveanews.com\/wp-content\/uploads\/Arturo-Vidal-em-acao-pelo-Inter-de-Milao.webp\",\"contentUrl\":\"https:\/\/www.gaveanews.com\/wp-content\/uploads\/Arturo-Vidal-em-acao-pelo-Inter-de-Milao.webp\",\"width\":640,\"height\":400,\"caption\":\"Arturo Vidal em a\u00e7\u00e3o pelo Inter de Mil\u00e3o (Foto: Divulga\u00e7\u00e3o\/Internazionale)\"},{\"@type\":\"BreadcrumbList\",\"@id\":\"https:\/\/www.gaveanews.com\/index.php\/2021\/07\/19\/inter-de-milao-busca-novo-clube-para-vidal\/#breadcrumb\",\"itemListElement\":[{\"@type\":\"ListItem\",\"position\":1,\"name\":\"Home\",\"item\":\"https:\/\/www.gaveanews.com\/\"},{\"@type\":\"ListItem\",\"position\":2,\"name\":\"Inter de Mil\u00e3o busca novo clube para Vidal\"}]},{\"@type\":\"WebSite\",\"@id\":\"https:\/\/www.gaveanews.com\/#website\",\"url\":\"https:\/\/www.gaveanews.com\/\",\"name\":\"G\u00e1vea News\",\"description\":\"Veja todas as not\u00edcias sobre o Flamengo: Contrata\u00e7\u00f5es, categorias de base, resultados das partidas, tabela de classifica\u00e7\u00e3o, pr\u00f3ximos jogos!\",\"potentialAction\":[{\"@type\":\"SearchAction\",\"target\":{\"@type\":\"EntryPoint\",\"urlTemplate\":\"https:\/\/www.gaveanews.com\/?s={search_term_string}\"},\"query-input\":{\"@type\":\"PropertyValueSpecification\",\"valueRequired\":true,\"valueName\":\"search_term_string\"}}],\"inLanguage\":\"pt-BR\"},{\"@type\":\"Person\",\"@id\":\"https:\/\/www.gaveanews.com\/#\/schema\/person\/2ec14f73fb96be2caf28f91afb14749d\",\"name\":\"Equipe G\u00e1vea News\",\"image\":{\"@type\":\"ImageObject\",\"inLanguage\":\"pt-BR\",\"@id\":\"https:\/\/www.gaveanews.com\/#\/schema\/person\/image\/\",\"url\":\"https:\/\/secure.gravatar.com\/avatar\/1e1956f1facbffd3f8fa53a326721950116b3b9dc9bd44939c01180fd4a745a9?s=96&d=mm&r=g\",\"contentUrl\":\"https:\/\/secure.gravatar.com\/avatar\/1e1956f1facbffd3f8fa53a326721950116b3b9dc9bd44939c01180fd4a745a9?s=96&d=mm&r=g\",\"caption\":\"Equipe G\u00e1vea News\"}}]}<\/script>\n<!-- \/ Yoast SEO Premium plugin. -->","yoast_head_json":{"title":"Inter de Mil\u00e3o busca novo clube para Vidal","robots":{"index":"index","follow":"follow","max-snippet":"max-snippet:-1","max-image-preview":"max-image-preview:large","max-video-preview":"max-video-preview:-1"},"canonical":"https:\/\/www.gaveanews.com\/index.php\/2021\/07\/19\/inter-de-milao-busca-novo-clube-para-vidal\/","og_locale":"pt_BR","og_type":"article","og_title":"Inter de Mil\u00e3o busca novo clube para Vidal","og_description":"Arturo Vidal refor\u00e7ou durante a Copa Am\u00e9rica no Brasil, com o Chile, o desejo que tem de um dia defender o Flamengo. E, apesar de ter ressaltado ter mais um ano de contrato com a Inter de Mil\u00e3o, ele \u00e9 visto como negoci\u00e1vel no momento. Segundo informa o site \u201cCalciomercato\u201d, o clube italiano v\u00ea com [&hellip;]","og_url":"https:\/\/www.gaveanews.com\/index.php\/2021\/07\/19\/inter-de-milao-busca-novo-clube-para-vidal\/","og_site_name":"G\u00e1vea News","article_publisher":"https:\/\/facebook.com\/gaveaNews\/","article_published_time":"2021-07-19T13:15:45+00:00","article_modified_time":"2021-07-19T13:15:47+00:00","og_image":[{"width":640,"height":400,"url":"https:\/\/www.gaveanews.com\/wp-content\/uploads\/Arturo-Vidal-em-acao-pelo-Inter-de-Milao.webp","type":"image\/png"}],"author":"Equipe G\u00e1vea News","twitter_card":"summary_large_image","twitter_misc":{"Escrito por":"Equipe G\u00e1vea News","Est. tempo de leitura":"1 minuto"},"schema":{"@context":"https:\/\/schema.org","@graph":[{"@type":"NewsArticle","@id":"https:\/\/www.gaveanews.com\/index.php\/2021\/07\/19\/inter-de-milao-busca-novo-clube-para-vidal\/#article","isPartOf":{"@id":"https:\/\/www.gaveanews.com\/index.php\/2021\/07\/19\/inter-de-milao-busca-novo-clube-para-vidal\/"},"author":{"name":"Equipe G\u00e1vea News","@id":"https:\/\/www.gaveanews.com\/#\/schema\/person\/2ec14f73fb96be2caf28f91afb14749d"},"headline":"Inter de Mil\u00e3o busca novo clube para Vidal","datePublished":"2021-07-19T13:15:45+00:00","dateModified":"2021-07-19T13:15:47+00:00","mainEntityOfPage":{"@id":"https:\/\/www.gaveanews.com\/index.php\/2021\/07\/19\/inter-de-milao-busca-novo-clube-para-vidal\/"},"wordCount":226,"commentCount":15,"image":{"@id":"https:\/\/www.gaveanews.com\/index.php\/2021\/07\/19\/inter-de-milao-busca-novo-clube-para-vidal\/#primaryimage"},"thumbnailUrl":"https:\/\/www.gaveanews.com\/wp-content\/uploads\/Arturo-Vidal-em-acao-pelo-Inter-de-Milao.webp","articleSection":["Flamengo"],"inLanguage":"pt-BR","potentialAction":[{"@type":"CommentAction","name":"Comment","target":["https:\/\/www.gaveanews.com\/index.php\/2021\/07\/19\/inter-de-milao-busca-novo-clube-para-vidal\/#respond"]}],"copyrightYear":"2021","copyrightHolder":{"@id":"https:\/\/www.gaveanews.com\/#organization"}},{"@type":"WebPage","@id":"https:\/\/www.gaveanews.com\/index.php\/2021\/07\/19\/inter-de-milao-busca-novo-clube-para-vidal\/","url":"https:\/\/www.gaveanews.com\/index.php\/2021\/07\/19\/inter-de-milao-busca-novo-clube-para-vidal\/","name":"Inter de Mil\u00e3o busca novo clube para Vidal","isPartOf":{"@id":"https:\/\/www.gaveanews.com\/#website"},"primaryImageOfPage":{"@id":"https:\/\/www.gaveanews.com\/index.php\/2021\/07\/19\/inter-de-milao-busca-novo-clube-para-vidal\/#primaryimage"},"image":{"@id":"https:\/\/www.gaveanews.com\/index.php\/2021\/07\/19\/inter-de-milao-busca-novo-clube-para-vidal\/#primaryimage"},"thumbnailUrl":"https:\/\/www.gaveanews.com\/wp-content\/uploads\/Arturo-Vidal-em-acao-pelo-Inter-de-Milao.webp","datePublished":"2021-07-19T13:15:45+00:00","dateModified":"2021-07-19T13:15:47+00:00","author":{"@id":"https:\/\/www.gaveanews.com\/#\/schema\/person\/2ec14f73fb96be2caf28f91afb14749d"},"breadcrumb":{"@id":"https:\/\/www.gaveanews.com\/index.php\/2021\/07\/19\/inter-de-milao-busca-novo-clube-para-vidal\/#breadcrumb"},"inLanguage":"pt-BR","potentialAction":[{"@type":"ReadAction","target":["https:\/\/www.gaveanews.com\/index.php\/2021\/07\/19\/inter-de-milao-busca-novo-clube-para-vidal\/"]}]},{"@type":"ImageObject","inLanguage":"pt-BR","@id":"https:\/\/www.gaveanews.com\/index.php\/2021\/07\/19\/inter-de-milao-busca-novo-clube-para-vidal\/#primaryimage","url":"https:\/\/www.gaveanews.com\/wp-content\/uploads\/Arturo-Vidal-em-acao-pelo-Inter-de-Milao.webp","contentUrl":"https:\/\/www.gaveanews.com\/wp-content\/uploads\/Arturo-Vidal-em-acao-pelo-Inter-de-Milao.webp","width":640,"height":400,"caption":"Arturo Vidal em a\u00e7\u00e3o pelo Inter de Mil\u00e3o (Foto: Divulga\u00e7\u00e3o\/Internazionale)"},{"@type":"BreadcrumbList","@id":"https:\/\/www.gaveanews.com\/index.php\/2021\/07\/19\/inter-de-milao-busca-novo-clube-para-vidal\/#breadcrumb","itemListElement":[{"@type":"ListItem","position":1,"name":"Home","item":"https:\/\/www.gaveanews.com\/"},{"@type":"ListItem","position":2,"name":"Inter de Mil\u00e3o busca novo clube para Vidal"}]},{"@type":"WebSite","@id":"https:\/\/www.gaveanews.com\/#website","url":"https:\/\/www.gaveanews.com\/","name":"G\u00e1vea News","description":"Veja todas as not\u00edcias sobre o Flamengo: Contrata\u00e7\u00f5es, categorias de base, resultados das partidas, tabela de classifica\u00e7\u00e3o, pr\u00f3ximos jogos!","potentialAction":[{"@type":"SearchAction","target":{"@type":"EntryPoint","urlTemplate":"https:\/\/www.gaveanews.com\/?s={search_term_string}"},"query-input":{"@type":"PropertyValueSpecification","valueRequired":true,"valueName":"search_term_string"}}],"inLanguage":"pt-BR"},{"@type":"Person","@id":"https:\/\/www.gaveanews.com\/#\/schema\/person\/2ec14f73fb96be2caf28f91afb14749d","name":"Equipe G\u00e1vea News","image":{"@type":"ImageObject","inLanguage":"pt-BR","@id":"https:\/\/www.gaveanews.com\/#\/schema\/person\/image\/","url":"https:\/\/secure.gravatar.com\/avatar\/1e1956f1facbffd3f8fa53a326721950116b3b9dc9bd44939c01180fd4a745a9?s=96&d=mm&r=g","contentUrl":"https:\/\/secure.gravatar.com\/avatar\/1e1956f1facbffd3f8fa53a326721950116b3b9dc9bd44939c01180fd4a745a9?s=96&d=mm&r=g","caption":"Equipe G\u00e1vea News"}}]}},"_links":{"self":[{"href":"https:\/\/www.gaveanews.com\/index.php\/wp-json\/wp\/v2\/posts\/64588","targetHints":{"allow":["GET"]}}],"collection":[{"href":"https:\/\/www.gaveanews.com\/index.php\/wp-json\/wp\/v2\/posts"}],"about":[{"href":"https:\/\/www.gaveanews.com\/index.php\/wp-json\/wp\/v2\/types\/post"}],"author":[{"embeddable":true,"href":"https:\/\/www.gaveanews.com\/index.php\/wp-json\/wp\/v2\/users\/1"}],"replies":[{"embeddable":true,"href":"https:\/\/www.gaveanews.com\/index.php\/wp-json\/wp\/v2\/comments?post=64588"}],"version-history":[{"count":0,"href":"https:\/\/www.gaveanews.com\/index.php\/wp-json\/wp\/v2\/posts\/64588\/revisions"}],"wp:featuredmedia":[{"embeddable":true,"href":"https:\/\/www.gaveanews.com\/index.php\/wp-json\/wp\/v2\/media\/57356"}],"wp:attachment":[{"href":"https:\/\/www.gaveanews.com\/index.php\/wp-json\/wp\/v2\/media?parent=64588"}],"wp:term":[{"taxonomy":"category","embeddable":true,"href":"https:\/\/www.gaveanews.com\/index.php\/wp-json\/wp\/v2\/categories?post=64588"},{"taxonomy":"post_tag","embeddable":true,"href":"https:\/\/www.gaveanews.com\/index.php\/wp-json\/wp\/v2\/tags?post=64588"}],"curies":[{"name":"wp","href":"https:\/\/api.w.org\/{rel}","templated":true}]}}