{"id":64594,"date":"2021-07-19T13:55:00","date_gmt":"2021-07-19T16:55:00","guid":{"rendered":"https:\/\/www.gaveanews.com\/?p=64594"},"modified":"2021-07-19T14:15:36","modified_gmt":"2021-07-19T17:15:36","slug":"flamengo-lanca-camisa-em-homenagem-aos-a-copa-feminina-veja-fotos","status":"publish","type":"post","link":"https:\/\/www.gaveanews.com\/index.php\/2021\/07\/19\/flamengo-lanca-camisa-em-homenagem-aos-a-copa-feminina-veja-fotos\/","title":{"rendered":"Flamengo lan\u00e7a camisa em homenagem a Copa Feminina; veja fotos"},"content":{"rendered":"\n<p>Nesta segunda-feira, o Flamengo lan\u00e7ou uma camisa em homenagem aos 30 anos da primeira Copa Feminina de Futebol, que ocorreu na China, em 1991 (vencida pelos Estados Unidos). O Manto feito pela adidas traz um distintivo especial que leva o n\u00famero 30 e uma mulher em campo com a bola no p\u00e9.<\/p>\n\n\n\n<p>Os uniformes j\u00e1 est\u00e3o dispon\u00edveis no site oficial da adidas, nas lojas f\u00edsicas da fornecedora, nas lojas oficiais f\u00edsicas do Flamengo e no e-commerce do clube, por R$299,99.<\/p>\n\n\n\n<figure class=\"wp-block-image size-large\"><img decoding=\"async\" src=\"https:\/\/pbs.twimg.com\/media\/E6qSj24XsAAgTaT?format=jpg\" alt=\"\"\/><\/figure>\n\n\n\n<figure class=\"wp-block-image size-large\"><img decoding=\"async\" src=\"https:\/\/pbs.twimg.com\/media\/E6qShl_XMAQyH2j?format=jpg\" alt=\"\"\/><\/figure>\n\n\n\n<figure class=\"wp-block-image size-large\"><img decoding=\"async\" src=\"https:\/\/pbs.twimg.com\/media\/E6qSfNnXsAIyyAf?format=jpg\" alt=\"\"\/><\/figure>\n\n\n\n<figure class=\"wp-block-image size-large\"><img decoding=\"async\" src=\"https:\/\/pbs.twimg.com\/media\/E6qSdaWXsAcGk6N?format=jpg\" alt=\"\"\/><\/figure>\n\n\n\n<h2 class=\"wp-block-heading\" id=\"h-resist-ncia\">Resist\u00eancia<\/h2>\n\n\n\n<p>No Brasil, a modalidade ganhou o cora\u00e7\u00e3o e os p\u00e9s de mulheres que jogavam em \u00e1reas perif\u00e9ricas e escondidas dos grandes centros urbanos, mas logo em 1941 foi proibida por decreto federal. A cacontecia por meio de treinos e partidas clandestinas at\u00e9 a libera\u00e7\u00e3o total da modalidade quase 40 anos depois, em 1979.<\/p>\n\n\n\n<p>Um primeiro torneio experimental reuniu sele\u00e7\u00f5es de 12 pa\u00edses em 1988, com o time brasileiro entrando em campo com as roupas que sobravam dos times masculinos. At\u00e9 que, em 1991, a primeira copa finalmente aconteceu. De l\u00e1 para c\u00e1, o futebol feminino derrubou tabus e preconceitos, formou refer\u00eancias como Roseli, Elane Peixinho, Marcia, Formiga, Cristiane, dentre outras, e ganhou mais estrutura. At\u00e9 hoje a modalidade esbarra em percal\u00e7os comuns a todas as mulheres \u2013 tanto em suas vidas pessoais, como profissionais.<\/p>\n\n\n\n<p>Com lan\u00e7amento marcado para esta segunda (19), a cole\u00e7\u00e3o vai proporcionar uma experi\u00eancia \u00fanica para quem \u00e9 parte do Creators Club: as tr\u00eas primeiras compradoras de cada um dos Mantos garantem um papo exclusivo com estrelas do futebol feminino.<\/p>\n\n\n\n<p>Retirado de: Lance<\/p>\n","protected":false},"excerpt":{"rendered":"<p>Nesta segunda-feira, o Flamengo lan\u00e7ou uma camisa em homenagem aos 30 anos da primeira Copa Feminina de Futebol, que ocorreu na China, em 1991 (vencida pelos Estados Unidos). O Manto feito pela adidas traz um distintivo especial que leva o n\u00famero 30 e uma mulher em campo com a bola no p\u00e9. Os uniformes j\u00e1 [&hellip;]<\/p>\n","protected":false},"author":1,"featured_media":16214,"comment_status":"open","ping_status":"closed","sticky":false,"template":"","format":"standard","meta":{"footnotes":""},"categories":[1],"tags":[],"class_list":["post-64594","post","type-post","status-publish","format-standard","has-post-thumbnail","hentry","category-flamengo"],"yoast_head":"<!-- This site is optimized with the Yoast SEO Premium plugin v24.2 (Yoast SEO v26.9) - https:\/\/yoast.com\/product\/yoast-seo-premium-wordpress\/ -->\n<title>Flamengo lan\u00e7a camisa em homenagem a Copa Feminina; veja fotos<\/title>\n<meta name=\"robots\" content=\"index, follow, max-snippet:-1, max-image-preview:large, max-video-preview:-1\" \/>\n<link rel=\"canonical\" href=\"https:\/\/www.gaveanews.com\/index.php\/2021\/07\/19\/flamengo-lanca-camisa-em-homenagem-aos-a-copa-feminina-veja-fotos\/\" \/>\n<meta property=\"og:locale\" content=\"pt_BR\" \/>\n<meta property=\"og:type\" content=\"article\" \/>\n<meta property=\"og:title\" content=\"Flamengo lan\u00e7a camisa em homenagem a Copa Feminina; veja fotos\" \/>\n<meta property=\"og:description\" content=\"Nesta segunda-feira, o Flamengo lan\u00e7ou uma camisa em homenagem aos 30 anos da primeira Copa Feminina de Futebol, que ocorreu na China, em 1991 (vencida pelos Estados Unidos). O Manto feito pela adidas traz um distintivo especial que leva o n\u00famero 30 e uma mulher em campo com a bola no p\u00e9. Os uniformes j\u00e1 [&hellip;]\" \/>\n<meta property=\"og:url\" content=\"https:\/\/www.gaveanews.com\/index.php\/2021\/07\/19\/flamengo-lanca-camisa-em-homenagem-aos-a-copa-feminina-veja-fotos\/\" \/>\n<meta property=\"og:site_name\" content=\"G\u00e1vea News\" \/>\n<meta property=\"article:publisher\" content=\"https:\/\/facebook.com\/gaveaNews\/\" \/>\n<meta property=\"article:published_time\" content=\"2021-07-19T16:55:00+00:00\" \/>\n<meta property=\"article:modified_time\" content=\"2021-07-19T17:15:36+00:00\" \/>\n<meta property=\"og:image\" content=\"https:\/\/www.gaveanews.com\/wp-content\/uploads\/2019\/03\/Logomarca-da-Adidas.webp\" \/>\n\t<meta property=\"og:image:width\" content=\"1200\" \/>\n\t<meta property=\"og:image:height\" content=\"600\" \/>\n\t<meta property=\"og:image:type\" content=\"image\/png\" \/>\n<meta name=\"author\" content=\"Equipe G\u00e1vea News\" \/>\n<meta name=\"twitter:card\" content=\"summary_large_image\" \/>\n<meta name=\"twitter:label1\" content=\"Escrito por\" \/>\n\t<meta name=\"twitter:data1\" content=\"Equipe G\u00e1vea News\" \/>\n\t<meta name=\"twitter:label2\" content=\"Est. tempo de leitura\" \/>\n\t<meta name=\"twitter:data2\" content=\"2 minutos\" \/>\n<script type=\"application\/ld+json\" class=\"yoast-schema-graph\">{\"@context\":\"https:\/\/schema.org\",\"@graph\":[{\"@type\":\"NewsArticle\",\"@id\":\"https:\/\/www.gaveanews.com\/index.php\/2021\/07\/19\/flamengo-lanca-camisa-em-homenagem-aos-a-copa-feminina-veja-fotos\/#article\",\"isPartOf\":{\"@id\":\"https:\/\/www.gaveanews.com\/index.php\/2021\/07\/19\/flamengo-lanca-camisa-em-homenagem-aos-a-copa-feminina-veja-fotos\/\"},\"author\":{\"name\":\"Equipe G\u00e1vea News\",\"@id\":\"https:\/\/www.gaveanews.com\/#\/schema\/person\/2ec14f73fb96be2caf28f91afb14749d\"},\"headline\":\"Flamengo lan\u00e7a camisa em homenagem a Copa Feminina; veja fotos\",\"datePublished\":\"2021-07-19T16:55:00+00:00\",\"dateModified\":\"2021-07-19T17:15:36+00:00\",\"mainEntityOfPage\":{\"@id\":\"https:\/\/www.gaveanews.com\/index.php\/2021\/07\/19\/flamengo-lanca-camisa-em-homenagem-aos-a-copa-feminina-veja-fotos\/\"},\"wordCount\":275,\"commentCount\":7,\"image\":{\"@id\":\"https:\/\/www.gaveanews.com\/index.php\/2021\/07\/19\/flamengo-lanca-camisa-em-homenagem-aos-a-copa-feminina-veja-fotos\/#primaryimage\"},\"thumbnailUrl\":\"https:\/\/www.gaveanews.com\/wp-content\/uploads\/2019\/03\/Logomarca-da-Adidas.webp\",\"articleSection\":[\"Flamengo\"],\"inLanguage\":\"pt-BR\",\"potentialAction\":[{\"@type\":\"CommentAction\",\"name\":\"Comment\",\"target\":[\"https:\/\/www.gaveanews.com\/index.php\/2021\/07\/19\/flamengo-lanca-camisa-em-homenagem-aos-a-copa-feminina-veja-fotos\/#respond\"]}],\"copyrightYear\":\"2021\",\"copyrightHolder\":{\"@id\":\"https:\/\/www.gaveanews.com\/#organization\"}},{\"@type\":\"WebPage\",\"@id\":\"https:\/\/www.gaveanews.com\/index.php\/2021\/07\/19\/flamengo-lanca-camisa-em-homenagem-aos-a-copa-feminina-veja-fotos\/\",\"url\":\"https:\/\/www.gaveanews.com\/index.php\/2021\/07\/19\/flamengo-lanca-camisa-em-homenagem-aos-a-copa-feminina-veja-fotos\/\",\"name\":\"Flamengo lan\u00e7a camisa em homenagem a Copa Feminina; veja fotos\",\"isPartOf\":{\"@id\":\"https:\/\/www.gaveanews.com\/#website\"},\"primaryImageOfPage\":{\"@id\":\"https:\/\/www.gaveanews.com\/index.php\/2021\/07\/19\/flamengo-lanca-camisa-em-homenagem-aos-a-copa-feminina-veja-fotos\/#primaryimage\"},\"image\":{\"@id\":\"https:\/\/www.gaveanews.com\/index.php\/2021\/07\/19\/flamengo-lanca-camisa-em-homenagem-aos-a-copa-feminina-veja-fotos\/#primaryimage\"},\"thumbnailUrl\":\"https:\/\/www.gaveanews.com\/wp-content\/uploads\/2019\/03\/Logomarca-da-Adidas.webp\",\"datePublished\":\"2021-07-19T16:55:00+00:00\",\"dateModified\":\"2021-07-19T17:15:36+00:00\",\"author\":{\"@id\":\"https:\/\/www.gaveanews.com\/#\/schema\/person\/2ec14f73fb96be2caf28f91afb14749d\"},\"breadcrumb\":{\"@id\":\"https:\/\/www.gaveanews.com\/index.php\/2021\/07\/19\/flamengo-lanca-camisa-em-homenagem-aos-a-copa-feminina-veja-fotos\/#breadcrumb\"},\"inLanguage\":\"pt-BR\",\"potentialAction\":[{\"@type\":\"ReadAction\",\"target\":[\"https:\/\/www.gaveanews.com\/index.php\/2021\/07\/19\/flamengo-lanca-camisa-em-homenagem-aos-a-copa-feminina-veja-fotos\/\"]}]},{\"@type\":\"ImageObject\",\"inLanguage\":\"pt-BR\",\"@id\":\"https:\/\/www.gaveanews.com\/index.php\/2021\/07\/19\/flamengo-lanca-camisa-em-homenagem-aos-a-copa-feminina-veja-fotos\/#primaryimage\",\"url\":\"https:\/\/www.gaveanews.com\/wp-content\/uploads\/2019\/03\/Logomarca-da-Adidas.webp\",\"contentUrl\":\"https:\/\/www.gaveanews.com\/wp-content\/uploads\/2019\/03\/Logomarca-da-Adidas.webp\",\"width\":1200,\"height\":600,\"caption\":\"Logomarca da Adidas (Foto: Reprodu\u00e7\u00e3o)\"},{\"@type\":\"BreadcrumbList\",\"@id\":\"https:\/\/www.gaveanews.com\/index.php\/2021\/07\/19\/flamengo-lanca-camisa-em-homenagem-aos-a-copa-feminina-veja-fotos\/#breadcrumb\",\"itemListElement\":[{\"@type\":\"ListItem\",\"position\":1,\"name\":\"Home\",\"item\":\"https:\/\/www.gaveanews.com\/\"},{\"@type\":\"ListItem\",\"position\":2,\"name\":\"Flamengo lan\u00e7a camisa em homenagem a Copa Feminina; veja fotos\"}]},{\"@type\":\"WebSite\",\"@id\":\"https:\/\/www.gaveanews.com\/#website\",\"url\":\"https:\/\/www.gaveanews.com\/\",\"name\":\"G\u00e1vea News\",\"description\":\"Veja todas as not\u00edcias sobre o Flamengo: Contrata\u00e7\u00f5es, categorias de base, resultados das partidas, tabela de classifica\u00e7\u00e3o, pr\u00f3ximos jogos!\",\"potentialAction\":[{\"@type\":\"SearchAction\",\"target\":{\"@type\":\"EntryPoint\",\"urlTemplate\":\"https:\/\/www.gaveanews.com\/?s={search_term_string}\"},\"query-input\":{\"@type\":\"PropertyValueSpecification\",\"valueRequired\":true,\"valueName\":\"search_term_string\"}}],\"inLanguage\":\"pt-BR\"},{\"@type\":\"Person\",\"@id\":\"https:\/\/www.gaveanews.com\/#\/schema\/person\/2ec14f73fb96be2caf28f91afb14749d\",\"name\":\"Equipe G\u00e1vea News\",\"image\":{\"@type\":\"ImageObject\",\"inLanguage\":\"pt-BR\",\"@id\":\"https:\/\/www.gaveanews.com\/#\/schema\/person\/image\/\",\"url\":\"https:\/\/secure.gravatar.com\/avatar\/1e1956f1facbffd3f8fa53a326721950116b3b9dc9bd44939c01180fd4a745a9?s=96&d=mm&r=g\",\"contentUrl\":\"https:\/\/secure.gravatar.com\/avatar\/1e1956f1facbffd3f8fa53a326721950116b3b9dc9bd44939c01180fd4a745a9?s=96&d=mm&r=g\",\"caption\":\"Equipe G\u00e1vea News\"}}]}<\/script>\n<!-- \/ Yoast SEO Premium plugin. -->","yoast_head_json":{"title":"Flamengo lan\u00e7a camisa em homenagem a Copa Feminina; veja fotos","robots":{"index":"index","follow":"follow","max-snippet":"max-snippet:-1","max-image-preview":"max-image-preview:large","max-video-preview":"max-video-preview:-1"},"canonical":"https:\/\/www.gaveanews.com\/index.php\/2021\/07\/19\/flamengo-lanca-camisa-em-homenagem-aos-a-copa-feminina-veja-fotos\/","og_locale":"pt_BR","og_type":"article","og_title":"Flamengo lan\u00e7a camisa em homenagem a Copa Feminina; veja fotos","og_description":"Nesta segunda-feira, o Flamengo lan\u00e7ou uma camisa em homenagem aos 30 anos da primeira Copa Feminina de Futebol, que ocorreu na China, em 1991 (vencida pelos Estados Unidos). O Manto feito pela adidas traz um distintivo especial que leva o n\u00famero 30 e uma mulher em campo com a bola no p\u00e9. Os uniformes j\u00e1 [&hellip;]","og_url":"https:\/\/www.gaveanews.com\/index.php\/2021\/07\/19\/flamengo-lanca-camisa-em-homenagem-aos-a-copa-feminina-veja-fotos\/","og_site_name":"G\u00e1vea News","article_publisher":"https:\/\/facebook.com\/gaveaNews\/","article_published_time":"2021-07-19T16:55:00+00:00","article_modified_time":"2021-07-19T17:15:36+00:00","og_image":[{"width":1200,"height":600,"url":"https:\/\/www.gaveanews.com\/wp-content\/uploads\/2019\/03\/Logomarca-da-Adidas.webp","type":"image\/png"}],"author":"Equipe G\u00e1vea News","twitter_card":"summary_large_image","twitter_misc":{"Escrito por":"Equipe G\u00e1vea News","Est. tempo de leitura":"2 minutos"},"schema":{"@context":"https:\/\/schema.org","@graph":[{"@type":"NewsArticle","@id":"https:\/\/www.gaveanews.com\/index.php\/2021\/07\/19\/flamengo-lanca-camisa-em-homenagem-aos-a-copa-feminina-veja-fotos\/#article","isPartOf":{"@id":"https:\/\/www.gaveanews.com\/index.php\/2021\/07\/19\/flamengo-lanca-camisa-em-homenagem-aos-a-copa-feminina-veja-fotos\/"},"author":{"name":"Equipe G\u00e1vea News","@id":"https:\/\/www.gaveanews.com\/#\/schema\/person\/2ec14f73fb96be2caf28f91afb14749d"},"headline":"Flamengo lan\u00e7a camisa em homenagem a Copa Feminina; veja fotos","datePublished":"2021-07-19T16:55:00+00:00","dateModified":"2021-07-19T17:15:36+00:00","mainEntityOfPage":{"@id":"https:\/\/www.gaveanews.com\/index.php\/2021\/07\/19\/flamengo-lanca-camisa-em-homenagem-aos-a-copa-feminina-veja-fotos\/"},"wordCount":275,"commentCount":7,"image":{"@id":"https:\/\/www.gaveanews.com\/index.php\/2021\/07\/19\/flamengo-lanca-camisa-em-homenagem-aos-a-copa-feminina-veja-fotos\/#primaryimage"},"thumbnailUrl":"https:\/\/www.gaveanews.com\/wp-content\/uploads\/2019\/03\/Logomarca-da-Adidas.webp","articleSection":["Flamengo"],"inLanguage":"pt-BR","potentialAction":[{"@type":"CommentAction","name":"Comment","target":["https:\/\/www.gaveanews.com\/index.php\/2021\/07\/19\/flamengo-lanca-camisa-em-homenagem-aos-a-copa-feminina-veja-fotos\/#respond"]}],"copyrightYear":"2021","copyrightHolder":{"@id":"https:\/\/www.gaveanews.com\/#organization"}},{"@type":"WebPage","@id":"https:\/\/www.gaveanews.com\/index.php\/2021\/07\/19\/flamengo-lanca-camisa-em-homenagem-aos-a-copa-feminina-veja-fotos\/","url":"https:\/\/www.gaveanews.com\/index.php\/2021\/07\/19\/flamengo-lanca-camisa-em-homenagem-aos-a-copa-feminina-veja-fotos\/","name":"Flamengo lan\u00e7a camisa em homenagem a Copa Feminina; veja fotos","isPartOf":{"@id":"https:\/\/www.gaveanews.com\/#website"},"primaryImageOfPage":{"@id":"https:\/\/www.gaveanews.com\/index.php\/2021\/07\/19\/flamengo-lanca-camisa-em-homenagem-aos-a-copa-feminina-veja-fotos\/#primaryimage"},"image":{"@id":"https:\/\/www.gaveanews.com\/index.php\/2021\/07\/19\/flamengo-lanca-camisa-em-homenagem-aos-a-copa-feminina-veja-fotos\/#primaryimage"},"thumbnailUrl":"https:\/\/www.gaveanews.com\/wp-content\/uploads\/2019\/03\/Logomarca-da-Adidas.webp","datePublished":"2021-07-19T16:55:00+00:00","dateModified":"2021-07-19T17:15:36+00:00","author":{"@id":"https:\/\/www.gaveanews.com\/#\/schema\/person\/2ec14f73fb96be2caf28f91afb14749d"},"breadcrumb":{"@id":"https:\/\/www.gaveanews.com\/index.php\/2021\/07\/19\/flamengo-lanca-camisa-em-homenagem-aos-a-copa-feminina-veja-fotos\/#breadcrumb"},"inLanguage":"pt-BR","potentialAction":[{"@type":"ReadAction","target":["https:\/\/www.gaveanews.com\/index.php\/2021\/07\/19\/flamengo-lanca-camisa-em-homenagem-aos-a-copa-feminina-veja-fotos\/"]}]},{"@type":"ImageObject","inLanguage":"pt-BR","@id":"https:\/\/www.gaveanews.com\/index.php\/2021\/07\/19\/flamengo-lanca-camisa-em-homenagem-aos-a-copa-feminina-veja-fotos\/#primaryimage","url":"https:\/\/www.gaveanews.com\/wp-content\/uploads\/2019\/03\/Logomarca-da-Adidas.webp","contentUrl":"https:\/\/www.gaveanews.com\/wp-content\/uploads\/2019\/03\/Logomarca-da-Adidas.webp","width":1200,"height":600,"caption":"Logomarca da Adidas (Foto: Reprodu\u00e7\u00e3o)"},{"@type":"BreadcrumbList","@id":"https:\/\/www.gaveanews.com\/index.php\/2021\/07\/19\/flamengo-lanca-camisa-em-homenagem-aos-a-copa-feminina-veja-fotos\/#breadcrumb","itemListElement":[{"@type":"ListItem","position":1,"name":"Home","item":"https:\/\/www.gaveanews.com\/"},{"@type":"ListItem","position":2,"name":"Flamengo lan\u00e7a camisa em homenagem a Copa Feminina; veja fotos"}]},{"@type":"WebSite","@id":"https:\/\/www.gaveanews.com\/#website","url":"https:\/\/www.gaveanews.com\/","name":"G\u00e1vea News","description":"Veja todas as not\u00edcias sobre o Flamengo: Contrata\u00e7\u00f5es, categorias de base, resultados das partidas, tabela de classifica\u00e7\u00e3o, pr\u00f3ximos jogos!","potentialAction":[{"@type":"SearchAction","target":{"@type":"EntryPoint","urlTemplate":"https:\/\/www.gaveanews.com\/?s={search_term_string}"},"query-input":{"@type":"PropertyValueSpecification","valueRequired":true,"valueName":"search_term_string"}}],"inLanguage":"pt-BR"},{"@type":"Person","@id":"https:\/\/www.gaveanews.com\/#\/schema\/person\/2ec14f73fb96be2caf28f91afb14749d","name":"Equipe G\u00e1vea News","image":{"@type":"ImageObject","inLanguage":"pt-BR","@id":"https:\/\/www.gaveanews.com\/#\/schema\/person\/image\/","url":"https:\/\/secure.gravatar.com\/avatar\/1e1956f1facbffd3f8fa53a326721950116b3b9dc9bd44939c01180fd4a745a9?s=96&d=mm&r=g","contentUrl":"https:\/\/secure.gravatar.com\/avatar\/1e1956f1facbffd3f8fa53a326721950116b3b9dc9bd44939c01180fd4a745a9?s=96&d=mm&r=g","caption":"Equipe G\u00e1vea News"}}]}},"_links":{"self":[{"href":"https:\/\/www.gaveanews.com\/index.php\/wp-json\/wp\/v2\/posts\/64594","targetHints":{"allow":["GET"]}}],"collection":[{"href":"https:\/\/www.gaveanews.com\/index.php\/wp-json\/wp\/v2\/posts"}],"about":[{"href":"https:\/\/www.gaveanews.com\/index.php\/wp-json\/wp\/v2\/types\/post"}],"author":[{"embeddable":true,"href":"https:\/\/www.gaveanews.com\/index.php\/wp-json\/wp\/v2\/users\/1"}],"replies":[{"embeddable":true,"href":"https:\/\/www.gaveanews.com\/index.php\/wp-json\/wp\/v2\/comments?post=64594"}],"version-history":[{"count":0,"href":"https:\/\/www.gaveanews.com\/index.php\/wp-json\/wp\/v2\/posts\/64594\/revisions"}],"wp:featuredmedia":[{"embeddable":true,"href":"https:\/\/www.gaveanews.com\/index.php\/wp-json\/wp\/v2\/media\/16214"}],"wp:attachment":[{"href":"https:\/\/www.gaveanews.com\/index.php\/wp-json\/wp\/v2\/media?parent=64594"}],"wp:term":[{"taxonomy":"category","embeddable":true,"href":"https:\/\/www.gaveanews.com\/index.php\/wp-json\/wp\/v2\/categories?post=64594"},{"taxonomy":"post_tag","embeddable":true,"href":"https:\/\/www.gaveanews.com\/index.php\/wp-json\/wp\/v2\/tags?post=64594"}],"curies":[{"name":"wp","href":"https:\/\/api.w.org\/{rel}","templated":true}]}}