{"id":64596,"date":"2021-07-19T14:24:34","date_gmt":"2021-07-19T17:24:34","guid":{"rendered":"https:\/\/www.gaveanews.com\/?p=64596"},"modified":"2021-08-12T00:47:33","modified_gmt":"2021-08-12T03:47:33","slug":"flamengo-avalia-proposta-de-emprestimo-por-volante-do-psg","status":"publish","type":"post","link":"https:\/\/www.gaveanews.com\/index.php\/2021\/07\/19\/flamengo-avalia-proposta-de-emprestimo-por-volante-do-psg\/","title":{"rendered":"Flamengo avalia proposta de empr\u00e9stimo por volante do PSG"},"content":{"rendered":"\n<p>Desde a sa\u00edda de Gerson do elenco rubro-negro, o Flamengo tem intensificado suas buscas por refor\u00e7os no meio-campo. Por\u00e9m, suas limita\u00e7\u00f5es financeiras fazem com que o clube precise ir ao mercado com um pouco mais de cautela.<\/p>\n\n\n\n<p>Inicialmente, o Mais Querido possui conversas mais avan\u00e7adas em rela\u00e7\u00e3o a dois atletas: Thiago Mendes e Kanedy. Contudo, como as equipes que det\u00e9m os direitos dos jogadores citados ainda n\u00e3o sinalizaram um acordo, o Fla permanece em busca de op\u00e7\u00f5es.<\/p>\n\n\n\n<p>Desta forma, um ex-Barcelona pode ser uma boa pedida ao time da G\u00e1vea. Rafinha, agora contratado pelo PSG, tem grande experi\u00eancia na Europa e poderia auxiliar na reorganiza\u00e7\u00e3o do meio-de-campo. No entanto, o Flamengo esbarra com o atleta nas mesma quest\u00f5es em rala\u00e7\u00e3o \u00e0 demais tentativas de contrato: os moldes da negocia\u00e7\u00e3o.<\/p>\n\n\n\n<p>Como j\u00e1 foi citado acima, o clube passa por momento delicado por conta da pandemia e deseja trazer nomes apenas por empr\u00e9stimo com op\u00e7\u00e3o de compra. Neste sentido, \u00e9 importante ressaltar que o atleta foi comprado por valores baixos (1,5 milh\u00f5es de euros) na \u00faltima janela. A informa\u00e7\u00e3o foi divulgada inicialmente com o jornalista Mauro Sant Anna.<\/p>\n\n\n\n<p>Vale salientar tamb\u00e9m que a falta de oportunidades do atleta no PSG pode ser um ponto a favor do Fla. Por isso, o rubro-negro monitora a atua\u00e7\u00e3o do meia e analisa a possibilidade de realizar uma proposta. Enquanto isso, o Mais Querido est\u00e1 atento \u00e0s possibilidades do marcado e busca formas de trazer novos jogadores para o time.<\/p>\n\n\n\n<p>Na \u00faltima temporada, Rafinha participou de 34 jogos e distribuiu sete assist\u00eancias. Al\u00e9m disso, ganhou um concorrente direto pela vaga na equipe titular, visto que o clube parisiense contratou o holand\u00eas Wijnaldum.<\/p>\n","protected":false},"excerpt":{"rendered":"<p>Desde a sa\u00edda de Gerson do elenco rubro-negro, o Flamengo tem intensificado suas buscas por refor\u00e7os no meio-campo. Por\u00e9m, suas limita\u00e7\u00f5es financeiras fazem com que o clube precise ir ao mercado com um pouco mais de cautela. Inicialmente, o Mais Querido possui conversas mais avan\u00e7adas em rela\u00e7\u00e3o a dois atletas: Thiago Mendes e Kanedy. Contudo, [&hellip;]<\/p>\n","protected":false},"author":4,"featured_media":64597,"comment_status":"open","ping_status":"closed","sticky":false,"template":"","format":"standard","meta":{"footnotes":""},"categories":[1],"tags":[],"class_list":["post-64596","post","type-post","status-publish","format-standard","has-post-thumbnail","hentry","category-flamengo"],"yoast_head":"<!-- This site is optimized with the Yoast SEO Premium plugin v24.2 (Yoast SEO v26.9) - https:\/\/yoast.com\/product\/yoast-seo-premium-wordpress\/ -->\n<title>Flamengo avalia proposta de empr\u00e9stimo por volante do PSG<\/title>\n<meta name=\"robots\" content=\"index, follow, max-snippet:-1, max-image-preview:large, max-video-preview:-1\" \/>\n<link rel=\"canonical\" href=\"https:\/\/www.gaveanews.com\/index.php\/2021\/07\/19\/flamengo-avalia-proposta-de-emprestimo-por-volante-do-psg\/\" \/>\n<meta property=\"og:locale\" content=\"pt_BR\" \/>\n<meta property=\"og:type\" content=\"article\" \/>\n<meta property=\"og:title\" content=\"Flamengo avalia proposta de empr\u00e9stimo por volante do PSG\" \/>\n<meta property=\"og:description\" content=\"Desde a sa\u00edda de Gerson do elenco rubro-negro, o Flamengo tem intensificado suas buscas por refor\u00e7os no meio-campo. Por\u00e9m, suas limita\u00e7\u00f5es financeiras fazem com que o clube precise ir ao mercado com um pouco mais de cautela. Inicialmente, o Mais Querido possui conversas mais avan\u00e7adas em rela\u00e7\u00e3o a dois atletas: Thiago Mendes e Kanedy. Contudo, [&hellip;]\" \/>\n<meta property=\"og:url\" content=\"https:\/\/www.gaveanews.com\/index.php\/2021\/07\/19\/flamengo-avalia-proposta-de-emprestimo-por-volante-do-psg\/\" \/>\n<meta property=\"og:site_name\" content=\"G\u00e1vea News\" \/>\n<meta property=\"article:publisher\" content=\"https:\/\/facebook.com\/gaveaNews\/\" \/>\n<meta property=\"article:published_time\" content=\"2021-07-19T17:24:34+00:00\" \/>\n<meta property=\"article:modified_time\" content=\"2021-08-12T03:47:33+00:00\" \/>\n<meta property=\"og:image\" content=\"https:\/\/www.gaveanews.com\/wp-content\/uploads\/Rafinha-em-acao-pelo-PSG.webp\" \/>\n\t<meta property=\"og:image:width\" content=\"1536\" \/>\n\t<meta property=\"og:image:height\" content=\"1024\" \/>\n\t<meta property=\"og:image:type\" content=\"image\/jpeg\" \/>\n<meta name=\"author\" content=\"Let\u00edcia Gerheim\" \/>\n<meta name=\"twitter:card\" content=\"summary_large_image\" \/>\n<meta name=\"twitter:label1\" content=\"Escrito por\" \/>\n\t<meta name=\"twitter:data1\" content=\"Let\u00edcia Gerheim\" \/>\n\t<meta name=\"twitter:label2\" content=\"Est. tempo de leitura\" \/>\n\t<meta name=\"twitter:data2\" content=\"2 minutos\" \/>\n<script type=\"application\/ld+json\" class=\"yoast-schema-graph\">{\"@context\":\"https:\/\/schema.org\",\"@graph\":[{\"@type\":\"NewsArticle\",\"@id\":\"https:\/\/www.gaveanews.com\/index.php\/2021\/07\/19\/flamengo-avalia-proposta-de-emprestimo-por-volante-do-psg\/#article\",\"isPartOf\":{\"@id\":\"https:\/\/www.gaveanews.com\/index.php\/2021\/07\/19\/flamengo-avalia-proposta-de-emprestimo-por-volante-do-psg\/\"},\"author\":{\"name\":\"Let\u00edcia Gerheim\",\"@id\":\"https:\/\/www.gaveanews.com\/#\/schema\/person\/714c67050b836198af2450ba1c142a67\"},\"headline\":\"Flamengo avalia proposta de empr\u00e9stimo por volante do PSG\",\"datePublished\":\"2021-07-19T17:24:34+00:00\",\"dateModified\":\"2021-08-12T03:47:33+00:00\",\"mainEntityOfPage\":{\"@id\":\"https:\/\/www.gaveanews.com\/index.php\/2021\/07\/19\/flamengo-avalia-proposta-de-emprestimo-por-volante-do-psg\/\"},\"wordCount\":306,\"commentCount\":19,\"image\":{\"@id\":\"https:\/\/www.gaveanews.com\/index.php\/2021\/07\/19\/flamengo-avalia-proposta-de-emprestimo-por-volante-do-psg\/#primaryimage\"},\"thumbnailUrl\":\"https:\/\/www.gaveanews.com\/wp-content\/uploads\/Rafinha-em-acao-pelo-PSG.webp\",\"articleSection\":[\"Flamengo\"],\"inLanguage\":\"pt-BR\",\"potentialAction\":[{\"@type\":\"CommentAction\",\"name\":\"Comment\",\"target\":[\"https:\/\/www.gaveanews.com\/index.php\/2021\/07\/19\/flamengo-avalia-proposta-de-emprestimo-por-volante-do-psg\/#respond\"]}],\"copyrightYear\":\"2021\",\"copyrightHolder\":{\"@id\":\"https:\/\/www.gaveanews.com\/#organization\"}},{\"@type\":\"WebPage\",\"@id\":\"https:\/\/www.gaveanews.com\/index.php\/2021\/07\/19\/flamengo-avalia-proposta-de-emprestimo-por-volante-do-psg\/\",\"url\":\"https:\/\/www.gaveanews.com\/index.php\/2021\/07\/19\/flamengo-avalia-proposta-de-emprestimo-por-volante-do-psg\/\",\"name\":\"Flamengo avalia proposta de empr\u00e9stimo por volante do PSG\",\"isPartOf\":{\"@id\":\"https:\/\/www.gaveanews.com\/#website\"},\"primaryImageOfPage\":{\"@id\":\"https:\/\/www.gaveanews.com\/index.php\/2021\/07\/19\/flamengo-avalia-proposta-de-emprestimo-por-volante-do-psg\/#primaryimage\"},\"image\":{\"@id\":\"https:\/\/www.gaveanews.com\/index.php\/2021\/07\/19\/flamengo-avalia-proposta-de-emprestimo-por-volante-do-psg\/#primaryimage\"},\"thumbnailUrl\":\"https:\/\/www.gaveanews.com\/wp-content\/uploads\/Rafinha-em-acao-pelo-PSG.webp\",\"datePublished\":\"2021-07-19T17:24:34+00:00\",\"dateModified\":\"2021-08-12T03:47:33+00:00\",\"author\":{\"@id\":\"https:\/\/www.gaveanews.com\/#\/schema\/person\/714c67050b836198af2450ba1c142a67\"},\"breadcrumb\":{\"@id\":\"https:\/\/www.gaveanews.com\/index.php\/2021\/07\/19\/flamengo-avalia-proposta-de-emprestimo-por-volante-do-psg\/#breadcrumb\"},\"inLanguage\":\"pt-BR\",\"potentialAction\":[{\"@type\":\"ReadAction\",\"target\":[\"https:\/\/www.gaveanews.com\/index.php\/2021\/07\/19\/flamengo-avalia-proposta-de-emprestimo-por-volante-do-psg\/\"]}]},{\"@type\":\"ImageObject\",\"inLanguage\":\"pt-BR\",\"@id\":\"https:\/\/www.gaveanews.com\/index.php\/2021\/07\/19\/flamengo-avalia-proposta-de-emprestimo-por-volante-do-psg\/#primaryimage\",\"url\":\"https:\/\/www.gaveanews.com\/wp-content\/uploads\/Rafinha-em-acao-pelo-PSG.webp\",\"contentUrl\":\"https:\/\/www.gaveanews.com\/wp-content\/uploads\/Rafinha-em-acao-pelo-PSG.webp\",\"width\":1536,\"height\":1024,\"caption\":\"Rafinha em a\u00e7\u00e3o pelo PSG (Foto: Imago)\"},{\"@type\":\"BreadcrumbList\",\"@id\":\"https:\/\/www.gaveanews.com\/index.php\/2021\/07\/19\/flamengo-avalia-proposta-de-emprestimo-por-volante-do-psg\/#breadcrumb\",\"itemListElement\":[{\"@type\":\"ListItem\",\"position\":1,\"name\":\"Home\",\"item\":\"https:\/\/www.gaveanews.com\/\"},{\"@type\":\"ListItem\",\"position\":2,\"name\":\"Flamengo avalia proposta de empr\u00e9stimo por volante do PSG\"}]},{\"@type\":\"WebSite\",\"@id\":\"https:\/\/www.gaveanews.com\/#website\",\"url\":\"https:\/\/www.gaveanews.com\/\",\"name\":\"G\u00e1vea News\",\"description\":\"Veja todas as not\u00edcias sobre o Flamengo: Contrata\u00e7\u00f5es, categorias de base, resultados das partidas, tabela de classifica\u00e7\u00e3o, pr\u00f3ximos jogos!\",\"potentialAction\":[{\"@type\":\"SearchAction\",\"target\":{\"@type\":\"EntryPoint\",\"urlTemplate\":\"https:\/\/www.gaveanews.com\/?s={search_term_string}\"},\"query-input\":{\"@type\":\"PropertyValueSpecification\",\"valueRequired\":true,\"valueName\":\"search_term_string\"}}],\"inLanguage\":\"pt-BR\"},{\"@type\":\"Person\",\"@id\":\"https:\/\/www.gaveanews.com\/#\/schema\/person\/714c67050b836198af2450ba1c142a67\",\"name\":\"Let\u00edcia Gerheim\",\"image\":{\"@type\":\"ImageObject\",\"inLanguage\":\"pt-BR\",\"@id\":\"https:\/\/www.gaveanews.com\/#\/schema\/person\/image\/\",\"url\":\"https:\/\/secure.gravatar.com\/avatar\/60734739c50fcebfbac509e2a826ccd0ff405c019bc73aab9354f19ecad1dcb4?s=96&d=mm&r=g\",\"contentUrl\":\"https:\/\/secure.gravatar.com\/avatar\/60734739c50fcebfbac509e2a826ccd0ff405c019bc73aab9354f19ecad1dcb4?s=96&d=mm&r=g\",\"caption\":\"Let\u00edcia Gerheim\"}}]}<\/script>\n<!-- \/ Yoast SEO Premium plugin. -->","yoast_head_json":{"title":"Flamengo avalia proposta de empr\u00e9stimo por volante do PSG","robots":{"index":"index","follow":"follow","max-snippet":"max-snippet:-1","max-image-preview":"max-image-preview:large","max-video-preview":"max-video-preview:-1"},"canonical":"https:\/\/www.gaveanews.com\/index.php\/2021\/07\/19\/flamengo-avalia-proposta-de-emprestimo-por-volante-do-psg\/","og_locale":"pt_BR","og_type":"article","og_title":"Flamengo avalia proposta de empr\u00e9stimo por volante do PSG","og_description":"Desde a sa\u00edda de Gerson do elenco rubro-negro, o Flamengo tem intensificado suas buscas por refor\u00e7os no meio-campo. Por\u00e9m, suas limita\u00e7\u00f5es financeiras fazem com que o clube precise ir ao mercado com um pouco mais de cautela. Inicialmente, o Mais Querido possui conversas mais avan\u00e7adas em rela\u00e7\u00e3o a dois atletas: Thiago Mendes e Kanedy. Contudo, [&hellip;]","og_url":"https:\/\/www.gaveanews.com\/index.php\/2021\/07\/19\/flamengo-avalia-proposta-de-emprestimo-por-volante-do-psg\/","og_site_name":"G\u00e1vea News","article_publisher":"https:\/\/facebook.com\/gaveaNews\/","article_published_time":"2021-07-19T17:24:34+00:00","article_modified_time":"2021-08-12T03:47:33+00:00","og_image":[{"width":1536,"height":1024,"url":"https:\/\/www.gaveanews.com\/wp-content\/uploads\/Rafinha-em-acao-pelo-PSG.webp","type":"image\/jpeg"}],"author":"Let\u00edcia Gerheim","twitter_card":"summary_large_image","twitter_misc":{"Escrito por":"Let\u00edcia Gerheim","Est. tempo de leitura":"2 minutos"},"schema":{"@context":"https:\/\/schema.org","@graph":[{"@type":"NewsArticle","@id":"https:\/\/www.gaveanews.com\/index.php\/2021\/07\/19\/flamengo-avalia-proposta-de-emprestimo-por-volante-do-psg\/#article","isPartOf":{"@id":"https:\/\/www.gaveanews.com\/index.php\/2021\/07\/19\/flamengo-avalia-proposta-de-emprestimo-por-volante-do-psg\/"},"author":{"name":"Let\u00edcia Gerheim","@id":"https:\/\/www.gaveanews.com\/#\/schema\/person\/714c67050b836198af2450ba1c142a67"},"headline":"Flamengo avalia proposta de empr\u00e9stimo por volante do PSG","datePublished":"2021-07-19T17:24:34+00:00","dateModified":"2021-08-12T03:47:33+00:00","mainEntityOfPage":{"@id":"https:\/\/www.gaveanews.com\/index.php\/2021\/07\/19\/flamengo-avalia-proposta-de-emprestimo-por-volante-do-psg\/"},"wordCount":306,"commentCount":19,"image":{"@id":"https:\/\/www.gaveanews.com\/index.php\/2021\/07\/19\/flamengo-avalia-proposta-de-emprestimo-por-volante-do-psg\/#primaryimage"},"thumbnailUrl":"https:\/\/www.gaveanews.com\/wp-content\/uploads\/Rafinha-em-acao-pelo-PSG.webp","articleSection":["Flamengo"],"inLanguage":"pt-BR","potentialAction":[{"@type":"CommentAction","name":"Comment","target":["https:\/\/www.gaveanews.com\/index.php\/2021\/07\/19\/flamengo-avalia-proposta-de-emprestimo-por-volante-do-psg\/#respond"]}],"copyrightYear":"2021","copyrightHolder":{"@id":"https:\/\/www.gaveanews.com\/#organization"}},{"@type":"WebPage","@id":"https:\/\/www.gaveanews.com\/index.php\/2021\/07\/19\/flamengo-avalia-proposta-de-emprestimo-por-volante-do-psg\/","url":"https:\/\/www.gaveanews.com\/index.php\/2021\/07\/19\/flamengo-avalia-proposta-de-emprestimo-por-volante-do-psg\/","name":"Flamengo avalia proposta de empr\u00e9stimo por volante do PSG","isPartOf":{"@id":"https:\/\/www.gaveanews.com\/#website"},"primaryImageOfPage":{"@id":"https:\/\/www.gaveanews.com\/index.php\/2021\/07\/19\/flamengo-avalia-proposta-de-emprestimo-por-volante-do-psg\/#primaryimage"},"image":{"@id":"https:\/\/www.gaveanews.com\/index.php\/2021\/07\/19\/flamengo-avalia-proposta-de-emprestimo-por-volante-do-psg\/#primaryimage"},"thumbnailUrl":"https:\/\/www.gaveanews.com\/wp-content\/uploads\/Rafinha-em-acao-pelo-PSG.webp","datePublished":"2021-07-19T17:24:34+00:00","dateModified":"2021-08-12T03:47:33+00:00","author":{"@id":"https:\/\/www.gaveanews.com\/#\/schema\/person\/714c67050b836198af2450ba1c142a67"},"breadcrumb":{"@id":"https:\/\/www.gaveanews.com\/index.php\/2021\/07\/19\/flamengo-avalia-proposta-de-emprestimo-por-volante-do-psg\/#breadcrumb"},"inLanguage":"pt-BR","potentialAction":[{"@type":"ReadAction","target":["https:\/\/www.gaveanews.com\/index.php\/2021\/07\/19\/flamengo-avalia-proposta-de-emprestimo-por-volante-do-psg\/"]}]},{"@type":"ImageObject","inLanguage":"pt-BR","@id":"https:\/\/www.gaveanews.com\/index.php\/2021\/07\/19\/flamengo-avalia-proposta-de-emprestimo-por-volante-do-psg\/#primaryimage","url":"https:\/\/www.gaveanews.com\/wp-content\/uploads\/Rafinha-em-acao-pelo-PSG.webp","contentUrl":"https:\/\/www.gaveanews.com\/wp-content\/uploads\/Rafinha-em-acao-pelo-PSG.webp","width":1536,"height":1024,"caption":"Rafinha em a\u00e7\u00e3o pelo PSG (Foto: Imago)"},{"@type":"BreadcrumbList","@id":"https:\/\/www.gaveanews.com\/index.php\/2021\/07\/19\/flamengo-avalia-proposta-de-emprestimo-por-volante-do-psg\/#breadcrumb","itemListElement":[{"@type":"ListItem","position":1,"name":"Home","item":"https:\/\/www.gaveanews.com\/"},{"@type":"ListItem","position":2,"name":"Flamengo avalia proposta de empr\u00e9stimo por volante do PSG"}]},{"@type":"WebSite","@id":"https:\/\/www.gaveanews.com\/#website","url":"https:\/\/www.gaveanews.com\/","name":"G\u00e1vea News","description":"Veja todas as not\u00edcias sobre o Flamengo: Contrata\u00e7\u00f5es, categorias de base, resultados das partidas, tabela de classifica\u00e7\u00e3o, pr\u00f3ximos jogos!","potentialAction":[{"@type":"SearchAction","target":{"@type":"EntryPoint","urlTemplate":"https:\/\/www.gaveanews.com\/?s={search_term_string}"},"query-input":{"@type":"PropertyValueSpecification","valueRequired":true,"valueName":"search_term_string"}}],"inLanguage":"pt-BR"},{"@type":"Person","@id":"https:\/\/www.gaveanews.com\/#\/schema\/person\/714c67050b836198af2450ba1c142a67","name":"Let\u00edcia Gerheim","image":{"@type":"ImageObject","inLanguage":"pt-BR","@id":"https:\/\/www.gaveanews.com\/#\/schema\/person\/image\/","url":"https:\/\/secure.gravatar.com\/avatar\/60734739c50fcebfbac509e2a826ccd0ff405c019bc73aab9354f19ecad1dcb4?s=96&d=mm&r=g","contentUrl":"https:\/\/secure.gravatar.com\/avatar\/60734739c50fcebfbac509e2a826ccd0ff405c019bc73aab9354f19ecad1dcb4?s=96&d=mm&r=g","caption":"Let\u00edcia Gerheim"}}]}},"_links":{"self":[{"href":"https:\/\/www.gaveanews.com\/index.php\/wp-json\/wp\/v2\/posts\/64596","targetHints":{"allow":["GET"]}}],"collection":[{"href":"https:\/\/www.gaveanews.com\/index.php\/wp-json\/wp\/v2\/posts"}],"about":[{"href":"https:\/\/www.gaveanews.com\/index.php\/wp-json\/wp\/v2\/types\/post"}],"author":[{"embeddable":true,"href":"https:\/\/www.gaveanews.com\/index.php\/wp-json\/wp\/v2\/users\/4"}],"replies":[{"embeddable":true,"href":"https:\/\/www.gaveanews.com\/index.php\/wp-json\/wp\/v2\/comments?post=64596"}],"version-history":[{"count":0,"href":"https:\/\/www.gaveanews.com\/index.php\/wp-json\/wp\/v2\/posts\/64596\/revisions"}],"wp:featuredmedia":[{"embeddable":true,"href":"https:\/\/www.gaveanews.com\/index.php\/wp-json\/wp\/v2\/media\/64597"}],"wp:attachment":[{"href":"https:\/\/www.gaveanews.com\/index.php\/wp-json\/wp\/v2\/media?parent=64596"}],"wp:term":[{"taxonomy":"category","embeddable":true,"href":"https:\/\/www.gaveanews.com\/index.php\/wp-json\/wp\/v2\/categories?post=64596"},{"taxonomy":"post_tag","embeddable":true,"href":"https:\/\/www.gaveanews.com\/index.php\/wp-json\/wp\/v2\/tags?post=64596"}],"curies":[{"name":"wp","href":"https:\/\/api.w.org\/{rel}","templated":true}]}}