{"id":64609,"date":"2021-07-19T19:04:17","date_gmt":"2021-07-19T22:04:17","guid":{"rendered":"https:\/\/www.gaveanews.com\/?p=64609"},"modified":"2021-08-12T00:47:27","modified_gmt":"2021-08-12T03:47:27","slug":"atacante-do-flamengo-deve-retornar-ao-nautico","status":"publish","type":"post","link":"https:\/\/www.gaveanews.com\/index.php\/2021\/07\/19\/atacante-do-flamengo-deve-retornar-ao-nautico\/","title":{"rendered":"Atacante do Flamengo deve retornar ao N\u00e1utico"},"content":{"rendered":"\n<p>Na lideran\u00e7a da s\u00e9rie B do Brasileir\u00e3o, o N\u00e1utico busca um novo atacante para refor\u00e7ar sua equipe. Entre os nomes pesquisados desde a sa\u00edda de Erick, o alvirrubro encontrou um velho conhecido e pretende contar com o mesmo novamente.<\/p>\n\n\n\n<p>O atleta que entrou na mira do clube pernambucano \u00e9 Thiago Fernandes, mais conhecido como Thiaguinho pela torcida do Flamengo. O jovem de 20 anos atua na base do Mais Querido desde 2020 e chegou a participar at\u00e9 de jogos pelo time profissional nesta temporada.<\/p>\n\n\n\n<p>O atacante \u00e9 cria da base do N\u00e1utico, onde se destacou em 2019. Devido ao desempenho do jogador, sobretudo na S\u00e9rie C, ele foi vendido ao Flamengo no final do mesmo ano. Na ocasi\u00e3o, o rubro-negro comprou 70% dos seus direitos econ\u00f4micos por cerca de R$ 7 milh\u00f5es.<\/p>\n\n\n\n<p>J\u00e1 em 2020, o atleta chegou a voltar para seu time de forma\u00e7\u00e3o por empr\u00e9stimo, mas n\u00e3o teve sucesso em seu breve retorno. Em 16 jogos, Thiaguinho marcou apenas um gol e deu duas assist\u00eancias.<\/p>\n\n\n\n<p>De volta ao Fla no mesmo ano, o atleta disputou 16 partidas e balan\u00e7ou as redes em 5 ocasi\u00f5es. J\u00e1 nesta temporada, o jovem chegou a entrar em campo pela equipe profissional no Campeonato Carioca, quando o elenco principal do Flamengo se preparava em uma pequena pr\u00e9-temporada.<\/p>\n\n\n\n<p>Neste contexto, o N\u00e1utico v\u00ea com bons olhos o retorno de Thiago Fernandes para o clube nordestino. No entanto, enquanto ainda nenhuma decis\u00e3o \u00e9 tomada, o atacante permanece na equipe sub-20 do Flamengo, que venceu o Botafogo nesta segunda-feira (19) por 1 a 0, pelo Campeonato Brasileiro da categoria.<\/p>\n","protected":false},"excerpt":{"rendered":"<p>Na lideran\u00e7a da s\u00e9rie B do Brasileir\u00e3o, o N\u00e1utico busca um novo atacante para refor\u00e7ar sua equipe. Entre os nomes pesquisados desde a sa\u00edda de Erick, o alvirrubro encontrou um velho conhecido e pretende contar com o mesmo novamente. O atleta que entrou na mira do clube pernambucano \u00e9 Thiago Fernandes, mais conhecido como Thiaguinho [&hellip;]<\/p>\n","protected":false},"author":4,"featured_media":64610,"comment_status":"open","ping_status":"closed","sticky":false,"template":"","format":"standard","meta":{"footnotes":""},"categories":[48],"tags":[],"class_list":["post-64609","post","type-post","status-publish","format-standard","has-post-thumbnail","hentry","category-negociacoes"],"yoast_head":"<!-- This site is optimized with the Yoast SEO Premium plugin v24.2 (Yoast SEO v26.9) - https:\/\/yoast.com\/product\/yoast-seo-premium-wordpress\/ -->\n<title>Atacante do Flamengo deve retornar ao N\u00e1utico<\/title>\n<meta name=\"robots\" content=\"index, follow, max-snippet:-1, max-image-preview:large, max-video-preview:-1\" \/>\n<link rel=\"canonical\" href=\"https:\/\/www.gaveanews.com\/index.php\/2021\/07\/19\/atacante-do-flamengo-deve-retornar-ao-nautico\/\" \/>\n<meta property=\"og:locale\" content=\"pt_BR\" \/>\n<meta property=\"og:type\" content=\"article\" \/>\n<meta property=\"og:title\" content=\"Atacante do Flamengo deve retornar ao N\u00e1utico\" \/>\n<meta property=\"og:description\" content=\"Na lideran\u00e7a da s\u00e9rie B do Brasileir\u00e3o, o N\u00e1utico busca um novo atacante para refor\u00e7ar sua equipe. Entre os nomes pesquisados desde a sa\u00edda de Erick, o alvirrubro encontrou um velho conhecido e pretende contar com o mesmo novamente. O atleta que entrou na mira do clube pernambucano \u00e9 Thiago Fernandes, mais conhecido como Thiaguinho [&hellip;]\" \/>\n<meta property=\"og:url\" content=\"https:\/\/www.gaveanews.com\/index.php\/2021\/07\/19\/atacante-do-flamengo-deve-retornar-ao-nautico\/\" \/>\n<meta property=\"og:site_name\" content=\"G\u00e1vea News\" \/>\n<meta property=\"article:publisher\" content=\"https:\/\/facebook.com\/gaveaNews\/\" \/>\n<meta property=\"article:published_time\" content=\"2021-07-19T22:04:17+00:00\" \/>\n<meta property=\"article:modified_time\" content=\"2021-08-12T03:47:27+00:00\" \/>\n<meta property=\"og:image\" content=\"https:\/\/www.gaveanews.com\/wp-content\/uploads\/Thiago-Fernandes-o-Thiaguinho-em-acao-pelo-time-profissional-do-Flamengo-em-2021.webp\" \/>\n\t<meta property=\"og:image:width\" content=\"1024\" \/>\n\t<meta property=\"og:image:height\" content=\"683\" \/>\n\t<meta property=\"og:image:type\" content=\"image\/jpeg\" \/>\n<meta name=\"author\" content=\"Let\u00edcia Gerheim\" \/>\n<meta name=\"twitter:card\" content=\"summary_large_image\" \/>\n<meta name=\"twitter:label1\" content=\"Escrito por\" \/>\n\t<meta name=\"twitter:data1\" content=\"Let\u00edcia Gerheim\" \/>\n\t<meta name=\"twitter:label2\" content=\"Est. tempo de leitura\" \/>\n\t<meta name=\"twitter:data2\" content=\"2 minutos\" \/>\n<script type=\"application\/ld+json\" class=\"yoast-schema-graph\">{\"@context\":\"https:\/\/schema.org\",\"@graph\":[{\"@type\":\"NewsArticle\",\"@id\":\"https:\/\/www.gaveanews.com\/index.php\/2021\/07\/19\/atacante-do-flamengo-deve-retornar-ao-nautico\/#article\",\"isPartOf\":{\"@id\":\"https:\/\/www.gaveanews.com\/index.php\/2021\/07\/19\/atacante-do-flamengo-deve-retornar-ao-nautico\/\"},\"author\":{\"name\":\"Let\u00edcia Gerheim\",\"@id\":\"https:\/\/www.gaveanews.com\/#\/schema\/person\/714c67050b836198af2450ba1c142a67\"},\"headline\":\"Atacante do Flamengo deve retornar ao N\u00e1utico\",\"datePublished\":\"2021-07-19T22:04:17+00:00\",\"dateModified\":\"2021-08-12T03:47:27+00:00\",\"mainEntityOfPage\":{\"@id\":\"https:\/\/www.gaveanews.com\/index.php\/2021\/07\/19\/atacante-do-flamengo-deve-retornar-ao-nautico\/\"},\"wordCount\":276,\"commentCount\":4,\"image\":{\"@id\":\"https:\/\/www.gaveanews.com\/index.php\/2021\/07\/19\/atacante-do-flamengo-deve-retornar-ao-nautico\/#primaryimage\"},\"thumbnailUrl\":\"https:\/\/www.gaveanews.com\/wp-content\/uploads\/Thiago-Fernandes-o-Thiaguinho-em-acao-pelo-time-profissional-do-Flamengo-em-2021.webp\",\"articleSection\":[\"Negocia\u00e7\u00f5es\"],\"inLanguage\":\"pt-BR\",\"potentialAction\":[{\"@type\":\"CommentAction\",\"name\":\"Comment\",\"target\":[\"https:\/\/www.gaveanews.com\/index.php\/2021\/07\/19\/atacante-do-flamengo-deve-retornar-ao-nautico\/#respond\"]}],\"copyrightYear\":\"2021\",\"copyrightHolder\":{\"@id\":\"https:\/\/www.gaveanews.com\/#organization\"}},{\"@type\":\"WebPage\",\"@id\":\"https:\/\/www.gaveanews.com\/index.php\/2021\/07\/19\/atacante-do-flamengo-deve-retornar-ao-nautico\/\",\"url\":\"https:\/\/www.gaveanews.com\/index.php\/2021\/07\/19\/atacante-do-flamengo-deve-retornar-ao-nautico\/\",\"name\":\"Atacante do Flamengo deve retornar ao N\u00e1utico\",\"isPartOf\":{\"@id\":\"https:\/\/www.gaveanews.com\/#website\"},\"primaryImageOfPage\":{\"@id\":\"https:\/\/www.gaveanews.com\/index.php\/2021\/07\/19\/atacante-do-flamengo-deve-retornar-ao-nautico\/#primaryimage\"},\"image\":{\"@id\":\"https:\/\/www.gaveanews.com\/index.php\/2021\/07\/19\/atacante-do-flamengo-deve-retornar-ao-nautico\/#primaryimage\"},\"thumbnailUrl\":\"https:\/\/www.gaveanews.com\/wp-content\/uploads\/Thiago-Fernandes-o-Thiaguinho-em-acao-pelo-time-profissional-do-Flamengo-em-2021.webp\",\"datePublished\":\"2021-07-19T22:04:17+00:00\",\"dateModified\":\"2021-08-12T03:47:27+00:00\",\"author\":{\"@id\":\"https:\/\/www.gaveanews.com\/#\/schema\/person\/714c67050b836198af2450ba1c142a67\"},\"breadcrumb\":{\"@id\":\"https:\/\/www.gaveanews.com\/index.php\/2021\/07\/19\/atacante-do-flamengo-deve-retornar-ao-nautico\/#breadcrumb\"},\"inLanguage\":\"pt-BR\",\"potentialAction\":[{\"@type\":\"ReadAction\",\"target\":[\"https:\/\/www.gaveanews.com\/index.php\/2021\/07\/19\/atacante-do-flamengo-deve-retornar-ao-nautico\/\"]}]},{\"@type\":\"ImageObject\",\"inLanguage\":\"pt-BR\",\"@id\":\"https:\/\/www.gaveanews.com\/index.php\/2021\/07\/19\/atacante-do-flamengo-deve-retornar-ao-nautico\/#primaryimage\",\"url\":\"https:\/\/www.gaveanews.com\/wp-content\/uploads\/Thiago-Fernandes-o-Thiaguinho-em-acao-pelo-time-profissional-do-Flamengo-em-2021.webp\",\"contentUrl\":\"https:\/\/www.gaveanews.com\/wp-content\/uploads\/Thiago-Fernandes-o-Thiaguinho-em-acao-pelo-time-profissional-do-Flamengo-em-2021.webp\",\"width\":1024,\"height\":683,\"caption\":\"Thiago Fernandes, o Thiaguinho, em a\u00e7\u00e3o pelo time profissional do Flamengo em 2021 (Foto: Divulga\u00e7\u00e3o\/Flamengo)\"},{\"@type\":\"BreadcrumbList\",\"@id\":\"https:\/\/www.gaveanews.com\/index.php\/2021\/07\/19\/atacante-do-flamengo-deve-retornar-ao-nautico\/#breadcrumb\",\"itemListElement\":[{\"@type\":\"ListItem\",\"position\":1,\"name\":\"Home\",\"item\":\"https:\/\/www.gaveanews.com\/\"},{\"@type\":\"ListItem\",\"position\":2,\"name\":\"Atacante do Flamengo deve retornar ao N\u00e1utico\"}]},{\"@type\":\"WebSite\",\"@id\":\"https:\/\/www.gaveanews.com\/#website\",\"url\":\"https:\/\/www.gaveanews.com\/\",\"name\":\"G\u00e1vea News\",\"description\":\"Veja todas as not\u00edcias sobre o Flamengo: Contrata\u00e7\u00f5es, categorias de base, resultados das partidas, tabela de classifica\u00e7\u00e3o, pr\u00f3ximos jogos!\",\"potentialAction\":[{\"@type\":\"SearchAction\",\"target\":{\"@type\":\"EntryPoint\",\"urlTemplate\":\"https:\/\/www.gaveanews.com\/?s={search_term_string}\"},\"query-input\":{\"@type\":\"PropertyValueSpecification\",\"valueRequired\":true,\"valueName\":\"search_term_string\"}}],\"inLanguage\":\"pt-BR\"},{\"@type\":\"Person\",\"@id\":\"https:\/\/www.gaveanews.com\/#\/schema\/person\/714c67050b836198af2450ba1c142a67\",\"name\":\"Let\u00edcia Gerheim\",\"image\":{\"@type\":\"ImageObject\",\"inLanguage\":\"pt-BR\",\"@id\":\"https:\/\/www.gaveanews.com\/#\/schema\/person\/image\/\",\"url\":\"https:\/\/secure.gravatar.com\/avatar\/60734739c50fcebfbac509e2a826ccd0ff405c019bc73aab9354f19ecad1dcb4?s=96&d=mm&r=g\",\"contentUrl\":\"https:\/\/secure.gravatar.com\/avatar\/60734739c50fcebfbac509e2a826ccd0ff405c019bc73aab9354f19ecad1dcb4?s=96&d=mm&r=g\",\"caption\":\"Let\u00edcia Gerheim\"}}]}<\/script>\n<!-- \/ Yoast SEO Premium plugin. -->","yoast_head_json":{"title":"Atacante do Flamengo deve retornar ao N\u00e1utico","robots":{"index":"index","follow":"follow","max-snippet":"max-snippet:-1","max-image-preview":"max-image-preview:large","max-video-preview":"max-video-preview:-1"},"canonical":"https:\/\/www.gaveanews.com\/index.php\/2021\/07\/19\/atacante-do-flamengo-deve-retornar-ao-nautico\/","og_locale":"pt_BR","og_type":"article","og_title":"Atacante do Flamengo deve retornar ao N\u00e1utico","og_description":"Na lideran\u00e7a da s\u00e9rie B do Brasileir\u00e3o, o N\u00e1utico busca um novo atacante para refor\u00e7ar sua equipe. Entre os nomes pesquisados desde a sa\u00edda de Erick, o alvirrubro encontrou um velho conhecido e pretende contar com o mesmo novamente. O atleta que entrou na mira do clube pernambucano \u00e9 Thiago Fernandes, mais conhecido como Thiaguinho [&hellip;]","og_url":"https:\/\/www.gaveanews.com\/index.php\/2021\/07\/19\/atacante-do-flamengo-deve-retornar-ao-nautico\/","og_site_name":"G\u00e1vea News","article_publisher":"https:\/\/facebook.com\/gaveaNews\/","article_published_time":"2021-07-19T22:04:17+00:00","article_modified_time":"2021-08-12T03:47:27+00:00","og_image":[{"width":1024,"height":683,"url":"https:\/\/www.gaveanews.com\/wp-content\/uploads\/Thiago-Fernandes-o-Thiaguinho-em-acao-pelo-time-profissional-do-Flamengo-em-2021.webp","type":"image\/jpeg"}],"author":"Let\u00edcia Gerheim","twitter_card":"summary_large_image","twitter_misc":{"Escrito por":"Let\u00edcia Gerheim","Est. tempo de leitura":"2 minutos"},"schema":{"@context":"https:\/\/schema.org","@graph":[{"@type":"NewsArticle","@id":"https:\/\/www.gaveanews.com\/index.php\/2021\/07\/19\/atacante-do-flamengo-deve-retornar-ao-nautico\/#article","isPartOf":{"@id":"https:\/\/www.gaveanews.com\/index.php\/2021\/07\/19\/atacante-do-flamengo-deve-retornar-ao-nautico\/"},"author":{"name":"Let\u00edcia Gerheim","@id":"https:\/\/www.gaveanews.com\/#\/schema\/person\/714c67050b836198af2450ba1c142a67"},"headline":"Atacante do Flamengo deve retornar ao N\u00e1utico","datePublished":"2021-07-19T22:04:17+00:00","dateModified":"2021-08-12T03:47:27+00:00","mainEntityOfPage":{"@id":"https:\/\/www.gaveanews.com\/index.php\/2021\/07\/19\/atacante-do-flamengo-deve-retornar-ao-nautico\/"},"wordCount":276,"commentCount":4,"image":{"@id":"https:\/\/www.gaveanews.com\/index.php\/2021\/07\/19\/atacante-do-flamengo-deve-retornar-ao-nautico\/#primaryimage"},"thumbnailUrl":"https:\/\/www.gaveanews.com\/wp-content\/uploads\/Thiago-Fernandes-o-Thiaguinho-em-acao-pelo-time-profissional-do-Flamengo-em-2021.webp","articleSection":["Negocia\u00e7\u00f5es"],"inLanguage":"pt-BR","potentialAction":[{"@type":"CommentAction","name":"Comment","target":["https:\/\/www.gaveanews.com\/index.php\/2021\/07\/19\/atacante-do-flamengo-deve-retornar-ao-nautico\/#respond"]}],"copyrightYear":"2021","copyrightHolder":{"@id":"https:\/\/www.gaveanews.com\/#organization"}},{"@type":"WebPage","@id":"https:\/\/www.gaveanews.com\/index.php\/2021\/07\/19\/atacante-do-flamengo-deve-retornar-ao-nautico\/","url":"https:\/\/www.gaveanews.com\/index.php\/2021\/07\/19\/atacante-do-flamengo-deve-retornar-ao-nautico\/","name":"Atacante do Flamengo deve retornar ao N\u00e1utico","isPartOf":{"@id":"https:\/\/www.gaveanews.com\/#website"},"primaryImageOfPage":{"@id":"https:\/\/www.gaveanews.com\/index.php\/2021\/07\/19\/atacante-do-flamengo-deve-retornar-ao-nautico\/#primaryimage"},"image":{"@id":"https:\/\/www.gaveanews.com\/index.php\/2021\/07\/19\/atacante-do-flamengo-deve-retornar-ao-nautico\/#primaryimage"},"thumbnailUrl":"https:\/\/www.gaveanews.com\/wp-content\/uploads\/Thiago-Fernandes-o-Thiaguinho-em-acao-pelo-time-profissional-do-Flamengo-em-2021.webp","datePublished":"2021-07-19T22:04:17+00:00","dateModified":"2021-08-12T03:47:27+00:00","author":{"@id":"https:\/\/www.gaveanews.com\/#\/schema\/person\/714c67050b836198af2450ba1c142a67"},"breadcrumb":{"@id":"https:\/\/www.gaveanews.com\/index.php\/2021\/07\/19\/atacante-do-flamengo-deve-retornar-ao-nautico\/#breadcrumb"},"inLanguage":"pt-BR","potentialAction":[{"@type":"ReadAction","target":["https:\/\/www.gaveanews.com\/index.php\/2021\/07\/19\/atacante-do-flamengo-deve-retornar-ao-nautico\/"]}]},{"@type":"ImageObject","inLanguage":"pt-BR","@id":"https:\/\/www.gaveanews.com\/index.php\/2021\/07\/19\/atacante-do-flamengo-deve-retornar-ao-nautico\/#primaryimage","url":"https:\/\/www.gaveanews.com\/wp-content\/uploads\/Thiago-Fernandes-o-Thiaguinho-em-acao-pelo-time-profissional-do-Flamengo-em-2021.webp","contentUrl":"https:\/\/www.gaveanews.com\/wp-content\/uploads\/Thiago-Fernandes-o-Thiaguinho-em-acao-pelo-time-profissional-do-Flamengo-em-2021.webp","width":1024,"height":683,"caption":"Thiago Fernandes, o Thiaguinho, em a\u00e7\u00e3o pelo time profissional do Flamengo em 2021 (Foto: Divulga\u00e7\u00e3o\/Flamengo)"},{"@type":"BreadcrumbList","@id":"https:\/\/www.gaveanews.com\/index.php\/2021\/07\/19\/atacante-do-flamengo-deve-retornar-ao-nautico\/#breadcrumb","itemListElement":[{"@type":"ListItem","position":1,"name":"Home","item":"https:\/\/www.gaveanews.com\/"},{"@type":"ListItem","position":2,"name":"Atacante do Flamengo deve retornar ao N\u00e1utico"}]},{"@type":"WebSite","@id":"https:\/\/www.gaveanews.com\/#website","url":"https:\/\/www.gaveanews.com\/","name":"G\u00e1vea News","description":"Veja todas as not\u00edcias sobre o Flamengo: Contrata\u00e7\u00f5es, categorias de base, resultados das partidas, tabela de classifica\u00e7\u00e3o, pr\u00f3ximos jogos!","potentialAction":[{"@type":"SearchAction","target":{"@type":"EntryPoint","urlTemplate":"https:\/\/www.gaveanews.com\/?s={search_term_string}"},"query-input":{"@type":"PropertyValueSpecification","valueRequired":true,"valueName":"search_term_string"}}],"inLanguage":"pt-BR"},{"@type":"Person","@id":"https:\/\/www.gaveanews.com\/#\/schema\/person\/714c67050b836198af2450ba1c142a67","name":"Let\u00edcia Gerheim","image":{"@type":"ImageObject","inLanguage":"pt-BR","@id":"https:\/\/www.gaveanews.com\/#\/schema\/person\/image\/","url":"https:\/\/secure.gravatar.com\/avatar\/60734739c50fcebfbac509e2a826ccd0ff405c019bc73aab9354f19ecad1dcb4?s=96&d=mm&r=g","contentUrl":"https:\/\/secure.gravatar.com\/avatar\/60734739c50fcebfbac509e2a826ccd0ff405c019bc73aab9354f19ecad1dcb4?s=96&d=mm&r=g","caption":"Let\u00edcia Gerheim"}}]}},"_links":{"self":[{"href":"https:\/\/www.gaveanews.com\/index.php\/wp-json\/wp\/v2\/posts\/64609","targetHints":{"allow":["GET"]}}],"collection":[{"href":"https:\/\/www.gaveanews.com\/index.php\/wp-json\/wp\/v2\/posts"}],"about":[{"href":"https:\/\/www.gaveanews.com\/index.php\/wp-json\/wp\/v2\/types\/post"}],"author":[{"embeddable":true,"href":"https:\/\/www.gaveanews.com\/index.php\/wp-json\/wp\/v2\/users\/4"}],"replies":[{"embeddable":true,"href":"https:\/\/www.gaveanews.com\/index.php\/wp-json\/wp\/v2\/comments?post=64609"}],"version-history":[{"count":0,"href":"https:\/\/www.gaveanews.com\/index.php\/wp-json\/wp\/v2\/posts\/64609\/revisions"}],"wp:featuredmedia":[{"embeddable":true,"href":"https:\/\/www.gaveanews.com\/index.php\/wp-json\/wp\/v2\/media\/64610"}],"wp:attachment":[{"href":"https:\/\/www.gaveanews.com\/index.php\/wp-json\/wp\/v2\/media?parent=64609"}],"wp:term":[{"taxonomy":"category","embeddable":true,"href":"https:\/\/www.gaveanews.com\/index.php\/wp-json\/wp\/v2\/categories?post=64609"},{"taxonomy":"post_tag","embeddable":true,"href":"https:\/\/www.gaveanews.com\/index.php\/wp-json\/wp\/v2\/tags?post=64609"}],"curies":[{"name":"wp","href":"https:\/\/api.w.org\/{rel}","templated":true}]}}