{"id":64639,"date":"2021-07-20T10:54:36","date_gmt":"2021-07-20T13:54:36","guid":{"rendered":"https:\/\/www.gaveanews.com\/?p=64639"},"modified":"2021-07-20T10:54:41","modified_gmt":"2021-07-20T13:54:41","slug":"flamengo-divulga-detalhes-da-troca-de-ingressos-para-o-duelo-com-defensa-y-justicia","status":"publish","type":"post","link":"https:\/\/www.gaveanews.com\/index.php\/2021\/07\/20\/flamengo-divulga-detalhes-da-troca-de-ingressos-para-o-duelo-com-defensa-y-justicia\/","title":{"rendered":"Flamengo divulga detalhes da troca de ingressos para o duelo com Defensa y Justicia"},"content":{"rendered":"\n<p>Come\u00e7ou nesta ter\u00e7a-feira, no Rio e em Bras\u00edlia, a retirada de ingressos para o duelo do Flamengo com o Defensa y Justicia, quarta-feira, no Man\u00e9 Garrincha. O clube divulgou os detalhes para os torcedores realizarem a troca do voucher pelo bilhete.<\/p>\n\n\n\n<p>Confira os documentos necess\u00e1rios para a retirada do ingresso f\u00edsico e da pulseira de acesso ao est\u00e1dio. O objetivo do clube \u00e9 diminuir as filas no dia do jogo para evitar que as cenas da final da Copa Am\u00e9rica sejam repetidas.<\/p>\n\n\n\n<p>O uso de m\u00e1scara cobrindo nariz e boca \u00e9 obrigat\u00f3rio.<\/p>\n\n\n\n<p><strong>Documentos necess\u00e1rios para a troca (ORIGINAL E C\u00d3PIA):<\/strong><\/p>\n\n\n\n<p>&#8211; Voucher gerado no momento da compra;<\/p>\n\n\n\n<p>&#8211; Identidade;<\/p>\n\n\n\n<p>&#8211; Comprovante de meia-entrada (se houver);<\/p>\n\n\n\n<p>&#8211; Cart\u00e3o de cr\u00e9dito utilizado na compra;<\/p>\n\n\n\n<p>&#8211; Caderneta de vacina\u00e7\u00e3o que comprove duas doses (ou dose \u00fanica, nos casos indicados pelo fabricante da vacina), at\u00e9 o dia 06\/07\/2021, ou resultado negativo (n\u00e3o reagente) do exame RT-PCR para Covid-19, realizado a partir de segunda-feira, dia 19\/07.<\/p>\n\n\n\n<p>Caso um mesmo voucher contenha mais de um ingresso, o titular da compra e todos os seus convidados dever\u00e3o estar presentes no momento da retirada e todos devem portar os documentos obrigat\u00f3rios. Al\u00e9m disso, todos os ingressos devem ser retirados no mesmo momento, sem a possibilidade de troca posterior.<\/p>\n\n\n\n<p><strong>Pontos de retirada de ingressos:<\/strong><\/p>\n\n\n\n<p><strong><em>BRAS\u00cdLIA<\/em><\/strong><\/p>\n\n\n\n<p>Man\u00e9 Garrincha<\/p>\n\n\n\n<p>Dia 20\/07\/2021 &#8211; Hor\u00e1rio de 09:00 \u00e0s 19:00<\/p>\n\n\n\n<p>Dia 21\/07\/2021 &#8211; Hor\u00e1rio de 09:00 \u00e0s 19:00<\/p>\n\n\n\n<p><strong><em>RIO DE JANEIRO<\/em><\/strong><\/p>\n\n\n\n<p>Maracan\u00e3 \u2013 Bilheterias 01 &#8211; Setores INFERIORES<\/p>\n\n\n\n<p>Dia 20\/07\/2021 &#8211; Hor\u00e1rio de 08:00 \u00e0s 19:00<\/p>\n\n\n\n<p>Dia 21\/07\/2021 &#8211; Hor\u00e1rio de 08:00 \u00e0s 16:00<\/p>\n\n\n\n<p>Maracan\u00e3 \u2013 Bilheterias 02 &#8211; Setores SUPERIORES<\/p>\n\n\n\n<p>Dia 20\/07\/2021 &#8211; Hor\u00e1rio de 08:00 \u00e0s 19:00<\/p>\n\n\n\n<p>Dia 21\/07\/2021 &#8211; Hor\u00e1rio de 08:00 \u00e0s 16:00<\/p>\n\n\n\n<p>Maracan\u00e3 \u2013 Bilheterias 04 &#8211; VACINADOS<\/p>\n\n\n\n<p>Dia 20\/07\/2021 &#8211; Hor\u00e1rio de 08:00 \u00e0s 19:00<\/p>\n\n\n\n<p>Dia 21\/07\/2021 &#8211; Hor\u00e1rio de 08:00 \u00e0s 16:00<\/p>\n\n\n\n<p>G\u00e1vea (Ponto exclusivo para associados do clube)<\/p>\n\n\n\n<p>Avenida Borges de Medeiros, 997 &#8211; Lagoa &#8211; Rio de Janeiro \u2013 RJ.<\/p>\n\n\n\n<p>Dia 20\/07\/2021 &#8211; Hor\u00e1rio de 10:00 \u00e0s 18:00<\/p>\n\n\n\n<p>Dia 21\/07\/2021 &#8211; Hor\u00e1rio de 10:00 \u00e0s 16:00<\/p>\n\n\n\n<p>Loja Oficial do Flamengo na G\u00e1vea<\/p>\n\n\n\n<p>Avenida Borges de Medeiros, 997 &#8211; Lagoa &#8211; Rio de Janeiro \u2013 RJ.<\/p>\n\n\n\n<p>Dia 20\/07\/2021 &#8211; Hor\u00e1rio de 15:00 \u00e0s 21:00<\/p>\n\n\n\n<p>Retirado de: Globo Esporte<\/p>\n","protected":false},"excerpt":{"rendered":"<p>Come\u00e7ou nesta ter\u00e7a-feira, no Rio e em Bras\u00edlia, a retirada de ingressos para o duelo do Flamengo com o Defensa y Justicia, quarta-feira, no Man\u00e9 Garrincha. O clube divulgou os detalhes para os torcedores realizarem a troca do voucher pelo bilhete. Confira os documentos necess\u00e1rios para a retirada do ingresso f\u00edsico e da pulseira de [&hellip;]<\/p>\n","protected":false},"author":1,"featured_media":58305,"comment_status":"open","ping_status":"closed","sticky":false,"template":"","format":"standard","meta":{"footnotes":""},"categories":[1],"tags":[],"class_list":["post-64639","post","type-post","status-publish","format-standard","has-post-thumbnail","hentry","category-flamengo"],"yoast_head":"<!-- This site is optimized with the Yoast SEO Premium plugin v24.2 (Yoast SEO v26.9) - https:\/\/yoast.com\/product\/yoast-seo-premium-wordpress\/ -->\n<title>Flamengo divulga detalhes da troca de ingressos para o duelo com Defensa y Justicia<\/title>\n<meta name=\"robots\" content=\"index, follow, max-snippet:-1, max-image-preview:large, max-video-preview:-1\" \/>\n<link rel=\"canonical\" href=\"https:\/\/www.gaveanews.com\/index.php\/2021\/07\/20\/flamengo-divulga-detalhes-da-troca-de-ingressos-para-o-duelo-com-defensa-y-justicia\/\" \/>\n<meta property=\"og:locale\" content=\"pt_BR\" \/>\n<meta property=\"og:type\" content=\"article\" \/>\n<meta property=\"og:title\" content=\"Flamengo divulga detalhes da troca de ingressos para o duelo com Defensa y Justicia\" \/>\n<meta property=\"og:description\" content=\"Come\u00e7ou nesta ter\u00e7a-feira, no Rio e em Bras\u00edlia, a retirada de ingressos para o duelo do Flamengo com o Defensa y Justicia, quarta-feira, no Man\u00e9 Garrincha. O clube divulgou os detalhes para os torcedores realizarem a troca do voucher pelo bilhete. Confira os documentos necess\u00e1rios para a retirada do ingresso f\u00edsico e da pulseira de [&hellip;]\" \/>\n<meta property=\"og:url\" content=\"https:\/\/www.gaveanews.com\/index.php\/2021\/07\/20\/flamengo-divulga-detalhes-da-troca-de-ingressos-para-o-duelo-com-defensa-y-justicia\/\" \/>\n<meta property=\"og:site_name\" content=\"G\u00e1vea News\" \/>\n<meta property=\"article:publisher\" content=\"https:\/\/facebook.com\/gaveaNews\/\" \/>\n<meta property=\"article:published_time\" content=\"2021-07-20T13:54:36+00:00\" \/>\n<meta property=\"article:modified_time\" content=\"2021-07-20T13:54:41+00:00\" \/>\n<meta property=\"og:image\" content=\"https:\/\/www.gaveanews.com\/wp-content\/uploads\/Taca-da-Copa-Libertadores-da-America-no-gramado-do-estadio-do-Maracana.webp\" \/>\n\t<meta property=\"og:image:width\" content=\"1080\" \/>\n\t<meta property=\"og:image:height\" content=\"1079\" \/>\n\t<meta property=\"og:image:type\" content=\"image\/jpeg\" \/>\n<meta name=\"author\" content=\"Equipe G\u00e1vea News\" \/>\n<meta name=\"twitter:card\" content=\"summary_large_image\" \/>\n<meta name=\"twitter:label1\" content=\"Escrito por\" \/>\n\t<meta name=\"twitter:data1\" content=\"Equipe G\u00e1vea News\" \/>\n\t<meta name=\"twitter:label2\" content=\"Est. tempo de leitura\" \/>\n\t<meta name=\"twitter:data2\" content=\"2 minutos\" \/>\n<script type=\"application\/ld+json\" class=\"yoast-schema-graph\">{\"@context\":\"https:\/\/schema.org\",\"@graph\":[{\"@type\":\"NewsArticle\",\"@id\":\"https:\/\/www.gaveanews.com\/index.php\/2021\/07\/20\/flamengo-divulga-detalhes-da-troca-de-ingressos-para-o-duelo-com-defensa-y-justicia\/#article\",\"isPartOf\":{\"@id\":\"https:\/\/www.gaveanews.com\/index.php\/2021\/07\/20\/flamengo-divulga-detalhes-da-troca-de-ingressos-para-o-duelo-com-defensa-y-justicia\/\"},\"author\":{\"name\":\"Equipe G\u00e1vea News\",\"@id\":\"https:\/\/www.gaveanews.com\/#\/schema\/person\/2ec14f73fb96be2caf28f91afb14749d\"},\"headline\":\"Flamengo divulga detalhes da troca de ingressos para o duelo com Defensa y Justicia\",\"datePublished\":\"2021-07-20T13:54:36+00:00\",\"dateModified\":\"2021-07-20T13:54:41+00:00\",\"mainEntityOfPage\":{\"@id\":\"https:\/\/www.gaveanews.com\/index.php\/2021\/07\/20\/flamengo-divulga-detalhes-da-troca-de-ingressos-para-o-duelo-com-defensa-y-justicia\/\"},\"wordCount\":371,\"commentCount\":0,\"image\":{\"@id\":\"https:\/\/www.gaveanews.com\/index.php\/2021\/07\/20\/flamengo-divulga-detalhes-da-troca-de-ingressos-para-o-duelo-com-defensa-y-justicia\/#primaryimage\"},\"thumbnailUrl\":\"https:\/\/www.gaveanews.com\/wp-content\/uploads\/Taca-da-Copa-Libertadores-da-America-no-gramado-do-estadio-do-Maracana.webp\",\"articleSection\":[\"Flamengo\"],\"inLanguage\":\"pt-BR\",\"potentialAction\":[{\"@type\":\"CommentAction\",\"name\":\"Comment\",\"target\":[\"https:\/\/www.gaveanews.com\/index.php\/2021\/07\/20\/flamengo-divulga-detalhes-da-troca-de-ingressos-para-o-duelo-com-defensa-y-justicia\/#respond\"]}],\"copyrightYear\":\"2021\",\"copyrightHolder\":{\"@id\":\"https:\/\/www.gaveanews.com\/#organization\"}},{\"@type\":\"WebPage\",\"@id\":\"https:\/\/www.gaveanews.com\/index.php\/2021\/07\/20\/flamengo-divulga-detalhes-da-troca-de-ingressos-para-o-duelo-com-defensa-y-justicia\/\",\"url\":\"https:\/\/www.gaveanews.com\/index.php\/2021\/07\/20\/flamengo-divulga-detalhes-da-troca-de-ingressos-para-o-duelo-com-defensa-y-justicia\/\",\"name\":\"Flamengo divulga detalhes da troca de ingressos para o duelo com Defensa y Justicia\",\"isPartOf\":{\"@id\":\"https:\/\/www.gaveanews.com\/#website\"},\"primaryImageOfPage\":{\"@id\":\"https:\/\/www.gaveanews.com\/index.php\/2021\/07\/20\/flamengo-divulga-detalhes-da-troca-de-ingressos-para-o-duelo-com-defensa-y-justicia\/#primaryimage\"},\"image\":{\"@id\":\"https:\/\/www.gaveanews.com\/index.php\/2021\/07\/20\/flamengo-divulga-detalhes-da-troca-de-ingressos-para-o-duelo-com-defensa-y-justicia\/#primaryimage\"},\"thumbnailUrl\":\"https:\/\/www.gaveanews.com\/wp-content\/uploads\/Taca-da-Copa-Libertadores-da-America-no-gramado-do-estadio-do-Maracana.webp\",\"datePublished\":\"2021-07-20T13:54:36+00:00\",\"dateModified\":\"2021-07-20T13:54:41+00:00\",\"author\":{\"@id\":\"https:\/\/www.gaveanews.com\/#\/schema\/person\/2ec14f73fb96be2caf28f91afb14749d\"},\"breadcrumb\":{\"@id\":\"https:\/\/www.gaveanews.com\/index.php\/2021\/07\/20\/flamengo-divulga-detalhes-da-troca-de-ingressos-para-o-duelo-com-defensa-y-justicia\/#breadcrumb\"},\"inLanguage\":\"pt-BR\",\"potentialAction\":[{\"@type\":\"ReadAction\",\"target\":[\"https:\/\/www.gaveanews.com\/index.php\/2021\/07\/20\/flamengo-divulga-detalhes-da-troca-de-ingressos-para-o-duelo-com-defensa-y-justicia\/\"]}]},{\"@type\":\"ImageObject\",\"inLanguage\":\"pt-BR\",\"@id\":\"https:\/\/www.gaveanews.com\/index.php\/2021\/07\/20\/flamengo-divulga-detalhes-da-troca-de-ingressos-para-o-duelo-com-defensa-y-justicia\/#primaryimage\",\"url\":\"https:\/\/www.gaveanews.com\/wp-content\/uploads\/Taca-da-Copa-Libertadores-da-America-no-gramado-do-estadio-do-Maracana.webp\",\"contentUrl\":\"https:\/\/www.gaveanews.com\/wp-content\/uploads\/Taca-da-Copa-Libertadores-da-America-no-gramado-do-estadio-do-Maracana.webp\",\"width\":1080,\"height\":1079,\"caption\":\"Ta\u00e7a da Copa Libertadores da Am\u00e9rica no gramado do est\u00e1dio do Maracan\u00e3 (Foto: Conmebol)\"},{\"@type\":\"BreadcrumbList\",\"@id\":\"https:\/\/www.gaveanews.com\/index.php\/2021\/07\/20\/flamengo-divulga-detalhes-da-troca-de-ingressos-para-o-duelo-com-defensa-y-justicia\/#breadcrumb\",\"itemListElement\":[{\"@type\":\"ListItem\",\"position\":1,\"name\":\"Home\",\"item\":\"https:\/\/www.gaveanews.com\/\"},{\"@type\":\"ListItem\",\"position\":2,\"name\":\"Flamengo divulga detalhes da troca de ingressos para o duelo com Defensa y Justicia\"}]},{\"@type\":\"WebSite\",\"@id\":\"https:\/\/www.gaveanews.com\/#website\",\"url\":\"https:\/\/www.gaveanews.com\/\",\"name\":\"G\u00e1vea News\",\"description\":\"Veja todas as not\u00edcias sobre o Flamengo: Contrata\u00e7\u00f5es, categorias de base, resultados das partidas, tabela de classifica\u00e7\u00e3o, pr\u00f3ximos jogos!\",\"potentialAction\":[{\"@type\":\"SearchAction\",\"target\":{\"@type\":\"EntryPoint\",\"urlTemplate\":\"https:\/\/www.gaveanews.com\/?s={search_term_string}\"},\"query-input\":{\"@type\":\"PropertyValueSpecification\",\"valueRequired\":true,\"valueName\":\"search_term_string\"}}],\"inLanguage\":\"pt-BR\"},{\"@type\":\"Person\",\"@id\":\"https:\/\/www.gaveanews.com\/#\/schema\/person\/2ec14f73fb96be2caf28f91afb14749d\",\"name\":\"Equipe G\u00e1vea News\",\"image\":{\"@type\":\"ImageObject\",\"inLanguage\":\"pt-BR\",\"@id\":\"https:\/\/www.gaveanews.com\/#\/schema\/person\/image\/\",\"url\":\"https:\/\/secure.gravatar.com\/avatar\/1e1956f1facbffd3f8fa53a326721950116b3b9dc9bd44939c01180fd4a745a9?s=96&d=mm&r=g\",\"contentUrl\":\"https:\/\/secure.gravatar.com\/avatar\/1e1956f1facbffd3f8fa53a326721950116b3b9dc9bd44939c01180fd4a745a9?s=96&d=mm&r=g\",\"caption\":\"Equipe G\u00e1vea News\"}}]}<\/script>\n<!-- \/ Yoast SEO Premium plugin. -->","yoast_head_json":{"title":"Flamengo divulga detalhes da troca de ingressos para o duelo com Defensa y Justicia","robots":{"index":"index","follow":"follow","max-snippet":"max-snippet:-1","max-image-preview":"max-image-preview:large","max-video-preview":"max-video-preview:-1"},"canonical":"https:\/\/www.gaveanews.com\/index.php\/2021\/07\/20\/flamengo-divulga-detalhes-da-troca-de-ingressos-para-o-duelo-com-defensa-y-justicia\/","og_locale":"pt_BR","og_type":"article","og_title":"Flamengo divulga detalhes da troca de ingressos para o duelo com Defensa y Justicia","og_description":"Come\u00e7ou nesta ter\u00e7a-feira, no Rio e em Bras\u00edlia, a retirada de ingressos para o duelo do Flamengo com o Defensa y Justicia, quarta-feira, no Man\u00e9 Garrincha. O clube divulgou os detalhes para os torcedores realizarem a troca do voucher pelo bilhete. Confira os documentos necess\u00e1rios para a retirada do ingresso f\u00edsico e da pulseira de [&hellip;]","og_url":"https:\/\/www.gaveanews.com\/index.php\/2021\/07\/20\/flamengo-divulga-detalhes-da-troca-de-ingressos-para-o-duelo-com-defensa-y-justicia\/","og_site_name":"G\u00e1vea News","article_publisher":"https:\/\/facebook.com\/gaveaNews\/","article_published_time":"2021-07-20T13:54:36+00:00","article_modified_time":"2021-07-20T13:54:41+00:00","og_image":[{"width":1080,"height":1079,"url":"https:\/\/www.gaveanews.com\/wp-content\/uploads\/Taca-da-Copa-Libertadores-da-America-no-gramado-do-estadio-do-Maracana.webp","type":"image\/jpeg"}],"author":"Equipe G\u00e1vea News","twitter_card":"summary_large_image","twitter_misc":{"Escrito por":"Equipe G\u00e1vea News","Est. tempo de leitura":"2 minutos"},"schema":{"@context":"https:\/\/schema.org","@graph":[{"@type":"NewsArticle","@id":"https:\/\/www.gaveanews.com\/index.php\/2021\/07\/20\/flamengo-divulga-detalhes-da-troca-de-ingressos-para-o-duelo-com-defensa-y-justicia\/#article","isPartOf":{"@id":"https:\/\/www.gaveanews.com\/index.php\/2021\/07\/20\/flamengo-divulga-detalhes-da-troca-de-ingressos-para-o-duelo-com-defensa-y-justicia\/"},"author":{"name":"Equipe G\u00e1vea News","@id":"https:\/\/www.gaveanews.com\/#\/schema\/person\/2ec14f73fb96be2caf28f91afb14749d"},"headline":"Flamengo divulga detalhes da troca de ingressos para o duelo com Defensa y Justicia","datePublished":"2021-07-20T13:54:36+00:00","dateModified":"2021-07-20T13:54:41+00:00","mainEntityOfPage":{"@id":"https:\/\/www.gaveanews.com\/index.php\/2021\/07\/20\/flamengo-divulga-detalhes-da-troca-de-ingressos-para-o-duelo-com-defensa-y-justicia\/"},"wordCount":371,"commentCount":0,"image":{"@id":"https:\/\/www.gaveanews.com\/index.php\/2021\/07\/20\/flamengo-divulga-detalhes-da-troca-de-ingressos-para-o-duelo-com-defensa-y-justicia\/#primaryimage"},"thumbnailUrl":"https:\/\/www.gaveanews.com\/wp-content\/uploads\/Taca-da-Copa-Libertadores-da-America-no-gramado-do-estadio-do-Maracana.webp","articleSection":["Flamengo"],"inLanguage":"pt-BR","potentialAction":[{"@type":"CommentAction","name":"Comment","target":["https:\/\/www.gaveanews.com\/index.php\/2021\/07\/20\/flamengo-divulga-detalhes-da-troca-de-ingressos-para-o-duelo-com-defensa-y-justicia\/#respond"]}],"copyrightYear":"2021","copyrightHolder":{"@id":"https:\/\/www.gaveanews.com\/#organization"}},{"@type":"WebPage","@id":"https:\/\/www.gaveanews.com\/index.php\/2021\/07\/20\/flamengo-divulga-detalhes-da-troca-de-ingressos-para-o-duelo-com-defensa-y-justicia\/","url":"https:\/\/www.gaveanews.com\/index.php\/2021\/07\/20\/flamengo-divulga-detalhes-da-troca-de-ingressos-para-o-duelo-com-defensa-y-justicia\/","name":"Flamengo divulga detalhes da troca de ingressos para o duelo com Defensa y Justicia","isPartOf":{"@id":"https:\/\/www.gaveanews.com\/#website"},"primaryImageOfPage":{"@id":"https:\/\/www.gaveanews.com\/index.php\/2021\/07\/20\/flamengo-divulga-detalhes-da-troca-de-ingressos-para-o-duelo-com-defensa-y-justicia\/#primaryimage"},"image":{"@id":"https:\/\/www.gaveanews.com\/index.php\/2021\/07\/20\/flamengo-divulga-detalhes-da-troca-de-ingressos-para-o-duelo-com-defensa-y-justicia\/#primaryimage"},"thumbnailUrl":"https:\/\/www.gaveanews.com\/wp-content\/uploads\/Taca-da-Copa-Libertadores-da-America-no-gramado-do-estadio-do-Maracana.webp","datePublished":"2021-07-20T13:54:36+00:00","dateModified":"2021-07-20T13:54:41+00:00","author":{"@id":"https:\/\/www.gaveanews.com\/#\/schema\/person\/2ec14f73fb96be2caf28f91afb14749d"},"breadcrumb":{"@id":"https:\/\/www.gaveanews.com\/index.php\/2021\/07\/20\/flamengo-divulga-detalhes-da-troca-de-ingressos-para-o-duelo-com-defensa-y-justicia\/#breadcrumb"},"inLanguage":"pt-BR","potentialAction":[{"@type":"ReadAction","target":["https:\/\/www.gaveanews.com\/index.php\/2021\/07\/20\/flamengo-divulga-detalhes-da-troca-de-ingressos-para-o-duelo-com-defensa-y-justicia\/"]}]},{"@type":"ImageObject","inLanguage":"pt-BR","@id":"https:\/\/www.gaveanews.com\/index.php\/2021\/07\/20\/flamengo-divulga-detalhes-da-troca-de-ingressos-para-o-duelo-com-defensa-y-justicia\/#primaryimage","url":"https:\/\/www.gaveanews.com\/wp-content\/uploads\/Taca-da-Copa-Libertadores-da-America-no-gramado-do-estadio-do-Maracana.webp","contentUrl":"https:\/\/www.gaveanews.com\/wp-content\/uploads\/Taca-da-Copa-Libertadores-da-America-no-gramado-do-estadio-do-Maracana.webp","width":1080,"height":1079,"caption":"Ta\u00e7a da Copa Libertadores da Am\u00e9rica no gramado do est\u00e1dio do Maracan\u00e3 (Foto: Conmebol)"},{"@type":"BreadcrumbList","@id":"https:\/\/www.gaveanews.com\/index.php\/2021\/07\/20\/flamengo-divulga-detalhes-da-troca-de-ingressos-para-o-duelo-com-defensa-y-justicia\/#breadcrumb","itemListElement":[{"@type":"ListItem","position":1,"name":"Home","item":"https:\/\/www.gaveanews.com\/"},{"@type":"ListItem","position":2,"name":"Flamengo divulga detalhes da troca de ingressos para o duelo com Defensa y Justicia"}]},{"@type":"WebSite","@id":"https:\/\/www.gaveanews.com\/#website","url":"https:\/\/www.gaveanews.com\/","name":"G\u00e1vea News","description":"Veja todas as not\u00edcias sobre o Flamengo: Contrata\u00e7\u00f5es, categorias de base, resultados das partidas, tabela de classifica\u00e7\u00e3o, pr\u00f3ximos jogos!","potentialAction":[{"@type":"SearchAction","target":{"@type":"EntryPoint","urlTemplate":"https:\/\/www.gaveanews.com\/?s={search_term_string}"},"query-input":{"@type":"PropertyValueSpecification","valueRequired":true,"valueName":"search_term_string"}}],"inLanguage":"pt-BR"},{"@type":"Person","@id":"https:\/\/www.gaveanews.com\/#\/schema\/person\/2ec14f73fb96be2caf28f91afb14749d","name":"Equipe G\u00e1vea News","image":{"@type":"ImageObject","inLanguage":"pt-BR","@id":"https:\/\/www.gaveanews.com\/#\/schema\/person\/image\/","url":"https:\/\/secure.gravatar.com\/avatar\/1e1956f1facbffd3f8fa53a326721950116b3b9dc9bd44939c01180fd4a745a9?s=96&d=mm&r=g","contentUrl":"https:\/\/secure.gravatar.com\/avatar\/1e1956f1facbffd3f8fa53a326721950116b3b9dc9bd44939c01180fd4a745a9?s=96&d=mm&r=g","caption":"Equipe G\u00e1vea News"}}]}},"_links":{"self":[{"href":"https:\/\/www.gaveanews.com\/index.php\/wp-json\/wp\/v2\/posts\/64639","targetHints":{"allow":["GET"]}}],"collection":[{"href":"https:\/\/www.gaveanews.com\/index.php\/wp-json\/wp\/v2\/posts"}],"about":[{"href":"https:\/\/www.gaveanews.com\/index.php\/wp-json\/wp\/v2\/types\/post"}],"author":[{"embeddable":true,"href":"https:\/\/www.gaveanews.com\/index.php\/wp-json\/wp\/v2\/users\/1"}],"replies":[{"embeddable":true,"href":"https:\/\/www.gaveanews.com\/index.php\/wp-json\/wp\/v2\/comments?post=64639"}],"version-history":[{"count":0,"href":"https:\/\/www.gaveanews.com\/index.php\/wp-json\/wp\/v2\/posts\/64639\/revisions"}],"wp:featuredmedia":[{"embeddable":true,"href":"https:\/\/www.gaveanews.com\/index.php\/wp-json\/wp\/v2\/media\/58305"}],"wp:attachment":[{"href":"https:\/\/www.gaveanews.com\/index.php\/wp-json\/wp\/v2\/media?parent=64639"}],"wp:term":[{"taxonomy":"category","embeddable":true,"href":"https:\/\/www.gaveanews.com\/index.php\/wp-json\/wp\/v2\/categories?post=64639"},{"taxonomy":"post_tag","embeddable":true,"href":"https:\/\/www.gaveanews.com\/index.php\/wp-json\/wp\/v2\/tags?post=64639"}],"curies":[{"name":"wp","href":"https:\/\/api.w.org\/{rel}","templated":true}]}}