{"id":64644,"date":"2021-07-20T14:56:35","date_gmt":"2021-07-20T17:56:35","guid":{"rendered":"https:\/\/www.gaveanews.com\/?p=64644"},"modified":"2021-08-12T00:47:25","modified_gmt":"2021-08-12T03:47:25","slug":"flamengo-emplaca-4-representantes-na-selecao-da-12a-rodada-do-brasileiro","status":"publish","type":"post","link":"https:\/\/www.gaveanews.com\/index.php\/2021\/07\/20\/flamengo-emplaca-4-representantes-na-selecao-da-12a-rodada-do-brasileiro\/","title":{"rendered":"Flamengo emplaca 4 representantes na sele\u00e7\u00e3o da 12\u00aa rodada do Brasileiro"},"content":{"rendered":"\n<p>A 12\u00aa rodada do Campeonato Brasileiro encerrou na \u00faltima segunda-feira (19), com a vit\u00f3ria por 1 a 0 do Sport sobre o Am\u00e9rica-MG. Desta forma, o perfil do torneio do Twitter abriu as vota\u00e7\u00f5es para a Sele\u00e7\u00e3o da Rodada.<\/p>\n\n\n\n<p>Com o placar mais el\u00e1stico do fim de semana, o Flamengo garantiu quatro representantes na defini\u00e7\u00e3o final da escala\u00e7\u00e3o. Dentre os principais destaques, Gabi, o autor do hat-trick, Isla, Diego e Renato Ga\u00facho estiveram entre os mais escolhidos pelos torcedores.<\/p>\n\n\n\n<p>Desta forma, o Mais Querido foi o clube com mais nomes entre os melhores avaliados. Depois dele, Gr\u00eamio, Atl\u00e9tico-MG, Sport e Palmeiras apareceram na lista, com dois jogadores cada. Assim, al\u00e9m de dominar a sele\u00e7\u00e3o do torcedor com o dobro de representantes em rela\u00e7\u00e3o aos demais clubes, o Fla conseguiu subir na tabela e voltou a se desempenhar bem no campeonato.<\/p>\n\n\n\n<p><strong>Confira a Sele\u00e7\u00e3o da Rodada:<\/strong> Gabriel Chapec\u00f3 (GRE), <strong>Isla (FLA)<\/strong>, Geromel (GRE), G. Gomez (PAL) e Chico (SPO); <strong>Diego (FLA)<\/strong>, Allan (CAM), G. Scarpa (PAL) e P. Moccelin (SPO); <strong>Gabigol (FLA)<\/strong> e Hulk (CAM). T\u00e9cnico: <strong>Renato Ga\u00facho (FLA)<\/strong>.<\/p>\n\n\n\n<h2 class=\"wp-block-heading\" id=\"h-veja-a-escala-o\">Veja a escala\u00e7\u00e3o:<\/h2>\n\n\n\n<figure class=\"wp-block-embed is-type-rich is-provider-twitter wp-block-embed-twitter\"><div class=\"wp-block-embed__wrapper\">\n<blockquote class=\"twitter-tweet\" data-width=\"550\" data-dnt=\"true\"><p lang=\"pt\" dir=\"ltr\">Voc\u00ea votou, e a <a href=\"https:\/\/twitter.com\/hashtag\/Sele%C3%A7%C3%A3oDoTorcedorBR21?src=hash&amp;ref_src=twsrc%5Etfw\">#Sele\u00e7\u00e3oDoTorcedorBR21<\/a> da 12a Rodada ficou assim! E a\u00ed, curtiu?<a href=\"https:\/\/twitter.com\/hashtag\/BRSDT?src=hash&amp;ref_src=twsrc%5Etfw\">#BRSDT<\/a> \ud83c\udde7\ud83c\uddf7 <a href=\"https:\/\/t.co\/Jig96NxQ5f\">pic.twitter.com\/Jig96NxQ5f<\/a><\/p>&mdash; Brasileir\u00e3o (@Brasileirao) <a href=\"https:\/\/twitter.com\/Brasileirao\/status\/1417504617093603329?ref_src=twsrc%5Etfw\">July 20, 2021<\/a><\/blockquote><script async src=\"https:\/\/platform.twitter.com\/widgets.js\" charset=\"utf-8\"><\/script>\n<\/div><\/figure>\n\n\n\n<p>Ap\u00f3s golear o Bahia, o Flamengo agora se prepara para enfrentar o Defensa y Justicia em duelo decisivo por uma vaga nas quartas de final da Libertadores. O confronto contra os argentinos acontecer\u00e1 \u00e0s 21h30 (hor\u00e1rio de Bras\u00edlia), desta quarta-feira (21), no Est\u00e1dio Man\u00e9 Garrincha.<\/p>\n","protected":false},"excerpt":{"rendered":"<p>A 12\u00aa rodada do Campeonato Brasileiro encerrou na \u00faltima segunda-feira (19), com a vit\u00f3ria por 1 a 0 do Sport sobre o Am\u00e9rica-MG. Desta forma, o perfil do torneio do Twitter abriu as vota\u00e7\u00f5es para a Sele\u00e7\u00e3o da Rodada. Com o placar mais el\u00e1stico do fim de semana, o Flamengo garantiu quatro representantes na defini\u00e7\u00e3o [&hellip;]<\/p>\n","protected":false},"author":4,"featured_media":64569,"comment_status":"open","ping_status":"closed","sticky":false,"template":"","format":"standard","meta":{"footnotes":""},"categories":[1],"tags":[],"class_list":["post-64644","post","type-post","status-publish","format-standard","has-post-thumbnail","hentry","category-flamengo"],"yoast_head":"<!-- This site is optimized with the Yoast SEO Premium plugin v24.2 (Yoast SEO v26.9) - https:\/\/yoast.com\/product\/yoast-seo-premium-wordpress\/ -->\n<title>Flamengo possui 4 representantes na sele\u00e7\u00e3o da 12\u00aa rodada do Brasileiro<\/title>\n<meta name=\"robots\" content=\"index, follow, max-snippet:-1, max-image-preview:large, max-video-preview:-1\" \/>\n<link rel=\"canonical\" href=\"https:\/\/www.gaveanews.com\/index.php\/2021\/07\/20\/flamengo-emplaca-4-representantes-na-selecao-da-12a-rodada-do-brasileiro\/\" \/>\n<meta property=\"og:locale\" content=\"pt_BR\" \/>\n<meta property=\"og:type\" content=\"article\" \/>\n<meta property=\"og:title\" content=\"Flamengo emplaca 4 representantes na sele\u00e7\u00e3o da 12\u00aa rodada do Brasileiro\" \/>\n<meta property=\"og:description\" content=\"A 12\u00aa rodada do Campeonato Brasileiro encerrou na \u00faltima segunda-feira (19), com a vit\u00f3ria por 1 a 0 do Sport sobre o Am\u00e9rica-MG. Desta forma, o perfil do torneio do Twitter abriu as vota\u00e7\u00f5es para a Sele\u00e7\u00e3o da Rodada. Com o placar mais el\u00e1stico do fim de semana, o Flamengo garantiu quatro representantes na defini\u00e7\u00e3o [&hellip;]\" \/>\n<meta property=\"og:url\" content=\"https:\/\/www.gaveanews.com\/index.php\/2021\/07\/20\/flamengo-emplaca-4-representantes-na-selecao-da-12a-rodada-do-brasileiro\/\" \/>\n<meta property=\"og:site_name\" content=\"G\u00e1vea News\" \/>\n<meta property=\"article:publisher\" content=\"https:\/\/facebook.com\/gaveaNews\/\" \/>\n<meta property=\"article:published_time\" content=\"2021-07-20T17:56:35+00:00\" \/>\n<meta property=\"article:modified_time\" content=\"2021-08-12T03:47:25+00:00\" \/>\n<meta property=\"og:image\" content=\"https:\/\/www.gaveanews.com\/wp-content\/uploads\/Apos-marcar-contra-o-Bahia-Gabigol-ergue-as-maos-para-o-ceu.webp\" \/>\n\t<meta property=\"og:image:width\" content=\"799\" \/>\n\t<meta property=\"og:image:height\" content=\"533\" \/>\n\t<meta property=\"og:image:type\" content=\"image\/jpeg\" \/>\n<meta name=\"author\" content=\"Let\u00edcia Gerheim\" \/>\n<meta name=\"twitter:card\" content=\"summary_large_image\" \/>\n<meta name=\"twitter:label1\" content=\"Escrito por\" \/>\n\t<meta name=\"twitter:data1\" content=\"Let\u00edcia Gerheim\" \/>\n\t<meta name=\"twitter:label2\" content=\"Est. tempo de leitura\" \/>\n\t<meta name=\"twitter:data2\" content=\"1 minuto\" \/>\n<script type=\"application\/ld+json\" class=\"yoast-schema-graph\">{\"@context\":\"https:\/\/schema.org\",\"@graph\":[{\"@type\":\"NewsArticle\",\"@id\":\"https:\/\/www.gaveanews.com\/index.php\/2021\/07\/20\/flamengo-emplaca-4-representantes-na-selecao-da-12a-rodada-do-brasileiro\/#article\",\"isPartOf\":{\"@id\":\"https:\/\/www.gaveanews.com\/index.php\/2021\/07\/20\/flamengo-emplaca-4-representantes-na-selecao-da-12a-rodada-do-brasileiro\/\"},\"author\":{\"name\":\"Let\u00edcia Gerheim\",\"@id\":\"https:\/\/www.gaveanews.com\/#\/schema\/person\/714c67050b836198af2450ba1c142a67\"},\"headline\":\"Flamengo emplaca 4 representantes na sele\u00e7\u00e3o da 12\u00aa rodada do Brasileiro\",\"datePublished\":\"2021-07-20T17:56:35+00:00\",\"dateModified\":\"2021-08-12T03:47:25+00:00\",\"mainEntityOfPage\":{\"@id\":\"https:\/\/www.gaveanews.com\/index.php\/2021\/07\/20\/flamengo-emplaca-4-representantes-na-selecao-da-12a-rodada-do-brasileiro\/\"},\"wordCount\":258,\"commentCount\":2,\"image\":{\"@id\":\"https:\/\/www.gaveanews.com\/index.php\/2021\/07\/20\/flamengo-emplaca-4-representantes-na-selecao-da-12a-rodada-do-brasileiro\/#primaryimage\"},\"thumbnailUrl\":\"https:\/\/www.gaveanews.com\/wp-content\/uploads\/Apos-marcar-contra-o-Bahia-Gabigol-ergue-as-maos-para-o-ceu.webp\",\"articleSection\":[\"Flamengo\"],\"inLanguage\":\"pt-BR\",\"potentialAction\":[{\"@type\":\"CommentAction\",\"name\":\"Comment\",\"target\":[\"https:\/\/www.gaveanews.com\/index.php\/2021\/07\/20\/flamengo-emplaca-4-representantes-na-selecao-da-12a-rodada-do-brasileiro\/#respond\"]}],\"copyrightYear\":\"2021\",\"copyrightHolder\":{\"@id\":\"https:\/\/www.gaveanews.com\/#organization\"}},{\"@type\":\"WebPage\",\"@id\":\"https:\/\/www.gaveanews.com\/index.php\/2021\/07\/20\/flamengo-emplaca-4-representantes-na-selecao-da-12a-rodada-do-brasileiro\/\",\"url\":\"https:\/\/www.gaveanews.com\/index.php\/2021\/07\/20\/flamengo-emplaca-4-representantes-na-selecao-da-12a-rodada-do-brasileiro\/\",\"name\":\"Flamengo possui 4 representantes na sele\u00e7\u00e3o da 12\u00aa rodada do Brasileiro\",\"isPartOf\":{\"@id\":\"https:\/\/www.gaveanews.com\/#website\"},\"primaryImageOfPage\":{\"@id\":\"https:\/\/www.gaveanews.com\/index.php\/2021\/07\/20\/flamengo-emplaca-4-representantes-na-selecao-da-12a-rodada-do-brasileiro\/#primaryimage\"},\"image\":{\"@id\":\"https:\/\/www.gaveanews.com\/index.php\/2021\/07\/20\/flamengo-emplaca-4-representantes-na-selecao-da-12a-rodada-do-brasileiro\/#primaryimage\"},\"thumbnailUrl\":\"https:\/\/www.gaveanews.com\/wp-content\/uploads\/Apos-marcar-contra-o-Bahia-Gabigol-ergue-as-maos-para-o-ceu.webp\",\"datePublished\":\"2021-07-20T17:56:35+00:00\",\"dateModified\":\"2021-08-12T03:47:25+00:00\",\"author\":{\"@id\":\"https:\/\/www.gaveanews.com\/#\/schema\/person\/714c67050b836198af2450ba1c142a67\"},\"breadcrumb\":{\"@id\":\"https:\/\/www.gaveanews.com\/index.php\/2021\/07\/20\/flamengo-emplaca-4-representantes-na-selecao-da-12a-rodada-do-brasileiro\/#breadcrumb\"},\"inLanguage\":\"pt-BR\",\"potentialAction\":[{\"@type\":\"ReadAction\",\"target\":[\"https:\/\/www.gaveanews.com\/index.php\/2021\/07\/20\/flamengo-emplaca-4-representantes-na-selecao-da-12a-rodada-do-brasileiro\/\"]}]},{\"@type\":\"ImageObject\",\"inLanguage\":\"pt-BR\",\"@id\":\"https:\/\/www.gaveanews.com\/index.php\/2021\/07\/20\/flamengo-emplaca-4-representantes-na-selecao-da-12a-rodada-do-brasileiro\/#primaryimage\",\"url\":\"https:\/\/www.gaveanews.com\/wp-content\/uploads\/Apos-marcar-contra-o-Bahia-Gabigol-ergue-as-maos-para-o-ceu.webp\",\"contentUrl\":\"https:\/\/www.gaveanews.com\/wp-content\/uploads\/Apos-marcar-contra-o-Bahia-Gabigol-ergue-as-maos-para-o-ceu.webp\",\"width\":799,\"height\":533,\"caption\":\"Ap\u00f3s marcar contra o Bahia, Gabigol ergue as m\u00e3os para o c\u00e9u (Foto: Alexandre Vidal\/Flamengo)\"},{\"@type\":\"BreadcrumbList\",\"@id\":\"https:\/\/www.gaveanews.com\/index.php\/2021\/07\/20\/flamengo-emplaca-4-representantes-na-selecao-da-12a-rodada-do-brasileiro\/#breadcrumb\",\"itemListElement\":[{\"@type\":\"ListItem\",\"position\":1,\"name\":\"Home\",\"item\":\"https:\/\/www.gaveanews.com\/\"},{\"@type\":\"ListItem\",\"position\":2,\"name\":\"Flamengo emplaca 4 representantes na sele\u00e7\u00e3o da 12\u00aa rodada do Brasileiro\"}]},{\"@type\":\"WebSite\",\"@id\":\"https:\/\/www.gaveanews.com\/#website\",\"url\":\"https:\/\/www.gaveanews.com\/\",\"name\":\"G\u00e1vea News\",\"description\":\"Veja todas as not\u00edcias sobre o Flamengo: Contrata\u00e7\u00f5es, categorias de base, resultados das partidas, tabela de classifica\u00e7\u00e3o, pr\u00f3ximos jogos!\",\"potentialAction\":[{\"@type\":\"SearchAction\",\"target\":{\"@type\":\"EntryPoint\",\"urlTemplate\":\"https:\/\/www.gaveanews.com\/?s={search_term_string}\"},\"query-input\":{\"@type\":\"PropertyValueSpecification\",\"valueRequired\":true,\"valueName\":\"search_term_string\"}}],\"inLanguage\":\"pt-BR\"},{\"@type\":\"Person\",\"@id\":\"https:\/\/www.gaveanews.com\/#\/schema\/person\/714c67050b836198af2450ba1c142a67\",\"name\":\"Let\u00edcia Gerheim\",\"image\":{\"@type\":\"ImageObject\",\"inLanguage\":\"pt-BR\",\"@id\":\"https:\/\/www.gaveanews.com\/#\/schema\/person\/image\/\",\"url\":\"https:\/\/secure.gravatar.com\/avatar\/60734739c50fcebfbac509e2a826ccd0ff405c019bc73aab9354f19ecad1dcb4?s=96&d=mm&r=g\",\"contentUrl\":\"https:\/\/secure.gravatar.com\/avatar\/60734739c50fcebfbac509e2a826ccd0ff405c019bc73aab9354f19ecad1dcb4?s=96&d=mm&r=g\",\"caption\":\"Let\u00edcia Gerheim\"}}]}<\/script>\n<!-- \/ Yoast SEO Premium plugin. -->","yoast_head_json":{"title":"Flamengo possui 4 representantes na sele\u00e7\u00e3o da 12\u00aa rodada do Brasileiro","robots":{"index":"index","follow":"follow","max-snippet":"max-snippet:-1","max-image-preview":"max-image-preview:large","max-video-preview":"max-video-preview:-1"},"canonical":"https:\/\/www.gaveanews.com\/index.php\/2021\/07\/20\/flamengo-emplaca-4-representantes-na-selecao-da-12a-rodada-do-brasileiro\/","og_locale":"pt_BR","og_type":"article","og_title":"Flamengo emplaca 4 representantes na sele\u00e7\u00e3o da 12\u00aa rodada do Brasileiro","og_description":"A 12\u00aa rodada do Campeonato Brasileiro encerrou na \u00faltima segunda-feira (19), com a vit\u00f3ria por 1 a 0 do Sport sobre o Am\u00e9rica-MG. Desta forma, o perfil do torneio do Twitter abriu as vota\u00e7\u00f5es para a Sele\u00e7\u00e3o da Rodada. Com o placar mais el\u00e1stico do fim de semana, o Flamengo garantiu quatro representantes na defini\u00e7\u00e3o [&hellip;]","og_url":"https:\/\/www.gaveanews.com\/index.php\/2021\/07\/20\/flamengo-emplaca-4-representantes-na-selecao-da-12a-rodada-do-brasileiro\/","og_site_name":"G\u00e1vea News","article_publisher":"https:\/\/facebook.com\/gaveaNews\/","article_published_time":"2021-07-20T17:56:35+00:00","article_modified_time":"2021-08-12T03:47:25+00:00","og_image":[{"width":799,"height":533,"url":"https:\/\/www.gaveanews.com\/wp-content\/uploads\/Apos-marcar-contra-o-Bahia-Gabigol-ergue-as-maos-para-o-ceu.webp","type":"image\/jpeg"}],"author":"Let\u00edcia Gerheim","twitter_card":"summary_large_image","twitter_misc":{"Escrito por":"Let\u00edcia Gerheim","Est. tempo de leitura":"1 minuto"},"schema":{"@context":"https:\/\/schema.org","@graph":[{"@type":"NewsArticle","@id":"https:\/\/www.gaveanews.com\/index.php\/2021\/07\/20\/flamengo-emplaca-4-representantes-na-selecao-da-12a-rodada-do-brasileiro\/#article","isPartOf":{"@id":"https:\/\/www.gaveanews.com\/index.php\/2021\/07\/20\/flamengo-emplaca-4-representantes-na-selecao-da-12a-rodada-do-brasileiro\/"},"author":{"name":"Let\u00edcia Gerheim","@id":"https:\/\/www.gaveanews.com\/#\/schema\/person\/714c67050b836198af2450ba1c142a67"},"headline":"Flamengo emplaca 4 representantes na sele\u00e7\u00e3o da 12\u00aa rodada do Brasileiro","datePublished":"2021-07-20T17:56:35+00:00","dateModified":"2021-08-12T03:47:25+00:00","mainEntityOfPage":{"@id":"https:\/\/www.gaveanews.com\/index.php\/2021\/07\/20\/flamengo-emplaca-4-representantes-na-selecao-da-12a-rodada-do-brasileiro\/"},"wordCount":258,"commentCount":2,"image":{"@id":"https:\/\/www.gaveanews.com\/index.php\/2021\/07\/20\/flamengo-emplaca-4-representantes-na-selecao-da-12a-rodada-do-brasileiro\/#primaryimage"},"thumbnailUrl":"https:\/\/www.gaveanews.com\/wp-content\/uploads\/Apos-marcar-contra-o-Bahia-Gabigol-ergue-as-maos-para-o-ceu.webp","articleSection":["Flamengo"],"inLanguage":"pt-BR","potentialAction":[{"@type":"CommentAction","name":"Comment","target":["https:\/\/www.gaveanews.com\/index.php\/2021\/07\/20\/flamengo-emplaca-4-representantes-na-selecao-da-12a-rodada-do-brasileiro\/#respond"]}],"copyrightYear":"2021","copyrightHolder":{"@id":"https:\/\/www.gaveanews.com\/#organization"}},{"@type":"WebPage","@id":"https:\/\/www.gaveanews.com\/index.php\/2021\/07\/20\/flamengo-emplaca-4-representantes-na-selecao-da-12a-rodada-do-brasileiro\/","url":"https:\/\/www.gaveanews.com\/index.php\/2021\/07\/20\/flamengo-emplaca-4-representantes-na-selecao-da-12a-rodada-do-brasileiro\/","name":"Flamengo possui 4 representantes na sele\u00e7\u00e3o da 12\u00aa rodada do Brasileiro","isPartOf":{"@id":"https:\/\/www.gaveanews.com\/#website"},"primaryImageOfPage":{"@id":"https:\/\/www.gaveanews.com\/index.php\/2021\/07\/20\/flamengo-emplaca-4-representantes-na-selecao-da-12a-rodada-do-brasileiro\/#primaryimage"},"image":{"@id":"https:\/\/www.gaveanews.com\/index.php\/2021\/07\/20\/flamengo-emplaca-4-representantes-na-selecao-da-12a-rodada-do-brasileiro\/#primaryimage"},"thumbnailUrl":"https:\/\/www.gaveanews.com\/wp-content\/uploads\/Apos-marcar-contra-o-Bahia-Gabigol-ergue-as-maos-para-o-ceu.webp","datePublished":"2021-07-20T17:56:35+00:00","dateModified":"2021-08-12T03:47:25+00:00","author":{"@id":"https:\/\/www.gaveanews.com\/#\/schema\/person\/714c67050b836198af2450ba1c142a67"},"breadcrumb":{"@id":"https:\/\/www.gaveanews.com\/index.php\/2021\/07\/20\/flamengo-emplaca-4-representantes-na-selecao-da-12a-rodada-do-brasileiro\/#breadcrumb"},"inLanguage":"pt-BR","potentialAction":[{"@type":"ReadAction","target":["https:\/\/www.gaveanews.com\/index.php\/2021\/07\/20\/flamengo-emplaca-4-representantes-na-selecao-da-12a-rodada-do-brasileiro\/"]}]},{"@type":"ImageObject","inLanguage":"pt-BR","@id":"https:\/\/www.gaveanews.com\/index.php\/2021\/07\/20\/flamengo-emplaca-4-representantes-na-selecao-da-12a-rodada-do-brasileiro\/#primaryimage","url":"https:\/\/www.gaveanews.com\/wp-content\/uploads\/Apos-marcar-contra-o-Bahia-Gabigol-ergue-as-maos-para-o-ceu.webp","contentUrl":"https:\/\/www.gaveanews.com\/wp-content\/uploads\/Apos-marcar-contra-o-Bahia-Gabigol-ergue-as-maos-para-o-ceu.webp","width":799,"height":533,"caption":"Ap\u00f3s marcar contra o Bahia, Gabigol ergue as m\u00e3os para o c\u00e9u (Foto: Alexandre Vidal\/Flamengo)"},{"@type":"BreadcrumbList","@id":"https:\/\/www.gaveanews.com\/index.php\/2021\/07\/20\/flamengo-emplaca-4-representantes-na-selecao-da-12a-rodada-do-brasileiro\/#breadcrumb","itemListElement":[{"@type":"ListItem","position":1,"name":"Home","item":"https:\/\/www.gaveanews.com\/"},{"@type":"ListItem","position":2,"name":"Flamengo emplaca 4 representantes na sele\u00e7\u00e3o da 12\u00aa rodada do Brasileiro"}]},{"@type":"WebSite","@id":"https:\/\/www.gaveanews.com\/#website","url":"https:\/\/www.gaveanews.com\/","name":"G\u00e1vea News","description":"Veja todas as not\u00edcias sobre o Flamengo: Contrata\u00e7\u00f5es, categorias de base, resultados das partidas, tabela de classifica\u00e7\u00e3o, pr\u00f3ximos jogos!","potentialAction":[{"@type":"SearchAction","target":{"@type":"EntryPoint","urlTemplate":"https:\/\/www.gaveanews.com\/?s={search_term_string}"},"query-input":{"@type":"PropertyValueSpecification","valueRequired":true,"valueName":"search_term_string"}}],"inLanguage":"pt-BR"},{"@type":"Person","@id":"https:\/\/www.gaveanews.com\/#\/schema\/person\/714c67050b836198af2450ba1c142a67","name":"Let\u00edcia Gerheim","image":{"@type":"ImageObject","inLanguage":"pt-BR","@id":"https:\/\/www.gaveanews.com\/#\/schema\/person\/image\/","url":"https:\/\/secure.gravatar.com\/avatar\/60734739c50fcebfbac509e2a826ccd0ff405c019bc73aab9354f19ecad1dcb4?s=96&d=mm&r=g","contentUrl":"https:\/\/secure.gravatar.com\/avatar\/60734739c50fcebfbac509e2a826ccd0ff405c019bc73aab9354f19ecad1dcb4?s=96&d=mm&r=g","caption":"Let\u00edcia Gerheim"}}]}},"_links":{"self":[{"href":"https:\/\/www.gaveanews.com\/index.php\/wp-json\/wp\/v2\/posts\/64644","targetHints":{"allow":["GET"]}}],"collection":[{"href":"https:\/\/www.gaveanews.com\/index.php\/wp-json\/wp\/v2\/posts"}],"about":[{"href":"https:\/\/www.gaveanews.com\/index.php\/wp-json\/wp\/v2\/types\/post"}],"author":[{"embeddable":true,"href":"https:\/\/www.gaveanews.com\/index.php\/wp-json\/wp\/v2\/users\/4"}],"replies":[{"embeddable":true,"href":"https:\/\/www.gaveanews.com\/index.php\/wp-json\/wp\/v2\/comments?post=64644"}],"version-history":[{"count":0,"href":"https:\/\/www.gaveanews.com\/index.php\/wp-json\/wp\/v2\/posts\/64644\/revisions"}],"wp:featuredmedia":[{"embeddable":true,"href":"https:\/\/www.gaveanews.com\/index.php\/wp-json\/wp\/v2\/media\/64569"}],"wp:attachment":[{"href":"https:\/\/www.gaveanews.com\/index.php\/wp-json\/wp\/v2\/media?parent=64644"}],"wp:term":[{"taxonomy":"category","embeddable":true,"href":"https:\/\/www.gaveanews.com\/index.php\/wp-json\/wp\/v2\/categories?post=64644"},{"taxonomy":"post_tag","embeddable":true,"href":"https:\/\/www.gaveanews.com\/index.php\/wp-json\/wp\/v2\/tags?post=64644"}],"curies":[{"name":"wp","href":"https:\/\/api.w.org\/{rel}","templated":true}]}}