{"id":64645,"date":"2021-07-20T13:56:04","date_gmt":"2021-07-20T16:56:04","guid":{"rendered":"https:\/\/www.gaveanews.com\/?p=64645"},"modified":"2021-07-20T13:56:06","modified_gmt":"2021-07-20T16:56:06","slug":"flamengo-ja-fala-em-devolver-bruno-viana","status":"publish","type":"post","link":"https:\/\/www.gaveanews.com\/index.php\/2021\/07\/20\/flamengo-ja-fala-em-devolver-bruno-viana\/","title":{"rendered":"Flamengo j\u00e1 fala em devolver Bruno Viana"},"content":{"rendered":"\n<p>Com a chegada de Renato Ga\u00facho j\u00e1 se nota algumas mudan\u00e7as no Flamengo, mas, o que permanece igual \u00e9 a situa\u00e7\u00e3o de Bruno Viana, zagueiro que est\u00e1 emprestado pelo Braga. O defensor n\u00e3o convenceu nem Rog\u00e9rio Ceni, ex-treinador do clube e nem o atual t\u00e9cnico.<\/p>\n\n\n\n<p>Bruno Viana tem contrato com o Flamengo at\u00e9 dezembro deste ano. O jogador foi a \u00fanica contrata\u00e7\u00e3o do clube na temporada. O atleta tamb\u00e9m foi uma aposta de Marcos Braz.<\/p>\n\n\n\n<p>A situa\u00e7\u00e3o do atleta \u00e9 t\u00e3o complicada, que Rog\u00e9rio Ceni optou por improvisar Ar\u00e3o na zaga quando precisou de um zagueiro. Com Renato, Gustavo Henrique e L\u00e9o Pereira, tamb\u00e9m bastante contestados, tiveram oportunidades.<\/p>\n\n\n\n<p>De acordo com o site Bola Vip, o zagueiro tamb\u00e9m n\u00e3o vem tendo um bom desempenho nos treinamentos e demonstra muita inseguran\u00e7a.<\/p>\n\n\n\n<p>O Flamengo se movimentou para tentar a contrata\u00e7\u00e3o de um zagueiro, David Luiz e Juan Jesus foram alvos do clube carioca. Segundo a publica\u00e7\u00e3o, o clube segue na busca por um defensor e aguarda oportunidades no mercado.<\/p>\n\n\n\n<p>Retirado de:  Torcedores<\/p>\n","protected":false},"excerpt":{"rendered":"<p>Com a chegada de Renato Ga\u00facho j\u00e1 se nota algumas mudan\u00e7as no Flamengo, mas, o que permanece igual \u00e9 a situa\u00e7\u00e3o de Bruno Viana, zagueiro que est\u00e1 emprestado pelo Braga. O defensor n\u00e3o convenceu nem Rog\u00e9rio Ceni, ex-treinador do clube e nem o atual t\u00e9cnico. Bruno Viana tem contrato com o Flamengo at\u00e9 dezembro deste [&hellip;]<\/p>\n","protected":false},"author":1,"featured_media":60964,"comment_status":"open","ping_status":"closed","sticky":false,"template":"","format":"standard","meta":{"footnotes":""},"categories":[48],"tags":[],"class_list":["post-64645","post","type-post","status-publish","format-standard","has-post-thumbnail","hentry","category-negociacoes"],"yoast_head":"<!-- This site is optimized with the Yoast SEO Premium plugin v24.2 (Yoast SEO v26.9) - https:\/\/yoast.com\/product\/yoast-seo-premium-wordpress\/ -->\n<title>Flamengo j\u00e1 fala em devolver Bruno Viana<\/title>\n<meta name=\"robots\" content=\"index, follow, max-snippet:-1, max-image-preview:large, max-video-preview:-1\" \/>\n<link rel=\"canonical\" href=\"https:\/\/www.gaveanews.com\/index.php\/2021\/07\/20\/flamengo-ja-fala-em-devolver-bruno-viana\/\" \/>\n<meta property=\"og:locale\" content=\"pt_BR\" \/>\n<meta property=\"og:type\" content=\"article\" \/>\n<meta property=\"og:title\" content=\"Flamengo j\u00e1 fala em devolver Bruno Viana\" \/>\n<meta property=\"og:description\" content=\"Com a chegada de Renato Ga\u00facho j\u00e1 se nota algumas mudan\u00e7as no Flamengo, mas, o que permanece igual \u00e9 a situa\u00e7\u00e3o de Bruno Viana, zagueiro que est\u00e1 emprestado pelo Braga. O defensor n\u00e3o convenceu nem Rog\u00e9rio Ceni, ex-treinador do clube e nem o atual t\u00e9cnico. Bruno Viana tem contrato com o Flamengo at\u00e9 dezembro deste [&hellip;]\" \/>\n<meta property=\"og:url\" content=\"https:\/\/www.gaveanews.com\/index.php\/2021\/07\/20\/flamengo-ja-fala-em-devolver-bruno-viana\/\" \/>\n<meta property=\"og:site_name\" content=\"G\u00e1vea News\" \/>\n<meta property=\"article:publisher\" content=\"https:\/\/facebook.com\/gaveaNews\/\" \/>\n<meta property=\"article:published_time\" content=\"2021-07-20T16:56:04+00:00\" \/>\n<meta property=\"article:modified_time\" content=\"2021-07-20T16:56:06+00:00\" \/>\n<meta property=\"og:image\" content=\"https:\/\/www.gaveanews.com\/wp-content\/uploads\/Zagueiro-Bruno-Viana-em-acao-pelo-Flamengo-no-estadio-do-Maracana.webp\" \/>\n\t<meta property=\"og:image:width\" content=\"799\" \/>\n\t<meta property=\"og:image:height\" content=\"534\" \/>\n\t<meta property=\"og:image:type\" content=\"image\/jpeg\" \/>\n<meta name=\"author\" content=\"Equipe G\u00e1vea News\" \/>\n<meta name=\"twitter:card\" content=\"summary_large_image\" \/>\n<meta name=\"twitter:label1\" content=\"Escrito por\" \/>\n\t<meta name=\"twitter:data1\" content=\"Equipe G\u00e1vea News\" \/>\n\t<meta name=\"twitter:label2\" content=\"Est. tempo de leitura\" \/>\n\t<meta name=\"twitter:data2\" content=\"1 minuto\" \/>\n<script type=\"application\/ld+json\" class=\"yoast-schema-graph\">{\"@context\":\"https:\/\/schema.org\",\"@graph\":[{\"@type\":\"NewsArticle\",\"@id\":\"https:\/\/www.gaveanews.com\/index.php\/2021\/07\/20\/flamengo-ja-fala-em-devolver-bruno-viana\/#article\",\"isPartOf\":{\"@id\":\"https:\/\/www.gaveanews.com\/index.php\/2021\/07\/20\/flamengo-ja-fala-em-devolver-bruno-viana\/\"},\"author\":{\"name\":\"Equipe G\u00e1vea News\",\"@id\":\"https:\/\/www.gaveanews.com\/#\/schema\/person\/2ec14f73fb96be2caf28f91afb14749d\"},\"headline\":\"Flamengo j\u00e1 fala em devolver Bruno Viana\",\"datePublished\":\"2021-07-20T16:56:04+00:00\",\"dateModified\":\"2021-07-20T16:56:06+00:00\",\"mainEntityOfPage\":{\"@id\":\"https:\/\/www.gaveanews.com\/index.php\/2021\/07\/20\/flamengo-ja-fala-em-devolver-bruno-viana\/\"},\"wordCount\":194,\"commentCount\":52,\"image\":{\"@id\":\"https:\/\/www.gaveanews.com\/index.php\/2021\/07\/20\/flamengo-ja-fala-em-devolver-bruno-viana\/#primaryimage\"},\"thumbnailUrl\":\"https:\/\/www.gaveanews.com\/wp-content\/uploads\/Zagueiro-Bruno-Viana-em-acao-pelo-Flamengo-no-estadio-do-Maracana.webp\",\"articleSection\":[\"Negocia\u00e7\u00f5es\"],\"inLanguage\":\"pt-BR\",\"potentialAction\":[{\"@type\":\"CommentAction\",\"name\":\"Comment\",\"target\":[\"https:\/\/www.gaveanews.com\/index.php\/2021\/07\/20\/flamengo-ja-fala-em-devolver-bruno-viana\/#respond\"]}],\"copyrightYear\":\"2021\",\"copyrightHolder\":{\"@id\":\"https:\/\/www.gaveanews.com\/#organization\"}},{\"@type\":\"WebPage\",\"@id\":\"https:\/\/www.gaveanews.com\/index.php\/2021\/07\/20\/flamengo-ja-fala-em-devolver-bruno-viana\/\",\"url\":\"https:\/\/www.gaveanews.com\/index.php\/2021\/07\/20\/flamengo-ja-fala-em-devolver-bruno-viana\/\",\"name\":\"Flamengo j\u00e1 fala em devolver Bruno Viana\",\"isPartOf\":{\"@id\":\"https:\/\/www.gaveanews.com\/#website\"},\"primaryImageOfPage\":{\"@id\":\"https:\/\/www.gaveanews.com\/index.php\/2021\/07\/20\/flamengo-ja-fala-em-devolver-bruno-viana\/#primaryimage\"},\"image\":{\"@id\":\"https:\/\/www.gaveanews.com\/index.php\/2021\/07\/20\/flamengo-ja-fala-em-devolver-bruno-viana\/#primaryimage\"},\"thumbnailUrl\":\"https:\/\/www.gaveanews.com\/wp-content\/uploads\/Zagueiro-Bruno-Viana-em-acao-pelo-Flamengo-no-estadio-do-Maracana.webp\",\"datePublished\":\"2021-07-20T16:56:04+00:00\",\"dateModified\":\"2021-07-20T16:56:06+00:00\",\"author\":{\"@id\":\"https:\/\/www.gaveanews.com\/#\/schema\/person\/2ec14f73fb96be2caf28f91afb14749d\"},\"breadcrumb\":{\"@id\":\"https:\/\/www.gaveanews.com\/index.php\/2021\/07\/20\/flamengo-ja-fala-em-devolver-bruno-viana\/#breadcrumb\"},\"inLanguage\":\"pt-BR\",\"potentialAction\":[{\"@type\":\"ReadAction\",\"target\":[\"https:\/\/www.gaveanews.com\/index.php\/2021\/07\/20\/flamengo-ja-fala-em-devolver-bruno-viana\/\"]}]},{\"@type\":\"ImageObject\",\"inLanguage\":\"pt-BR\",\"@id\":\"https:\/\/www.gaveanews.com\/index.php\/2021\/07\/20\/flamengo-ja-fala-em-devolver-bruno-viana\/#primaryimage\",\"url\":\"https:\/\/www.gaveanews.com\/wp-content\/uploads\/Zagueiro-Bruno-Viana-em-acao-pelo-Flamengo-no-estadio-do-Maracana.webp\",\"contentUrl\":\"https:\/\/www.gaveanews.com\/wp-content\/uploads\/Zagueiro-Bruno-Viana-em-acao-pelo-Flamengo-no-estadio-do-Maracana.webp\",\"width\":799,\"height\":534,\"caption\":\"Zagueiro Bruno Viana em a\u00e7\u00e3o pelo Flamengo no est\u00e1dio do Maracan\u00e3 (Foto: Marcelo Cortes\/Flamengo)\"},{\"@type\":\"BreadcrumbList\",\"@id\":\"https:\/\/www.gaveanews.com\/index.php\/2021\/07\/20\/flamengo-ja-fala-em-devolver-bruno-viana\/#breadcrumb\",\"itemListElement\":[{\"@type\":\"ListItem\",\"position\":1,\"name\":\"Home\",\"item\":\"https:\/\/www.gaveanews.com\/\"},{\"@type\":\"ListItem\",\"position\":2,\"name\":\"Flamengo j\u00e1 fala em devolver Bruno Viana\"}]},{\"@type\":\"WebSite\",\"@id\":\"https:\/\/www.gaveanews.com\/#website\",\"url\":\"https:\/\/www.gaveanews.com\/\",\"name\":\"G\u00e1vea News\",\"description\":\"Veja todas as not\u00edcias sobre o Flamengo: Contrata\u00e7\u00f5es, categorias de base, resultados das partidas, tabela de classifica\u00e7\u00e3o, pr\u00f3ximos jogos!\",\"potentialAction\":[{\"@type\":\"SearchAction\",\"target\":{\"@type\":\"EntryPoint\",\"urlTemplate\":\"https:\/\/www.gaveanews.com\/?s={search_term_string}\"},\"query-input\":{\"@type\":\"PropertyValueSpecification\",\"valueRequired\":true,\"valueName\":\"search_term_string\"}}],\"inLanguage\":\"pt-BR\"},{\"@type\":\"Person\",\"@id\":\"https:\/\/www.gaveanews.com\/#\/schema\/person\/2ec14f73fb96be2caf28f91afb14749d\",\"name\":\"Equipe G\u00e1vea News\",\"image\":{\"@type\":\"ImageObject\",\"inLanguage\":\"pt-BR\",\"@id\":\"https:\/\/www.gaveanews.com\/#\/schema\/person\/image\/\",\"url\":\"https:\/\/secure.gravatar.com\/avatar\/1e1956f1facbffd3f8fa53a326721950116b3b9dc9bd44939c01180fd4a745a9?s=96&d=mm&r=g\",\"contentUrl\":\"https:\/\/secure.gravatar.com\/avatar\/1e1956f1facbffd3f8fa53a326721950116b3b9dc9bd44939c01180fd4a745a9?s=96&d=mm&r=g\",\"caption\":\"Equipe G\u00e1vea News\"}}]}<\/script>\n<!-- \/ Yoast SEO Premium plugin. -->","yoast_head_json":{"title":"Flamengo j\u00e1 fala em devolver Bruno Viana","robots":{"index":"index","follow":"follow","max-snippet":"max-snippet:-1","max-image-preview":"max-image-preview:large","max-video-preview":"max-video-preview:-1"},"canonical":"https:\/\/www.gaveanews.com\/index.php\/2021\/07\/20\/flamengo-ja-fala-em-devolver-bruno-viana\/","og_locale":"pt_BR","og_type":"article","og_title":"Flamengo j\u00e1 fala em devolver Bruno Viana","og_description":"Com a chegada de Renato Ga\u00facho j\u00e1 se nota algumas mudan\u00e7as no Flamengo, mas, o que permanece igual \u00e9 a situa\u00e7\u00e3o de Bruno Viana, zagueiro que est\u00e1 emprestado pelo Braga. O defensor n\u00e3o convenceu nem Rog\u00e9rio Ceni, ex-treinador do clube e nem o atual t\u00e9cnico. Bruno Viana tem contrato com o Flamengo at\u00e9 dezembro deste [&hellip;]","og_url":"https:\/\/www.gaveanews.com\/index.php\/2021\/07\/20\/flamengo-ja-fala-em-devolver-bruno-viana\/","og_site_name":"G\u00e1vea News","article_publisher":"https:\/\/facebook.com\/gaveaNews\/","article_published_time":"2021-07-20T16:56:04+00:00","article_modified_time":"2021-07-20T16:56:06+00:00","og_image":[{"width":799,"height":534,"url":"https:\/\/www.gaveanews.com\/wp-content\/uploads\/Zagueiro-Bruno-Viana-em-acao-pelo-Flamengo-no-estadio-do-Maracana.webp","type":"image\/jpeg"}],"author":"Equipe G\u00e1vea News","twitter_card":"summary_large_image","twitter_misc":{"Escrito por":"Equipe G\u00e1vea News","Est. tempo de leitura":"1 minuto"},"schema":{"@context":"https:\/\/schema.org","@graph":[{"@type":"NewsArticle","@id":"https:\/\/www.gaveanews.com\/index.php\/2021\/07\/20\/flamengo-ja-fala-em-devolver-bruno-viana\/#article","isPartOf":{"@id":"https:\/\/www.gaveanews.com\/index.php\/2021\/07\/20\/flamengo-ja-fala-em-devolver-bruno-viana\/"},"author":{"name":"Equipe G\u00e1vea News","@id":"https:\/\/www.gaveanews.com\/#\/schema\/person\/2ec14f73fb96be2caf28f91afb14749d"},"headline":"Flamengo j\u00e1 fala em devolver Bruno Viana","datePublished":"2021-07-20T16:56:04+00:00","dateModified":"2021-07-20T16:56:06+00:00","mainEntityOfPage":{"@id":"https:\/\/www.gaveanews.com\/index.php\/2021\/07\/20\/flamengo-ja-fala-em-devolver-bruno-viana\/"},"wordCount":194,"commentCount":52,"image":{"@id":"https:\/\/www.gaveanews.com\/index.php\/2021\/07\/20\/flamengo-ja-fala-em-devolver-bruno-viana\/#primaryimage"},"thumbnailUrl":"https:\/\/www.gaveanews.com\/wp-content\/uploads\/Zagueiro-Bruno-Viana-em-acao-pelo-Flamengo-no-estadio-do-Maracana.webp","articleSection":["Negocia\u00e7\u00f5es"],"inLanguage":"pt-BR","potentialAction":[{"@type":"CommentAction","name":"Comment","target":["https:\/\/www.gaveanews.com\/index.php\/2021\/07\/20\/flamengo-ja-fala-em-devolver-bruno-viana\/#respond"]}],"copyrightYear":"2021","copyrightHolder":{"@id":"https:\/\/www.gaveanews.com\/#organization"}},{"@type":"WebPage","@id":"https:\/\/www.gaveanews.com\/index.php\/2021\/07\/20\/flamengo-ja-fala-em-devolver-bruno-viana\/","url":"https:\/\/www.gaveanews.com\/index.php\/2021\/07\/20\/flamengo-ja-fala-em-devolver-bruno-viana\/","name":"Flamengo j\u00e1 fala em devolver Bruno Viana","isPartOf":{"@id":"https:\/\/www.gaveanews.com\/#website"},"primaryImageOfPage":{"@id":"https:\/\/www.gaveanews.com\/index.php\/2021\/07\/20\/flamengo-ja-fala-em-devolver-bruno-viana\/#primaryimage"},"image":{"@id":"https:\/\/www.gaveanews.com\/index.php\/2021\/07\/20\/flamengo-ja-fala-em-devolver-bruno-viana\/#primaryimage"},"thumbnailUrl":"https:\/\/www.gaveanews.com\/wp-content\/uploads\/Zagueiro-Bruno-Viana-em-acao-pelo-Flamengo-no-estadio-do-Maracana.webp","datePublished":"2021-07-20T16:56:04+00:00","dateModified":"2021-07-20T16:56:06+00:00","author":{"@id":"https:\/\/www.gaveanews.com\/#\/schema\/person\/2ec14f73fb96be2caf28f91afb14749d"},"breadcrumb":{"@id":"https:\/\/www.gaveanews.com\/index.php\/2021\/07\/20\/flamengo-ja-fala-em-devolver-bruno-viana\/#breadcrumb"},"inLanguage":"pt-BR","potentialAction":[{"@type":"ReadAction","target":["https:\/\/www.gaveanews.com\/index.php\/2021\/07\/20\/flamengo-ja-fala-em-devolver-bruno-viana\/"]}]},{"@type":"ImageObject","inLanguage":"pt-BR","@id":"https:\/\/www.gaveanews.com\/index.php\/2021\/07\/20\/flamengo-ja-fala-em-devolver-bruno-viana\/#primaryimage","url":"https:\/\/www.gaveanews.com\/wp-content\/uploads\/Zagueiro-Bruno-Viana-em-acao-pelo-Flamengo-no-estadio-do-Maracana.webp","contentUrl":"https:\/\/www.gaveanews.com\/wp-content\/uploads\/Zagueiro-Bruno-Viana-em-acao-pelo-Flamengo-no-estadio-do-Maracana.webp","width":799,"height":534,"caption":"Zagueiro Bruno Viana em a\u00e7\u00e3o pelo Flamengo no est\u00e1dio do Maracan\u00e3 (Foto: Marcelo Cortes\/Flamengo)"},{"@type":"BreadcrumbList","@id":"https:\/\/www.gaveanews.com\/index.php\/2021\/07\/20\/flamengo-ja-fala-em-devolver-bruno-viana\/#breadcrumb","itemListElement":[{"@type":"ListItem","position":1,"name":"Home","item":"https:\/\/www.gaveanews.com\/"},{"@type":"ListItem","position":2,"name":"Flamengo j\u00e1 fala em devolver Bruno Viana"}]},{"@type":"WebSite","@id":"https:\/\/www.gaveanews.com\/#website","url":"https:\/\/www.gaveanews.com\/","name":"G\u00e1vea News","description":"Veja todas as not\u00edcias sobre o Flamengo: Contrata\u00e7\u00f5es, categorias de base, resultados das partidas, tabela de classifica\u00e7\u00e3o, pr\u00f3ximos jogos!","potentialAction":[{"@type":"SearchAction","target":{"@type":"EntryPoint","urlTemplate":"https:\/\/www.gaveanews.com\/?s={search_term_string}"},"query-input":{"@type":"PropertyValueSpecification","valueRequired":true,"valueName":"search_term_string"}}],"inLanguage":"pt-BR"},{"@type":"Person","@id":"https:\/\/www.gaveanews.com\/#\/schema\/person\/2ec14f73fb96be2caf28f91afb14749d","name":"Equipe G\u00e1vea News","image":{"@type":"ImageObject","inLanguage":"pt-BR","@id":"https:\/\/www.gaveanews.com\/#\/schema\/person\/image\/","url":"https:\/\/secure.gravatar.com\/avatar\/1e1956f1facbffd3f8fa53a326721950116b3b9dc9bd44939c01180fd4a745a9?s=96&d=mm&r=g","contentUrl":"https:\/\/secure.gravatar.com\/avatar\/1e1956f1facbffd3f8fa53a326721950116b3b9dc9bd44939c01180fd4a745a9?s=96&d=mm&r=g","caption":"Equipe G\u00e1vea News"}}]}},"_links":{"self":[{"href":"https:\/\/www.gaveanews.com\/index.php\/wp-json\/wp\/v2\/posts\/64645","targetHints":{"allow":["GET"]}}],"collection":[{"href":"https:\/\/www.gaveanews.com\/index.php\/wp-json\/wp\/v2\/posts"}],"about":[{"href":"https:\/\/www.gaveanews.com\/index.php\/wp-json\/wp\/v2\/types\/post"}],"author":[{"embeddable":true,"href":"https:\/\/www.gaveanews.com\/index.php\/wp-json\/wp\/v2\/users\/1"}],"replies":[{"embeddable":true,"href":"https:\/\/www.gaveanews.com\/index.php\/wp-json\/wp\/v2\/comments?post=64645"}],"version-history":[{"count":0,"href":"https:\/\/www.gaveanews.com\/index.php\/wp-json\/wp\/v2\/posts\/64645\/revisions"}],"wp:featuredmedia":[{"embeddable":true,"href":"https:\/\/www.gaveanews.com\/index.php\/wp-json\/wp\/v2\/media\/60964"}],"wp:attachment":[{"href":"https:\/\/www.gaveanews.com\/index.php\/wp-json\/wp\/v2\/media?parent=64645"}],"wp:term":[{"taxonomy":"category","embeddable":true,"href":"https:\/\/www.gaveanews.com\/index.php\/wp-json\/wp\/v2\/categories?post=64645"},{"taxonomy":"post_tag","embeddable":true,"href":"https:\/\/www.gaveanews.com\/index.php\/wp-json\/wp\/v2\/tags?post=64645"}],"curies":[{"name":"wp","href":"https:\/\/api.w.org\/{rel}","templated":true}]}}