{"id":64655,"date":"2021-07-20T15:52:01","date_gmt":"2021-07-20T18:52:01","guid":{"rendered":"https:\/\/www.gaveanews.com\/?p=64655"},"modified":"2021-07-20T15:52:03","modified_gmt":"2021-07-20T18:52:03","slug":"flamengo-acerta-a-contratacao-de-fabio-matias-atual-campeao-da-copinha-para-o-sub-20","status":"publish","type":"post","link":"https:\/\/www.gaveanews.com\/index.php\/2021\/07\/20\/flamengo-acerta-a-contratacao-de-fabio-matias-atual-campeao-da-copinha-para-o-sub-20\/","title":{"rendered":"Flamengo acerta a contrata\u00e7\u00e3o de F\u00e1bio Matias, atual campe\u00e3o da Copinha, para o Sub-20"},"content":{"rendered":"\n<p>O t\u00e9cnico do time sub-20 do Inter, F\u00e1bio Matias, pediu desligamento do clube para acertar com o Flamengo. O treinador, que comandou o Colorado no t\u00edtulo da Copa S\u00e3o Paulo de Futebol J\u00fanior no ano passado, comandar\u00e1 o sub-20 do clube carioca.<\/p>\n\n\n\n<p>Procurado, o Inter ainda n\u00e3o confirma a sa\u00edda do profissional, que renovou contrato com o clube no in\u00edcio da temporada. Na campanha vitoriosa pela Copinha, com t\u00edtulo sobre o Gr\u00eamio, Matias liderou jogadores como Praxedes, Caio Vidal, Guilherme Pato, Pedro Henrique e Lucas Mazetti.<\/p>\n\n\n\n<p>O t\u00e9cnico, que estava em sua segunda passagem pelo clube, chegou a comandar o time principal no in\u00edcio da temporada. Matias esteve \u00e0 frente nas primeiras tr\u00eas partidas pelo Gauch\u00e3o, com uma vit\u00f3ria, um empate e uma derrota no per\u00edodo, enquanto Miguel \u00c1ngel Ram\u00edrez preparava o grupo principal.<\/p>\n\n\n\n<p>Retirado de: Globo Esporte<\/p>\n","protected":false},"excerpt":{"rendered":"<p>O t\u00e9cnico do time sub-20 do Inter, F\u00e1bio Matias, pediu desligamento do clube para acertar com o Flamengo. O treinador, que comandou o Colorado no t\u00edtulo da Copa S\u00e3o Paulo de Futebol J\u00fanior no ano passado, comandar\u00e1 o sub-20 do clube carioca. Procurado, o Inter ainda n\u00e3o confirma a sa\u00edda do profissional, que renovou contrato [&hellip;]<\/p>\n","protected":false},"author":1,"featured_media":64656,"comment_status":"open","ping_status":"closed","sticky":false,"template":"","format":"standard","meta":{"footnotes":""},"categories":[1],"tags":[],"class_list":["post-64655","post","type-post","status-publish","format-standard","has-post-thumbnail","hentry","category-flamengo"],"yoast_head":"<!-- This site is optimized with the Yoast SEO Premium plugin v24.2 (Yoast SEO v26.9) - https:\/\/yoast.com\/product\/yoast-seo-premium-wordpress\/ -->\n<title>Flamengo acerta a contrata\u00e7\u00e3o de F\u00e1bio Matias, atual campe\u00e3o da Copinha, para o Sub-20<\/title>\n<meta name=\"robots\" content=\"index, follow, max-snippet:-1, max-image-preview:large, max-video-preview:-1\" \/>\n<link rel=\"canonical\" href=\"https:\/\/www.gaveanews.com\/index.php\/2021\/07\/20\/flamengo-acerta-a-contratacao-de-fabio-matias-atual-campeao-da-copinha-para-o-sub-20\/\" \/>\n<meta property=\"og:locale\" content=\"pt_BR\" \/>\n<meta property=\"og:type\" content=\"article\" \/>\n<meta property=\"og:title\" content=\"Flamengo acerta a contrata\u00e7\u00e3o de F\u00e1bio Matias, atual campe\u00e3o da Copinha, para o Sub-20\" \/>\n<meta property=\"og:description\" content=\"O t\u00e9cnico do time sub-20 do Inter, F\u00e1bio Matias, pediu desligamento do clube para acertar com o Flamengo. O treinador, que comandou o Colorado no t\u00edtulo da Copa S\u00e3o Paulo de Futebol J\u00fanior no ano passado, comandar\u00e1 o sub-20 do clube carioca. Procurado, o Inter ainda n\u00e3o confirma a sa\u00edda do profissional, que renovou contrato [&hellip;]\" \/>\n<meta property=\"og:url\" content=\"https:\/\/www.gaveanews.com\/index.php\/2021\/07\/20\/flamengo-acerta-a-contratacao-de-fabio-matias-atual-campeao-da-copinha-para-o-sub-20\/\" \/>\n<meta property=\"og:site_name\" content=\"G\u00e1vea News\" \/>\n<meta property=\"article:publisher\" content=\"https:\/\/facebook.com\/gaveaNews\/\" \/>\n<meta property=\"article:published_time\" content=\"2021-07-20T18:52:01+00:00\" \/>\n<meta property=\"article:modified_time\" content=\"2021-07-20T18:52:03+00:00\" \/>\n<meta property=\"og:image\" content=\"https:\/\/www.gaveanews.com\/wp-content\/uploads\/Fabio-Matias-durante-um-jogo-do-Internacional.webp\" \/>\n\t<meta property=\"og:image:width\" content=\"1024\" \/>\n\t<meta property=\"og:image:height\" content=\"641\" \/>\n\t<meta property=\"og:image:type\" content=\"image\/jpeg\" \/>\n<meta name=\"author\" content=\"Equipe G\u00e1vea News\" \/>\n<meta name=\"twitter:card\" content=\"summary_large_image\" \/>\n<meta name=\"twitter:label1\" content=\"Escrito por\" \/>\n\t<meta name=\"twitter:data1\" content=\"Equipe G\u00e1vea News\" \/>\n\t<meta name=\"twitter:label2\" content=\"Est. tempo de leitura\" \/>\n\t<meta name=\"twitter:data2\" content=\"1 minuto\" \/>\n<script type=\"application\/ld+json\" class=\"yoast-schema-graph\">{\"@context\":\"https:\/\/schema.org\",\"@graph\":[{\"@type\":\"NewsArticle\",\"@id\":\"https:\/\/www.gaveanews.com\/index.php\/2021\/07\/20\/flamengo-acerta-a-contratacao-de-fabio-matias-atual-campeao-da-copinha-para-o-sub-20\/#article\",\"isPartOf\":{\"@id\":\"https:\/\/www.gaveanews.com\/index.php\/2021\/07\/20\/flamengo-acerta-a-contratacao-de-fabio-matias-atual-campeao-da-copinha-para-o-sub-20\/\"},\"author\":{\"name\":\"Equipe G\u00e1vea News\",\"@id\":\"https:\/\/www.gaveanews.com\/#\/schema\/person\/2ec14f73fb96be2caf28f91afb14749d\"},\"headline\":\"Flamengo acerta a contrata\u00e7\u00e3o de F\u00e1bio Matias, atual campe\u00e3o da Copinha, para o Sub-20\",\"datePublished\":\"2021-07-20T18:52:01+00:00\",\"dateModified\":\"2021-07-20T18:52:03+00:00\",\"mainEntityOfPage\":{\"@id\":\"https:\/\/www.gaveanews.com\/index.php\/2021\/07\/20\/flamengo-acerta-a-contratacao-de-fabio-matias-atual-campeao-da-copinha-para-o-sub-20\/\"},\"wordCount\":171,\"commentCount\":3,\"image\":{\"@id\":\"https:\/\/www.gaveanews.com\/index.php\/2021\/07\/20\/flamengo-acerta-a-contratacao-de-fabio-matias-atual-campeao-da-copinha-para-o-sub-20\/#primaryimage\"},\"thumbnailUrl\":\"https:\/\/www.gaveanews.com\/wp-content\/uploads\/Fabio-Matias-durante-um-jogo-do-Internacional.webp\",\"articleSection\":[\"Flamengo\"],\"inLanguage\":\"pt-BR\",\"potentialAction\":[{\"@type\":\"CommentAction\",\"name\":\"Comment\",\"target\":[\"https:\/\/www.gaveanews.com\/index.php\/2021\/07\/20\/flamengo-acerta-a-contratacao-de-fabio-matias-atual-campeao-da-copinha-para-o-sub-20\/#respond\"]}],\"copyrightYear\":\"2021\",\"copyrightHolder\":{\"@id\":\"https:\/\/www.gaveanews.com\/#organization\"}},{\"@type\":\"WebPage\",\"@id\":\"https:\/\/www.gaveanews.com\/index.php\/2021\/07\/20\/flamengo-acerta-a-contratacao-de-fabio-matias-atual-campeao-da-copinha-para-o-sub-20\/\",\"url\":\"https:\/\/www.gaveanews.com\/index.php\/2021\/07\/20\/flamengo-acerta-a-contratacao-de-fabio-matias-atual-campeao-da-copinha-para-o-sub-20\/\",\"name\":\"Flamengo acerta a contrata\u00e7\u00e3o de F\u00e1bio Matias, atual campe\u00e3o da Copinha, para o Sub-20\",\"isPartOf\":{\"@id\":\"https:\/\/www.gaveanews.com\/#website\"},\"primaryImageOfPage\":{\"@id\":\"https:\/\/www.gaveanews.com\/index.php\/2021\/07\/20\/flamengo-acerta-a-contratacao-de-fabio-matias-atual-campeao-da-copinha-para-o-sub-20\/#primaryimage\"},\"image\":{\"@id\":\"https:\/\/www.gaveanews.com\/index.php\/2021\/07\/20\/flamengo-acerta-a-contratacao-de-fabio-matias-atual-campeao-da-copinha-para-o-sub-20\/#primaryimage\"},\"thumbnailUrl\":\"https:\/\/www.gaveanews.com\/wp-content\/uploads\/Fabio-Matias-durante-um-jogo-do-Internacional.webp\",\"datePublished\":\"2021-07-20T18:52:01+00:00\",\"dateModified\":\"2021-07-20T18:52:03+00:00\",\"author\":{\"@id\":\"https:\/\/www.gaveanews.com\/#\/schema\/person\/2ec14f73fb96be2caf28f91afb14749d\"},\"breadcrumb\":{\"@id\":\"https:\/\/www.gaveanews.com\/index.php\/2021\/07\/20\/flamengo-acerta-a-contratacao-de-fabio-matias-atual-campeao-da-copinha-para-o-sub-20\/#breadcrumb\"},\"inLanguage\":\"pt-BR\",\"potentialAction\":[{\"@type\":\"ReadAction\",\"target\":[\"https:\/\/www.gaveanews.com\/index.php\/2021\/07\/20\/flamengo-acerta-a-contratacao-de-fabio-matias-atual-campeao-da-copinha-para-o-sub-20\/\"]}]},{\"@type\":\"ImageObject\",\"inLanguage\":\"pt-BR\",\"@id\":\"https:\/\/www.gaveanews.com\/index.php\/2021\/07\/20\/flamengo-acerta-a-contratacao-de-fabio-matias-atual-campeao-da-copinha-para-o-sub-20\/#primaryimage\",\"url\":\"https:\/\/www.gaveanews.com\/wp-content\/uploads\/Fabio-Matias-durante-um-jogo-do-Internacional.webp\",\"contentUrl\":\"https:\/\/www.gaveanews.com\/wp-content\/uploads\/Fabio-Matias-durante-um-jogo-do-Internacional.webp\",\"width\":1024,\"height\":641,\"caption\":\"F\u00e1bio Matias durante um jogo do Internacional (Foto: Divulga\u00e7\u00e3o)\"},{\"@type\":\"BreadcrumbList\",\"@id\":\"https:\/\/www.gaveanews.com\/index.php\/2021\/07\/20\/flamengo-acerta-a-contratacao-de-fabio-matias-atual-campeao-da-copinha-para-o-sub-20\/#breadcrumb\",\"itemListElement\":[{\"@type\":\"ListItem\",\"position\":1,\"name\":\"Home\",\"item\":\"https:\/\/www.gaveanews.com\/\"},{\"@type\":\"ListItem\",\"position\":2,\"name\":\"Flamengo acerta a contrata\u00e7\u00e3o de F\u00e1bio Matias, atual campe\u00e3o da Copinha, para o Sub-20\"}]},{\"@type\":\"WebSite\",\"@id\":\"https:\/\/www.gaveanews.com\/#website\",\"url\":\"https:\/\/www.gaveanews.com\/\",\"name\":\"G\u00e1vea News\",\"description\":\"Veja todas as not\u00edcias sobre o Flamengo: Contrata\u00e7\u00f5es, categorias de base, resultados das partidas, tabela de classifica\u00e7\u00e3o, pr\u00f3ximos jogos!\",\"potentialAction\":[{\"@type\":\"SearchAction\",\"target\":{\"@type\":\"EntryPoint\",\"urlTemplate\":\"https:\/\/www.gaveanews.com\/?s={search_term_string}\"},\"query-input\":{\"@type\":\"PropertyValueSpecification\",\"valueRequired\":true,\"valueName\":\"search_term_string\"}}],\"inLanguage\":\"pt-BR\"},{\"@type\":\"Person\",\"@id\":\"https:\/\/www.gaveanews.com\/#\/schema\/person\/2ec14f73fb96be2caf28f91afb14749d\",\"name\":\"Equipe G\u00e1vea News\",\"image\":{\"@type\":\"ImageObject\",\"inLanguage\":\"pt-BR\",\"@id\":\"https:\/\/www.gaveanews.com\/#\/schema\/person\/image\/\",\"url\":\"https:\/\/secure.gravatar.com\/avatar\/1e1956f1facbffd3f8fa53a326721950116b3b9dc9bd44939c01180fd4a745a9?s=96&d=mm&r=g\",\"contentUrl\":\"https:\/\/secure.gravatar.com\/avatar\/1e1956f1facbffd3f8fa53a326721950116b3b9dc9bd44939c01180fd4a745a9?s=96&d=mm&r=g\",\"caption\":\"Equipe G\u00e1vea News\"}}]}<\/script>\n<!-- \/ Yoast SEO Premium plugin. -->","yoast_head_json":{"title":"Flamengo acerta a contrata\u00e7\u00e3o de F\u00e1bio Matias, atual campe\u00e3o da Copinha, para o Sub-20","robots":{"index":"index","follow":"follow","max-snippet":"max-snippet:-1","max-image-preview":"max-image-preview:large","max-video-preview":"max-video-preview:-1"},"canonical":"https:\/\/www.gaveanews.com\/index.php\/2021\/07\/20\/flamengo-acerta-a-contratacao-de-fabio-matias-atual-campeao-da-copinha-para-o-sub-20\/","og_locale":"pt_BR","og_type":"article","og_title":"Flamengo acerta a contrata\u00e7\u00e3o de F\u00e1bio Matias, atual campe\u00e3o da Copinha, para o Sub-20","og_description":"O t\u00e9cnico do time sub-20 do Inter, F\u00e1bio Matias, pediu desligamento do clube para acertar com o Flamengo. O treinador, que comandou o Colorado no t\u00edtulo da Copa S\u00e3o Paulo de Futebol J\u00fanior no ano passado, comandar\u00e1 o sub-20 do clube carioca. Procurado, o Inter ainda n\u00e3o confirma a sa\u00edda do profissional, que renovou contrato [&hellip;]","og_url":"https:\/\/www.gaveanews.com\/index.php\/2021\/07\/20\/flamengo-acerta-a-contratacao-de-fabio-matias-atual-campeao-da-copinha-para-o-sub-20\/","og_site_name":"G\u00e1vea News","article_publisher":"https:\/\/facebook.com\/gaveaNews\/","article_published_time":"2021-07-20T18:52:01+00:00","article_modified_time":"2021-07-20T18:52:03+00:00","og_image":[{"width":1024,"height":641,"url":"https:\/\/www.gaveanews.com\/wp-content\/uploads\/Fabio-Matias-durante-um-jogo-do-Internacional.webp","type":"image\/jpeg"}],"author":"Equipe G\u00e1vea News","twitter_card":"summary_large_image","twitter_misc":{"Escrito por":"Equipe G\u00e1vea News","Est. tempo de leitura":"1 minuto"},"schema":{"@context":"https:\/\/schema.org","@graph":[{"@type":"NewsArticle","@id":"https:\/\/www.gaveanews.com\/index.php\/2021\/07\/20\/flamengo-acerta-a-contratacao-de-fabio-matias-atual-campeao-da-copinha-para-o-sub-20\/#article","isPartOf":{"@id":"https:\/\/www.gaveanews.com\/index.php\/2021\/07\/20\/flamengo-acerta-a-contratacao-de-fabio-matias-atual-campeao-da-copinha-para-o-sub-20\/"},"author":{"name":"Equipe G\u00e1vea News","@id":"https:\/\/www.gaveanews.com\/#\/schema\/person\/2ec14f73fb96be2caf28f91afb14749d"},"headline":"Flamengo acerta a contrata\u00e7\u00e3o de F\u00e1bio Matias, atual campe\u00e3o da Copinha, para o Sub-20","datePublished":"2021-07-20T18:52:01+00:00","dateModified":"2021-07-20T18:52:03+00:00","mainEntityOfPage":{"@id":"https:\/\/www.gaveanews.com\/index.php\/2021\/07\/20\/flamengo-acerta-a-contratacao-de-fabio-matias-atual-campeao-da-copinha-para-o-sub-20\/"},"wordCount":171,"commentCount":3,"image":{"@id":"https:\/\/www.gaveanews.com\/index.php\/2021\/07\/20\/flamengo-acerta-a-contratacao-de-fabio-matias-atual-campeao-da-copinha-para-o-sub-20\/#primaryimage"},"thumbnailUrl":"https:\/\/www.gaveanews.com\/wp-content\/uploads\/Fabio-Matias-durante-um-jogo-do-Internacional.webp","articleSection":["Flamengo"],"inLanguage":"pt-BR","potentialAction":[{"@type":"CommentAction","name":"Comment","target":["https:\/\/www.gaveanews.com\/index.php\/2021\/07\/20\/flamengo-acerta-a-contratacao-de-fabio-matias-atual-campeao-da-copinha-para-o-sub-20\/#respond"]}],"copyrightYear":"2021","copyrightHolder":{"@id":"https:\/\/www.gaveanews.com\/#organization"}},{"@type":"WebPage","@id":"https:\/\/www.gaveanews.com\/index.php\/2021\/07\/20\/flamengo-acerta-a-contratacao-de-fabio-matias-atual-campeao-da-copinha-para-o-sub-20\/","url":"https:\/\/www.gaveanews.com\/index.php\/2021\/07\/20\/flamengo-acerta-a-contratacao-de-fabio-matias-atual-campeao-da-copinha-para-o-sub-20\/","name":"Flamengo acerta a contrata\u00e7\u00e3o de F\u00e1bio Matias, atual campe\u00e3o da Copinha, para o Sub-20","isPartOf":{"@id":"https:\/\/www.gaveanews.com\/#website"},"primaryImageOfPage":{"@id":"https:\/\/www.gaveanews.com\/index.php\/2021\/07\/20\/flamengo-acerta-a-contratacao-de-fabio-matias-atual-campeao-da-copinha-para-o-sub-20\/#primaryimage"},"image":{"@id":"https:\/\/www.gaveanews.com\/index.php\/2021\/07\/20\/flamengo-acerta-a-contratacao-de-fabio-matias-atual-campeao-da-copinha-para-o-sub-20\/#primaryimage"},"thumbnailUrl":"https:\/\/www.gaveanews.com\/wp-content\/uploads\/Fabio-Matias-durante-um-jogo-do-Internacional.webp","datePublished":"2021-07-20T18:52:01+00:00","dateModified":"2021-07-20T18:52:03+00:00","author":{"@id":"https:\/\/www.gaveanews.com\/#\/schema\/person\/2ec14f73fb96be2caf28f91afb14749d"},"breadcrumb":{"@id":"https:\/\/www.gaveanews.com\/index.php\/2021\/07\/20\/flamengo-acerta-a-contratacao-de-fabio-matias-atual-campeao-da-copinha-para-o-sub-20\/#breadcrumb"},"inLanguage":"pt-BR","potentialAction":[{"@type":"ReadAction","target":["https:\/\/www.gaveanews.com\/index.php\/2021\/07\/20\/flamengo-acerta-a-contratacao-de-fabio-matias-atual-campeao-da-copinha-para-o-sub-20\/"]}]},{"@type":"ImageObject","inLanguage":"pt-BR","@id":"https:\/\/www.gaveanews.com\/index.php\/2021\/07\/20\/flamengo-acerta-a-contratacao-de-fabio-matias-atual-campeao-da-copinha-para-o-sub-20\/#primaryimage","url":"https:\/\/www.gaveanews.com\/wp-content\/uploads\/Fabio-Matias-durante-um-jogo-do-Internacional.webp","contentUrl":"https:\/\/www.gaveanews.com\/wp-content\/uploads\/Fabio-Matias-durante-um-jogo-do-Internacional.webp","width":1024,"height":641,"caption":"F\u00e1bio Matias durante um jogo do Internacional (Foto: Divulga\u00e7\u00e3o)"},{"@type":"BreadcrumbList","@id":"https:\/\/www.gaveanews.com\/index.php\/2021\/07\/20\/flamengo-acerta-a-contratacao-de-fabio-matias-atual-campeao-da-copinha-para-o-sub-20\/#breadcrumb","itemListElement":[{"@type":"ListItem","position":1,"name":"Home","item":"https:\/\/www.gaveanews.com\/"},{"@type":"ListItem","position":2,"name":"Flamengo acerta a contrata\u00e7\u00e3o de F\u00e1bio Matias, atual campe\u00e3o da Copinha, para o Sub-20"}]},{"@type":"WebSite","@id":"https:\/\/www.gaveanews.com\/#website","url":"https:\/\/www.gaveanews.com\/","name":"G\u00e1vea News","description":"Veja todas as not\u00edcias sobre o Flamengo: Contrata\u00e7\u00f5es, categorias de base, resultados das partidas, tabela de classifica\u00e7\u00e3o, pr\u00f3ximos jogos!","potentialAction":[{"@type":"SearchAction","target":{"@type":"EntryPoint","urlTemplate":"https:\/\/www.gaveanews.com\/?s={search_term_string}"},"query-input":{"@type":"PropertyValueSpecification","valueRequired":true,"valueName":"search_term_string"}}],"inLanguage":"pt-BR"},{"@type":"Person","@id":"https:\/\/www.gaveanews.com\/#\/schema\/person\/2ec14f73fb96be2caf28f91afb14749d","name":"Equipe G\u00e1vea News","image":{"@type":"ImageObject","inLanguage":"pt-BR","@id":"https:\/\/www.gaveanews.com\/#\/schema\/person\/image\/","url":"https:\/\/secure.gravatar.com\/avatar\/1e1956f1facbffd3f8fa53a326721950116b3b9dc9bd44939c01180fd4a745a9?s=96&d=mm&r=g","contentUrl":"https:\/\/secure.gravatar.com\/avatar\/1e1956f1facbffd3f8fa53a326721950116b3b9dc9bd44939c01180fd4a745a9?s=96&d=mm&r=g","caption":"Equipe G\u00e1vea News"}}]}},"_links":{"self":[{"href":"https:\/\/www.gaveanews.com\/index.php\/wp-json\/wp\/v2\/posts\/64655","targetHints":{"allow":["GET"]}}],"collection":[{"href":"https:\/\/www.gaveanews.com\/index.php\/wp-json\/wp\/v2\/posts"}],"about":[{"href":"https:\/\/www.gaveanews.com\/index.php\/wp-json\/wp\/v2\/types\/post"}],"author":[{"embeddable":true,"href":"https:\/\/www.gaveanews.com\/index.php\/wp-json\/wp\/v2\/users\/1"}],"replies":[{"embeddable":true,"href":"https:\/\/www.gaveanews.com\/index.php\/wp-json\/wp\/v2\/comments?post=64655"}],"version-history":[{"count":0,"href":"https:\/\/www.gaveanews.com\/index.php\/wp-json\/wp\/v2\/posts\/64655\/revisions"}],"wp:featuredmedia":[{"embeddable":true,"href":"https:\/\/www.gaveanews.com\/index.php\/wp-json\/wp\/v2\/media\/64656"}],"wp:attachment":[{"href":"https:\/\/www.gaveanews.com\/index.php\/wp-json\/wp\/v2\/media?parent=64655"}],"wp:term":[{"taxonomy":"category","embeddable":true,"href":"https:\/\/www.gaveanews.com\/index.php\/wp-json\/wp\/v2\/categories?post=64655"},{"taxonomy":"post_tag","embeddable":true,"href":"https:\/\/www.gaveanews.com\/index.php\/wp-json\/wp\/v2\/tags?post=64655"}],"curies":[{"name":"wp","href":"https:\/\/api.w.org\/{rel}","templated":true}]}}