{"id":64711,"date":"2021-07-22T07:30:00","date_gmt":"2021-07-22T10:30:00","guid":{"rendered":"https:\/\/www.gaveanews.com\/?p=64711"},"modified":"2021-07-22T03:38:24","modified_gmt":"2021-07-22T06:38:24","slug":"vitinho-e-exaltado-pela-torcida-do-flamengo-na-web","status":"publish","type":"post","link":"https:\/\/www.gaveanews.com\/index.php\/2021\/07\/22\/vitinho-e-exaltado-pela-torcida-do-flamengo-na-web\/","title":{"rendered":"Vitinho \u00e9 exaltado pela torcida do Flamengo na web"},"content":{"rendered":"\n<p>Classifica\u00e7\u00e3o com goleada nas oitavas de final da Libertadores. O Flamengo abriu o placar, passou um susto no final do primeiro tempo mas goleou o Defensa no mata-mata da Libertadores, 4 a 1 no placar e eliminou os advers\u00e1rios.<\/p>\n\n\n\n<p>Em noite de grandes atua\u00e7\u00f5es individuais, o contestado Vitinho passou a ser exaltado por torcedores do Rubro-Negro depois de marcar os dois \u00faltimos gols da partida. O camisa 11 entrou no lugar de Bruno Henrique, j\u00e1 no segundo tempo. Confira algumas rea\u00e7\u00f5es:<\/p>\n\n\n\n<figure class=\"wp-block-embed is-type-rich is-provider-twitter wp-block-embed-twitter\"><div class=\"wp-block-embed__wrapper\">\n<blockquote class=\"twitter-tweet\" data-width=\"550\" data-dnt=\"true\"><p lang=\"pt\" dir=\"ltr\">dois do Victor Vin\u00edcius, fala dele agora porr@<\/p>&mdash; Nayra (@NayraRaquel15) <a href=\"https:\/\/twitter.com\/NayraRaquel15\/status\/1418034919201193984?ref_src=twsrc%5Etfw\">July 22, 2021<\/a><\/blockquote><script async src=\"https:\/\/platform.twitter.com\/widgets.js\" charset=\"utf-8\"><\/script>\n<\/div><\/figure>\n\n\n\n<figure class=\"wp-block-embed is-type-rich is-provider-twitter wp-block-embed-twitter\"><div class=\"wp-block-embed__wrapper\">\nhttps:\/\/twitter.com\/Joaovitorrussi\/status\/1418034771079401475\n<\/div><\/figure>\n\n\n\n<figure class=\"wp-block-embed is-type-rich is-provider-twitter wp-block-embed-twitter\"><div class=\"wp-block-embed__wrapper\">\n<blockquote class=\"twitter-tweet\" data-width=\"550\" data-dnt=\"true\"><p lang=\"pt\" dir=\"ltr\"><a href=\"https:\/\/twitter.com\/kydmarley?ref_src=twsrc%5Etfw\">@kydmarley<\/a> fala dele agr <a href=\"https:\/\/t.co\/DRde2U0BKN\">pic.twitter.com\/DRde2U0BKN<\/a><\/p>&mdash; lanche (@macielvca) <a href=\"https:\/\/twitter.com\/macielvca\/status\/1418034871277076480?ref_src=twsrc%5Etfw\">July 22, 2021<\/a><\/blockquote><script async src=\"https:\/\/platform.twitter.com\/widgets.js\" charset=\"utf-8\"><\/script>\n<\/div><\/figure>\n\n\n\n<figure class=\"wp-block-embed is-type-rich is-provider-twitter wp-block-embed-twitter\"><div class=\"wp-block-embed__wrapper\">\nhttps:\/\/twitter.com\/PlanetaDoMengao\/status\/1418034505072484353\n<\/div><\/figure>\n\n\n\n<figure class=\"wp-block-embed is-type-rich is-provider-twitter wp-block-embed-twitter\"><div class=\"wp-block-embed__wrapper\">\n<blockquote class=\"twitter-tweet\" data-width=\"550\" data-dnt=\"true\"><p lang=\"pt\" dir=\"ltr\">Fala dele, VITINHO MERECE RESPEITO <a href=\"https:\/\/t.co\/n3wmUXBCpq\">https:\/\/t.co\/n3wmUXBCpq<\/a><\/p>&mdash; Harry Kane, o furac\u00e3o de gols (@Rei_Berner) <a href=\"https:\/\/twitter.com\/Rei_Berner\/status\/1418034485430571009?ref_src=twsrc%5Etfw\">July 22, 2021<\/a><\/blockquote><script async src=\"https:\/\/platform.twitter.com\/widgets.js\" charset=\"utf-8\"><\/script>\n<\/div><\/figure>\n\n\n\n<p>O Flamengo bateu o Defensa Y justicia nos dois jogos das oitavas, 1 a 0 e 4 a 1, e agora espera o vencedor de Olimpia x Internacional para descobrir quem ser\u00e1 seu advers\u00e1rio nas quarta de final da Libertadores<\/p>\n\n\n\n<p>Retirado de: TNT Sports<\/p>\n","protected":false},"excerpt":{"rendered":"<p>Classifica\u00e7\u00e3o com goleada nas oitavas de final da Libertadores. O Flamengo abriu o placar, passou um susto no final do primeiro tempo mas goleou o Defensa no mata-mata da Libertadores, 4 a 1 no placar e eliminou os advers\u00e1rios. Em noite de grandes atua\u00e7\u00f5es individuais, o contestado Vitinho passou a ser exaltado por torcedores do [&hellip;]<\/p>\n","protected":false},"author":1,"featured_media":64712,"comment_status":"open","ping_status":"closed","sticky":false,"template":"","format":"standard","meta":{"footnotes":""},"categories":[1],"tags":[],"class_list":["post-64711","post","type-post","status-publish","format-standard","has-post-thumbnail","hentry","category-flamengo"],"yoast_head":"<!-- This site is optimized with the Yoast SEO Premium plugin v24.2 (Yoast SEO v26.9) - https:\/\/yoast.com\/product\/yoast-seo-premium-wordpress\/ -->\n<title>Vitinho \u00e9 exaltado pela torcida do Flamengo na web<\/title>\n<meta name=\"robots\" content=\"index, follow, max-snippet:-1, max-image-preview:large, max-video-preview:-1\" \/>\n<link rel=\"canonical\" href=\"https:\/\/www.gaveanews.com\/index.php\/2021\/07\/22\/vitinho-e-exaltado-pela-torcida-do-flamengo-na-web\/\" \/>\n<meta property=\"og:locale\" content=\"pt_BR\" \/>\n<meta property=\"og:type\" content=\"article\" \/>\n<meta property=\"og:title\" content=\"Vitinho \u00e9 exaltado pela torcida do Flamengo na web\" \/>\n<meta property=\"og:description\" content=\"Classifica\u00e7\u00e3o com goleada nas oitavas de final da Libertadores. O Flamengo abriu o placar, passou um susto no final do primeiro tempo mas goleou o Defensa no mata-mata da Libertadores, 4 a 1 no placar e eliminou os advers\u00e1rios. Em noite de grandes atua\u00e7\u00f5es individuais, o contestado Vitinho passou a ser exaltado por torcedores do [&hellip;]\" \/>\n<meta property=\"og:url\" content=\"https:\/\/www.gaveanews.com\/index.php\/2021\/07\/22\/vitinho-e-exaltado-pela-torcida-do-flamengo-na-web\/\" \/>\n<meta property=\"og:site_name\" content=\"G\u00e1vea News\" \/>\n<meta property=\"article:publisher\" content=\"https:\/\/facebook.com\/gaveaNews\/\" \/>\n<meta property=\"article:published_time\" content=\"2021-07-22T10:30:00+00:00\" \/>\n<meta property=\"og:image\" content=\"https:\/\/www.gaveanews.com\/wp-content\/uploads\/Vitinho-em-acao-pelo-Flamengo-durante-o-jogo-contra-o-Defensa-y-Justicia-pela-Copa-Libertadores-da-temporada-de-2021.webp\" \/>\n\t<meta property=\"og:image:width\" content=\"799\" \/>\n\t<meta property=\"og:image:height\" content=\"533\" \/>\n\t<meta property=\"og:image:type\" content=\"image\/jpeg\" \/>\n<meta name=\"author\" content=\"Equipe G\u00e1vea News\" \/>\n<meta name=\"twitter:card\" content=\"summary_large_image\" \/>\n<meta name=\"twitter:label1\" content=\"Escrito por\" \/>\n\t<meta name=\"twitter:data1\" content=\"Equipe G\u00e1vea News\" \/>\n\t<meta name=\"twitter:label2\" content=\"Est. tempo de leitura\" \/>\n\t<meta name=\"twitter:data2\" content=\"1 minuto\" \/>\n<script type=\"application\/ld+json\" class=\"yoast-schema-graph\">{\"@context\":\"https:\/\/schema.org\",\"@graph\":[{\"@type\":\"NewsArticle\",\"@id\":\"https:\/\/www.gaveanews.com\/index.php\/2021\/07\/22\/vitinho-e-exaltado-pela-torcida-do-flamengo-na-web\/#article\",\"isPartOf\":{\"@id\":\"https:\/\/www.gaveanews.com\/index.php\/2021\/07\/22\/vitinho-e-exaltado-pela-torcida-do-flamengo-na-web\/\"},\"author\":{\"name\":\"Equipe G\u00e1vea News\",\"@id\":\"https:\/\/www.gaveanews.com\/#\/schema\/person\/2ec14f73fb96be2caf28f91afb14749d\"},\"headline\":\"Vitinho \u00e9 exaltado pela torcida do Flamengo na web\",\"datePublished\":\"2021-07-22T10:30:00+00:00\",\"mainEntityOfPage\":{\"@id\":\"https:\/\/www.gaveanews.com\/index.php\/2021\/07\/22\/vitinho-e-exaltado-pela-torcida-do-flamengo-na-web\/\"},\"wordCount\":157,\"commentCount\":36,\"image\":{\"@id\":\"https:\/\/www.gaveanews.com\/index.php\/2021\/07\/22\/vitinho-e-exaltado-pela-torcida-do-flamengo-na-web\/#primaryimage\"},\"thumbnailUrl\":\"https:\/\/www.gaveanews.com\/wp-content\/uploads\/Vitinho-em-acao-pelo-Flamengo-durante-o-jogo-contra-o-Defensa-y-Justicia-pela-Copa-Libertadores-da-temporada-de-2021.webp\",\"articleSection\":[\"Flamengo\"],\"inLanguage\":\"pt-BR\",\"potentialAction\":[{\"@type\":\"CommentAction\",\"name\":\"Comment\",\"target\":[\"https:\/\/www.gaveanews.com\/index.php\/2021\/07\/22\/vitinho-e-exaltado-pela-torcida-do-flamengo-na-web\/#respond\"]}],\"copyrightYear\":\"2021\",\"copyrightHolder\":{\"@id\":\"https:\/\/www.gaveanews.com\/#organization\"}},{\"@type\":\"WebPage\",\"@id\":\"https:\/\/www.gaveanews.com\/index.php\/2021\/07\/22\/vitinho-e-exaltado-pela-torcida-do-flamengo-na-web\/\",\"url\":\"https:\/\/www.gaveanews.com\/index.php\/2021\/07\/22\/vitinho-e-exaltado-pela-torcida-do-flamengo-na-web\/\",\"name\":\"Vitinho \u00e9 exaltado pela torcida do Flamengo na web\",\"isPartOf\":{\"@id\":\"https:\/\/www.gaveanews.com\/#website\"},\"primaryImageOfPage\":{\"@id\":\"https:\/\/www.gaveanews.com\/index.php\/2021\/07\/22\/vitinho-e-exaltado-pela-torcida-do-flamengo-na-web\/#primaryimage\"},\"image\":{\"@id\":\"https:\/\/www.gaveanews.com\/index.php\/2021\/07\/22\/vitinho-e-exaltado-pela-torcida-do-flamengo-na-web\/#primaryimage\"},\"thumbnailUrl\":\"https:\/\/www.gaveanews.com\/wp-content\/uploads\/Vitinho-em-acao-pelo-Flamengo-durante-o-jogo-contra-o-Defensa-y-Justicia-pela-Copa-Libertadores-da-temporada-de-2021.webp\",\"datePublished\":\"2021-07-22T10:30:00+00:00\",\"author\":{\"@id\":\"https:\/\/www.gaveanews.com\/#\/schema\/person\/2ec14f73fb96be2caf28f91afb14749d\"},\"breadcrumb\":{\"@id\":\"https:\/\/www.gaveanews.com\/index.php\/2021\/07\/22\/vitinho-e-exaltado-pela-torcida-do-flamengo-na-web\/#breadcrumb\"},\"inLanguage\":\"pt-BR\",\"potentialAction\":[{\"@type\":\"ReadAction\",\"target\":[\"https:\/\/www.gaveanews.com\/index.php\/2021\/07\/22\/vitinho-e-exaltado-pela-torcida-do-flamengo-na-web\/\"]}]},{\"@type\":\"ImageObject\",\"inLanguage\":\"pt-BR\",\"@id\":\"https:\/\/www.gaveanews.com\/index.php\/2021\/07\/22\/vitinho-e-exaltado-pela-torcida-do-flamengo-na-web\/#primaryimage\",\"url\":\"https:\/\/www.gaveanews.com\/wp-content\/uploads\/Vitinho-em-acao-pelo-Flamengo-durante-o-jogo-contra-o-Defensa-y-Justicia-pela-Copa-Libertadores-da-temporada-de-2021.webp\",\"contentUrl\":\"https:\/\/www.gaveanews.com\/wp-content\/uploads\/Vitinho-em-acao-pelo-Flamengo-durante-o-jogo-contra-o-Defensa-y-Justicia-pela-Copa-Libertadores-da-temporada-de-2021.webp\",\"width\":799,\"height\":533,\"caption\":\"Vitinho em a\u00e7\u00e3o pelo Flamengo durante o jogo contra o Defensa y Justicia pela Copa Libertadores da temporada de 2021 (Foto: Alexandre Vidal\/Flamengo)\"},{\"@type\":\"BreadcrumbList\",\"@id\":\"https:\/\/www.gaveanews.com\/index.php\/2021\/07\/22\/vitinho-e-exaltado-pela-torcida-do-flamengo-na-web\/#breadcrumb\",\"itemListElement\":[{\"@type\":\"ListItem\",\"position\":1,\"name\":\"Home\",\"item\":\"https:\/\/www.gaveanews.com\/\"},{\"@type\":\"ListItem\",\"position\":2,\"name\":\"Vitinho \u00e9 exaltado pela torcida do Flamengo na web\"}]},{\"@type\":\"WebSite\",\"@id\":\"https:\/\/www.gaveanews.com\/#website\",\"url\":\"https:\/\/www.gaveanews.com\/\",\"name\":\"G\u00e1vea News\",\"description\":\"Veja todas as not\u00edcias sobre o Flamengo: Contrata\u00e7\u00f5es, categorias de base, resultados das partidas, tabela de classifica\u00e7\u00e3o, pr\u00f3ximos jogos!\",\"potentialAction\":[{\"@type\":\"SearchAction\",\"target\":{\"@type\":\"EntryPoint\",\"urlTemplate\":\"https:\/\/www.gaveanews.com\/?s={search_term_string}\"},\"query-input\":{\"@type\":\"PropertyValueSpecification\",\"valueRequired\":true,\"valueName\":\"search_term_string\"}}],\"inLanguage\":\"pt-BR\"},{\"@type\":\"Person\",\"@id\":\"https:\/\/www.gaveanews.com\/#\/schema\/person\/2ec14f73fb96be2caf28f91afb14749d\",\"name\":\"Equipe G\u00e1vea News\",\"image\":{\"@type\":\"ImageObject\",\"inLanguage\":\"pt-BR\",\"@id\":\"https:\/\/www.gaveanews.com\/#\/schema\/person\/image\/\",\"url\":\"https:\/\/secure.gravatar.com\/avatar\/1e1956f1facbffd3f8fa53a326721950116b3b9dc9bd44939c01180fd4a745a9?s=96&d=mm&r=g\",\"contentUrl\":\"https:\/\/secure.gravatar.com\/avatar\/1e1956f1facbffd3f8fa53a326721950116b3b9dc9bd44939c01180fd4a745a9?s=96&d=mm&r=g\",\"caption\":\"Equipe G\u00e1vea News\"}}]}<\/script>\n<!-- \/ Yoast SEO Premium plugin. -->","yoast_head_json":{"title":"Vitinho \u00e9 exaltado pela torcida do Flamengo na web","robots":{"index":"index","follow":"follow","max-snippet":"max-snippet:-1","max-image-preview":"max-image-preview:large","max-video-preview":"max-video-preview:-1"},"canonical":"https:\/\/www.gaveanews.com\/index.php\/2021\/07\/22\/vitinho-e-exaltado-pela-torcida-do-flamengo-na-web\/","og_locale":"pt_BR","og_type":"article","og_title":"Vitinho \u00e9 exaltado pela torcida do Flamengo na web","og_description":"Classifica\u00e7\u00e3o com goleada nas oitavas de final da Libertadores. O Flamengo abriu o placar, passou um susto no final do primeiro tempo mas goleou o Defensa no mata-mata da Libertadores, 4 a 1 no placar e eliminou os advers\u00e1rios. Em noite de grandes atua\u00e7\u00f5es individuais, o contestado Vitinho passou a ser exaltado por torcedores do [&hellip;]","og_url":"https:\/\/www.gaveanews.com\/index.php\/2021\/07\/22\/vitinho-e-exaltado-pela-torcida-do-flamengo-na-web\/","og_site_name":"G\u00e1vea News","article_publisher":"https:\/\/facebook.com\/gaveaNews\/","article_published_time":"2021-07-22T10:30:00+00:00","og_image":[{"width":799,"height":533,"url":"https:\/\/www.gaveanews.com\/wp-content\/uploads\/Vitinho-em-acao-pelo-Flamengo-durante-o-jogo-contra-o-Defensa-y-Justicia-pela-Copa-Libertadores-da-temporada-de-2021.webp","type":"image\/jpeg"}],"author":"Equipe G\u00e1vea News","twitter_card":"summary_large_image","twitter_misc":{"Escrito por":"Equipe G\u00e1vea News","Est. tempo de leitura":"1 minuto"},"schema":{"@context":"https:\/\/schema.org","@graph":[{"@type":"NewsArticle","@id":"https:\/\/www.gaveanews.com\/index.php\/2021\/07\/22\/vitinho-e-exaltado-pela-torcida-do-flamengo-na-web\/#article","isPartOf":{"@id":"https:\/\/www.gaveanews.com\/index.php\/2021\/07\/22\/vitinho-e-exaltado-pela-torcida-do-flamengo-na-web\/"},"author":{"name":"Equipe G\u00e1vea News","@id":"https:\/\/www.gaveanews.com\/#\/schema\/person\/2ec14f73fb96be2caf28f91afb14749d"},"headline":"Vitinho \u00e9 exaltado pela torcida do Flamengo na web","datePublished":"2021-07-22T10:30:00+00:00","mainEntityOfPage":{"@id":"https:\/\/www.gaveanews.com\/index.php\/2021\/07\/22\/vitinho-e-exaltado-pela-torcida-do-flamengo-na-web\/"},"wordCount":157,"commentCount":36,"image":{"@id":"https:\/\/www.gaveanews.com\/index.php\/2021\/07\/22\/vitinho-e-exaltado-pela-torcida-do-flamengo-na-web\/#primaryimage"},"thumbnailUrl":"https:\/\/www.gaveanews.com\/wp-content\/uploads\/Vitinho-em-acao-pelo-Flamengo-durante-o-jogo-contra-o-Defensa-y-Justicia-pela-Copa-Libertadores-da-temporada-de-2021.webp","articleSection":["Flamengo"],"inLanguage":"pt-BR","potentialAction":[{"@type":"CommentAction","name":"Comment","target":["https:\/\/www.gaveanews.com\/index.php\/2021\/07\/22\/vitinho-e-exaltado-pela-torcida-do-flamengo-na-web\/#respond"]}],"copyrightYear":"2021","copyrightHolder":{"@id":"https:\/\/www.gaveanews.com\/#organization"}},{"@type":"WebPage","@id":"https:\/\/www.gaveanews.com\/index.php\/2021\/07\/22\/vitinho-e-exaltado-pela-torcida-do-flamengo-na-web\/","url":"https:\/\/www.gaveanews.com\/index.php\/2021\/07\/22\/vitinho-e-exaltado-pela-torcida-do-flamengo-na-web\/","name":"Vitinho \u00e9 exaltado pela torcida do Flamengo na web","isPartOf":{"@id":"https:\/\/www.gaveanews.com\/#website"},"primaryImageOfPage":{"@id":"https:\/\/www.gaveanews.com\/index.php\/2021\/07\/22\/vitinho-e-exaltado-pela-torcida-do-flamengo-na-web\/#primaryimage"},"image":{"@id":"https:\/\/www.gaveanews.com\/index.php\/2021\/07\/22\/vitinho-e-exaltado-pela-torcida-do-flamengo-na-web\/#primaryimage"},"thumbnailUrl":"https:\/\/www.gaveanews.com\/wp-content\/uploads\/Vitinho-em-acao-pelo-Flamengo-durante-o-jogo-contra-o-Defensa-y-Justicia-pela-Copa-Libertadores-da-temporada-de-2021.webp","datePublished":"2021-07-22T10:30:00+00:00","author":{"@id":"https:\/\/www.gaveanews.com\/#\/schema\/person\/2ec14f73fb96be2caf28f91afb14749d"},"breadcrumb":{"@id":"https:\/\/www.gaveanews.com\/index.php\/2021\/07\/22\/vitinho-e-exaltado-pela-torcida-do-flamengo-na-web\/#breadcrumb"},"inLanguage":"pt-BR","potentialAction":[{"@type":"ReadAction","target":["https:\/\/www.gaveanews.com\/index.php\/2021\/07\/22\/vitinho-e-exaltado-pela-torcida-do-flamengo-na-web\/"]}]},{"@type":"ImageObject","inLanguage":"pt-BR","@id":"https:\/\/www.gaveanews.com\/index.php\/2021\/07\/22\/vitinho-e-exaltado-pela-torcida-do-flamengo-na-web\/#primaryimage","url":"https:\/\/www.gaveanews.com\/wp-content\/uploads\/Vitinho-em-acao-pelo-Flamengo-durante-o-jogo-contra-o-Defensa-y-Justicia-pela-Copa-Libertadores-da-temporada-de-2021.webp","contentUrl":"https:\/\/www.gaveanews.com\/wp-content\/uploads\/Vitinho-em-acao-pelo-Flamengo-durante-o-jogo-contra-o-Defensa-y-Justicia-pela-Copa-Libertadores-da-temporada-de-2021.webp","width":799,"height":533,"caption":"Vitinho em a\u00e7\u00e3o pelo Flamengo durante o jogo contra o Defensa y Justicia pela Copa Libertadores da temporada de 2021 (Foto: Alexandre Vidal\/Flamengo)"},{"@type":"BreadcrumbList","@id":"https:\/\/www.gaveanews.com\/index.php\/2021\/07\/22\/vitinho-e-exaltado-pela-torcida-do-flamengo-na-web\/#breadcrumb","itemListElement":[{"@type":"ListItem","position":1,"name":"Home","item":"https:\/\/www.gaveanews.com\/"},{"@type":"ListItem","position":2,"name":"Vitinho \u00e9 exaltado pela torcida do Flamengo na web"}]},{"@type":"WebSite","@id":"https:\/\/www.gaveanews.com\/#website","url":"https:\/\/www.gaveanews.com\/","name":"G\u00e1vea News","description":"Veja todas as not\u00edcias sobre o Flamengo: Contrata\u00e7\u00f5es, categorias de base, resultados das partidas, tabela de classifica\u00e7\u00e3o, pr\u00f3ximos jogos!","potentialAction":[{"@type":"SearchAction","target":{"@type":"EntryPoint","urlTemplate":"https:\/\/www.gaveanews.com\/?s={search_term_string}"},"query-input":{"@type":"PropertyValueSpecification","valueRequired":true,"valueName":"search_term_string"}}],"inLanguage":"pt-BR"},{"@type":"Person","@id":"https:\/\/www.gaveanews.com\/#\/schema\/person\/2ec14f73fb96be2caf28f91afb14749d","name":"Equipe G\u00e1vea News","image":{"@type":"ImageObject","inLanguage":"pt-BR","@id":"https:\/\/www.gaveanews.com\/#\/schema\/person\/image\/","url":"https:\/\/secure.gravatar.com\/avatar\/1e1956f1facbffd3f8fa53a326721950116b3b9dc9bd44939c01180fd4a745a9?s=96&d=mm&r=g","contentUrl":"https:\/\/secure.gravatar.com\/avatar\/1e1956f1facbffd3f8fa53a326721950116b3b9dc9bd44939c01180fd4a745a9?s=96&d=mm&r=g","caption":"Equipe G\u00e1vea News"}}]}},"_links":{"self":[{"href":"https:\/\/www.gaveanews.com\/index.php\/wp-json\/wp\/v2\/posts\/64711","targetHints":{"allow":["GET"]}}],"collection":[{"href":"https:\/\/www.gaveanews.com\/index.php\/wp-json\/wp\/v2\/posts"}],"about":[{"href":"https:\/\/www.gaveanews.com\/index.php\/wp-json\/wp\/v2\/types\/post"}],"author":[{"embeddable":true,"href":"https:\/\/www.gaveanews.com\/index.php\/wp-json\/wp\/v2\/users\/1"}],"replies":[{"embeddable":true,"href":"https:\/\/www.gaveanews.com\/index.php\/wp-json\/wp\/v2\/comments?post=64711"}],"version-history":[{"count":0,"href":"https:\/\/www.gaveanews.com\/index.php\/wp-json\/wp\/v2\/posts\/64711\/revisions"}],"wp:featuredmedia":[{"embeddable":true,"href":"https:\/\/www.gaveanews.com\/index.php\/wp-json\/wp\/v2\/media\/64712"}],"wp:attachment":[{"href":"https:\/\/www.gaveanews.com\/index.php\/wp-json\/wp\/v2\/media?parent=64711"}],"wp:term":[{"taxonomy":"category","embeddable":true,"href":"https:\/\/www.gaveanews.com\/index.php\/wp-json\/wp\/v2\/categories?post=64711"},{"taxonomy":"post_tag","embeddable":true,"href":"https:\/\/www.gaveanews.com\/index.php\/wp-json\/wp\/v2\/tags?post=64711"}],"curies":[{"name":"wp","href":"https:\/\/api.w.org\/{rel}","templated":true}]}}