{"id":64725,"date":"2021-07-22T15:18:40","date_gmt":"2021-07-22T18:18:40","guid":{"rendered":"https:\/\/www.gaveanews.com\/?p=64725"},"modified":"2021-08-12T00:47:15","modified_gmt":"2021-08-12T03:47:15","slug":"torcedores-se-rendem-a-renato-gaucho-apos-inicio-espetacular-no-fla","status":"publish","type":"post","link":"https:\/\/www.gaveanews.com\/index.php\/2021\/07\/22\/torcedores-se-rendem-a-renato-gaucho-apos-inicio-espetacular-no-fla\/","title":{"rendered":"Torcedores se rendem a Renato Ga\u00facho ap\u00f3s in\u00edcio espetacular no Fla"},"content":{"rendered":"\n<p>Em busca de mais t\u00edtulos para a atual temporada, o Flamengo segue sua caminhada ainda sem esbarrar em elimina\u00e7\u00f5es. Na \u00faltima quarta-feira (21), o rubro-negro garantiu mais uma conquista importante e se classificou para as quartas de final da Libertadores.<\/p>\n\n\n\n<p>A partida de volta contra o Defensa y Justicia serviu para o rec\u00e9m-contratado Renato Ga\u00facho manter seus 100% de aproveitamento sob o comando do clube da G\u00e1vea e elevar ainda mais suas estat\u00edsticas em seu come\u00e7o de contrato. Com mais uma vit\u00f3ria el\u00e1stica, o t\u00e9cnico caiu nas gra\u00e7as da torcida do Fla, que por sua vez se animou com o come\u00e7o de uma nova boa fase do Mais Querido. <\/p>\n\n\n\n<p>Em resposta aos resultados apresentados pelo elenco nos \u00faltimos compromissos, diversos membros da Na\u00e7\u00e3o j\u00e1 apelidaram este novo per\u00edodo com o nome de Portaluppi. Nas redes sociais, milhares de flamenguistas est\u00e3o se rendendo ao &#8220;Renatismo&#8221; e o empenho do grupo para se manter em alta.<\/p>\n\n\n\n<h2 class=\"wp-block-heading\" id=\"h-confira-algumas-das-publica-es\">Confira algumas das publica\u00e7\u00f5es:<\/h2>\n\n\n\n<figure class=\"wp-block-embed is-type-rich is-provider-twitter wp-block-embed-twitter\"><div class=\"wp-block-embed__wrapper\">\n<blockquote class=\"twitter-tweet\" data-width=\"550\" data-dnt=\"true\"><p lang=\"pt\" dir=\"ltr\">\u00c9 o Renatismo! <a href=\"https:\/\/t.co\/r4ewT95NFG\">pic.twitter.com\/r4ewT95NFG<\/a><\/p>&mdash; PES MIL GRAU (@Pesgrau) <a href=\"https:\/\/twitter.com\/Pesgrau\/status\/1418034694243954690?ref_src=twsrc%5Etfw\">July 22, 2021<\/a><\/blockquote><script async src=\"https:\/\/platform.twitter.com\/widgets.js\" charset=\"utf-8\"><\/script>\n<\/div><\/figure>\n\n\n\n<figure class=\"wp-block-embed is-type-rich is-provider-twitter wp-block-embed-twitter\"><div class=\"wp-block-embed__wrapper\">\n<blockquote class=\"twitter-tweet\" data-width=\"550\" data-dnt=\"true\"><p lang=\"pt\" dir=\"ltr\">Todos rendidos ao Renatismo! \ud83d\udd25 <a href=\"https:\/\/t.co\/ehG18grCH1\">pic.twitter.com\/ehG18grCH1<\/a><\/p>&mdash; Sou Da Na\u00e7\u00e3o (@SouDaNacao) <a href=\"https:\/\/twitter.com\/SouDaNacao\/status\/1418035218808774656?ref_src=twsrc%5Etfw\">July 22, 2021<\/a><\/blockquote><script async src=\"https:\/\/platform.twitter.com\/widgets.js\" charset=\"utf-8\"><\/script>\n<\/div><\/figure>\n\n\n\n<figure class=\"wp-block-embed is-type-rich is-provider-twitter wp-block-embed-twitter\"><div class=\"wp-block-embed__wrapper\">\nhttps:\/\/twitter.com\/Camisa81FLA\/status\/1418040740031123456?s=20\n<\/div><\/figure>\n\n\n\n<figure class=\"wp-block-embed is-type-rich is-provider-twitter wp-block-embed-twitter\"><div class=\"wp-block-embed__wrapper\">\n<blockquote class=\"twitter-tweet\" data-width=\"550\" data-dnt=\"true\"><p lang=\"pt\" dir=\"ltr\">O CONTRA ATAQUE CABULOSO DO FLAMENGO, ISSO \u00c9 RENATISMO, APENSAS APRECIEM&#8230;<a href=\"https:\/\/t.co\/FTq3hfXL98\">pic.twitter.com\/FTq3hfXL98<\/a><\/p>&mdash; RA\u00c7A, AMOR E PAIX\u00c3O! \ud83d\udd34\u26ab \u1d9c\u02b3\u1da0 (@flaamor1981) <a href=\"https:\/\/twitter.com\/flaamor1981\/status\/1418036605995163649?ref_src=twsrc%5Etfw\">July 22, 2021<\/a><\/blockquote><script async src=\"https:\/\/platform.twitter.com\/widgets.js\" charset=\"utf-8\"><\/script>\n<\/div><\/figure>\n\n\n\n<figure class=\"wp-block-embed is-type-rich is-provider-twitter wp-block-embed-twitter\"><div class=\"wp-block-embed__wrapper\">\n<blockquote class=\"twitter-tweet\" data-width=\"550\" data-dnt=\"true\"><p lang=\"pt\" dir=\"ltr\">Vitinho voando \u2705<br>Michael parecendo o Cr7\u2705<br>Flamengo voando \u2705<br>O renatismo come\u00e7ou\u2705 <a href=\"https:\/\/t.co\/NMc6fvptjg\">pic.twitter.com\/NMc6fvptjg<\/a><\/p>&mdash; EVERT7N (@evertonInJs) <a href=\"https:\/\/twitter.com\/evertonInJs\/status\/1418034550534455301?ref_src=twsrc%5Etfw\">July 22, 2021<\/a><\/blockquote><script async src=\"https:\/\/platform.twitter.com\/widgets.js\" charset=\"utf-8\"><\/script>\n<\/div><\/figure>\n\n\n\n<figure class=\"wp-block-embed is-type-rich is-provider-twitter wp-block-embed-twitter\"><div class=\"wp-block-embed__wrapper\">\n<blockquote class=\"twitter-tweet\" data-width=\"550\" data-dnt=\"true\"><p lang=\"pt\" dir=\"ltr\">O Renatismo j\u00e1 \u00e9 real. Dois gols de Vitinho na Libertadores n\u00e3o tem como n\u00e3o se render.<\/p>&mdash; Fernanda TRI da Am\u00e9rica e TETRA da CdB (@CRF_FernandaB) <a href=\"https:\/\/twitter.com\/CRF_FernandaB\/status\/1418033644019539972?ref_src=twsrc%5Etfw\">July 22, 2021<\/a><\/blockquote><script async src=\"https:\/\/platform.twitter.com\/widgets.js\" charset=\"utf-8\"><\/script>\n<\/div><\/figure>\n\n\n\n<figure class=\"wp-block-embed is-type-rich is-provider-twitter wp-block-embed-twitter\"><div class=\"wp-block-embed__wrapper\">\nhttps:\/\/twitter.com\/didicodamimosa\/status\/1418030805796851714?s=20\n<\/div><\/figure>\n\n\n\n<figure class=\"wp-block-embed is-type-rich is-provider-twitter wp-block-embed-twitter\"><div class=\"wp-block-embed__wrapper\">\n<blockquote class=\"twitter-tweet\" data-width=\"550\" data-dnt=\"true\"><p lang=\"pt\" dir=\"ltr\">Renatismo, NUNCA CRITIQUEI <a href=\"https:\/\/t.co\/osBYtfPT64\">pic.twitter.com\/osBYtfPT64<\/a><\/p>&mdash; Luis F3lip3\u26ab\ud83d\udd34\ud83c\udde7\ud83c\uddf7 (@Luis93Felipe) <a href=\"https:\/\/twitter.com\/Luis93Felipe\/status\/1418034360142516224?ref_src=twsrc%5Etfw\">July 22, 2021<\/a><\/blockquote><script async src=\"https:\/\/platform.twitter.com\/widgets.js\" charset=\"utf-8\"><\/script>\n<\/div><\/figure>\n\n\n\n<p><\/p>\n","protected":false},"excerpt":{"rendered":"<p>Em busca de mais t\u00edtulos para a atual temporada, o Flamengo segue sua caminhada ainda sem esbarrar em elimina\u00e7\u00f5es. Na \u00faltima quarta-feira (21), o rubro-negro garantiu mais uma conquista importante e se classificou para as quartas de final da Libertadores. A partida de volta contra o Defensa y Justicia serviu para o rec\u00e9m-contratado Renato Ga\u00facho [&hellip;]<\/p>\n","protected":false},"author":4,"featured_media":64405,"comment_status":"open","ping_status":"closed","sticky":false,"template":"","format":"standard","meta":{"footnotes":""},"categories":[1],"tags":[],"class_list":["post-64725","post","type-post","status-publish","format-standard","has-post-thumbnail","hentry","category-flamengo"],"yoast_head":"<!-- This site is optimized with the Yoast SEO Premium plugin v24.2 (Yoast SEO v26.9) - https:\/\/yoast.com\/product\/yoast-seo-premium-wordpress\/ -->\n<title>Torcedores se rendem a Renato Ga\u00facho ap\u00f3s in\u00edcio espetacular no Fla<\/title>\n<meta name=\"robots\" content=\"index, follow, max-snippet:-1, max-image-preview:large, max-video-preview:-1\" \/>\n<link rel=\"canonical\" href=\"https:\/\/www.gaveanews.com\/index.php\/2021\/07\/22\/torcedores-se-rendem-a-renato-gaucho-apos-inicio-espetacular-no-fla\/\" \/>\n<meta property=\"og:locale\" content=\"pt_BR\" \/>\n<meta property=\"og:type\" content=\"article\" \/>\n<meta property=\"og:title\" content=\"Torcedores se rendem a Renato Ga\u00facho ap\u00f3s in\u00edcio espetacular no Fla\" \/>\n<meta property=\"og:description\" content=\"Em busca de mais t\u00edtulos para a atual temporada, o Flamengo segue sua caminhada ainda sem esbarrar em elimina\u00e7\u00f5es. Na \u00faltima quarta-feira (21), o rubro-negro garantiu mais uma conquista importante e se classificou para as quartas de final da Libertadores. A partida de volta contra o Defensa y Justicia serviu para o rec\u00e9m-contratado Renato Ga\u00facho [&hellip;]\" \/>\n<meta property=\"og:url\" content=\"https:\/\/www.gaveanews.com\/index.php\/2021\/07\/22\/torcedores-se-rendem-a-renato-gaucho-apos-inicio-espetacular-no-fla\/\" \/>\n<meta property=\"og:site_name\" content=\"G\u00e1vea News\" \/>\n<meta property=\"article:publisher\" content=\"https:\/\/facebook.com\/gaveaNews\/\" \/>\n<meta property=\"article:published_time\" content=\"2021-07-22T18:18:40+00:00\" \/>\n<meta property=\"article:modified_time\" content=\"2021-08-12T03:47:15+00:00\" \/>\n<meta property=\"og:image\" content=\"https:\/\/www.gaveanews.com\/wp-content\/uploads\/Renato-Gaucho-em-entrevista-coletiva-no-Ninho-do-Urubu.webp\" \/>\n\t<meta property=\"og:image:width\" content=\"799\" \/>\n\t<meta property=\"og:image:height\" content=\"532\" \/>\n\t<meta property=\"og:image:type\" content=\"image\/jpeg\" \/>\n<meta name=\"author\" content=\"Let\u00edcia Gerheim\" \/>\n<meta name=\"twitter:card\" content=\"summary_large_image\" \/>\n<meta name=\"twitter:label1\" content=\"Escrito por\" \/>\n\t<meta name=\"twitter:data1\" content=\"Let\u00edcia Gerheim\" \/>\n\t<meta name=\"twitter:label2\" content=\"Est. tempo de leitura\" \/>\n\t<meta name=\"twitter:data2\" content=\"1 minuto\" \/>\n<script type=\"application\/ld+json\" class=\"yoast-schema-graph\">{\"@context\":\"https:\/\/schema.org\",\"@graph\":[{\"@type\":\"NewsArticle\",\"@id\":\"https:\/\/www.gaveanews.com\/index.php\/2021\/07\/22\/torcedores-se-rendem-a-renato-gaucho-apos-inicio-espetacular-no-fla\/#article\",\"isPartOf\":{\"@id\":\"https:\/\/www.gaveanews.com\/index.php\/2021\/07\/22\/torcedores-se-rendem-a-renato-gaucho-apos-inicio-espetacular-no-fla\/\"},\"author\":{\"name\":\"Let\u00edcia Gerheim\",\"@id\":\"https:\/\/www.gaveanews.com\/#\/schema\/person\/714c67050b836198af2450ba1c142a67\"},\"headline\":\"Torcedores se rendem a Renato Ga\u00facho ap\u00f3s in\u00edcio espetacular no Fla\",\"datePublished\":\"2021-07-22T18:18:40+00:00\",\"dateModified\":\"2021-08-12T03:47:15+00:00\",\"mainEntityOfPage\":{\"@id\":\"https:\/\/www.gaveanews.com\/index.php\/2021\/07\/22\/torcedores-se-rendem-a-renato-gaucho-apos-inicio-espetacular-no-fla\/\"},\"wordCount\":238,\"commentCount\":6,\"image\":{\"@id\":\"https:\/\/www.gaveanews.com\/index.php\/2021\/07\/22\/torcedores-se-rendem-a-renato-gaucho-apos-inicio-espetacular-no-fla\/#primaryimage\"},\"thumbnailUrl\":\"https:\/\/www.gaveanews.com\/wp-content\/uploads\/Renato-Gaucho-em-entrevista-coletiva-no-Ninho-do-Urubu.webp\",\"articleSection\":[\"Flamengo\"],\"inLanguage\":\"pt-BR\",\"potentialAction\":[{\"@type\":\"CommentAction\",\"name\":\"Comment\",\"target\":[\"https:\/\/www.gaveanews.com\/index.php\/2021\/07\/22\/torcedores-se-rendem-a-renato-gaucho-apos-inicio-espetacular-no-fla\/#respond\"]}],\"copyrightYear\":\"2021\",\"copyrightHolder\":{\"@id\":\"https:\/\/www.gaveanews.com\/#organization\"}},{\"@type\":\"WebPage\",\"@id\":\"https:\/\/www.gaveanews.com\/index.php\/2021\/07\/22\/torcedores-se-rendem-a-renato-gaucho-apos-inicio-espetacular-no-fla\/\",\"url\":\"https:\/\/www.gaveanews.com\/index.php\/2021\/07\/22\/torcedores-se-rendem-a-renato-gaucho-apos-inicio-espetacular-no-fla\/\",\"name\":\"Torcedores se rendem a Renato Ga\u00facho ap\u00f3s in\u00edcio espetacular no Fla\",\"isPartOf\":{\"@id\":\"https:\/\/www.gaveanews.com\/#website\"},\"primaryImageOfPage\":{\"@id\":\"https:\/\/www.gaveanews.com\/index.php\/2021\/07\/22\/torcedores-se-rendem-a-renato-gaucho-apos-inicio-espetacular-no-fla\/#primaryimage\"},\"image\":{\"@id\":\"https:\/\/www.gaveanews.com\/index.php\/2021\/07\/22\/torcedores-se-rendem-a-renato-gaucho-apos-inicio-espetacular-no-fla\/#primaryimage\"},\"thumbnailUrl\":\"https:\/\/www.gaveanews.com\/wp-content\/uploads\/Renato-Gaucho-em-entrevista-coletiva-no-Ninho-do-Urubu.webp\",\"datePublished\":\"2021-07-22T18:18:40+00:00\",\"dateModified\":\"2021-08-12T03:47:15+00:00\",\"author\":{\"@id\":\"https:\/\/www.gaveanews.com\/#\/schema\/person\/714c67050b836198af2450ba1c142a67\"},\"breadcrumb\":{\"@id\":\"https:\/\/www.gaveanews.com\/index.php\/2021\/07\/22\/torcedores-se-rendem-a-renato-gaucho-apos-inicio-espetacular-no-fla\/#breadcrumb\"},\"inLanguage\":\"pt-BR\",\"potentialAction\":[{\"@type\":\"ReadAction\",\"target\":[\"https:\/\/www.gaveanews.com\/index.php\/2021\/07\/22\/torcedores-se-rendem-a-renato-gaucho-apos-inicio-espetacular-no-fla\/\"]}]},{\"@type\":\"ImageObject\",\"inLanguage\":\"pt-BR\",\"@id\":\"https:\/\/www.gaveanews.com\/index.php\/2021\/07\/22\/torcedores-se-rendem-a-renato-gaucho-apos-inicio-espetacular-no-fla\/#primaryimage\",\"url\":\"https:\/\/www.gaveanews.com\/wp-content\/uploads\/Renato-Gaucho-em-entrevista-coletiva-no-Ninho-do-Urubu.webp\",\"contentUrl\":\"https:\/\/www.gaveanews.com\/wp-content\/uploads\/Renato-Gaucho-em-entrevista-coletiva-no-Ninho-do-Urubu.webp\",\"width\":799,\"height\":532,\"caption\":\"Renato Ga\u00facho em entrevista coletiva no Ninho do Urubu (Foto: Alexandre Vidal\/Flamengo)\"},{\"@type\":\"BreadcrumbList\",\"@id\":\"https:\/\/www.gaveanews.com\/index.php\/2021\/07\/22\/torcedores-se-rendem-a-renato-gaucho-apos-inicio-espetacular-no-fla\/#breadcrumb\",\"itemListElement\":[{\"@type\":\"ListItem\",\"position\":1,\"name\":\"Home\",\"item\":\"https:\/\/www.gaveanews.com\/\"},{\"@type\":\"ListItem\",\"position\":2,\"name\":\"Torcedores se rendem a Renato Ga\u00facho ap\u00f3s in\u00edcio espetacular no Fla\"}]},{\"@type\":\"WebSite\",\"@id\":\"https:\/\/www.gaveanews.com\/#website\",\"url\":\"https:\/\/www.gaveanews.com\/\",\"name\":\"G\u00e1vea News\",\"description\":\"Veja todas as not\u00edcias sobre o Flamengo: Contrata\u00e7\u00f5es, categorias de base, resultados das partidas, tabela de classifica\u00e7\u00e3o, pr\u00f3ximos jogos!\",\"potentialAction\":[{\"@type\":\"SearchAction\",\"target\":{\"@type\":\"EntryPoint\",\"urlTemplate\":\"https:\/\/www.gaveanews.com\/?s={search_term_string}\"},\"query-input\":{\"@type\":\"PropertyValueSpecification\",\"valueRequired\":true,\"valueName\":\"search_term_string\"}}],\"inLanguage\":\"pt-BR\"},{\"@type\":\"Person\",\"@id\":\"https:\/\/www.gaveanews.com\/#\/schema\/person\/714c67050b836198af2450ba1c142a67\",\"name\":\"Let\u00edcia Gerheim\",\"image\":{\"@type\":\"ImageObject\",\"inLanguage\":\"pt-BR\",\"@id\":\"https:\/\/www.gaveanews.com\/#\/schema\/person\/image\/\",\"url\":\"https:\/\/secure.gravatar.com\/avatar\/60734739c50fcebfbac509e2a826ccd0ff405c019bc73aab9354f19ecad1dcb4?s=96&d=mm&r=g\",\"contentUrl\":\"https:\/\/secure.gravatar.com\/avatar\/60734739c50fcebfbac509e2a826ccd0ff405c019bc73aab9354f19ecad1dcb4?s=96&d=mm&r=g\",\"caption\":\"Let\u00edcia Gerheim\"}}]}<\/script>\n<!-- \/ Yoast SEO Premium plugin. -->","yoast_head_json":{"title":"Torcedores se rendem a Renato Ga\u00facho ap\u00f3s in\u00edcio espetacular no Fla","robots":{"index":"index","follow":"follow","max-snippet":"max-snippet:-1","max-image-preview":"max-image-preview:large","max-video-preview":"max-video-preview:-1"},"canonical":"https:\/\/www.gaveanews.com\/index.php\/2021\/07\/22\/torcedores-se-rendem-a-renato-gaucho-apos-inicio-espetacular-no-fla\/","og_locale":"pt_BR","og_type":"article","og_title":"Torcedores se rendem a Renato Ga\u00facho ap\u00f3s in\u00edcio espetacular no Fla","og_description":"Em busca de mais t\u00edtulos para a atual temporada, o Flamengo segue sua caminhada ainda sem esbarrar em elimina\u00e7\u00f5es. Na \u00faltima quarta-feira (21), o rubro-negro garantiu mais uma conquista importante e se classificou para as quartas de final da Libertadores. A partida de volta contra o Defensa y Justicia serviu para o rec\u00e9m-contratado Renato Ga\u00facho [&hellip;]","og_url":"https:\/\/www.gaveanews.com\/index.php\/2021\/07\/22\/torcedores-se-rendem-a-renato-gaucho-apos-inicio-espetacular-no-fla\/","og_site_name":"G\u00e1vea News","article_publisher":"https:\/\/facebook.com\/gaveaNews\/","article_published_time":"2021-07-22T18:18:40+00:00","article_modified_time":"2021-08-12T03:47:15+00:00","og_image":[{"width":799,"height":532,"url":"https:\/\/www.gaveanews.com\/wp-content\/uploads\/Renato-Gaucho-em-entrevista-coletiva-no-Ninho-do-Urubu.webp","type":"image\/jpeg"}],"author":"Let\u00edcia Gerheim","twitter_card":"summary_large_image","twitter_misc":{"Escrito por":"Let\u00edcia Gerheim","Est. tempo de leitura":"1 minuto"},"schema":{"@context":"https:\/\/schema.org","@graph":[{"@type":"NewsArticle","@id":"https:\/\/www.gaveanews.com\/index.php\/2021\/07\/22\/torcedores-se-rendem-a-renato-gaucho-apos-inicio-espetacular-no-fla\/#article","isPartOf":{"@id":"https:\/\/www.gaveanews.com\/index.php\/2021\/07\/22\/torcedores-se-rendem-a-renato-gaucho-apos-inicio-espetacular-no-fla\/"},"author":{"name":"Let\u00edcia Gerheim","@id":"https:\/\/www.gaveanews.com\/#\/schema\/person\/714c67050b836198af2450ba1c142a67"},"headline":"Torcedores se rendem a Renato Ga\u00facho ap\u00f3s in\u00edcio espetacular no Fla","datePublished":"2021-07-22T18:18:40+00:00","dateModified":"2021-08-12T03:47:15+00:00","mainEntityOfPage":{"@id":"https:\/\/www.gaveanews.com\/index.php\/2021\/07\/22\/torcedores-se-rendem-a-renato-gaucho-apos-inicio-espetacular-no-fla\/"},"wordCount":238,"commentCount":6,"image":{"@id":"https:\/\/www.gaveanews.com\/index.php\/2021\/07\/22\/torcedores-se-rendem-a-renato-gaucho-apos-inicio-espetacular-no-fla\/#primaryimage"},"thumbnailUrl":"https:\/\/www.gaveanews.com\/wp-content\/uploads\/Renato-Gaucho-em-entrevista-coletiva-no-Ninho-do-Urubu.webp","articleSection":["Flamengo"],"inLanguage":"pt-BR","potentialAction":[{"@type":"CommentAction","name":"Comment","target":["https:\/\/www.gaveanews.com\/index.php\/2021\/07\/22\/torcedores-se-rendem-a-renato-gaucho-apos-inicio-espetacular-no-fla\/#respond"]}],"copyrightYear":"2021","copyrightHolder":{"@id":"https:\/\/www.gaveanews.com\/#organization"}},{"@type":"WebPage","@id":"https:\/\/www.gaveanews.com\/index.php\/2021\/07\/22\/torcedores-se-rendem-a-renato-gaucho-apos-inicio-espetacular-no-fla\/","url":"https:\/\/www.gaveanews.com\/index.php\/2021\/07\/22\/torcedores-se-rendem-a-renato-gaucho-apos-inicio-espetacular-no-fla\/","name":"Torcedores se rendem a Renato Ga\u00facho ap\u00f3s in\u00edcio espetacular no Fla","isPartOf":{"@id":"https:\/\/www.gaveanews.com\/#website"},"primaryImageOfPage":{"@id":"https:\/\/www.gaveanews.com\/index.php\/2021\/07\/22\/torcedores-se-rendem-a-renato-gaucho-apos-inicio-espetacular-no-fla\/#primaryimage"},"image":{"@id":"https:\/\/www.gaveanews.com\/index.php\/2021\/07\/22\/torcedores-se-rendem-a-renato-gaucho-apos-inicio-espetacular-no-fla\/#primaryimage"},"thumbnailUrl":"https:\/\/www.gaveanews.com\/wp-content\/uploads\/Renato-Gaucho-em-entrevista-coletiva-no-Ninho-do-Urubu.webp","datePublished":"2021-07-22T18:18:40+00:00","dateModified":"2021-08-12T03:47:15+00:00","author":{"@id":"https:\/\/www.gaveanews.com\/#\/schema\/person\/714c67050b836198af2450ba1c142a67"},"breadcrumb":{"@id":"https:\/\/www.gaveanews.com\/index.php\/2021\/07\/22\/torcedores-se-rendem-a-renato-gaucho-apos-inicio-espetacular-no-fla\/#breadcrumb"},"inLanguage":"pt-BR","potentialAction":[{"@type":"ReadAction","target":["https:\/\/www.gaveanews.com\/index.php\/2021\/07\/22\/torcedores-se-rendem-a-renato-gaucho-apos-inicio-espetacular-no-fla\/"]}]},{"@type":"ImageObject","inLanguage":"pt-BR","@id":"https:\/\/www.gaveanews.com\/index.php\/2021\/07\/22\/torcedores-se-rendem-a-renato-gaucho-apos-inicio-espetacular-no-fla\/#primaryimage","url":"https:\/\/www.gaveanews.com\/wp-content\/uploads\/Renato-Gaucho-em-entrevista-coletiva-no-Ninho-do-Urubu.webp","contentUrl":"https:\/\/www.gaveanews.com\/wp-content\/uploads\/Renato-Gaucho-em-entrevista-coletiva-no-Ninho-do-Urubu.webp","width":799,"height":532,"caption":"Renato Ga\u00facho em entrevista coletiva no Ninho do Urubu (Foto: Alexandre Vidal\/Flamengo)"},{"@type":"BreadcrumbList","@id":"https:\/\/www.gaveanews.com\/index.php\/2021\/07\/22\/torcedores-se-rendem-a-renato-gaucho-apos-inicio-espetacular-no-fla\/#breadcrumb","itemListElement":[{"@type":"ListItem","position":1,"name":"Home","item":"https:\/\/www.gaveanews.com\/"},{"@type":"ListItem","position":2,"name":"Torcedores se rendem a Renato Ga\u00facho ap\u00f3s in\u00edcio espetacular no Fla"}]},{"@type":"WebSite","@id":"https:\/\/www.gaveanews.com\/#website","url":"https:\/\/www.gaveanews.com\/","name":"G\u00e1vea News","description":"Veja todas as not\u00edcias sobre o Flamengo: Contrata\u00e7\u00f5es, categorias de base, resultados das partidas, tabela de classifica\u00e7\u00e3o, pr\u00f3ximos jogos!","potentialAction":[{"@type":"SearchAction","target":{"@type":"EntryPoint","urlTemplate":"https:\/\/www.gaveanews.com\/?s={search_term_string}"},"query-input":{"@type":"PropertyValueSpecification","valueRequired":true,"valueName":"search_term_string"}}],"inLanguage":"pt-BR"},{"@type":"Person","@id":"https:\/\/www.gaveanews.com\/#\/schema\/person\/714c67050b836198af2450ba1c142a67","name":"Let\u00edcia Gerheim","image":{"@type":"ImageObject","inLanguage":"pt-BR","@id":"https:\/\/www.gaveanews.com\/#\/schema\/person\/image\/","url":"https:\/\/secure.gravatar.com\/avatar\/60734739c50fcebfbac509e2a826ccd0ff405c019bc73aab9354f19ecad1dcb4?s=96&d=mm&r=g","contentUrl":"https:\/\/secure.gravatar.com\/avatar\/60734739c50fcebfbac509e2a826ccd0ff405c019bc73aab9354f19ecad1dcb4?s=96&d=mm&r=g","caption":"Let\u00edcia Gerheim"}}]}},"_links":{"self":[{"href":"https:\/\/www.gaveanews.com\/index.php\/wp-json\/wp\/v2\/posts\/64725","targetHints":{"allow":["GET"]}}],"collection":[{"href":"https:\/\/www.gaveanews.com\/index.php\/wp-json\/wp\/v2\/posts"}],"about":[{"href":"https:\/\/www.gaveanews.com\/index.php\/wp-json\/wp\/v2\/types\/post"}],"author":[{"embeddable":true,"href":"https:\/\/www.gaveanews.com\/index.php\/wp-json\/wp\/v2\/users\/4"}],"replies":[{"embeddable":true,"href":"https:\/\/www.gaveanews.com\/index.php\/wp-json\/wp\/v2\/comments?post=64725"}],"version-history":[{"count":0,"href":"https:\/\/www.gaveanews.com\/index.php\/wp-json\/wp\/v2\/posts\/64725\/revisions"}],"wp:featuredmedia":[{"embeddable":true,"href":"https:\/\/www.gaveanews.com\/index.php\/wp-json\/wp\/v2\/media\/64405"}],"wp:attachment":[{"href":"https:\/\/www.gaveanews.com\/index.php\/wp-json\/wp\/v2\/media?parent=64725"}],"wp:term":[{"taxonomy":"category","embeddable":true,"href":"https:\/\/www.gaveanews.com\/index.php\/wp-json\/wp\/v2\/categories?post=64725"},{"taxonomy":"post_tag","embeddable":true,"href":"https:\/\/www.gaveanews.com\/index.php\/wp-json\/wp\/v2\/tags?post=64725"}],"curies":[{"name":"wp","href":"https:\/\/api.w.org\/{rel}","templated":true}]}}