{"id":64728,"date":"2021-07-22T20:09:19","date_gmt":"2021-07-22T23:09:19","guid":{"rendered":"https:\/\/www.gaveanews.com\/?p=64728"},"modified":"2021-08-12T00:47:11","modified_gmt":"2021-08-12T03:47:11","slug":"acao-social-do-fla-custeia-500-refeicoes-a-pessoas-em-situacao-de-rua-veja-como-participar","status":"publish","type":"post","link":"https:\/\/www.gaveanews.com\/index.php\/2021\/07\/22\/acao-social-do-fla-custeia-500-refeicoes-a-pessoas-em-situacao-de-rua-veja-como-participar\/","title":{"rendered":"A\u00e7\u00e3o social do Fla custeia 500 refei\u00e7\u00f5es a pessoas em situa\u00e7\u00e3o de rua; veja como participar"},"content":{"rendered":"\n<p>Detentor da maior torcida do Brasil, o Flamengo aproveita de sua visibilidade de engajamento com a torcida para trazer benef\u00edcios a pessoas em situa\u00e7\u00e3o de vulnerabilidade social. Desta vez, a nova iniciativa do clube rendeu centenas de refei\u00e7\u00f5es para pessoas que vivem em situa\u00e7\u00e3o de rua.<\/p>\n\n\n\n<p>O projeto Recicla Na\u00e7\u00e3o, realizado em parceria com a Soul Ambiental e Gastromotiva, completou um m\u00eas de exist\u00eancia recentemente. Neste per\u00edodo, foram arrecadadas mais de 2,5 toneladas de res\u00edduos s\u00f3lidos e custeou aproximadamente 500 refei\u00e7\u00f5es para pessoas em extrema vulnerabilidade social.<\/p>\n\n\n\n<p>A a\u00e7\u00e3o rubro-negra recolhe materiais atrav\u00e9s de coletores de copinhos pl\u00e1sticos e tampinhas para reciclagem. Todo o valor obtido \u00e9 destino ao custeio de alimenta\u00e7\u00e3o para pessoas em situa\u00e7\u00e3o de rua. A distribui\u00e7\u00e3o das refei\u00e7\u00f5es \u00e9 realizada pela &nbsp;Gastromotiva, organiza\u00e7\u00e3o que atua na redu\u00e7\u00e3o da inseguran\u00e7a alimentar no Rio de Janeiro, S\u00e3o Paulo, Curitiba, Salvador e Bel\u00e9m.<\/p>\n\n\n\n<p>Com a parceria da Soul Ambiental, o setor de Responsabilidade Social do Flamengo coleta neste projeto toneladas de papel\u00e3o, tampinhas, copinhos e outros res\u00edduos deixam de ser descartados com o lixo org\u00e2nico para serem recicladas e reintroduzidas em outros ciclos de produ\u00e7\u00e3o. E a Na\u00e7\u00e3o pode continuar a apoiar esta causa.<\/p>\n\n\n\n<p>Para colaborar com o projeto, a torcida pode doar tampinhas pl\u00e1sticas em um dos pontos de coleta. S\u00e3o aceitas tampas de garrafas pet, de \u00e1gua, de leite, de \u00e1gua de coco, de mate, de shampoo, condicionador e material de limpeza. Vale lembrar de que \u00e9 imprescind\u00edvel que o material doado esteja limpo e sem r\u00f3tulo\/adesivos.<\/p>\n\n\n\n<h2 class=\"wp-block-heading\" id=\"h-pontos-de-coleta-do-recicla-na-o\">Pontos de coleta do Recicla Na\u00e7\u00e3o:<\/h2>\n\n\n\n<ul class=\"wp-block-list\"><li><strong>Sede social do Flamengo &#8211; G\u00e1vea<\/strong><br>Coletores em diversos pontos pelo clube<\/li><li><strong>Loja FLA adidas &#8211; G\u00e1vea<\/strong><\/li><li><strong>Loja Espa\u00e7o Rubro-Negro Centro<\/strong><br>Rua Buenos Aires, 113, Centro, Rio de Janeiro\/ RJ<\/li><li><strong>Lojas Espa\u00e7o Rubro-Negro &#8211; Barrashopping e&nbsp;Nova Am\u00e9rica<\/strong><\/li><li><strong>Fla Resende<\/strong><br>Avenida Riachuelo, 271, Liberdade, Resende\/ RJ<\/li><li><strong>Fla Tr\u00eas Rios<\/strong><br>Rua Di\u00f3genes Padilha, 155, Centro, Tr\u00eas Rios\/ RJ<br>(Escola Flamengo Tr\u00eas Rios)<\/li><li><strong>Fla Campos<\/strong><br>Rua Visconde de Itabora\u00ed, 570, Parque Ros\u00e1rio, Campos\/ RJ<br>(Loja Na\u00e7\u00e3o Rubro-negra Huarus Plaza Shopping)<\/li><li><strong>Fla Nova Igua\u00e7u<\/strong><br>Rua Carlos Gomes, 145, Bairro da Luz, Nova Igua\u00e7u\/ RJ<\/li><li><strong>Fla Rio<\/strong><br>Rua Marolo, 232, Curicica, Rio de Janeiro\/ RJ<\/li><li><strong>Irm\u00e3os Rubro-negros<\/strong><br>Rua Doutor March, 533, Venda da Cruz, S\u00e3o Gon\u00e7alo\/ RJ<\/li><li><strong>Fla Maior<\/strong><br>Estrada do Taquaral, 100, Bangu, Rio de Janeiro\/ RJ<\/li><li><strong>Fla Mangua\u00e7a<\/strong><br>Rua Jos\u00e9 dos Reis, 1706, Pilares, Rio de Janeiro\/ RJ<\/li><li><strong>Condom\u00ednio do Edif\u00edcio Mirante do Rio<\/strong><br>Rua Conde De Lages 44, Centro\/Gl\u00f3ria, Rio de Janeiro\/RJ<\/li><\/ul>\n","protected":false},"excerpt":{"rendered":"<p>Detentor da maior torcida do Brasil, o Flamengo aproveita de sua visibilidade de engajamento com a torcida para trazer benef\u00edcios a pessoas em situa\u00e7\u00e3o de vulnerabilidade social. Desta vez, a nova iniciativa do clube rendeu centenas de refei\u00e7\u00f5es para pessoas que vivem em situa\u00e7\u00e3o de rua. O projeto Recicla Na\u00e7\u00e3o, realizado em parceria com a [&hellip;]<\/p>\n","protected":false},"author":4,"featured_media":64731,"comment_status":"open","ping_status":"closed","sticky":false,"template":"","format":"standard","meta":{"footnotes":""},"categories":[47],"tags":[],"class_list":["post-64728","post","type-post","status-publish","format-standard","has-post-thumbnail","hentry","category-destaques"],"yoast_head":"<!-- This site is optimized with the Yoast SEO Premium plugin v24.2 (Yoast SEO v26.9) - https:\/\/yoast.com\/product\/yoast-seo-premium-wordpress\/ -->\n<title>A\u00e7\u00e3o social do Fla custeia 500 refei\u00e7\u00f5es a pessoas em situa\u00e7\u00e3o de rua<\/title>\n<meta name=\"robots\" content=\"index, follow, max-snippet:-1, max-image-preview:large, max-video-preview:-1\" \/>\n<link rel=\"canonical\" href=\"https:\/\/www.gaveanews.com\/index.php\/2021\/07\/22\/acao-social-do-fla-custeia-500-refeicoes-a-pessoas-em-situacao-de-rua-veja-como-participar\/\" \/>\n<meta property=\"og:locale\" content=\"pt_BR\" \/>\n<meta property=\"og:type\" content=\"article\" \/>\n<meta property=\"og:title\" content=\"A\u00e7\u00e3o social do Fla custeia 500 refei\u00e7\u00f5es a pessoas em situa\u00e7\u00e3o de rua; veja como participar\" \/>\n<meta property=\"og:description\" content=\"Detentor da maior torcida do Brasil, o Flamengo aproveita de sua visibilidade de engajamento com a torcida para trazer benef\u00edcios a pessoas em situa\u00e7\u00e3o de vulnerabilidade social. Desta vez, a nova iniciativa do clube rendeu centenas de refei\u00e7\u00f5es para pessoas que vivem em situa\u00e7\u00e3o de rua. O projeto Recicla Na\u00e7\u00e3o, realizado em parceria com a [&hellip;]\" \/>\n<meta property=\"og:url\" content=\"https:\/\/www.gaveanews.com\/index.php\/2021\/07\/22\/acao-social-do-fla-custeia-500-refeicoes-a-pessoas-em-situacao-de-rua-veja-como-participar\/\" \/>\n<meta property=\"og:site_name\" content=\"G\u00e1vea News\" \/>\n<meta property=\"article:publisher\" content=\"https:\/\/facebook.com\/gaveaNews\/\" \/>\n<meta property=\"article:published_time\" content=\"2021-07-22T23:09:19+00:00\" \/>\n<meta property=\"article:modified_time\" content=\"2021-08-12T03:47:11+00:00\" \/>\n<meta property=\"og:image\" content=\"https:\/\/www.gaveanews.com\/wp-content\/uploads\/Recicla-Nacao-acao-social-do-Flamengo.webp\" \/>\n\t<meta property=\"og:image:width\" content=\"846\" \/>\n\t<meta property=\"og:image:height\" content=\"564\" \/>\n\t<meta property=\"og:image:type\" content=\"image\/jpeg\" \/>\n<meta name=\"author\" content=\"Let\u00edcia Gerheim\" \/>\n<meta name=\"twitter:card\" content=\"summary_large_image\" \/>\n<meta name=\"twitter:label1\" content=\"Escrito por\" \/>\n\t<meta name=\"twitter:data1\" content=\"Let\u00edcia Gerheim\" \/>\n\t<meta name=\"twitter:label2\" content=\"Est. tempo de leitura\" \/>\n\t<meta name=\"twitter:data2\" content=\"2 minutos\" \/>\n<script type=\"application\/ld+json\" class=\"yoast-schema-graph\">{\"@context\":\"https:\/\/schema.org\",\"@graph\":[{\"@type\":\"NewsArticle\",\"@id\":\"https:\/\/www.gaveanews.com\/index.php\/2021\/07\/22\/acao-social-do-fla-custeia-500-refeicoes-a-pessoas-em-situacao-de-rua-veja-como-participar\/#article\",\"isPartOf\":{\"@id\":\"https:\/\/www.gaveanews.com\/index.php\/2021\/07\/22\/acao-social-do-fla-custeia-500-refeicoes-a-pessoas-em-situacao-de-rua-veja-como-participar\/\"},\"author\":{\"name\":\"Let\u00edcia Gerheim\",\"@id\":\"https:\/\/www.gaveanews.com\/#\/schema\/person\/714c67050b836198af2450ba1c142a67\"},\"headline\":\"A\u00e7\u00e3o social do Fla custeia 500 refei\u00e7\u00f5es a pessoas em situa\u00e7\u00e3o de rua; veja como participar\",\"datePublished\":\"2021-07-22T23:09:19+00:00\",\"dateModified\":\"2021-08-12T03:47:11+00:00\",\"mainEntityOfPage\":{\"@id\":\"https:\/\/www.gaveanews.com\/index.php\/2021\/07\/22\/acao-social-do-fla-custeia-500-refeicoes-a-pessoas-em-situacao-de-rua-veja-como-participar\/\"},\"wordCount\":468,\"commentCount\":5,\"image\":{\"@id\":\"https:\/\/www.gaveanews.com\/index.php\/2021\/07\/22\/acao-social-do-fla-custeia-500-refeicoes-a-pessoas-em-situacao-de-rua-veja-como-participar\/#primaryimage\"},\"thumbnailUrl\":\"https:\/\/www.gaveanews.com\/wp-content\/uploads\/Recicla-Nacao-acao-social-do-Flamengo.webp\",\"articleSection\":[\"Destaques\"],\"inLanguage\":\"pt-BR\",\"potentialAction\":[{\"@type\":\"CommentAction\",\"name\":\"Comment\",\"target\":[\"https:\/\/www.gaveanews.com\/index.php\/2021\/07\/22\/acao-social-do-fla-custeia-500-refeicoes-a-pessoas-em-situacao-de-rua-veja-como-participar\/#respond\"]}],\"copyrightYear\":\"2021\",\"copyrightHolder\":{\"@id\":\"https:\/\/www.gaveanews.com\/#organization\"}},{\"@type\":\"WebPage\",\"@id\":\"https:\/\/www.gaveanews.com\/index.php\/2021\/07\/22\/acao-social-do-fla-custeia-500-refeicoes-a-pessoas-em-situacao-de-rua-veja-como-participar\/\",\"url\":\"https:\/\/www.gaveanews.com\/index.php\/2021\/07\/22\/acao-social-do-fla-custeia-500-refeicoes-a-pessoas-em-situacao-de-rua-veja-como-participar\/\",\"name\":\"A\u00e7\u00e3o social do Fla custeia 500 refei\u00e7\u00f5es a pessoas em situa\u00e7\u00e3o de rua\",\"isPartOf\":{\"@id\":\"https:\/\/www.gaveanews.com\/#website\"},\"primaryImageOfPage\":{\"@id\":\"https:\/\/www.gaveanews.com\/index.php\/2021\/07\/22\/acao-social-do-fla-custeia-500-refeicoes-a-pessoas-em-situacao-de-rua-veja-como-participar\/#primaryimage\"},\"image\":{\"@id\":\"https:\/\/www.gaveanews.com\/index.php\/2021\/07\/22\/acao-social-do-fla-custeia-500-refeicoes-a-pessoas-em-situacao-de-rua-veja-como-participar\/#primaryimage\"},\"thumbnailUrl\":\"https:\/\/www.gaveanews.com\/wp-content\/uploads\/Recicla-Nacao-acao-social-do-Flamengo.webp\",\"datePublished\":\"2021-07-22T23:09:19+00:00\",\"dateModified\":\"2021-08-12T03:47:11+00:00\",\"author\":{\"@id\":\"https:\/\/www.gaveanews.com\/#\/schema\/person\/714c67050b836198af2450ba1c142a67\"},\"breadcrumb\":{\"@id\":\"https:\/\/www.gaveanews.com\/index.php\/2021\/07\/22\/acao-social-do-fla-custeia-500-refeicoes-a-pessoas-em-situacao-de-rua-veja-como-participar\/#breadcrumb\"},\"inLanguage\":\"pt-BR\",\"potentialAction\":[{\"@type\":\"ReadAction\",\"target\":[\"https:\/\/www.gaveanews.com\/index.php\/2021\/07\/22\/acao-social-do-fla-custeia-500-refeicoes-a-pessoas-em-situacao-de-rua-veja-como-participar\/\"]}]},{\"@type\":\"ImageObject\",\"inLanguage\":\"pt-BR\",\"@id\":\"https:\/\/www.gaveanews.com\/index.php\/2021\/07\/22\/acao-social-do-fla-custeia-500-refeicoes-a-pessoas-em-situacao-de-rua-veja-como-participar\/#primaryimage\",\"url\":\"https:\/\/www.gaveanews.com\/wp-content\/uploads\/Recicla-Nacao-acao-social-do-Flamengo.webp\",\"contentUrl\":\"https:\/\/www.gaveanews.com\/wp-content\/uploads\/Recicla-Nacao-acao-social-do-Flamengo.webp\",\"width\":846,\"height\":564,\"caption\":\"Recicla Na\u00e7\u00e3o, a\u00e7\u00e3o social do Flamengo (Foto: Paula Reis\/Flamengo)\"},{\"@type\":\"BreadcrumbList\",\"@id\":\"https:\/\/www.gaveanews.com\/index.php\/2021\/07\/22\/acao-social-do-fla-custeia-500-refeicoes-a-pessoas-em-situacao-de-rua-veja-como-participar\/#breadcrumb\",\"itemListElement\":[{\"@type\":\"ListItem\",\"position\":1,\"name\":\"Home\",\"item\":\"https:\/\/www.gaveanews.com\/\"},{\"@type\":\"ListItem\",\"position\":2,\"name\":\"A\u00e7\u00e3o social do Fla custeia 500 refei\u00e7\u00f5es a pessoas em situa\u00e7\u00e3o de rua; veja como participar\"}]},{\"@type\":\"WebSite\",\"@id\":\"https:\/\/www.gaveanews.com\/#website\",\"url\":\"https:\/\/www.gaveanews.com\/\",\"name\":\"G\u00e1vea News\",\"description\":\"Veja todas as not\u00edcias sobre o Flamengo: Contrata\u00e7\u00f5es, categorias de base, resultados das partidas, tabela de classifica\u00e7\u00e3o, pr\u00f3ximos jogos!\",\"potentialAction\":[{\"@type\":\"SearchAction\",\"target\":{\"@type\":\"EntryPoint\",\"urlTemplate\":\"https:\/\/www.gaveanews.com\/?s={search_term_string}\"},\"query-input\":{\"@type\":\"PropertyValueSpecification\",\"valueRequired\":true,\"valueName\":\"search_term_string\"}}],\"inLanguage\":\"pt-BR\"},{\"@type\":\"Person\",\"@id\":\"https:\/\/www.gaveanews.com\/#\/schema\/person\/714c67050b836198af2450ba1c142a67\",\"name\":\"Let\u00edcia Gerheim\",\"image\":{\"@type\":\"ImageObject\",\"inLanguage\":\"pt-BR\",\"@id\":\"https:\/\/www.gaveanews.com\/#\/schema\/person\/image\/\",\"url\":\"https:\/\/secure.gravatar.com\/avatar\/60734739c50fcebfbac509e2a826ccd0ff405c019bc73aab9354f19ecad1dcb4?s=96&d=mm&r=g\",\"contentUrl\":\"https:\/\/secure.gravatar.com\/avatar\/60734739c50fcebfbac509e2a826ccd0ff405c019bc73aab9354f19ecad1dcb4?s=96&d=mm&r=g\",\"caption\":\"Let\u00edcia Gerheim\"}}]}<\/script>\n<!-- \/ Yoast SEO Premium plugin. -->","yoast_head_json":{"title":"A\u00e7\u00e3o social do Fla custeia 500 refei\u00e7\u00f5es a pessoas em situa\u00e7\u00e3o de rua","robots":{"index":"index","follow":"follow","max-snippet":"max-snippet:-1","max-image-preview":"max-image-preview:large","max-video-preview":"max-video-preview:-1"},"canonical":"https:\/\/www.gaveanews.com\/index.php\/2021\/07\/22\/acao-social-do-fla-custeia-500-refeicoes-a-pessoas-em-situacao-de-rua-veja-como-participar\/","og_locale":"pt_BR","og_type":"article","og_title":"A\u00e7\u00e3o social do Fla custeia 500 refei\u00e7\u00f5es a pessoas em situa\u00e7\u00e3o de rua; veja como participar","og_description":"Detentor da maior torcida do Brasil, o Flamengo aproveita de sua visibilidade de engajamento com a torcida para trazer benef\u00edcios a pessoas em situa\u00e7\u00e3o de vulnerabilidade social. Desta vez, a nova iniciativa do clube rendeu centenas de refei\u00e7\u00f5es para pessoas que vivem em situa\u00e7\u00e3o de rua. O projeto Recicla Na\u00e7\u00e3o, realizado em parceria com a [&hellip;]","og_url":"https:\/\/www.gaveanews.com\/index.php\/2021\/07\/22\/acao-social-do-fla-custeia-500-refeicoes-a-pessoas-em-situacao-de-rua-veja-como-participar\/","og_site_name":"G\u00e1vea News","article_publisher":"https:\/\/facebook.com\/gaveaNews\/","article_published_time":"2021-07-22T23:09:19+00:00","article_modified_time":"2021-08-12T03:47:11+00:00","og_image":[{"width":846,"height":564,"url":"https:\/\/www.gaveanews.com\/wp-content\/uploads\/Recicla-Nacao-acao-social-do-Flamengo.webp","type":"image\/jpeg"}],"author":"Let\u00edcia Gerheim","twitter_card":"summary_large_image","twitter_misc":{"Escrito por":"Let\u00edcia Gerheim","Est. tempo de leitura":"2 minutos"},"schema":{"@context":"https:\/\/schema.org","@graph":[{"@type":"NewsArticle","@id":"https:\/\/www.gaveanews.com\/index.php\/2021\/07\/22\/acao-social-do-fla-custeia-500-refeicoes-a-pessoas-em-situacao-de-rua-veja-como-participar\/#article","isPartOf":{"@id":"https:\/\/www.gaveanews.com\/index.php\/2021\/07\/22\/acao-social-do-fla-custeia-500-refeicoes-a-pessoas-em-situacao-de-rua-veja-como-participar\/"},"author":{"name":"Let\u00edcia Gerheim","@id":"https:\/\/www.gaveanews.com\/#\/schema\/person\/714c67050b836198af2450ba1c142a67"},"headline":"A\u00e7\u00e3o social do Fla custeia 500 refei\u00e7\u00f5es a pessoas em situa\u00e7\u00e3o de rua; veja como participar","datePublished":"2021-07-22T23:09:19+00:00","dateModified":"2021-08-12T03:47:11+00:00","mainEntityOfPage":{"@id":"https:\/\/www.gaveanews.com\/index.php\/2021\/07\/22\/acao-social-do-fla-custeia-500-refeicoes-a-pessoas-em-situacao-de-rua-veja-como-participar\/"},"wordCount":468,"commentCount":5,"image":{"@id":"https:\/\/www.gaveanews.com\/index.php\/2021\/07\/22\/acao-social-do-fla-custeia-500-refeicoes-a-pessoas-em-situacao-de-rua-veja-como-participar\/#primaryimage"},"thumbnailUrl":"https:\/\/www.gaveanews.com\/wp-content\/uploads\/Recicla-Nacao-acao-social-do-Flamengo.webp","articleSection":["Destaques"],"inLanguage":"pt-BR","potentialAction":[{"@type":"CommentAction","name":"Comment","target":["https:\/\/www.gaveanews.com\/index.php\/2021\/07\/22\/acao-social-do-fla-custeia-500-refeicoes-a-pessoas-em-situacao-de-rua-veja-como-participar\/#respond"]}],"copyrightYear":"2021","copyrightHolder":{"@id":"https:\/\/www.gaveanews.com\/#organization"}},{"@type":"WebPage","@id":"https:\/\/www.gaveanews.com\/index.php\/2021\/07\/22\/acao-social-do-fla-custeia-500-refeicoes-a-pessoas-em-situacao-de-rua-veja-como-participar\/","url":"https:\/\/www.gaveanews.com\/index.php\/2021\/07\/22\/acao-social-do-fla-custeia-500-refeicoes-a-pessoas-em-situacao-de-rua-veja-como-participar\/","name":"A\u00e7\u00e3o social do Fla custeia 500 refei\u00e7\u00f5es a pessoas em situa\u00e7\u00e3o de rua","isPartOf":{"@id":"https:\/\/www.gaveanews.com\/#website"},"primaryImageOfPage":{"@id":"https:\/\/www.gaveanews.com\/index.php\/2021\/07\/22\/acao-social-do-fla-custeia-500-refeicoes-a-pessoas-em-situacao-de-rua-veja-como-participar\/#primaryimage"},"image":{"@id":"https:\/\/www.gaveanews.com\/index.php\/2021\/07\/22\/acao-social-do-fla-custeia-500-refeicoes-a-pessoas-em-situacao-de-rua-veja-como-participar\/#primaryimage"},"thumbnailUrl":"https:\/\/www.gaveanews.com\/wp-content\/uploads\/Recicla-Nacao-acao-social-do-Flamengo.webp","datePublished":"2021-07-22T23:09:19+00:00","dateModified":"2021-08-12T03:47:11+00:00","author":{"@id":"https:\/\/www.gaveanews.com\/#\/schema\/person\/714c67050b836198af2450ba1c142a67"},"breadcrumb":{"@id":"https:\/\/www.gaveanews.com\/index.php\/2021\/07\/22\/acao-social-do-fla-custeia-500-refeicoes-a-pessoas-em-situacao-de-rua-veja-como-participar\/#breadcrumb"},"inLanguage":"pt-BR","potentialAction":[{"@type":"ReadAction","target":["https:\/\/www.gaveanews.com\/index.php\/2021\/07\/22\/acao-social-do-fla-custeia-500-refeicoes-a-pessoas-em-situacao-de-rua-veja-como-participar\/"]}]},{"@type":"ImageObject","inLanguage":"pt-BR","@id":"https:\/\/www.gaveanews.com\/index.php\/2021\/07\/22\/acao-social-do-fla-custeia-500-refeicoes-a-pessoas-em-situacao-de-rua-veja-como-participar\/#primaryimage","url":"https:\/\/www.gaveanews.com\/wp-content\/uploads\/Recicla-Nacao-acao-social-do-Flamengo.webp","contentUrl":"https:\/\/www.gaveanews.com\/wp-content\/uploads\/Recicla-Nacao-acao-social-do-Flamengo.webp","width":846,"height":564,"caption":"Recicla Na\u00e7\u00e3o, a\u00e7\u00e3o social do Flamengo (Foto: Paula Reis\/Flamengo)"},{"@type":"BreadcrumbList","@id":"https:\/\/www.gaveanews.com\/index.php\/2021\/07\/22\/acao-social-do-fla-custeia-500-refeicoes-a-pessoas-em-situacao-de-rua-veja-como-participar\/#breadcrumb","itemListElement":[{"@type":"ListItem","position":1,"name":"Home","item":"https:\/\/www.gaveanews.com\/"},{"@type":"ListItem","position":2,"name":"A\u00e7\u00e3o social do Fla custeia 500 refei\u00e7\u00f5es a pessoas em situa\u00e7\u00e3o de rua; veja como participar"}]},{"@type":"WebSite","@id":"https:\/\/www.gaveanews.com\/#website","url":"https:\/\/www.gaveanews.com\/","name":"G\u00e1vea News","description":"Veja todas as not\u00edcias sobre o Flamengo: Contrata\u00e7\u00f5es, categorias de base, resultados das partidas, tabela de classifica\u00e7\u00e3o, pr\u00f3ximos jogos!","potentialAction":[{"@type":"SearchAction","target":{"@type":"EntryPoint","urlTemplate":"https:\/\/www.gaveanews.com\/?s={search_term_string}"},"query-input":{"@type":"PropertyValueSpecification","valueRequired":true,"valueName":"search_term_string"}}],"inLanguage":"pt-BR"},{"@type":"Person","@id":"https:\/\/www.gaveanews.com\/#\/schema\/person\/714c67050b836198af2450ba1c142a67","name":"Let\u00edcia Gerheim","image":{"@type":"ImageObject","inLanguage":"pt-BR","@id":"https:\/\/www.gaveanews.com\/#\/schema\/person\/image\/","url":"https:\/\/secure.gravatar.com\/avatar\/60734739c50fcebfbac509e2a826ccd0ff405c019bc73aab9354f19ecad1dcb4?s=96&d=mm&r=g","contentUrl":"https:\/\/secure.gravatar.com\/avatar\/60734739c50fcebfbac509e2a826ccd0ff405c019bc73aab9354f19ecad1dcb4?s=96&d=mm&r=g","caption":"Let\u00edcia Gerheim"}}]}},"_links":{"self":[{"href":"https:\/\/www.gaveanews.com\/index.php\/wp-json\/wp\/v2\/posts\/64728","targetHints":{"allow":["GET"]}}],"collection":[{"href":"https:\/\/www.gaveanews.com\/index.php\/wp-json\/wp\/v2\/posts"}],"about":[{"href":"https:\/\/www.gaveanews.com\/index.php\/wp-json\/wp\/v2\/types\/post"}],"author":[{"embeddable":true,"href":"https:\/\/www.gaveanews.com\/index.php\/wp-json\/wp\/v2\/users\/4"}],"replies":[{"embeddable":true,"href":"https:\/\/www.gaveanews.com\/index.php\/wp-json\/wp\/v2\/comments?post=64728"}],"version-history":[{"count":0,"href":"https:\/\/www.gaveanews.com\/index.php\/wp-json\/wp\/v2\/posts\/64728\/revisions"}],"wp:featuredmedia":[{"embeddable":true,"href":"https:\/\/www.gaveanews.com\/index.php\/wp-json\/wp\/v2\/media\/64731"}],"wp:attachment":[{"href":"https:\/\/www.gaveanews.com\/index.php\/wp-json\/wp\/v2\/media?parent=64728"}],"wp:term":[{"taxonomy":"category","embeddable":true,"href":"https:\/\/www.gaveanews.com\/index.php\/wp-json\/wp\/v2\/categories?post=64728"},{"taxonomy":"post_tag","embeddable":true,"href":"https:\/\/www.gaveanews.com\/index.php\/wp-json\/wp\/v2\/tags?post=64728"}],"curies":[{"name":"wp","href":"https:\/\/api.w.org\/{rel}","templated":true}]}}