{"id":64740,"date":"2021-07-22T19:38:36","date_gmt":"2021-07-22T22:38:36","guid":{"rendered":"https:\/\/www.gaveanews.com\/?p=64740"},"modified":"2021-07-22T19:38:39","modified_gmt":"2021-07-22T22:38:39","slug":"renato-gaucho-abre-o-jogo-sobre-reforcos-para-o-flamengo","status":"publish","type":"post","link":"https:\/\/www.gaveanews.com\/index.php\/2021\/07\/22\/renato-gaucho-abre-o-jogo-sobre-reforcos-para-o-flamengo\/","title":{"rendered":"Renato Ga\u00facho abre o jogo sobre refor\u00e7os para o Flamengo"},"content":{"rendered":"\n<p>O t\u00e9cnico Renato Ga\u00facho abriu o jogo sobre os rumores de contrata\u00e7\u00f5es que podem chegar ao Flamengo. Em entrevista ap\u00f3s golear o Defensa y Justicia, da Argentina, o comandante rubro-negro negou que tenha pedido refor\u00e7os neste in\u00edcio de trabalho.<\/p>\n\n\n\n<p><strong><em>\u2014 N\u00e3o pedi nenhum jogador ainda. O Flamengo est\u00e1 passando por problemas financeiros, como clubes do mundo todo. L\u00e1 no fim do ano, quando as coisa estiverem melhores, as contrata\u00e7\u00f5es v\u00e3o chegar. No momento, \u00e9 dif\u00edcil pela parte financeira e porque o elenco \u00e9 forte<\/em><\/strong>, disse.<\/p>\n\n\n\n<p>Renato Ga\u00facho ainda apontou onde o Flamengo precisa melhorar nas pr\u00f3ximas partidas. Em tr\u00eas jogos, o clube rubro-negro venceu o Defensa y Justicia em duas oportunidades e ainda goleou o Bahia em jogo v\u00e1lido pelo Campeonato Brasileiro.<\/p>\n\n\n\n<p><strong><em>\u2014 Nas vit\u00f3rias, todo mundo elogia, gosta, fica contente e feliz. No caso do treinador, tamb\u00e9m fico feliz, mas meu trabalho \u00e9 ver alguns erros e corrigir. Quanto mais eu corrigir no treino t\u00e1tico e no v\u00eddeo, menos possibilidades daremos para os advers\u00e1rios. N\u00e3o vou ter uma equipe perfeita, mas quanto menos erramos, menor ser\u00e1 a chance de sofrer gol<\/em><\/strong>, afirmou Renato Ga\u00facho.<\/p>\n\n\n\n<p>O Flamengo est\u00e1 avan\u00e7ado nas conversas com Thiago Mendes, meio-campista do Lyon. O time rubro-negro ainda sondou Rafinha Alc\u00e2ntara, que atualmente est\u00e1 no Paris Saint-Germain. Nesta semana, entretanto, rumores apontaram que alguns jogadores do Gr\u00eamio poderiam ser contratados por Renato Ga\u00facho.<\/p>\n\n\n\n<p>Retirado de: Torcedores<\/p>\n","protected":false},"excerpt":{"rendered":"<p>O t\u00e9cnico Renato Ga\u00facho abriu o jogo sobre os rumores de contrata\u00e7\u00f5es que podem chegar ao Flamengo. Em entrevista ap\u00f3s golear o Defensa y Justicia, da Argentina, o comandante rubro-negro negou que tenha pedido refor\u00e7os neste in\u00edcio de trabalho. \u2014 N\u00e3o pedi nenhum jogador ainda. O Flamengo est\u00e1 passando por problemas financeiros, como clubes do [&hellip;]<\/p>\n","protected":false},"author":1,"featured_media":64461,"comment_status":"open","ping_status":"closed","sticky":false,"template":"","format":"standard","meta":{"footnotes":""},"categories":[48],"tags":[],"class_list":["post-64740","post","type-post","status-publish","format-standard","has-post-thumbnail","hentry","category-negociacoes"],"yoast_head":"<!-- This site is optimized with the Yoast SEO Premium plugin v24.2 (Yoast SEO v26.9) - https:\/\/yoast.com\/product\/yoast-seo-premium-wordpress\/ -->\n<title>Renato Ga\u00facho abre o jogo sobre refor\u00e7os para o Flamengo<\/title>\n<meta name=\"robots\" content=\"index, follow, max-snippet:-1, max-image-preview:large, max-video-preview:-1\" \/>\n<link rel=\"canonical\" href=\"https:\/\/www.gaveanews.com\/index.php\/2021\/07\/22\/renato-gaucho-abre-o-jogo-sobre-reforcos-para-o-flamengo\/\" \/>\n<meta property=\"og:locale\" content=\"pt_BR\" \/>\n<meta property=\"og:type\" content=\"article\" \/>\n<meta property=\"og:title\" content=\"Renato Ga\u00facho abre o jogo sobre refor\u00e7os para o Flamengo\" \/>\n<meta property=\"og:description\" content=\"O t\u00e9cnico Renato Ga\u00facho abriu o jogo sobre os rumores de contrata\u00e7\u00f5es que podem chegar ao Flamengo. Em entrevista ap\u00f3s golear o Defensa y Justicia, da Argentina, o comandante rubro-negro negou que tenha pedido refor\u00e7os neste in\u00edcio de trabalho. \u2014 N\u00e3o pedi nenhum jogador ainda. O Flamengo est\u00e1 passando por problemas financeiros, como clubes do [&hellip;]\" \/>\n<meta property=\"og:url\" content=\"https:\/\/www.gaveanews.com\/index.php\/2021\/07\/22\/renato-gaucho-abre-o-jogo-sobre-reforcos-para-o-flamengo\/\" \/>\n<meta property=\"og:site_name\" content=\"G\u00e1vea News\" \/>\n<meta property=\"article:publisher\" content=\"https:\/\/facebook.com\/gaveaNews\/\" \/>\n<meta property=\"article:published_time\" content=\"2021-07-22T22:38:36+00:00\" \/>\n<meta property=\"article:modified_time\" content=\"2021-07-22T22:38:39+00:00\" \/>\n<meta property=\"og:image\" content=\"https:\/\/www.gaveanews.com\/wp-content\/uploads\/Renato-Gaucho-orienta-os-jogadores-do-Flamengo-no-jogo-contra-o-Defensa-y-Justicia-pela-Copa-Libertadores-da-temporada-de-2021.webp\" \/>\n\t<meta property=\"og:image:width\" content=\"799\" \/>\n\t<meta property=\"og:image:height\" content=\"533\" \/>\n\t<meta property=\"og:image:type\" content=\"image\/jpeg\" \/>\n<meta name=\"author\" content=\"Equipe G\u00e1vea News\" \/>\n<meta name=\"twitter:card\" content=\"summary_large_image\" \/>\n<meta name=\"twitter:label1\" content=\"Escrito por\" \/>\n\t<meta name=\"twitter:data1\" content=\"Equipe G\u00e1vea News\" \/>\n\t<meta name=\"twitter:label2\" content=\"Est. tempo de leitura\" \/>\n\t<meta name=\"twitter:data2\" content=\"1 minuto\" \/>\n<script type=\"application\/ld+json\" class=\"yoast-schema-graph\">{\"@context\":\"https:\/\/schema.org\",\"@graph\":[{\"@type\":\"NewsArticle\",\"@id\":\"https:\/\/www.gaveanews.com\/index.php\/2021\/07\/22\/renato-gaucho-abre-o-jogo-sobre-reforcos-para-o-flamengo\/#article\",\"isPartOf\":{\"@id\":\"https:\/\/www.gaveanews.com\/index.php\/2021\/07\/22\/renato-gaucho-abre-o-jogo-sobre-reforcos-para-o-flamengo\/\"},\"author\":{\"name\":\"Equipe G\u00e1vea News\",\"@id\":\"https:\/\/www.gaveanews.com\/#\/schema\/person\/2ec14f73fb96be2caf28f91afb14749d\"},\"headline\":\"Renato Ga\u00facho abre o jogo sobre refor\u00e7os para o Flamengo\",\"datePublished\":\"2021-07-22T22:38:36+00:00\",\"dateModified\":\"2021-07-22T22:38:39+00:00\",\"mainEntityOfPage\":{\"@id\":\"https:\/\/www.gaveanews.com\/index.php\/2021\/07\/22\/renato-gaucho-abre-o-jogo-sobre-reforcos-para-o-flamengo\/\"},\"wordCount\":261,\"commentCount\":11,\"image\":{\"@id\":\"https:\/\/www.gaveanews.com\/index.php\/2021\/07\/22\/renato-gaucho-abre-o-jogo-sobre-reforcos-para-o-flamengo\/#primaryimage\"},\"thumbnailUrl\":\"https:\/\/www.gaveanews.com\/wp-content\/uploads\/Renato-Gaucho-orienta-os-jogadores-do-Flamengo-no-jogo-contra-o-Defensa-y-Justicia-pela-Copa-Libertadores-da-temporada-de-2021.webp\",\"articleSection\":[\"Negocia\u00e7\u00f5es\"],\"inLanguage\":\"pt-BR\",\"potentialAction\":[{\"@type\":\"CommentAction\",\"name\":\"Comment\",\"target\":[\"https:\/\/www.gaveanews.com\/index.php\/2021\/07\/22\/renato-gaucho-abre-o-jogo-sobre-reforcos-para-o-flamengo\/#respond\"]}],\"copyrightYear\":\"2021\",\"copyrightHolder\":{\"@id\":\"https:\/\/www.gaveanews.com\/#organization\"}},{\"@type\":\"WebPage\",\"@id\":\"https:\/\/www.gaveanews.com\/index.php\/2021\/07\/22\/renato-gaucho-abre-o-jogo-sobre-reforcos-para-o-flamengo\/\",\"url\":\"https:\/\/www.gaveanews.com\/index.php\/2021\/07\/22\/renato-gaucho-abre-o-jogo-sobre-reforcos-para-o-flamengo\/\",\"name\":\"Renato Ga\u00facho abre o jogo sobre refor\u00e7os para o Flamengo\",\"isPartOf\":{\"@id\":\"https:\/\/www.gaveanews.com\/#website\"},\"primaryImageOfPage\":{\"@id\":\"https:\/\/www.gaveanews.com\/index.php\/2021\/07\/22\/renato-gaucho-abre-o-jogo-sobre-reforcos-para-o-flamengo\/#primaryimage\"},\"image\":{\"@id\":\"https:\/\/www.gaveanews.com\/index.php\/2021\/07\/22\/renato-gaucho-abre-o-jogo-sobre-reforcos-para-o-flamengo\/#primaryimage\"},\"thumbnailUrl\":\"https:\/\/www.gaveanews.com\/wp-content\/uploads\/Renato-Gaucho-orienta-os-jogadores-do-Flamengo-no-jogo-contra-o-Defensa-y-Justicia-pela-Copa-Libertadores-da-temporada-de-2021.webp\",\"datePublished\":\"2021-07-22T22:38:36+00:00\",\"dateModified\":\"2021-07-22T22:38:39+00:00\",\"author\":{\"@id\":\"https:\/\/www.gaveanews.com\/#\/schema\/person\/2ec14f73fb96be2caf28f91afb14749d\"},\"breadcrumb\":{\"@id\":\"https:\/\/www.gaveanews.com\/index.php\/2021\/07\/22\/renato-gaucho-abre-o-jogo-sobre-reforcos-para-o-flamengo\/#breadcrumb\"},\"inLanguage\":\"pt-BR\",\"potentialAction\":[{\"@type\":\"ReadAction\",\"target\":[\"https:\/\/www.gaveanews.com\/index.php\/2021\/07\/22\/renato-gaucho-abre-o-jogo-sobre-reforcos-para-o-flamengo\/\"]}]},{\"@type\":\"ImageObject\",\"inLanguage\":\"pt-BR\",\"@id\":\"https:\/\/www.gaveanews.com\/index.php\/2021\/07\/22\/renato-gaucho-abre-o-jogo-sobre-reforcos-para-o-flamengo\/#primaryimage\",\"url\":\"https:\/\/www.gaveanews.com\/wp-content\/uploads\/Renato-Gaucho-orienta-os-jogadores-do-Flamengo-no-jogo-contra-o-Defensa-y-Justicia-pela-Copa-Libertadores-da-temporada-de-2021.webp\",\"contentUrl\":\"https:\/\/www.gaveanews.com\/wp-content\/uploads\/Renato-Gaucho-orienta-os-jogadores-do-Flamengo-no-jogo-contra-o-Defensa-y-Justicia-pela-Copa-Libertadores-da-temporada-de-2021.webp\",\"width\":799,\"height\":533,\"caption\":\"Renato Ga\u00facho orienta os jogadores do Flamengo no jogo contra o Defensa y Justicia pela Copa Libertadores da temporada de 2021 (Foto: Alexandre Vidal\/Flamengo)\"},{\"@type\":\"BreadcrumbList\",\"@id\":\"https:\/\/www.gaveanews.com\/index.php\/2021\/07\/22\/renato-gaucho-abre-o-jogo-sobre-reforcos-para-o-flamengo\/#breadcrumb\",\"itemListElement\":[{\"@type\":\"ListItem\",\"position\":1,\"name\":\"Home\",\"item\":\"https:\/\/www.gaveanews.com\/\"},{\"@type\":\"ListItem\",\"position\":2,\"name\":\"Renato Ga\u00facho abre o jogo sobre refor\u00e7os para o Flamengo\"}]},{\"@type\":\"WebSite\",\"@id\":\"https:\/\/www.gaveanews.com\/#website\",\"url\":\"https:\/\/www.gaveanews.com\/\",\"name\":\"G\u00e1vea News\",\"description\":\"Veja todas as not\u00edcias sobre o Flamengo: Contrata\u00e7\u00f5es, categorias de base, resultados das partidas, tabela de classifica\u00e7\u00e3o, pr\u00f3ximos jogos!\",\"potentialAction\":[{\"@type\":\"SearchAction\",\"target\":{\"@type\":\"EntryPoint\",\"urlTemplate\":\"https:\/\/www.gaveanews.com\/?s={search_term_string}\"},\"query-input\":{\"@type\":\"PropertyValueSpecification\",\"valueRequired\":true,\"valueName\":\"search_term_string\"}}],\"inLanguage\":\"pt-BR\"},{\"@type\":\"Person\",\"@id\":\"https:\/\/www.gaveanews.com\/#\/schema\/person\/2ec14f73fb96be2caf28f91afb14749d\",\"name\":\"Equipe G\u00e1vea News\",\"image\":{\"@type\":\"ImageObject\",\"inLanguage\":\"pt-BR\",\"@id\":\"https:\/\/www.gaveanews.com\/#\/schema\/person\/image\/\",\"url\":\"https:\/\/secure.gravatar.com\/avatar\/1e1956f1facbffd3f8fa53a326721950116b3b9dc9bd44939c01180fd4a745a9?s=96&d=mm&r=g\",\"contentUrl\":\"https:\/\/secure.gravatar.com\/avatar\/1e1956f1facbffd3f8fa53a326721950116b3b9dc9bd44939c01180fd4a745a9?s=96&d=mm&r=g\",\"caption\":\"Equipe G\u00e1vea News\"}}]}<\/script>\n<!-- \/ Yoast SEO Premium plugin. -->","yoast_head_json":{"title":"Renato Ga\u00facho abre o jogo sobre refor\u00e7os para o Flamengo","robots":{"index":"index","follow":"follow","max-snippet":"max-snippet:-1","max-image-preview":"max-image-preview:large","max-video-preview":"max-video-preview:-1"},"canonical":"https:\/\/www.gaveanews.com\/index.php\/2021\/07\/22\/renato-gaucho-abre-o-jogo-sobre-reforcos-para-o-flamengo\/","og_locale":"pt_BR","og_type":"article","og_title":"Renato Ga\u00facho abre o jogo sobre refor\u00e7os para o Flamengo","og_description":"O t\u00e9cnico Renato Ga\u00facho abriu o jogo sobre os rumores de contrata\u00e7\u00f5es que podem chegar ao Flamengo. Em entrevista ap\u00f3s golear o Defensa y Justicia, da Argentina, o comandante rubro-negro negou que tenha pedido refor\u00e7os neste in\u00edcio de trabalho. \u2014 N\u00e3o pedi nenhum jogador ainda. O Flamengo est\u00e1 passando por problemas financeiros, como clubes do [&hellip;]","og_url":"https:\/\/www.gaveanews.com\/index.php\/2021\/07\/22\/renato-gaucho-abre-o-jogo-sobre-reforcos-para-o-flamengo\/","og_site_name":"G\u00e1vea News","article_publisher":"https:\/\/facebook.com\/gaveaNews\/","article_published_time":"2021-07-22T22:38:36+00:00","article_modified_time":"2021-07-22T22:38:39+00:00","og_image":[{"width":799,"height":533,"url":"https:\/\/www.gaveanews.com\/wp-content\/uploads\/Renato-Gaucho-orienta-os-jogadores-do-Flamengo-no-jogo-contra-o-Defensa-y-Justicia-pela-Copa-Libertadores-da-temporada-de-2021.webp","type":"image\/jpeg"}],"author":"Equipe G\u00e1vea News","twitter_card":"summary_large_image","twitter_misc":{"Escrito por":"Equipe G\u00e1vea News","Est. tempo de leitura":"1 minuto"},"schema":{"@context":"https:\/\/schema.org","@graph":[{"@type":"NewsArticle","@id":"https:\/\/www.gaveanews.com\/index.php\/2021\/07\/22\/renato-gaucho-abre-o-jogo-sobre-reforcos-para-o-flamengo\/#article","isPartOf":{"@id":"https:\/\/www.gaveanews.com\/index.php\/2021\/07\/22\/renato-gaucho-abre-o-jogo-sobre-reforcos-para-o-flamengo\/"},"author":{"name":"Equipe G\u00e1vea News","@id":"https:\/\/www.gaveanews.com\/#\/schema\/person\/2ec14f73fb96be2caf28f91afb14749d"},"headline":"Renato Ga\u00facho abre o jogo sobre refor\u00e7os para o Flamengo","datePublished":"2021-07-22T22:38:36+00:00","dateModified":"2021-07-22T22:38:39+00:00","mainEntityOfPage":{"@id":"https:\/\/www.gaveanews.com\/index.php\/2021\/07\/22\/renato-gaucho-abre-o-jogo-sobre-reforcos-para-o-flamengo\/"},"wordCount":261,"commentCount":11,"image":{"@id":"https:\/\/www.gaveanews.com\/index.php\/2021\/07\/22\/renato-gaucho-abre-o-jogo-sobre-reforcos-para-o-flamengo\/#primaryimage"},"thumbnailUrl":"https:\/\/www.gaveanews.com\/wp-content\/uploads\/Renato-Gaucho-orienta-os-jogadores-do-Flamengo-no-jogo-contra-o-Defensa-y-Justicia-pela-Copa-Libertadores-da-temporada-de-2021.webp","articleSection":["Negocia\u00e7\u00f5es"],"inLanguage":"pt-BR","potentialAction":[{"@type":"CommentAction","name":"Comment","target":["https:\/\/www.gaveanews.com\/index.php\/2021\/07\/22\/renato-gaucho-abre-o-jogo-sobre-reforcos-para-o-flamengo\/#respond"]}],"copyrightYear":"2021","copyrightHolder":{"@id":"https:\/\/www.gaveanews.com\/#organization"}},{"@type":"WebPage","@id":"https:\/\/www.gaveanews.com\/index.php\/2021\/07\/22\/renato-gaucho-abre-o-jogo-sobre-reforcos-para-o-flamengo\/","url":"https:\/\/www.gaveanews.com\/index.php\/2021\/07\/22\/renato-gaucho-abre-o-jogo-sobre-reforcos-para-o-flamengo\/","name":"Renato Ga\u00facho abre o jogo sobre refor\u00e7os para o Flamengo","isPartOf":{"@id":"https:\/\/www.gaveanews.com\/#website"},"primaryImageOfPage":{"@id":"https:\/\/www.gaveanews.com\/index.php\/2021\/07\/22\/renato-gaucho-abre-o-jogo-sobre-reforcos-para-o-flamengo\/#primaryimage"},"image":{"@id":"https:\/\/www.gaveanews.com\/index.php\/2021\/07\/22\/renato-gaucho-abre-o-jogo-sobre-reforcos-para-o-flamengo\/#primaryimage"},"thumbnailUrl":"https:\/\/www.gaveanews.com\/wp-content\/uploads\/Renato-Gaucho-orienta-os-jogadores-do-Flamengo-no-jogo-contra-o-Defensa-y-Justicia-pela-Copa-Libertadores-da-temporada-de-2021.webp","datePublished":"2021-07-22T22:38:36+00:00","dateModified":"2021-07-22T22:38:39+00:00","author":{"@id":"https:\/\/www.gaveanews.com\/#\/schema\/person\/2ec14f73fb96be2caf28f91afb14749d"},"breadcrumb":{"@id":"https:\/\/www.gaveanews.com\/index.php\/2021\/07\/22\/renato-gaucho-abre-o-jogo-sobre-reforcos-para-o-flamengo\/#breadcrumb"},"inLanguage":"pt-BR","potentialAction":[{"@type":"ReadAction","target":["https:\/\/www.gaveanews.com\/index.php\/2021\/07\/22\/renato-gaucho-abre-o-jogo-sobre-reforcos-para-o-flamengo\/"]}]},{"@type":"ImageObject","inLanguage":"pt-BR","@id":"https:\/\/www.gaveanews.com\/index.php\/2021\/07\/22\/renato-gaucho-abre-o-jogo-sobre-reforcos-para-o-flamengo\/#primaryimage","url":"https:\/\/www.gaveanews.com\/wp-content\/uploads\/Renato-Gaucho-orienta-os-jogadores-do-Flamengo-no-jogo-contra-o-Defensa-y-Justicia-pela-Copa-Libertadores-da-temporada-de-2021.webp","contentUrl":"https:\/\/www.gaveanews.com\/wp-content\/uploads\/Renato-Gaucho-orienta-os-jogadores-do-Flamengo-no-jogo-contra-o-Defensa-y-Justicia-pela-Copa-Libertadores-da-temporada-de-2021.webp","width":799,"height":533,"caption":"Renato Ga\u00facho orienta os jogadores do Flamengo no jogo contra o Defensa y Justicia pela Copa Libertadores da temporada de 2021 (Foto: Alexandre Vidal\/Flamengo)"},{"@type":"BreadcrumbList","@id":"https:\/\/www.gaveanews.com\/index.php\/2021\/07\/22\/renato-gaucho-abre-o-jogo-sobre-reforcos-para-o-flamengo\/#breadcrumb","itemListElement":[{"@type":"ListItem","position":1,"name":"Home","item":"https:\/\/www.gaveanews.com\/"},{"@type":"ListItem","position":2,"name":"Renato Ga\u00facho abre o jogo sobre refor\u00e7os para o Flamengo"}]},{"@type":"WebSite","@id":"https:\/\/www.gaveanews.com\/#website","url":"https:\/\/www.gaveanews.com\/","name":"G\u00e1vea News","description":"Veja todas as not\u00edcias sobre o Flamengo: Contrata\u00e7\u00f5es, categorias de base, resultados das partidas, tabela de classifica\u00e7\u00e3o, pr\u00f3ximos jogos!","potentialAction":[{"@type":"SearchAction","target":{"@type":"EntryPoint","urlTemplate":"https:\/\/www.gaveanews.com\/?s={search_term_string}"},"query-input":{"@type":"PropertyValueSpecification","valueRequired":true,"valueName":"search_term_string"}}],"inLanguage":"pt-BR"},{"@type":"Person","@id":"https:\/\/www.gaveanews.com\/#\/schema\/person\/2ec14f73fb96be2caf28f91afb14749d","name":"Equipe G\u00e1vea News","image":{"@type":"ImageObject","inLanguage":"pt-BR","@id":"https:\/\/www.gaveanews.com\/#\/schema\/person\/image\/","url":"https:\/\/secure.gravatar.com\/avatar\/1e1956f1facbffd3f8fa53a326721950116b3b9dc9bd44939c01180fd4a745a9?s=96&d=mm&r=g","contentUrl":"https:\/\/secure.gravatar.com\/avatar\/1e1956f1facbffd3f8fa53a326721950116b3b9dc9bd44939c01180fd4a745a9?s=96&d=mm&r=g","caption":"Equipe G\u00e1vea News"}}]}},"_links":{"self":[{"href":"https:\/\/www.gaveanews.com\/index.php\/wp-json\/wp\/v2\/posts\/64740","targetHints":{"allow":["GET"]}}],"collection":[{"href":"https:\/\/www.gaveanews.com\/index.php\/wp-json\/wp\/v2\/posts"}],"about":[{"href":"https:\/\/www.gaveanews.com\/index.php\/wp-json\/wp\/v2\/types\/post"}],"author":[{"embeddable":true,"href":"https:\/\/www.gaveanews.com\/index.php\/wp-json\/wp\/v2\/users\/1"}],"replies":[{"embeddable":true,"href":"https:\/\/www.gaveanews.com\/index.php\/wp-json\/wp\/v2\/comments?post=64740"}],"version-history":[{"count":0,"href":"https:\/\/www.gaveanews.com\/index.php\/wp-json\/wp\/v2\/posts\/64740\/revisions"}],"wp:featuredmedia":[{"embeddable":true,"href":"https:\/\/www.gaveanews.com\/index.php\/wp-json\/wp\/v2\/media\/64461"}],"wp:attachment":[{"href":"https:\/\/www.gaveanews.com\/index.php\/wp-json\/wp\/v2\/media?parent=64740"}],"wp:term":[{"taxonomy":"category","embeddable":true,"href":"https:\/\/www.gaveanews.com\/index.php\/wp-json\/wp\/v2\/categories?post=64740"},{"taxonomy":"post_tag","embeddable":true,"href":"https:\/\/www.gaveanews.com\/index.php\/wp-json\/wp\/v2\/tags?post=64740"}],"curies":[{"name":"wp","href":"https:\/\/api.w.org\/{rel}","templated":true}]}}