{"id":64766,"date":"2021-07-23T12:10:34","date_gmt":"2021-07-23T15:10:34","guid":{"rendered":"https:\/\/www.gaveanews.com\/?p=64766"},"modified":"2021-07-23T12:10:36","modified_gmt":"2021-07-23T15:10:36","slug":"flamengo-pede-a-cas-para-proibir-jogos-nacionais-em-datas-fifa","status":"publish","type":"post","link":"https:\/\/www.gaveanews.com\/index.php\/2021\/07\/23\/flamengo-pede-a-cas-para-proibir-jogos-nacionais-em-datas-fifa\/","title":{"rendered":"Flamengo pede \u00e0 CAS para proibir jogos nacionais em Datas Fifa"},"content":{"rendered":"\n<p>A briga entre Flamengo e CBF (Confedera\u00e7\u00e3o Brasileira de Futebol) ganhou um novo cap\u00edtulo. Querendo evitar novos desfalques no futuro, o Rubro-Negro decidiu entrar com um recurso na Corte Arbitral do Esporte (CAS), inst\u00e2ncia m\u00e1xima da justi\u00e7a desportiva, com sede na Su\u00ed\u00e7a, contra a realiza\u00e7\u00e3o de partidas do Brasileir\u00e3o e da Copa do Brasil durante as datas FIFA. A informa\u00e7\u00e3o foi revelada primeiramente pelo &#8216;GE&#8217;.<\/p>\n\n\n\n<p>&#8220;O calend\u00e1rio oficial da FIFA reserva, com grande anteced\u00eancia, algumas datas para partidas internacionais de &#8216;classe A&#8217;, as partidas por sele\u00e7\u00f5es. Havendo essa reserva de vagas, entendo que h\u00e1 chances de o Flamengo conseguir uma decis\u00e3o favor\u00e1vel no CAS, o que \u00e9 correto e vai for\u00e7ar a revis\u00e3o de todo o calend\u00e1rio nacional, criticado h\u00e1 muito tempo&#8221;, afirma Vinicius Loureiro, advogado especialista em direito desportivo.<\/p>\n\n\n\n<p>&#8220;\u00c9 poss\u00edvel que o CAS estime a manuten\u00e7\u00e3o das referidas competi\u00e7\u00f5es considerando a atua\u00e7\u00e3o coletiva, analisando as competi\u00e7\u00f5es nacionais como um todo, e ampliando a sua an\u00e1lise para todos os demais clubes envolvidos nesses campeonatos. Diante de uma pondera\u00e7\u00e3o de valores razo\u00e1veis e proporcionais, \u00e9 poss\u00edvel que o CAS compreenda que a paralisa\u00e7\u00e3o das competi\u00e7\u00f5es pode ir de encontro com o fluxo do calend\u00e1rio, tanto nacional e internacional dos jogos&#8221;, avalia Ana Mizutori, advogada especializada em direito desportivo.<\/p>\n\n\n\n<p>o Tribunal Arbitral do Esporte (CAS) possui compet\u00eancia para dirimir disputas n\u00e3o apenas comerciais e doping, como tamb\u00e9m de natureza disciplinar, podendo as entidades de entidade, atletas, entidades de administra\u00e7\u00e3o desportiva se valerem do CAS para dirimir eventuais lit\u00edgios atrav\u00e9s de procedimento ordin\u00e1rio ou apela\u00e7\u00e3o (recurso), desde que haja cl\u00e1usula v\u00e1lida que manifeste expressamente a compet\u00eancia do CAS para julgar a mat\u00e9ria, ou por refer\u00eancia (por incorpora\u00e7\u00e3o), caso haja previs\u00e3o no estatuto da respectiva confedera\u00e7\u00e3o ou federa\u00e7\u00e3o nacional que o Estatuto da FIFA dever\u00e1 ser observado, reconhecendo o CAS como tribunal arbitral de apela\u00e7\u00e3o.<\/p>\n\n\n\n<p>O Estatuto da Fifa, em seu art. 58, disp\u00f5e que o CAS compreende a \u00faltima inst\u00e2ncia em grau de apela\u00e7\u00e3o para as decis\u00f5es proferidas pelos \u00f3rg\u00e3os filiados da FIFA.<\/p>\n\n\n\n<p>A CBF, entidade de administra\u00e7\u00e3o desportiva brasileira optou por filiar-se \u00e0 FIFA, e como tal, se organiza sob os regulamentos desta entidade, por for\u00e7a do que disp\u00f5e o primeiro artigo da Lei Pel\u00e9, o que confere for\u00e7a jur\u00eddica \u00e0s normas FIFA perante decis\u00f5es emanadas por \u00f3rg\u00e3os competentes no Brasil.<\/p>\n\n\n\n<p>Recentemente, o Flamengo entrou com um recurso no STJD (Superior Tribunal de Justi\u00e7a Desportiva) para paralisar o Campeonato Brasileiro durante a realiza\u00e7\u00e3o da Copa Am\u00e9rica, mas viu seu pedido ser negado de forma un\u00e2nime. Na ocasi\u00e3o, o Lei em Campo ouviu especialistas sobre a solicita\u00e7\u00e3o.<\/p>\n\n\n\n<p>Para a diretoria do Rubro-Negro, o clube foi prejudicado esportivamente com a realiza\u00e7\u00e3o de 11 rodadas do campeonato nacional e uma fase da Copa do Brasil durante o per\u00edodo que alguns de seus jogadores estavam com a Sele\u00e7\u00e3o Brasileira para disputar a Copa Am\u00e9rica.<\/p>\n\n\n\n<p>No documento apresentado ao CAS, \u00e9 poss\u00edvel notar que o objetivo central do recurso do Flamengo \u00e9 garantir que as competi\u00e7\u00f5es organizadas pela CBF sejam suspensas durante as datas FIFA, garantindo assim a justi\u00e7a das disputas.<\/p>\n\n\n\n<p>\u00c9 v\u00e1lido lembrar que em datas FIFA, os clubes s\u00e3o obrigados a ceder seus jogadores para as sele\u00e7\u00f5es nacionais, diferentemente dos Jogos Ol\u00edmpicos, por exemplo, em que essa obrigatoriedade n\u00e3o existe.<\/p>\n\n\n\n<p>&#8220;O CAS possui compet\u00eancia para dirimir disputas n\u00e3o apenas comerciais e doping, como tamb\u00e9m de natureza disciplinar, podendo as entidades de entidade, atletas, entidades de administra\u00e7\u00e3o desportiva se valerem da corte para dirimir eventuais lit\u00edgios atrav\u00e9s de procedimento ordin\u00e1rio ou apela\u00e7\u00e3o (recurso), desde que haja cl\u00e1usula v\u00e1lida que manifeste expressamente a compet\u00eancia do CAS para julgar a mat\u00e9ria, ou por refer\u00eancia (por incorpora\u00e7\u00e3o), caso haja previs\u00e3o no estatuto da respectiva confedera\u00e7\u00e3o ou federa\u00e7\u00e3o nacional que o Estatuto da FIFA dever\u00e1 ser observado, reconhecendo o CAS como tribunal arbitral de apela\u00e7\u00e3o. Portanto, do ponto de vista procedimental e jur\u00eddico, pode-se entender pelo cabimento deste recurso ao CAS como tentativa de se obter a paralisa\u00e7\u00e3o do Brasileir\u00e3o e da Copa do Brasil durante as datas FIFA&#8221;, explica Ana Mizutori.<\/p>\n\n\n\n<p>Segundo o &#8216;GE&#8217;, o CAS j\u00e1 est\u00e1 apreciando o recurso e iniciou os contatos com outras equipes participantes do Brasileir\u00e3o S\u00e9rie A como parte interessada no objeto. A corte quer entender se o pedido trata-se de um desejo coletivo ou isolado do clube carioca.<\/p>\n\n\n\n<p>Retirado de: Lei em campo &#8211; UOL<\/p>\n","protected":false},"excerpt":{"rendered":"<p>A briga entre Flamengo e CBF (Confedera\u00e7\u00e3o Brasileira de Futebol) ganhou um novo cap\u00edtulo. Querendo evitar novos desfalques no futuro, o Rubro-Negro decidiu entrar com um recurso na Corte Arbitral do Esporte (CAS), inst\u00e2ncia m\u00e1xima da justi\u00e7a desportiva, com sede na Su\u00ed\u00e7a, contra a realiza\u00e7\u00e3o de partidas do Brasileir\u00e3o e da Copa do Brasil durante [&hellip;]<\/p>\n","protected":false},"author":1,"featured_media":64406,"comment_status":"open","ping_status":"closed","sticky":false,"template":"","format":"standard","meta":{"footnotes":""},"categories":[1],"tags":[],"class_list":["post-64766","post","type-post","status-publish","format-standard","has-post-thumbnail","hentry","category-flamengo"],"yoast_head":"<!-- This site is optimized with the Yoast SEO Premium plugin v24.2 (Yoast SEO v26.9) - https:\/\/yoast.com\/product\/yoast-seo-premium-wordpress\/ -->\n<title>Flamengo pede \u00e0 CAS para proibir jogos nacionais em Datas Fifa<\/title>\n<meta name=\"robots\" content=\"index, follow, max-snippet:-1, max-image-preview:large, max-video-preview:-1\" \/>\n<link rel=\"canonical\" href=\"https:\/\/www.gaveanews.com\/index.php\/2021\/07\/23\/flamengo-pede-a-cas-para-proibir-jogos-nacionais-em-datas-fifa\/\" \/>\n<meta property=\"og:locale\" content=\"pt_BR\" \/>\n<meta property=\"og:type\" content=\"article\" \/>\n<meta property=\"og:title\" content=\"Flamengo pede \u00e0 CAS para proibir jogos nacionais em Datas Fifa\" \/>\n<meta property=\"og:description\" content=\"A briga entre Flamengo e CBF (Confedera\u00e7\u00e3o Brasileira de Futebol) ganhou um novo cap\u00edtulo. Querendo evitar novos desfalques no futuro, o Rubro-Negro decidiu entrar com um recurso na Corte Arbitral do Esporte (CAS), inst\u00e2ncia m\u00e1xima da justi\u00e7a desportiva, com sede na Su\u00ed\u00e7a, contra a realiza\u00e7\u00e3o de partidas do Brasileir\u00e3o e da Copa do Brasil durante [&hellip;]\" \/>\n<meta property=\"og:url\" content=\"https:\/\/www.gaveanews.com\/index.php\/2021\/07\/23\/flamengo-pede-a-cas-para-proibir-jogos-nacionais-em-datas-fifa\/\" \/>\n<meta property=\"og:site_name\" content=\"G\u00e1vea News\" \/>\n<meta property=\"article:publisher\" content=\"https:\/\/facebook.com\/gaveaNews\/\" \/>\n<meta property=\"article:published_time\" content=\"2021-07-23T15:10:34+00:00\" \/>\n<meta property=\"article:modified_time\" content=\"2021-07-23T15:10:36+00:00\" \/>\n<meta property=\"og:image\" content=\"https:\/\/www.gaveanews.com\/wp-content\/uploads\/Rodolfo-Landim-em-entrevista-coletiva-no-Ninho-do-Urubu.webp\" \/>\n\t<meta property=\"og:image:width\" content=\"799\" \/>\n\t<meta property=\"og:image:height\" content=\"532\" \/>\n\t<meta property=\"og:image:type\" content=\"image\/jpeg\" \/>\n<meta name=\"author\" content=\"Equipe G\u00e1vea News\" \/>\n<meta name=\"twitter:card\" content=\"summary_large_image\" \/>\n<meta name=\"twitter:label1\" content=\"Escrito por\" \/>\n\t<meta name=\"twitter:data1\" content=\"Equipe G\u00e1vea News\" \/>\n\t<meta name=\"twitter:label2\" content=\"Est. tempo de leitura\" \/>\n\t<meta name=\"twitter:data2\" content=\"4 minutos\" \/>\n<script type=\"application\/ld+json\" class=\"yoast-schema-graph\">{\"@context\":\"https:\/\/schema.org\",\"@graph\":[{\"@type\":\"NewsArticle\",\"@id\":\"https:\/\/www.gaveanews.com\/index.php\/2021\/07\/23\/flamengo-pede-a-cas-para-proibir-jogos-nacionais-em-datas-fifa\/#article\",\"isPartOf\":{\"@id\":\"https:\/\/www.gaveanews.com\/index.php\/2021\/07\/23\/flamengo-pede-a-cas-para-proibir-jogos-nacionais-em-datas-fifa\/\"},\"author\":{\"name\":\"Equipe G\u00e1vea News\",\"@id\":\"https:\/\/www.gaveanews.com\/#\/schema\/person\/2ec14f73fb96be2caf28f91afb14749d\"},\"headline\":\"Flamengo pede \u00e0 CAS para proibir jogos nacionais em Datas Fifa\",\"datePublished\":\"2021-07-23T15:10:34+00:00\",\"dateModified\":\"2021-07-23T15:10:36+00:00\",\"mainEntityOfPage\":{\"@id\":\"https:\/\/www.gaveanews.com\/index.php\/2021\/07\/23\/flamengo-pede-a-cas-para-proibir-jogos-nacionais-em-datas-fifa\/\"},\"wordCount\":815,\"commentCount\":9,\"image\":{\"@id\":\"https:\/\/www.gaveanews.com\/index.php\/2021\/07\/23\/flamengo-pede-a-cas-para-proibir-jogos-nacionais-em-datas-fifa\/#primaryimage\"},\"thumbnailUrl\":\"https:\/\/www.gaveanews.com\/wp-content\/uploads\/Rodolfo-Landim-em-entrevista-coletiva-no-Ninho-do-Urubu.webp\",\"articleSection\":[\"Flamengo\"],\"inLanguage\":\"pt-BR\",\"potentialAction\":[{\"@type\":\"CommentAction\",\"name\":\"Comment\",\"target\":[\"https:\/\/www.gaveanews.com\/index.php\/2021\/07\/23\/flamengo-pede-a-cas-para-proibir-jogos-nacionais-em-datas-fifa\/#respond\"]}],\"copyrightYear\":\"2021\",\"copyrightHolder\":{\"@id\":\"https:\/\/www.gaveanews.com\/#organization\"}},{\"@type\":\"WebPage\",\"@id\":\"https:\/\/www.gaveanews.com\/index.php\/2021\/07\/23\/flamengo-pede-a-cas-para-proibir-jogos-nacionais-em-datas-fifa\/\",\"url\":\"https:\/\/www.gaveanews.com\/index.php\/2021\/07\/23\/flamengo-pede-a-cas-para-proibir-jogos-nacionais-em-datas-fifa\/\",\"name\":\"Flamengo pede \u00e0 CAS para proibir jogos nacionais em Datas Fifa\",\"isPartOf\":{\"@id\":\"https:\/\/www.gaveanews.com\/#website\"},\"primaryImageOfPage\":{\"@id\":\"https:\/\/www.gaveanews.com\/index.php\/2021\/07\/23\/flamengo-pede-a-cas-para-proibir-jogos-nacionais-em-datas-fifa\/#primaryimage\"},\"image\":{\"@id\":\"https:\/\/www.gaveanews.com\/index.php\/2021\/07\/23\/flamengo-pede-a-cas-para-proibir-jogos-nacionais-em-datas-fifa\/#primaryimage\"},\"thumbnailUrl\":\"https:\/\/www.gaveanews.com\/wp-content\/uploads\/Rodolfo-Landim-em-entrevista-coletiva-no-Ninho-do-Urubu.webp\",\"datePublished\":\"2021-07-23T15:10:34+00:00\",\"dateModified\":\"2021-07-23T15:10:36+00:00\",\"author\":{\"@id\":\"https:\/\/www.gaveanews.com\/#\/schema\/person\/2ec14f73fb96be2caf28f91afb14749d\"},\"breadcrumb\":{\"@id\":\"https:\/\/www.gaveanews.com\/index.php\/2021\/07\/23\/flamengo-pede-a-cas-para-proibir-jogos-nacionais-em-datas-fifa\/#breadcrumb\"},\"inLanguage\":\"pt-BR\",\"potentialAction\":[{\"@type\":\"ReadAction\",\"target\":[\"https:\/\/www.gaveanews.com\/index.php\/2021\/07\/23\/flamengo-pede-a-cas-para-proibir-jogos-nacionais-em-datas-fifa\/\"]}]},{\"@type\":\"ImageObject\",\"inLanguage\":\"pt-BR\",\"@id\":\"https:\/\/www.gaveanews.com\/index.php\/2021\/07\/23\/flamengo-pede-a-cas-para-proibir-jogos-nacionais-em-datas-fifa\/#primaryimage\",\"url\":\"https:\/\/www.gaveanews.com\/wp-content\/uploads\/Rodolfo-Landim-em-entrevista-coletiva-no-Ninho-do-Urubu.webp\",\"contentUrl\":\"https:\/\/www.gaveanews.com\/wp-content\/uploads\/Rodolfo-Landim-em-entrevista-coletiva-no-Ninho-do-Urubu.webp\",\"width\":799,\"height\":532,\"caption\":\"Rodolfo Landim em entrevista coletiva no Ninho do Urubu (Foto: Alexandre Vidal\/Flamengo)\"},{\"@type\":\"BreadcrumbList\",\"@id\":\"https:\/\/www.gaveanews.com\/index.php\/2021\/07\/23\/flamengo-pede-a-cas-para-proibir-jogos-nacionais-em-datas-fifa\/#breadcrumb\",\"itemListElement\":[{\"@type\":\"ListItem\",\"position\":1,\"name\":\"Home\",\"item\":\"https:\/\/www.gaveanews.com\/\"},{\"@type\":\"ListItem\",\"position\":2,\"name\":\"Flamengo pede \u00e0 CAS para proibir jogos nacionais em Datas Fifa\"}]},{\"@type\":\"WebSite\",\"@id\":\"https:\/\/www.gaveanews.com\/#website\",\"url\":\"https:\/\/www.gaveanews.com\/\",\"name\":\"G\u00e1vea News\",\"description\":\"Veja todas as not\u00edcias sobre o Flamengo: Contrata\u00e7\u00f5es, categorias de base, resultados das partidas, tabela de classifica\u00e7\u00e3o, pr\u00f3ximos jogos!\",\"potentialAction\":[{\"@type\":\"SearchAction\",\"target\":{\"@type\":\"EntryPoint\",\"urlTemplate\":\"https:\/\/www.gaveanews.com\/?s={search_term_string}\"},\"query-input\":{\"@type\":\"PropertyValueSpecification\",\"valueRequired\":true,\"valueName\":\"search_term_string\"}}],\"inLanguage\":\"pt-BR\"},{\"@type\":\"Person\",\"@id\":\"https:\/\/www.gaveanews.com\/#\/schema\/person\/2ec14f73fb96be2caf28f91afb14749d\",\"name\":\"Equipe G\u00e1vea News\",\"image\":{\"@type\":\"ImageObject\",\"inLanguage\":\"pt-BR\",\"@id\":\"https:\/\/www.gaveanews.com\/#\/schema\/person\/image\/\",\"url\":\"https:\/\/secure.gravatar.com\/avatar\/1e1956f1facbffd3f8fa53a326721950116b3b9dc9bd44939c01180fd4a745a9?s=96&d=mm&r=g\",\"contentUrl\":\"https:\/\/secure.gravatar.com\/avatar\/1e1956f1facbffd3f8fa53a326721950116b3b9dc9bd44939c01180fd4a745a9?s=96&d=mm&r=g\",\"caption\":\"Equipe G\u00e1vea News\"}}]}<\/script>\n<!-- \/ Yoast SEO Premium plugin. -->","yoast_head_json":{"title":"Flamengo pede \u00e0 CAS para proibir jogos nacionais em Datas Fifa","robots":{"index":"index","follow":"follow","max-snippet":"max-snippet:-1","max-image-preview":"max-image-preview:large","max-video-preview":"max-video-preview:-1"},"canonical":"https:\/\/www.gaveanews.com\/index.php\/2021\/07\/23\/flamengo-pede-a-cas-para-proibir-jogos-nacionais-em-datas-fifa\/","og_locale":"pt_BR","og_type":"article","og_title":"Flamengo pede \u00e0 CAS para proibir jogos nacionais em Datas Fifa","og_description":"A briga entre Flamengo e CBF (Confedera\u00e7\u00e3o Brasileira de Futebol) ganhou um novo cap\u00edtulo. Querendo evitar novos desfalques no futuro, o Rubro-Negro decidiu entrar com um recurso na Corte Arbitral do Esporte (CAS), inst\u00e2ncia m\u00e1xima da justi\u00e7a desportiva, com sede na Su\u00ed\u00e7a, contra a realiza\u00e7\u00e3o de partidas do Brasileir\u00e3o e da Copa do Brasil durante [&hellip;]","og_url":"https:\/\/www.gaveanews.com\/index.php\/2021\/07\/23\/flamengo-pede-a-cas-para-proibir-jogos-nacionais-em-datas-fifa\/","og_site_name":"G\u00e1vea News","article_publisher":"https:\/\/facebook.com\/gaveaNews\/","article_published_time":"2021-07-23T15:10:34+00:00","article_modified_time":"2021-07-23T15:10:36+00:00","og_image":[{"width":799,"height":532,"url":"https:\/\/www.gaveanews.com\/wp-content\/uploads\/Rodolfo-Landim-em-entrevista-coletiva-no-Ninho-do-Urubu.webp","type":"image\/jpeg"}],"author":"Equipe G\u00e1vea News","twitter_card":"summary_large_image","twitter_misc":{"Escrito por":"Equipe G\u00e1vea News","Est. tempo de leitura":"4 minutos"},"schema":{"@context":"https:\/\/schema.org","@graph":[{"@type":"NewsArticle","@id":"https:\/\/www.gaveanews.com\/index.php\/2021\/07\/23\/flamengo-pede-a-cas-para-proibir-jogos-nacionais-em-datas-fifa\/#article","isPartOf":{"@id":"https:\/\/www.gaveanews.com\/index.php\/2021\/07\/23\/flamengo-pede-a-cas-para-proibir-jogos-nacionais-em-datas-fifa\/"},"author":{"name":"Equipe G\u00e1vea News","@id":"https:\/\/www.gaveanews.com\/#\/schema\/person\/2ec14f73fb96be2caf28f91afb14749d"},"headline":"Flamengo pede \u00e0 CAS para proibir jogos nacionais em Datas Fifa","datePublished":"2021-07-23T15:10:34+00:00","dateModified":"2021-07-23T15:10:36+00:00","mainEntityOfPage":{"@id":"https:\/\/www.gaveanews.com\/index.php\/2021\/07\/23\/flamengo-pede-a-cas-para-proibir-jogos-nacionais-em-datas-fifa\/"},"wordCount":815,"commentCount":9,"image":{"@id":"https:\/\/www.gaveanews.com\/index.php\/2021\/07\/23\/flamengo-pede-a-cas-para-proibir-jogos-nacionais-em-datas-fifa\/#primaryimage"},"thumbnailUrl":"https:\/\/www.gaveanews.com\/wp-content\/uploads\/Rodolfo-Landim-em-entrevista-coletiva-no-Ninho-do-Urubu.webp","articleSection":["Flamengo"],"inLanguage":"pt-BR","potentialAction":[{"@type":"CommentAction","name":"Comment","target":["https:\/\/www.gaveanews.com\/index.php\/2021\/07\/23\/flamengo-pede-a-cas-para-proibir-jogos-nacionais-em-datas-fifa\/#respond"]}],"copyrightYear":"2021","copyrightHolder":{"@id":"https:\/\/www.gaveanews.com\/#organization"}},{"@type":"WebPage","@id":"https:\/\/www.gaveanews.com\/index.php\/2021\/07\/23\/flamengo-pede-a-cas-para-proibir-jogos-nacionais-em-datas-fifa\/","url":"https:\/\/www.gaveanews.com\/index.php\/2021\/07\/23\/flamengo-pede-a-cas-para-proibir-jogos-nacionais-em-datas-fifa\/","name":"Flamengo pede \u00e0 CAS para proibir jogos nacionais em Datas Fifa","isPartOf":{"@id":"https:\/\/www.gaveanews.com\/#website"},"primaryImageOfPage":{"@id":"https:\/\/www.gaveanews.com\/index.php\/2021\/07\/23\/flamengo-pede-a-cas-para-proibir-jogos-nacionais-em-datas-fifa\/#primaryimage"},"image":{"@id":"https:\/\/www.gaveanews.com\/index.php\/2021\/07\/23\/flamengo-pede-a-cas-para-proibir-jogos-nacionais-em-datas-fifa\/#primaryimage"},"thumbnailUrl":"https:\/\/www.gaveanews.com\/wp-content\/uploads\/Rodolfo-Landim-em-entrevista-coletiva-no-Ninho-do-Urubu.webp","datePublished":"2021-07-23T15:10:34+00:00","dateModified":"2021-07-23T15:10:36+00:00","author":{"@id":"https:\/\/www.gaveanews.com\/#\/schema\/person\/2ec14f73fb96be2caf28f91afb14749d"},"breadcrumb":{"@id":"https:\/\/www.gaveanews.com\/index.php\/2021\/07\/23\/flamengo-pede-a-cas-para-proibir-jogos-nacionais-em-datas-fifa\/#breadcrumb"},"inLanguage":"pt-BR","potentialAction":[{"@type":"ReadAction","target":["https:\/\/www.gaveanews.com\/index.php\/2021\/07\/23\/flamengo-pede-a-cas-para-proibir-jogos-nacionais-em-datas-fifa\/"]}]},{"@type":"ImageObject","inLanguage":"pt-BR","@id":"https:\/\/www.gaveanews.com\/index.php\/2021\/07\/23\/flamengo-pede-a-cas-para-proibir-jogos-nacionais-em-datas-fifa\/#primaryimage","url":"https:\/\/www.gaveanews.com\/wp-content\/uploads\/Rodolfo-Landim-em-entrevista-coletiva-no-Ninho-do-Urubu.webp","contentUrl":"https:\/\/www.gaveanews.com\/wp-content\/uploads\/Rodolfo-Landim-em-entrevista-coletiva-no-Ninho-do-Urubu.webp","width":799,"height":532,"caption":"Rodolfo Landim em entrevista coletiva no Ninho do Urubu (Foto: Alexandre Vidal\/Flamengo)"},{"@type":"BreadcrumbList","@id":"https:\/\/www.gaveanews.com\/index.php\/2021\/07\/23\/flamengo-pede-a-cas-para-proibir-jogos-nacionais-em-datas-fifa\/#breadcrumb","itemListElement":[{"@type":"ListItem","position":1,"name":"Home","item":"https:\/\/www.gaveanews.com\/"},{"@type":"ListItem","position":2,"name":"Flamengo pede \u00e0 CAS para proibir jogos nacionais em Datas Fifa"}]},{"@type":"WebSite","@id":"https:\/\/www.gaveanews.com\/#website","url":"https:\/\/www.gaveanews.com\/","name":"G\u00e1vea News","description":"Veja todas as not\u00edcias sobre o Flamengo: Contrata\u00e7\u00f5es, categorias de base, resultados das partidas, tabela de classifica\u00e7\u00e3o, pr\u00f3ximos jogos!","potentialAction":[{"@type":"SearchAction","target":{"@type":"EntryPoint","urlTemplate":"https:\/\/www.gaveanews.com\/?s={search_term_string}"},"query-input":{"@type":"PropertyValueSpecification","valueRequired":true,"valueName":"search_term_string"}}],"inLanguage":"pt-BR"},{"@type":"Person","@id":"https:\/\/www.gaveanews.com\/#\/schema\/person\/2ec14f73fb96be2caf28f91afb14749d","name":"Equipe G\u00e1vea News","image":{"@type":"ImageObject","inLanguage":"pt-BR","@id":"https:\/\/www.gaveanews.com\/#\/schema\/person\/image\/","url":"https:\/\/secure.gravatar.com\/avatar\/1e1956f1facbffd3f8fa53a326721950116b3b9dc9bd44939c01180fd4a745a9?s=96&d=mm&r=g","contentUrl":"https:\/\/secure.gravatar.com\/avatar\/1e1956f1facbffd3f8fa53a326721950116b3b9dc9bd44939c01180fd4a745a9?s=96&d=mm&r=g","caption":"Equipe G\u00e1vea News"}}]}},"_links":{"self":[{"href":"https:\/\/www.gaveanews.com\/index.php\/wp-json\/wp\/v2\/posts\/64766","targetHints":{"allow":["GET"]}}],"collection":[{"href":"https:\/\/www.gaveanews.com\/index.php\/wp-json\/wp\/v2\/posts"}],"about":[{"href":"https:\/\/www.gaveanews.com\/index.php\/wp-json\/wp\/v2\/types\/post"}],"author":[{"embeddable":true,"href":"https:\/\/www.gaveanews.com\/index.php\/wp-json\/wp\/v2\/users\/1"}],"replies":[{"embeddable":true,"href":"https:\/\/www.gaveanews.com\/index.php\/wp-json\/wp\/v2\/comments?post=64766"}],"version-history":[{"count":0,"href":"https:\/\/www.gaveanews.com\/index.php\/wp-json\/wp\/v2\/posts\/64766\/revisions"}],"wp:featuredmedia":[{"embeddable":true,"href":"https:\/\/www.gaveanews.com\/index.php\/wp-json\/wp\/v2\/media\/64406"}],"wp:attachment":[{"href":"https:\/\/www.gaveanews.com\/index.php\/wp-json\/wp\/v2\/media?parent=64766"}],"wp:term":[{"taxonomy":"category","embeddable":true,"href":"https:\/\/www.gaveanews.com\/index.php\/wp-json\/wp\/v2\/categories?post=64766"},{"taxonomy":"post_tag","embeddable":true,"href":"https:\/\/www.gaveanews.com\/index.php\/wp-json\/wp\/v2\/tags?post=64766"}],"curies":[{"name":"wp","href":"https:\/\/api.w.org\/{rel}","templated":true}]}}