{"id":64770,"date":"2021-07-23T13:49:22","date_gmt":"2021-07-23T16:49:22","guid":{"rendered":"https:\/\/www.gaveanews.com\/?p=64770"},"modified":"2021-07-23T13:50:07","modified_gmt":"2021-07-23T16:50:07","slug":"trio-olimpico-do-flamengo-gabigol-rodrigo-caio-e-thiago-maia-relembram-ouro-em-2016","status":"publish","type":"post","link":"https:\/\/www.gaveanews.com\/index.php\/2021\/07\/23\/trio-olimpico-do-flamengo-gabigol-rodrigo-caio-e-thiago-maia-relembram-ouro-em-2016\/","title":{"rendered":"Trio ol\u00edmpico do Flamengo, Gabigol, Rodrigo Caio e Thiago Maia relembram ouro em 2016"},"content":{"rendered":"\n<p>Gabigol ainda nem tinha completado 20 anos quando conseguiu sentir, pela primeira vez de uma forma superlativa, a energia de um Maracan\u00e3 lotado. Ele ainda nem imaginava jogar no Flamengo quando entrou em campo com a sele\u00e7\u00e3o brasileira ol\u00edmpica e conquistou o ouro nos p\u00eanaltis contra a Alemanha em 2016.<\/p>\n\n\n\n<p>Cinco anos depois, Gabigol \u00e9 um dos principais jogadores do Flamengo, ao lado de dois companheiros daquela conquista hist\u00f3rica: o zagueiro Rodrigo Caio e o volante Thiago Maia.<\/p>\n\n\n\n<p>Nenhum dos tr\u00eas atuava no Flamengo na \u00e9poca, mas eles se reencontraram no Ninho do Urubu e simbolizam um pouco a pol\u00edtica do clube de conseguir trazer alguns dos principais jogadores jovens do Brasil &#8211; Gerson, j\u00e1 vendido ao Olympique de Marselha, e Pedro chegaram a ser convocados para a Olimp\u00edada do Jap\u00e3o, mas n\u00e3o foram liberados.<\/p>\n\n\n\n<p><strong><em>\u2014 Disputar as Olimp\u00edadas era um grande sonho, ainda mais sendo no Brasil. \u00c9 algo que ficar\u00e1 marcado na vida de cada um que esteve l\u00e1. Aquela energia da final, Maracan\u00e3 completamente lotado, arrepia s\u00f3 de lembrar. O primeiro ouro do pa\u00eds na modalidade, fizemos hist\u00f3ria. Que a Sele\u00e7\u00e3o possa ir em busca deste bicampeonato, estreou muito bem logo contra a Alemanha. \u00c9 um resultado que motiva, e seguiremos na torcida por todos, pode ter certeza<\/em><\/strong> &#8211; disse Gabigol ao ge.<\/p>\n\n\n\n<h3 class=\"wp-block-heading\" id=\"h-thiago-maia-surreal-e-inexplic-vel\"><strong>Thiago Maia: &#8220;Surreal e inexplic\u00e1vel&#8221;<\/strong><\/h3>\n\n\n\n<figure class=\"wp-block-image size-large\"><img decoding=\"async\" src=\"https:\/\/s2.glbimg.com\/syEjcf4y9IhYOjqOpbbjnJqDI0Q=\/0x0:768x960\/984x0\/smart\/filters:strip_icc()\/s.glbimg.com\/es\/ge\/f\/original\/2016\/08\/20\/thiago_maia_empunha_a_bandeira_de_roraima_com_a_medalha_de_ouro_no_peito_as_vezes_nem_acredito.webp\" alt=\"\"\/><figcaption>Thiago Maia com bandeira de Roraima e a medalha de ouro no peito (Foto: Imagem\/Divulga\u00e7\u00e3o)<\/figcaption><\/figure>\n\n\n\n<p>Ca\u00e7ula daquele time ol\u00edmpico, o volante Thiago Maia lembra com detalhes da conquista. Ap\u00f3s a vit\u00f3ria nos p\u00eanaltis sobre a Alemanha, s\u00f3 quis saber de pegar a bandeira de Roraima, seu estado natal. Na \u00e9poca, ele jogava no Santos. Depois foi vendido ao Lille, que o emprestou ao Flamengo em 2020.<\/p>\n\n\n\n<p><strong><em>\u2014 Conquistar o ouro ol\u00edmpico foi uma das maiores alegrias da minha vida. Tinha apenas 19 anos e cada momento daqueles Jogos foi muito marcante pra mim. Quando nos sagrarmos campe\u00f5es, s\u00f3 pensava em carregar a bandeira de Roraima para o mundo todo ver, o meu estado que tenho tanto orgulho de ter nascido. Ter sido o primeiro roraimense a conquistar essa medalha no futebol masculino \u00e9 motivo de muito orgulho pra mim. E representar o pa\u00eds \u00e9 algo surreal e inexplic\u00e1vel<\/em><\/strong> &#8211; contou o volante.<\/p>\n\n\n\n<p><strong><em>\u2014 No Flamengo tenho companheiros que fizeram parte dessa hist\u00f3ria, como o Rodrigo e o Gabriel, que s\u00e3o grandes caras e que tamb\u00e9m me ensinam muitas coisas todos os dias. Minha torcida \u00e9 para que venha mais um ouro. Consegui assistir s\u00f3 um pouco do jogo da estreia, mas acredito que a Sele\u00e7\u00e3o vai fazer bonito novamente! Estarei na torcida.<\/em><\/strong><\/p>\n\n\n\n<h3 class=\"wp-block-heading\" id=\"h-rodrigo-caio-relembrou-jogo-antes-de-vit-ria-na-libertadores\"><strong>Rodrigo Caio relembrou jogo antes de vit\u00f3ria na Libertadores<\/strong><\/h3>\n\n\n\n<p>Titular na campanha do ouro ol\u00edmpico, Rodrigo Caio entrou no clima das Olimp\u00edadas do Jap\u00e3o um pouco antes. Na ter\u00e7a-feira, v\u00e9spera da partida contra o Defensa y Justicia pela Libertadores, assistiu \u00e0 reprise daquele jogo contra a Alemanha em 2016 na concentra\u00e7\u00e3o e foi capaz de rememorar cada detalhe.<\/p>\n\n\n\n<p><strong><em>\u2014 Para mim foi especial demais, porque ali \u00e9 o sonho de todo jogador. Ainda mais jogando uma Olimp\u00edada dentro do seu pa\u00eds. Foi muito gratificante. No dia em que est\u00e1vamos concentrados em Bras\u00edlia, passou no SporTV a nossa final contra a Alemanha e eu peguei desde o come\u00e7o. Assisti ao jogo todo e fiquei lembrando cada momento daquele jogo. Foi uma final hist\u00f3rica, eletrizante, o cora\u00e7\u00e3o estava pulando pela boca. Foi uma sensa\u00e7\u00e3o \u00fanica. Desejo muita sorte para a nossa Sele\u00e7\u00e3o<\/em><\/strong> &#8211; completou o defensor.<\/p>\n\n\n\n<p>Retirado de: Globo Esporte<\/p>\n","protected":false},"excerpt":{"rendered":"<p>Gabigol ainda nem tinha completado 20 anos quando conseguiu sentir, pela primeira vez de uma forma superlativa, a energia de um Maracan\u00e3 lotado. Ele ainda nem imaginava jogar no Flamengo quando entrou em campo com a sele\u00e7\u00e3o brasileira ol\u00edmpica e conquistou o ouro nos p\u00eanaltis contra a Alemanha em 2016. Cinco anos depois, Gabigol \u00e9 [&hellip;]<\/p>\n","protected":false},"author":1,"featured_media":64482,"comment_status":"open","ping_status":"closed","sticky":false,"template":"","format":"standard","meta":{"footnotes":""},"categories":[1],"tags":[],"class_list":["post-64770","post","type-post","status-publish","format-standard","has-post-thumbnail","hentry","category-flamengo"],"yoast_head":"<!-- This site is optimized with the Yoast SEO Premium plugin v24.2 (Yoast SEO v26.9) - https:\/\/yoast.com\/product\/yoast-seo-premium-wordpress\/ -->\n<title>Trio ol\u00edmpico do Flamengo, Gabigol, Rodrigo Caio e Thiago Maia relembram ouro em 2016<\/title>\n<meta name=\"robots\" content=\"index, follow, max-snippet:-1, max-image-preview:large, max-video-preview:-1\" \/>\n<link rel=\"canonical\" href=\"https:\/\/www.gaveanews.com\/index.php\/2021\/07\/23\/trio-olimpico-do-flamengo-gabigol-rodrigo-caio-e-thiago-maia-relembram-ouro-em-2016\/\" \/>\n<meta property=\"og:locale\" content=\"pt_BR\" \/>\n<meta property=\"og:type\" content=\"article\" \/>\n<meta property=\"og:title\" content=\"Trio ol\u00edmpico do Flamengo, Gabigol, Rodrigo Caio e Thiago Maia relembram ouro em 2016\" \/>\n<meta property=\"og:description\" content=\"Gabigol ainda nem tinha completado 20 anos quando conseguiu sentir, pela primeira vez de uma forma superlativa, a energia de um Maracan\u00e3 lotado. Ele ainda nem imaginava jogar no Flamengo quando entrou em campo com a sele\u00e7\u00e3o brasileira ol\u00edmpica e conquistou o ouro nos p\u00eanaltis contra a Alemanha em 2016. Cinco anos depois, Gabigol \u00e9 [&hellip;]\" \/>\n<meta property=\"og:url\" content=\"https:\/\/www.gaveanews.com\/index.php\/2021\/07\/23\/trio-olimpico-do-flamengo-gabigol-rodrigo-caio-e-thiago-maia-relembram-ouro-em-2016\/\" \/>\n<meta property=\"og:site_name\" content=\"G\u00e1vea News\" \/>\n<meta property=\"article:publisher\" content=\"https:\/\/facebook.com\/gaveaNews\/\" \/>\n<meta property=\"article:published_time\" content=\"2021-07-23T16:49:22+00:00\" \/>\n<meta property=\"article:modified_time\" content=\"2021-07-23T16:50:07+00:00\" \/>\n<meta property=\"og:image\" content=\"https:\/\/www.gaveanews.com\/wp-content\/uploads\/Thiago-Maia-em-acao-pelo-Flamengo-contra-o-Defensa-y-Justicia-pela-Copa-Libertadores.webp\" \/>\n\t<meta property=\"og:image:width\" content=\"799\" \/>\n\t<meta property=\"og:image:height\" content=\"533\" \/>\n\t<meta property=\"og:image:type\" content=\"image\/jpeg\" \/>\n<meta name=\"author\" content=\"Equipe G\u00e1vea News\" \/>\n<meta name=\"twitter:card\" content=\"summary_large_image\" \/>\n<meta name=\"twitter:label1\" content=\"Escrito por\" \/>\n\t<meta name=\"twitter:data1\" content=\"Equipe G\u00e1vea News\" \/>\n\t<meta name=\"twitter:label2\" content=\"Est. tempo de leitura\" \/>\n\t<meta name=\"twitter:data2\" content=\"3 minutos\" \/>\n<script type=\"application\/ld+json\" class=\"yoast-schema-graph\">{\"@context\":\"https:\/\/schema.org\",\"@graph\":[{\"@type\":\"NewsArticle\",\"@id\":\"https:\/\/www.gaveanews.com\/index.php\/2021\/07\/23\/trio-olimpico-do-flamengo-gabigol-rodrigo-caio-e-thiago-maia-relembram-ouro-em-2016\/#article\",\"isPartOf\":{\"@id\":\"https:\/\/www.gaveanews.com\/index.php\/2021\/07\/23\/trio-olimpico-do-flamengo-gabigol-rodrigo-caio-e-thiago-maia-relembram-ouro-em-2016\/\"},\"author\":{\"name\":\"Equipe G\u00e1vea News\",\"@id\":\"https:\/\/www.gaveanews.com\/#\/schema\/person\/2ec14f73fb96be2caf28f91afb14749d\"},\"headline\":\"Trio ol\u00edmpico do Flamengo, Gabigol, Rodrigo Caio e Thiago Maia relembram ouro em 2016\",\"datePublished\":\"2021-07-23T16:49:22+00:00\",\"dateModified\":\"2021-07-23T16:50:07+00:00\",\"mainEntityOfPage\":{\"@id\":\"https:\/\/www.gaveanews.com\/index.php\/2021\/07\/23\/trio-olimpico-do-flamengo-gabigol-rodrigo-caio-e-thiago-maia-relembram-ouro-em-2016\/\"},\"wordCount\":623,\"commentCount\":0,\"image\":{\"@id\":\"https:\/\/www.gaveanews.com\/index.php\/2021\/07\/23\/trio-olimpico-do-flamengo-gabigol-rodrigo-caio-e-thiago-maia-relembram-ouro-em-2016\/#primaryimage\"},\"thumbnailUrl\":\"https:\/\/www.gaveanews.com\/wp-content\/uploads\/Thiago-Maia-em-acao-pelo-Flamengo-contra-o-Defensa-y-Justicia-pela-Copa-Libertadores.webp\",\"articleSection\":[\"Flamengo\"],\"inLanguage\":\"pt-BR\",\"potentialAction\":[{\"@type\":\"CommentAction\",\"name\":\"Comment\",\"target\":[\"https:\/\/www.gaveanews.com\/index.php\/2021\/07\/23\/trio-olimpico-do-flamengo-gabigol-rodrigo-caio-e-thiago-maia-relembram-ouro-em-2016\/#respond\"]}],\"copyrightYear\":\"2021\",\"copyrightHolder\":{\"@id\":\"https:\/\/www.gaveanews.com\/#organization\"}},{\"@type\":\"WebPage\",\"@id\":\"https:\/\/www.gaveanews.com\/index.php\/2021\/07\/23\/trio-olimpico-do-flamengo-gabigol-rodrigo-caio-e-thiago-maia-relembram-ouro-em-2016\/\",\"url\":\"https:\/\/www.gaveanews.com\/index.php\/2021\/07\/23\/trio-olimpico-do-flamengo-gabigol-rodrigo-caio-e-thiago-maia-relembram-ouro-em-2016\/\",\"name\":\"Trio ol\u00edmpico do Flamengo, Gabigol, Rodrigo Caio e Thiago Maia relembram ouro em 2016\",\"isPartOf\":{\"@id\":\"https:\/\/www.gaveanews.com\/#website\"},\"primaryImageOfPage\":{\"@id\":\"https:\/\/www.gaveanews.com\/index.php\/2021\/07\/23\/trio-olimpico-do-flamengo-gabigol-rodrigo-caio-e-thiago-maia-relembram-ouro-em-2016\/#primaryimage\"},\"image\":{\"@id\":\"https:\/\/www.gaveanews.com\/index.php\/2021\/07\/23\/trio-olimpico-do-flamengo-gabigol-rodrigo-caio-e-thiago-maia-relembram-ouro-em-2016\/#primaryimage\"},\"thumbnailUrl\":\"https:\/\/www.gaveanews.com\/wp-content\/uploads\/Thiago-Maia-em-acao-pelo-Flamengo-contra-o-Defensa-y-Justicia-pela-Copa-Libertadores.webp\",\"datePublished\":\"2021-07-23T16:49:22+00:00\",\"dateModified\":\"2021-07-23T16:50:07+00:00\",\"author\":{\"@id\":\"https:\/\/www.gaveanews.com\/#\/schema\/person\/2ec14f73fb96be2caf28f91afb14749d\"},\"breadcrumb\":{\"@id\":\"https:\/\/www.gaveanews.com\/index.php\/2021\/07\/23\/trio-olimpico-do-flamengo-gabigol-rodrigo-caio-e-thiago-maia-relembram-ouro-em-2016\/#breadcrumb\"},\"inLanguage\":\"pt-BR\",\"potentialAction\":[{\"@type\":\"ReadAction\",\"target\":[\"https:\/\/www.gaveanews.com\/index.php\/2021\/07\/23\/trio-olimpico-do-flamengo-gabigol-rodrigo-caio-e-thiago-maia-relembram-ouro-em-2016\/\"]}]},{\"@type\":\"ImageObject\",\"inLanguage\":\"pt-BR\",\"@id\":\"https:\/\/www.gaveanews.com\/index.php\/2021\/07\/23\/trio-olimpico-do-flamengo-gabigol-rodrigo-caio-e-thiago-maia-relembram-ouro-em-2016\/#primaryimage\",\"url\":\"https:\/\/www.gaveanews.com\/wp-content\/uploads\/Thiago-Maia-em-acao-pelo-Flamengo-contra-o-Defensa-y-Justicia-pela-Copa-Libertadores.webp\",\"contentUrl\":\"https:\/\/www.gaveanews.com\/wp-content\/uploads\/Thiago-Maia-em-acao-pelo-Flamengo-contra-o-Defensa-y-Justicia-pela-Copa-Libertadores.webp\",\"width\":799,\"height\":533,\"caption\":\"Thiago Maia em a\u00e7\u00e3o pelo Flamengo contra o Defensa y Justicia pela Copa Libertadores (Foto: Alexandre Vidal\/Flamengo)\"},{\"@type\":\"BreadcrumbList\",\"@id\":\"https:\/\/www.gaveanews.com\/index.php\/2021\/07\/23\/trio-olimpico-do-flamengo-gabigol-rodrigo-caio-e-thiago-maia-relembram-ouro-em-2016\/#breadcrumb\",\"itemListElement\":[{\"@type\":\"ListItem\",\"position\":1,\"name\":\"Home\",\"item\":\"https:\/\/www.gaveanews.com\/\"},{\"@type\":\"ListItem\",\"position\":2,\"name\":\"Trio ol\u00edmpico do Flamengo, Gabigol, Rodrigo Caio e Thiago Maia relembram ouro em 2016\"}]},{\"@type\":\"WebSite\",\"@id\":\"https:\/\/www.gaveanews.com\/#website\",\"url\":\"https:\/\/www.gaveanews.com\/\",\"name\":\"G\u00e1vea News\",\"description\":\"Veja todas as not\u00edcias sobre o Flamengo: Contrata\u00e7\u00f5es, categorias de base, resultados das partidas, tabela de classifica\u00e7\u00e3o, pr\u00f3ximos jogos!\",\"potentialAction\":[{\"@type\":\"SearchAction\",\"target\":{\"@type\":\"EntryPoint\",\"urlTemplate\":\"https:\/\/www.gaveanews.com\/?s={search_term_string}\"},\"query-input\":{\"@type\":\"PropertyValueSpecification\",\"valueRequired\":true,\"valueName\":\"search_term_string\"}}],\"inLanguage\":\"pt-BR\"},{\"@type\":\"Person\",\"@id\":\"https:\/\/www.gaveanews.com\/#\/schema\/person\/2ec14f73fb96be2caf28f91afb14749d\",\"name\":\"Equipe G\u00e1vea News\",\"image\":{\"@type\":\"ImageObject\",\"inLanguage\":\"pt-BR\",\"@id\":\"https:\/\/www.gaveanews.com\/#\/schema\/person\/image\/\",\"url\":\"https:\/\/secure.gravatar.com\/avatar\/1e1956f1facbffd3f8fa53a326721950116b3b9dc9bd44939c01180fd4a745a9?s=96&d=mm&r=g\",\"contentUrl\":\"https:\/\/secure.gravatar.com\/avatar\/1e1956f1facbffd3f8fa53a326721950116b3b9dc9bd44939c01180fd4a745a9?s=96&d=mm&r=g\",\"caption\":\"Equipe G\u00e1vea News\"}}]}<\/script>\n<!-- \/ Yoast SEO Premium plugin. -->","yoast_head_json":{"title":"Trio ol\u00edmpico do Flamengo, Gabigol, Rodrigo Caio e Thiago Maia relembram ouro em 2016","robots":{"index":"index","follow":"follow","max-snippet":"max-snippet:-1","max-image-preview":"max-image-preview:large","max-video-preview":"max-video-preview:-1"},"canonical":"https:\/\/www.gaveanews.com\/index.php\/2021\/07\/23\/trio-olimpico-do-flamengo-gabigol-rodrigo-caio-e-thiago-maia-relembram-ouro-em-2016\/","og_locale":"pt_BR","og_type":"article","og_title":"Trio ol\u00edmpico do Flamengo, Gabigol, Rodrigo Caio e Thiago Maia relembram ouro em 2016","og_description":"Gabigol ainda nem tinha completado 20 anos quando conseguiu sentir, pela primeira vez de uma forma superlativa, a energia de um Maracan\u00e3 lotado. Ele ainda nem imaginava jogar no Flamengo quando entrou em campo com a sele\u00e7\u00e3o brasileira ol\u00edmpica e conquistou o ouro nos p\u00eanaltis contra a Alemanha em 2016. Cinco anos depois, Gabigol \u00e9 [&hellip;]","og_url":"https:\/\/www.gaveanews.com\/index.php\/2021\/07\/23\/trio-olimpico-do-flamengo-gabigol-rodrigo-caio-e-thiago-maia-relembram-ouro-em-2016\/","og_site_name":"G\u00e1vea News","article_publisher":"https:\/\/facebook.com\/gaveaNews\/","article_published_time":"2021-07-23T16:49:22+00:00","article_modified_time":"2021-07-23T16:50:07+00:00","og_image":[{"width":799,"height":533,"url":"https:\/\/www.gaveanews.com\/wp-content\/uploads\/Thiago-Maia-em-acao-pelo-Flamengo-contra-o-Defensa-y-Justicia-pela-Copa-Libertadores.webp","type":"image\/jpeg"}],"author":"Equipe G\u00e1vea News","twitter_card":"summary_large_image","twitter_misc":{"Escrito por":"Equipe G\u00e1vea News","Est. tempo de leitura":"3 minutos"},"schema":{"@context":"https:\/\/schema.org","@graph":[{"@type":"NewsArticle","@id":"https:\/\/www.gaveanews.com\/index.php\/2021\/07\/23\/trio-olimpico-do-flamengo-gabigol-rodrigo-caio-e-thiago-maia-relembram-ouro-em-2016\/#article","isPartOf":{"@id":"https:\/\/www.gaveanews.com\/index.php\/2021\/07\/23\/trio-olimpico-do-flamengo-gabigol-rodrigo-caio-e-thiago-maia-relembram-ouro-em-2016\/"},"author":{"name":"Equipe G\u00e1vea News","@id":"https:\/\/www.gaveanews.com\/#\/schema\/person\/2ec14f73fb96be2caf28f91afb14749d"},"headline":"Trio ol\u00edmpico do Flamengo, Gabigol, Rodrigo Caio e Thiago Maia relembram ouro em 2016","datePublished":"2021-07-23T16:49:22+00:00","dateModified":"2021-07-23T16:50:07+00:00","mainEntityOfPage":{"@id":"https:\/\/www.gaveanews.com\/index.php\/2021\/07\/23\/trio-olimpico-do-flamengo-gabigol-rodrigo-caio-e-thiago-maia-relembram-ouro-em-2016\/"},"wordCount":623,"commentCount":0,"image":{"@id":"https:\/\/www.gaveanews.com\/index.php\/2021\/07\/23\/trio-olimpico-do-flamengo-gabigol-rodrigo-caio-e-thiago-maia-relembram-ouro-em-2016\/#primaryimage"},"thumbnailUrl":"https:\/\/www.gaveanews.com\/wp-content\/uploads\/Thiago-Maia-em-acao-pelo-Flamengo-contra-o-Defensa-y-Justicia-pela-Copa-Libertadores.webp","articleSection":["Flamengo"],"inLanguage":"pt-BR","potentialAction":[{"@type":"CommentAction","name":"Comment","target":["https:\/\/www.gaveanews.com\/index.php\/2021\/07\/23\/trio-olimpico-do-flamengo-gabigol-rodrigo-caio-e-thiago-maia-relembram-ouro-em-2016\/#respond"]}],"copyrightYear":"2021","copyrightHolder":{"@id":"https:\/\/www.gaveanews.com\/#organization"}},{"@type":"WebPage","@id":"https:\/\/www.gaveanews.com\/index.php\/2021\/07\/23\/trio-olimpico-do-flamengo-gabigol-rodrigo-caio-e-thiago-maia-relembram-ouro-em-2016\/","url":"https:\/\/www.gaveanews.com\/index.php\/2021\/07\/23\/trio-olimpico-do-flamengo-gabigol-rodrigo-caio-e-thiago-maia-relembram-ouro-em-2016\/","name":"Trio ol\u00edmpico do Flamengo, Gabigol, Rodrigo Caio e Thiago Maia relembram ouro em 2016","isPartOf":{"@id":"https:\/\/www.gaveanews.com\/#website"},"primaryImageOfPage":{"@id":"https:\/\/www.gaveanews.com\/index.php\/2021\/07\/23\/trio-olimpico-do-flamengo-gabigol-rodrigo-caio-e-thiago-maia-relembram-ouro-em-2016\/#primaryimage"},"image":{"@id":"https:\/\/www.gaveanews.com\/index.php\/2021\/07\/23\/trio-olimpico-do-flamengo-gabigol-rodrigo-caio-e-thiago-maia-relembram-ouro-em-2016\/#primaryimage"},"thumbnailUrl":"https:\/\/www.gaveanews.com\/wp-content\/uploads\/Thiago-Maia-em-acao-pelo-Flamengo-contra-o-Defensa-y-Justicia-pela-Copa-Libertadores.webp","datePublished":"2021-07-23T16:49:22+00:00","dateModified":"2021-07-23T16:50:07+00:00","author":{"@id":"https:\/\/www.gaveanews.com\/#\/schema\/person\/2ec14f73fb96be2caf28f91afb14749d"},"breadcrumb":{"@id":"https:\/\/www.gaveanews.com\/index.php\/2021\/07\/23\/trio-olimpico-do-flamengo-gabigol-rodrigo-caio-e-thiago-maia-relembram-ouro-em-2016\/#breadcrumb"},"inLanguage":"pt-BR","potentialAction":[{"@type":"ReadAction","target":["https:\/\/www.gaveanews.com\/index.php\/2021\/07\/23\/trio-olimpico-do-flamengo-gabigol-rodrigo-caio-e-thiago-maia-relembram-ouro-em-2016\/"]}]},{"@type":"ImageObject","inLanguage":"pt-BR","@id":"https:\/\/www.gaveanews.com\/index.php\/2021\/07\/23\/trio-olimpico-do-flamengo-gabigol-rodrigo-caio-e-thiago-maia-relembram-ouro-em-2016\/#primaryimage","url":"https:\/\/www.gaveanews.com\/wp-content\/uploads\/Thiago-Maia-em-acao-pelo-Flamengo-contra-o-Defensa-y-Justicia-pela-Copa-Libertadores.webp","contentUrl":"https:\/\/www.gaveanews.com\/wp-content\/uploads\/Thiago-Maia-em-acao-pelo-Flamengo-contra-o-Defensa-y-Justicia-pela-Copa-Libertadores.webp","width":799,"height":533,"caption":"Thiago Maia em a\u00e7\u00e3o pelo Flamengo contra o Defensa y Justicia pela Copa Libertadores (Foto: Alexandre Vidal\/Flamengo)"},{"@type":"BreadcrumbList","@id":"https:\/\/www.gaveanews.com\/index.php\/2021\/07\/23\/trio-olimpico-do-flamengo-gabigol-rodrigo-caio-e-thiago-maia-relembram-ouro-em-2016\/#breadcrumb","itemListElement":[{"@type":"ListItem","position":1,"name":"Home","item":"https:\/\/www.gaveanews.com\/"},{"@type":"ListItem","position":2,"name":"Trio ol\u00edmpico do Flamengo, Gabigol, Rodrigo Caio e Thiago Maia relembram ouro em 2016"}]},{"@type":"WebSite","@id":"https:\/\/www.gaveanews.com\/#website","url":"https:\/\/www.gaveanews.com\/","name":"G\u00e1vea News","description":"Veja todas as not\u00edcias sobre o Flamengo: Contrata\u00e7\u00f5es, categorias de base, resultados das partidas, tabela de classifica\u00e7\u00e3o, pr\u00f3ximos jogos!","potentialAction":[{"@type":"SearchAction","target":{"@type":"EntryPoint","urlTemplate":"https:\/\/www.gaveanews.com\/?s={search_term_string}"},"query-input":{"@type":"PropertyValueSpecification","valueRequired":true,"valueName":"search_term_string"}}],"inLanguage":"pt-BR"},{"@type":"Person","@id":"https:\/\/www.gaveanews.com\/#\/schema\/person\/2ec14f73fb96be2caf28f91afb14749d","name":"Equipe G\u00e1vea News","image":{"@type":"ImageObject","inLanguage":"pt-BR","@id":"https:\/\/www.gaveanews.com\/#\/schema\/person\/image\/","url":"https:\/\/secure.gravatar.com\/avatar\/1e1956f1facbffd3f8fa53a326721950116b3b9dc9bd44939c01180fd4a745a9?s=96&d=mm&r=g","contentUrl":"https:\/\/secure.gravatar.com\/avatar\/1e1956f1facbffd3f8fa53a326721950116b3b9dc9bd44939c01180fd4a745a9?s=96&d=mm&r=g","caption":"Equipe G\u00e1vea News"}}]}},"_links":{"self":[{"href":"https:\/\/www.gaveanews.com\/index.php\/wp-json\/wp\/v2\/posts\/64770","targetHints":{"allow":["GET"]}}],"collection":[{"href":"https:\/\/www.gaveanews.com\/index.php\/wp-json\/wp\/v2\/posts"}],"about":[{"href":"https:\/\/www.gaveanews.com\/index.php\/wp-json\/wp\/v2\/types\/post"}],"author":[{"embeddable":true,"href":"https:\/\/www.gaveanews.com\/index.php\/wp-json\/wp\/v2\/users\/1"}],"replies":[{"embeddable":true,"href":"https:\/\/www.gaveanews.com\/index.php\/wp-json\/wp\/v2\/comments?post=64770"}],"version-history":[{"count":0,"href":"https:\/\/www.gaveanews.com\/index.php\/wp-json\/wp\/v2\/posts\/64770\/revisions"}],"wp:featuredmedia":[{"embeddable":true,"href":"https:\/\/www.gaveanews.com\/index.php\/wp-json\/wp\/v2\/media\/64482"}],"wp:attachment":[{"href":"https:\/\/www.gaveanews.com\/index.php\/wp-json\/wp\/v2\/media?parent=64770"}],"wp:term":[{"taxonomy":"category","embeddable":true,"href":"https:\/\/www.gaveanews.com\/index.php\/wp-json\/wp\/v2\/categories?post=64770"},{"taxonomy":"post_tag","embeddable":true,"href":"https:\/\/www.gaveanews.com\/index.php\/wp-json\/wp\/v2\/tags?post=64770"}],"curies":[{"name":"wp","href":"https:\/\/api.w.org\/{rel}","templated":true}]}}