{"id":64781,"date":"2021-07-23T18:19:12","date_gmt":"2021-07-23T21:19:12","guid":{"rendered":"https:\/\/www.gaveanews.com\/?p=64781"},"modified":"2021-08-12T00:47:05","modified_gmt":"2021-08-12T03:47:05","slug":"torcedores-do-inter-comemoram-eliminacao-por-nao-ter-que-enfrentar-o-fla","status":"publish","type":"post","link":"https:\/\/www.gaveanews.com\/index.php\/2021\/07\/23\/torcedores-do-inter-comemoram-eliminacao-por-nao-ter-que-enfrentar-o-fla\/","title":{"rendered":"Torcedores do Inter comemoram elimina\u00e7\u00e3o por n\u00e3o ter que enfrentar o Fla"},"content":{"rendered":"\n<p>Na noite da \u00faltima quinta-feira (22), o Internacional perdeu para o Ol\u00edmpia na cobran\u00e7a das penalidades e se despediu da busca pelo trof\u00e9us da Copa Libertadores. Com este resultado, o clube paraguaio agora enfrentar\u00e1 o Flamengo pelas quartas de final da competi\u00e7\u00e3o.<\/p>\n\n\n\n<p>Para qualquer torcedor, a elimina\u00e7\u00e3o de seu time em algum torneio certamente \u00e9 muito frustrante. Contudo, parte da torcida do Inter ponderou a situa\u00e7\u00e3o do clube e n\u00e3o achou t\u00e3o ruim assim a derrota.<\/p>\n\n\n\n<p>O leve &#8220;al\u00edvio&#8221; se deve ao fato de que, caso avan\u00e7asse na competi\u00e7\u00e3o, o Colorado enfrentaria o Flamengo na etapa seguinte. Por isso, alguns torcedores do time sulista &#8220;comemoraram&#8221; a desclassifica\u00e7\u00e3o pelo simples motivo de que a equipe n\u00e3o ter\u00e1 de confrontar o Mais Querido.<\/p>\n\n\n\n<h2 class=\"wp-block-heading\" id=\"h-veja-algumas-das-rea-es\">Veja algumas das rea\u00e7\u00f5es:<\/h2>\n\n\n\n<figure class=\"wp-block-image\"><img decoding=\"async\" src=\"https:\/\/urubuinterativo.com\/wp-content\/uploads\/WhatsApp-Image-2021-07-23-at-11.12.13-3.webp\" alt=\"\"\/><\/figure>\n\n\n\n<figure class=\"wp-block-image\"><img decoding=\"async\" src=\"https:\/\/urubuinterativo.com\/wp-content\/uploads\/WhatsApp-Image-2021-07-23-at-11.12.13-2.webp\" alt=\"\"\/><\/figure>\n\n\n\n<figure class=\"wp-block-image\"><img decoding=\"async\" src=\"https:\/\/urubuinterativo.com\/wp-content\/uploads\/WhatsApp-Image-2021-07-23-at-11.12.13-1.webp\" alt=\"\"\/><\/figure>\n\n\n\n<p>Enquanto isso, o Flamengo segue embalado e se prepara para mais um confronto, desta vez pelo Brasileir\u00e3o. A partida contra o S\u00e3o Paulo ocorrer\u00e1 \u00e0s 16h (hor\u00e1rio de Bras\u00edlia), do pr\u00f3ximo domingo (25), no Maracan\u00e3. O evento ser\u00e1 transmitido pela TV Globo para todo o Brasil.<\/p>\n","protected":false},"excerpt":{"rendered":"<p>Na noite da \u00faltima quinta-feira (22), o Internacional perdeu para o Ol\u00edmpia na cobran\u00e7a das penalidades e se despediu da busca pelo trof\u00e9us da Copa Libertadores. Com este resultado, o clube paraguaio agora enfrentar\u00e1 o Flamengo pelas quartas de final da competi\u00e7\u00e3o. Para qualquer torcedor, a elimina\u00e7\u00e3o de seu time em algum torneio certamente \u00e9 [&hellip;]<\/p>\n","protected":false},"author":4,"featured_media":56510,"comment_status":"open","ping_status":"closed","sticky":false,"template":"","format":"standard","meta":{"footnotes":""},"categories":[1],"tags":[],"class_list":["post-64781","post","type-post","status-publish","format-standard","has-post-thumbnail","hentry","category-flamengo"],"yoast_head":"<!-- This site is optimized with the Yoast SEO Premium plugin v24.2 (Yoast SEO v26.9) - https:\/\/yoast.com\/product\/yoast-seo-premium-wordpress\/ -->\n<title>Torcedores do Inter comemoram elimina\u00e7\u00e3o por n\u00e3o ter que enfrentar o Fla<\/title>\n<meta name=\"robots\" content=\"index, follow, max-snippet:-1, max-image-preview:large, max-video-preview:-1\" \/>\n<link rel=\"canonical\" href=\"https:\/\/www.gaveanews.com\/index.php\/2021\/07\/23\/torcedores-do-inter-comemoram-eliminacao-por-nao-ter-que-enfrentar-o-fla\/\" \/>\n<meta property=\"og:locale\" content=\"pt_BR\" \/>\n<meta property=\"og:type\" content=\"article\" \/>\n<meta property=\"og:title\" content=\"Torcedores do Inter comemoram elimina\u00e7\u00e3o por n\u00e3o ter que enfrentar o Fla\" \/>\n<meta property=\"og:description\" content=\"Na noite da \u00faltima quinta-feira (22), o Internacional perdeu para o Ol\u00edmpia na cobran\u00e7a das penalidades e se despediu da busca pelo trof\u00e9us da Copa Libertadores. Com este resultado, o clube paraguaio agora enfrentar\u00e1 o Flamengo pelas quartas de final da competi\u00e7\u00e3o. Para qualquer torcedor, a elimina\u00e7\u00e3o de seu time em algum torneio certamente \u00e9 [&hellip;]\" \/>\n<meta property=\"og:url\" content=\"https:\/\/www.gaveanews.com\/index.php\/2021\/07\/23\/torcedores-do-inter-comemoram-eliminacao-por-nao-ter-que-enfrentar-o-fla\/\" \/>\n<meta property=\"og:site_name\" content=\"G\u00e1vea News\" \/>\n<meta property=\"article:publisher\" content=\"https:\/\/facebook.com\/gaveaNews\/\" \/>\n<meta property=\"article:published_time\" content=\"2021-07-23T21:19:12+00:00\" \/>\n<meta property=\"article:modified_time\" content=\"2021-08-12T03:47:05+00:00\" \/>\n<meta property=\"og:image\" content=\"https:\/\/www.gaveanews.com\/wp-content\/uploads\/Arrascaela-em-acao-pelo-Flamengo-contra-o-Internacional.webp\" \/>\n\t<meta property=\"og:image:width\" content=\"799\" \/>\n\t<meta property=\"og:image:height\" content=\"532\" \/>\n\t<meta property=\"og:image:type\" content=\"image\/jpeg\" \/>\n<meta name=\"author\" content=\"Let\u00edcia Gerheim\" \/>\n<meta name=\"twitter:card\" content=\"summary_large_image\" \/>\n<meta name=\"twitter:label1\" content=\"Escrito por\" \/>\n\t<meta name=\"twitter:data1\" content=\"Let\u00edcia Gerheim\" \/>\n\t<meta name=\"twitter:label2\" content=\"Est. tempo de leitura\" \/>\n\t<meta name=\"twitter:data2\" content=\"2 minutos\" \/>\n<script type=\"application\/ld+json\" class=\"yoast-schema-graph\">{\"@context\":\"https:\/\/schema.org\",\"@graph\":[{\"@type\":\"NewsArticle\",\"@id\":\"https:\/\/www.gaveanews.com\/index.php\/2021\/07\/23\/torcedores-do-inter-comemoram-eliminacao-por-nao-ter-que-enfrentar-o-fla\/#article\",\"isPartOf\":{\"@id\":\"https:\/\/www.gaveanews.com\/index.php\/2021\/07\/23\/torcedores-do-inter-comemoram-eliminacao-por-nao-ter-que-enfrentar-o-fla\/\"},\"author\":{\"name\":\"Let\u00edcia Gerheim\",\"@id\":\"https:\/\/www.gaveanews.com\/#\/schema\/person\/714c67050b836198af2450ba1c142a67\"},\"headline\":\"Torcedores do Inter comemoram elimina\u00e7\u00e3o por n\u00e3o ter que enfrentar o Fla\",\"datePublished\":\"2021-07-23T21:19:12+00:00\",\"dateModified\":\"2021-08-12T03:47:05+00:00\",\"mainEntityOfPage\":{\"@id\":\"https:\/\/www.gaveanews.com\/index.php\/2021\/07\/23\/torcedores-do-inter-comemoram-eliminacao-por-nao-ter-que-enfrentar-o-fla\/\"},\"wordCount\":201,\"commentCount\":4,\"image\":{\"@id\":\"https:\/\/www.gaveanews.com\/index.php\/2021\/07\/23\/torcedores-do-inter-comemoram-eliminacao-por-nao-ter-que-enfrentar-o-fla\/#primaryimage\"},\"thumbnailUrl\":\"https:\/\/www.gaveanews.com\/wp-content\/uploads\/Arrascaela-em-acao-pelo-Flamengo-contra-o-Internacional.webp\",\"articleSection\":[\"Flamengo\"],\"inLanguage\":\"pt-BR\",\"potentialAction\":[{\"@type\":\"CommentAction\",\"name\":\"Comment\",\"target\":[\"https:\/\/www.gaveanews.com\/index.php\/2021\/07\/23\/torcedores-do-inter-comemoram-eliminacao-por-nao-ter-que-enfrentar-o-fla\/#respond\"]}],\"copyrightYear\":\"2021\",\"copyrightHolder\":{\"@id\":\"https:\/\/www.gaveanews.com\/#organization\"}},{\"@type\":\"WebPage\",\"@id\":\"https:\/\/www.gaveanews.com\/index.php\/2021\/07\/23\/torcedores-do-inter-comemoram-eliminacao-por-nao-ter-que-enfrentar-o-fla\/\",\"url\":\"https:\/\/www.gaveanews.com\/index.php\/2021\/07\/23\/torcedores-do-inter-comemoram-eliminacao-por-nao-ter-que-enfrentar-o-fla\/\",\"name\":\"Torcedores do Inter comemoram elimina\u00e7\u00e3o por n\u00e3o ter que enfrentar o Fla\",\"isPartOf\":{\"@id\":\"https:\/\/www.gaveanews.com\/#website\"},\"primaryImageOfPage\":{\"@id\":\"https:\/\/www.gaveanews.com\/index.php\/2021\/07\/23\/torcedores-do-inter-comemoram-eliminacao-por-nao-ter-que-enfrentar-o-fla\/#primaryimage\"},\"image\":{\"@id\":\"https:\/\/www.gaveanews.com\/index.php\/2021\/07\/23\/torcedores-do-inter-comemoram-eliminacao-por-nao-ter-que-enfrentar-o-fla\/#primaryimage\"},\"thumbnailUrl\":\"https:\/\/www.gaveanews.com\/wp-content\/uploads\/Arrascaela-em-acao-pelo-Flamengo-contra-o-Internacional.webp\",\"datePublished\":\"2021-07-23T21:19:12+00:00\",\"dateModified\":\"2021-08-12T03:47:05+00:00\",\"author\":{\"@id\":\"https:\/\/www.gaveanews.com\/#\/schema\/person\/714c67050b836198af2450ba1c142a67\"},\"breadcrumb\":{\"@id\":\"https:\/\/www.gaveanews.com\/index.php\/2021\/07\/23\/torcedores-do-inter-comemoram-eliminacao-por-nao-ter-que-enfrentar-o-fla\/#breadcrumb\"},\"inLanguage\":\"pt-BR\",\"potentialAction\":[{\"@type\":\"ReadAction\",\"target\":[\"https:\/\/www.gaveanews.com\/index.php\/2021\/07\/23\/torcedores-do-inter-comemoram-eliminacao-por-nao-ter-que-enfrentar-o-fla\/\"]}]},{\"@type\":\"ImageObject\",\"inLanguage\":\"pt-BR\",\"@id\":\"https:\/\/www.gaveanews.com\/index.php\/2021\/07\/23\/torcedores-do-inter-comemoram-eliminacao-por-nao-ter-que-enfrentar-o-fla\/#primaryimage\",\"url\":\"https:\/\/www.gaveanews.com\/wp-content\/uploads\/Arrascaela-em-acao-pelo-Flamengo-contra-o-Internacional.webp\",\"contentUrl\":\"https:\/\/www.gaveanews.com\/wp-content\/uploads\/Arrascaela-em-acao-pelo-Flamengo-contra-o-Internacional.webp\",\"width\":799,\"height\":532,\"caption\":\"Arrascaela em a\u00e7\u00e3o pelo Flamengo contra o Internacional (Foto: Alexandre Vidal e Marcelo Cortes\/Flamengo)\"},{\"@type\":\"BreadcrumbList\",\"@id\":\"https:\/\/www.gaveanews.com\/index.php\/2021\/07\/23\/torcedores-do-inter-comemoram-eliminacao-por-nao-ter-que-enfrentar-o-fla\/#breadcrumb\",\"itemListElement\":[{\"@type\":\"ListItem\",\"position\":1,\"name\":\"Home\",\"item\":\"https:\/\/www.gaveanews.com\/\"},{\"@type\":\"ListItem\",\"position\":2,\"name\":\"Torcedores do Inter comemoram elimina\u00e7\u00e3o por n\u00e3o ter que enfrentar o Fla\"}]},{\"@type\":\"WebSite\",\"@id\":\"https:\/\/www.gaveanews.com\/#website\",\"url\":\"https:\/\/www.gaveanews.com\/\",\"name\":\"G\u00e1vea News\",\"description\":\"Veja todas as not\u00edcias sobre o Flamengo: Contrata\u00e7\u00f5es, categorias de base, resultados das partidas, tabela de classifica\u00e7\u00e3o, pr\u00f3ximos jogos!\",\"potentialAction\":[{\"@type\":\"SearchAction\",\"target\":{\"@type\":\"EntryPoint\",\"urlTemplate\":\"https:\/\/www.gaveanews.com\/?s={search_term_string}\"},\"query-input\":{\"@type\":\"PropertyValueSpecification\",\"valueRequired\":true,\"valueName\":\"search_term_string\"}}],\"inLanguage\":\"pt-BR\"},{\"@type\":\"Person\",\"@id\":\"https:\/\/www.gaveanews.com\/#\/schema\/person\/714c67050b836198af2450ba1c142a67\",\"name\":\"Let\u00edcia Gerheim\",\"image\":{\"@type\":\"ImageObject\",\"inLanguage\":\"pt-BR\",\"@id\":\"https:\/\/www.gaveanews.com\/#\/schema\/person\/image\/\",\"url\":\"https:\/\/secure.gravatar.com\/avatar\/60734739c50fcebfbac509e2a826ccd0ff405c019bc73aab9354f19ecad1dcb4?s=96&d=mm&r=g\",\"contentUrl\":\"https:\/\/secure.gravatar.com\/avatar\/60734739c50fcebfbac509e2a826ccd0ff405c019bc73aab9354f19ecad1dcb4?s=96&d=mm&r=g\",\"caption\":\"Let\u00edcia Gerheim\"}}]}<\/script>\n<!-- \/ Yoast SEO Premium plugin. -->","yoast_head_json":{"title":"Torcedores do Inter comemoram elimina\u00e7\u00e3o por n\u00e3o ter que enfrentar o Fla","robots":{"index":"index","follow":"follow","max-snippet":"max-snippet:-1","max-image-preview":"max-image-preview:large","max-video-preview":"max-video-preview:-1"},"canonical":"https:\/\/www.gaveanews.com\/index.php\/2021\/07\/23\/torcedores-do-inter-comemoram-eliminacao-por-nao-ter-que-enfrentar-o-fla\/","og_locale":"pt_BR","og_type":"article","og_title":"Torcedores do Inter comemoram elimina\u00e7\u00e3o por n\u00e3o ter que enfrentar o Fla","og_description":"Na noite da \u00faltima quinta-feira (22), o Internacional perdeu para o Ol\u00edmpia na cobran\u00e7a das penalidades e se despediu da busca pelo trof\u00e9us da Copa Libertadores. Com este resultado, o clube paraguaio agora enfrentar\u00e1 o Flamengo pelas quartas de final da competi\u00e7\u00e3o. Para qualquer torcedor, a elimina\u00e7\u00e3o de seu time em algum torneio certamente \u00e9 [&hellip;]","og_url":"https:\/\/www.gaveanews.com\/index.php\/2021\/07\/23\/torcedores-do-inter-comemoram-eliminacao-por-nao-ter-que-enfrentar-o-fla\/","og_site_name":"G\u00e1vea News","article_publisher":"https:\/\/facebook.com\/gaveaNews\/","article_published_time":"2021-07-23T21:19:12+00:00","article_modified_time":"2021-08-12T03:47:05+00:00","og_image":[{"width":799,"height":532,"url":"https:\/\/www.gaveanews.com\/wp-content\/uploads\/Arrascaela-em-acao-pelo-Flamengo-contra-o-Internacional.webp","type":"image\/jpeg"}],"author":"Let\u00edcia Gerheim","twitter_card":"summary_large_image","twitter_misc":{"Escrito por":"Let\u00edcia Gerheim","Est. tempo de leitura":"2 minutos"},"schema":{"@context":"https:\/\/schema.org","@graph":[{"@type":"NewsArticle","@id":"https:\/\/www.gaveanews.com\/index.php\/2021\/07\/23\/torcedores-do-inter-comemoram-eliminacao-por-nao-ter-que-enfrentar-o-fla\/#article","isPartOf":{"@id":"https:\/\/www.gaveanews.com\/index.php\/2021\/07\/23\/torcedores-do-inter-comemoram-eliminacao-por-nao-ter-que-enfrentar-o-fla\/"},"author":{"name":"Let\u00edcia Gerheim","@id":"https:\/\/www.gaveanews.com\/#\/schema\/person\/714c67050b836198af2450ba1c142a67"},"headline":"Torcedores do Inter comemoram elimina\u00e7\u00e3o por n\u00e3o ter que enfrentar o Fla","datePublished":"2021-07-23T21:19:12+00:00","dateModified":"2021-08-12T03:47:05+00:00","mainEntityOfPage":{"@id":"https:\/\/www.gaveanews.com\/index.php\/2021\/07\/23\/torcedores-do-inter-comemoram-eliminacao-por-nao-ter-que-enfrentar-o-fla\/"},"wordCount":201,"commentCount":4,"image":{"@id":"https:\/\/www.gaveanews.com\/index.php\/2021\/07\/23\/torcedores-do-inter-comemoram-eliminacao-por-nao-ter-que-enfrentar-o-fla\/#primaryimage"},"thumbnailUrl":"https:\/\/www.gaveanews.com\/wp-content\/uploads\/Arrascaela-em-acao-pelo-Flamengo-contra-o-Internacional.webp","articleSection":["Flamengo"],"inLanguage":"pt-BR","potentialAction":[{"@type":"CommentAction","name":"Comment","target":["https:\/\/www.gaveanews.com\/index.php\/2021\/07\/23\/torcedores-do-inter-comemoram-eliminacao-por-nao-ter-que-enfrentar-o-fla\/#respond"]}],"copyrightYear":"2021","copyrightHolder":{"@id":"https:\/\/www.gaveanews.com\/#organization"}},{"@type":"WebPage","@id":"https:\/\/www.gaveanews.com\/index.php\/2021\/07\/23\/torcedores-do-inter-comemoram-eliminacao-por-nao-ter-que-enfrentar-o-fla\/","url":"https:\/\/www.gaveanews.com\/index.php\/2021\/07\/23\/torcedores-do-inter-comemoram-eliminacao-por-nao-ter-que-enfrentar-o-fla\/","name":"Torcedores do Inter comemoram elimina\u00e7\u00e3o por n\u00e3o ter que enfrentar o Fla","isPartOf":{"@id":"https:\/\/www.gaveanews.com\/#website"},"primaryImageOfPage":{"@id":"https:\/\/www.gaveanews.com\/index.php\/2021\/07\/23\/torcedores-do-inter-comemoram-eliminacao-por-nao-ter-que-enfrentar-o-fla\/#primaryimage"},"image":{"@id":"https:\/\/www.gaveanews.com\/index.php\/2021\/07\/23\/torcedores-do-inter-comemoram-eliminacao-por-nao-ter-que-enfrentar-o-fla\/#primaryimage"},"thumbnailUrl":"https:\/\/www.gaveanews.com\/wp-content\/uploads\/Arrascaela-em-acao-pelo-Flamengo-contra-o-Internacional.webp","datePublished":"2021-07-23T21:19:12+00:00","dateModified":"2021-08-12T03:47:05+00:00","author":{"@id":"https:\/\/www.gaveanews.com\/#\/schema\/person\/714c67050b836198af2450ba1c142a67"},"breadcrumb":{"@id":"https:\/\/www.gaveanews.com\/index.php\/2021\/07\/23\/torcedores-do-inter-comemoram-eliminacao-por-nao-ter-que-enfrentar-o-fla\/#breadcrumb"},"inLanguage":"pt-BR","potentialAction":[{"@type":"ReadAction","target":["https:\/\/www.gaveanews.com\/index.php\/2021\/07\/23\/torcedores-do-inter-comemoram-eliminacao-por-nao-ter-que-enfrentar-o-fla\/"]}]},{"@type":"ImageObject","inLanguage":"pt-BR","@id":"https:\/\/www.gaveanews.com\/index.php\/2021\/07\/23\/torcedores-do-inter-comemoram-eliminacao-por-nao-ter-que-enfrentar-o-fla\/#primaryimage","url":"https:\/\/www.gaveanews.com\/wp-content\/uploads\/Arrascaela-em-acao-pelo-Flamengo-contra-o-Internacional.webp","contentUrl":"https:\/\/www.gaveanews.com\/wp-content\/uploads\/Arrascaela-em-acao-pelo-Flamengo-contra-o-Internacional.webp","width":799,"height":532,"caption":"Arrascaela em a\u00e7\u00e3o pelo Flamengo contra o Internacional (Foto: Alexandre Vidal e Marcelo Cortes\/Flamengo)"},{"@type":"BreadcrumbList","@id":"https:\/\/www.gaveanews.com\/index.php\/2021\/07\/23\/torcedores-do-inter-comemoram-eliminacao-por-nao-ter-que-enfrentar-o-fla\/#breadcrumb","itemListElement":[{"@type":"ListItem","position":1,"name":"Home","item":"https:\/\/www.gaveanews.com\/"},{"@type":"ListItem","position":2,"name":"Torcedores do Inter comemoram elimina\u00e7\u00e3o por n\u00e3o ter que enfrentar o Fla"}]},{"@type":"WebSite","@id":"https:\/\/www.gaveanews.com\/#website","url":"https:\/\/www.gaveanews.com\/","name":"G\u00e1vea News","description":"Veja todas as not\u00edcias sobre o Flamengo: Contrata\u00e7\u00f5es, categorias de base, resultados das partidas, tabela de classifica\u00e7\u00e3o, pr\u00f3ximos jogos!","potentialAction":[{"@type":"SearchAction","target":{"@type":"EntryPoint","urlTemplate":"https:\/\/www.gaveanews.com\/?s={search_term_string}"},"query-input":{"@type":"PropertyValueSpecification","valueRequired":true,"valueName":"search_term_string"}}],"inLanguage":"pt-BR"},{"@type":"Person","@id":"https:\/\/www.gaveanews.com\/#\/schema\/person\/714c67050b836198af2450ba1c142a67","name":"Let\u00edcia Gerheim","image":{"@type":"ImageObject","inLanguage":"pt-BR","@id":"https:\/\/www.gaveanews.com\/#\/schema\/person\/image\/","url":"https:\/\/secure.gravatar.com\/avatar\/60734739c50fcebfbac509e2a826ccd0ff405c019bc73aab9354f19ecad1dcb4?s=96&d=mm&r=g","contentUrl":"https:\/\/secure.gravatar.com\/avatar\/60734739c50fcebfbac509e2a826ccd0ff405c019bc73aab9354f19ecad1dcb4?s=96&d=mm&r=g","caption":"Let\u00edcia Gerheim"}}]}},"_links":{"self":[{"href":"https:\/\/www.gaveanews.com\/index.php\/wp-json\/wp\/v2\/posts\/64781","targetHints":{"allow":["GET"]}}],"collection":[{"href":"https:\/\/www.gaveanews.com\/index.php\/wp-json\/wp\/v2\/posts"}],"about":[{"href":"https:\/\/www.gaveanews.com\/index.php\/wp-json\/wp\/v2\/types\/post"}],"author":[{"embeddable":true,"href":"https:\/\/www.gaveanews.com\/index.php\/wp-json\/wp\/v2\/users\/4"}],"replies":[{"embeddable":true,"href":"https:\/\/www.gaveanews.com\/index.php\/wp-json\/wp\/v2\/comments?post=64781"}],"version-history":[{"count":0,"href":"https:\/\/www.gaveanews.com\/index.php\/wp-json\/wp\/v2\/posts\/64781\/revisions"}],"wp:featuredmedia":[{"embeddable":true,"href":"https:\/\/www.gaveanews.com\/index.php\/wp-json\/wp\/v2\/media\/56510"}],"wp:attachment":[{"href":"https:\/\/www.gaveanews.com\/index.php\/wp-json\/wp\/v2\/media?parent=64781"}],"wp:term":[{"taxonomy":"category","embeddable":true,"href":"https:\/\/www.gaveanews.com\/index.php\/wp-json\/wp\/v2\/categories?post=64781"},{"taxonomy":"post_tag","embeddable":true,"href":"https:\/\/www.gaveanews.com\/index.php\/wp-json\/wp\/v2\/tags?post=64781"}],"curies":[{"name":"wp","href":"https:\/\/api.w.org\/{rel}","templated":true}]}}