{"id":64789,"date":"2021-07-25T00:12:18","date_gmt":"2021-07-25T03:12:18","guid":{"rendered":"https:\/\/www.gaveanews.com\/?p=64789"},"modified":"2021-07-25T00:12:20","modified_gmt":"2021-07-25T03:12:20","slug":"com-reunioes-marcadas-dirigentes-do-flamengo-viajam-para-a-europa-em-busca-de-reforcos","status":"publish","type":"post","link":"https:\/\/www.gaveanews.com\/index.php\/2021\/07\/25\/com-reunioes-marcadas-dirigentes-do-flamengo-viajam-para-a-europa-em-busca-de-reforcos\/","title":{"rendered":"Com reuni\u00f5es marcadas, dirigentes do Flamengo viajam para a Europa em busca de refor\u00e7os"},"content":{"rendered":"\n<p>A dupla de dirigentes do Flamengo Marcos Braz e Bruno Spindel embarcou neste s\u00e1bado para Europa com o objetivo de tentar avan\u00e7ar na contrata\u00e7\u00e3o de refor\u00e7os, j\u00e1 que a janela de transfer\u00eancias abre no dia 1\u00ba de agosto. Na pauta est\u00e3o conversas com o Chelsea por Kenedy e com o Lyon por Thiago Mendes, mas h\u00e1 outras possibilidades que podem ser inclu\u00eddas no roteiro.<\/p>\n\n\n\n<p>Em princ\u00edpio a base de Braz e Spindel na Europa ser\u00e1 Lisboa, Portugal, assim como em viagens anteriores. A informa\u00e7\u00e3o foi publicada primeiro pelo canal Flazoeiro e confirmada pelo ge.<\/p>\n\n\n\n<p>Sem or\u00e7amento destinado para a compra de direitos econ\u00f4micos de atletas, o Flamengo deseja negociar transfer\u00eancias por empr\u00e9stimo.<\/p>\n\n\n\n<p>Na conversa com o Lyon por Thiago Mendes, a discuss\u00e3o \u00e9 sobre as condi\u00e7\u00f5es da cl\u00e1usula de obriga\u00e7\u00e3o de compra ap\u00f3s o fim do empr\u00e9stimo de um ano. O valor estipulado \u00e9 de 10 milh\u00f5es de euros (cerca de R$ 60 milh\u00f5es). O modelo de neg\u00f3cio \u00e9 uma exig\u00eancia dos dirigentes franceses.<\/p>\n\n\n\n<p>Thiago Mendes j\u00e1 comunicou que seu desejo \u00e9 a transfer\u00eancia para o Flamengo.<\/p>\n\n\n\n<p>No caso do atacante Kenedy, que j\u00e1 est\u00e1 na Inglaterra para a pr\u00e9-temporada, a diretoria rubro-negra tamb\u00e9m j\u00e1 formalizou a proposta por empr\u00e9stimo com op\u00e7\u00e3o de compra. Agora a miss\u00e3o \u00e9 convencer os ingleses, que est\u00e3o sem pressa para decidir se v\u00e3o liber\u00e1-lo ou se aguardam uma oferta de outro clube pela transfer\u00eancia em definitivo.<\/p>\n\n\n\n<p>Retirado de: Globo Esporte<\/p>\n","protected":false},"excerpt":{"rendered":"<p>A dupla de dirigentes do Flamengo Marcos Braz e Bruno Spindel embarcou neste s\u00e1bado para Europa com o objetivo de tentar avan\u00e7ar na contrata\u00e7\u00e3o de refor\u00e7os, j\u00e1 que a janela de transfer\u00eancias abre no dia 1\u00ba de agosto. Na pauta est\u00e3o conversas com o Chelsea por Kenedy e com o Lyon por Thiago Mendes, mas [&hellip;]<\/p>\n","protected":false},"author":1,"featured_media":64404,"comment_status":"open","ping_status":"closed","sticky":false,"template":"","format":"standard","meta":{"footnotes":""},"categories":[48],"tags":[],"class_list":["post-64789","post","type-post","status-publish","format-standard","has-post-thumbnail","hentry","category-negociacoes"],"yoast_head":"<!-- This site is optimized with the Yoast SEO Premium plugin v24.2 (Yoast SEO v26.9) - https:\/\/yoast.com\/product\/yoast-seo-premium-wordpress\/ -->\n<title>Dirigentes do Flamengo viajam para a Europa em busca de refor\u00e7os<\/title>\n<meta name=\"robots\" content=\"index, follow, max-snippet:-1, max-image-preview:large, max-video-preview:-1\" \/>\n<link rel=\"canonical\" href=\"https:\/\/www.gaveanews.com\/index.php\/2021\/07\/25\/com-reunioes-marcadas-dirigentes-do-flamengo-viajam-para-a-europa-em-busca-de-reforcos\/\" \/>\n<meta property=\"og:locale\" content=\"pt_BR\" \/>\n<meta property=\"og:type\" content=\"article\" \/>\n<meta property=\"og:title\" content=\"Com reuni\u00f5es marcadas, dirigentes do Flamengo viajam para a Europa em busca de refor\u00e7os\" \/>\n<meta property=\"og:description\" content=\"A dupla de dirigentes do Flamengo Marcos Braz e Bruno Spindel embarcou neste s\u00e1bado para Europa com o objetivo de tentar avan\u00e7ar na contrata\u00e7\u00e3o de refor\u00e7os, j\u00e1 que a janela de transfer\u00eancias abre no dia 1\u00ba de agosto. Na pauta est\u00e3o conversas com o Chelsea por Kenedy e com o Lyon por Thiago Mendes, mas [&hellip;]\" \/>\n<meta property=\"og:url\" content=\"https:\/\/www.gaveanews.com\/index.php\/2021\/07\/25\/com-reunioes-marcadas-dirigentes-do-flamengo-viajam-para-a-europa-em-busca-de-reforcos\/\" \/>\n<meta property=\"og:site_name\" content=\"G\u00e1vea News\" \/>\n<meta property=\"article:publisher\" content=\"https:\/\/facebook.com\/gaveaNews\/\" \/>\n<meta property=\"article:published_time\" content=\"2021-07-25T03:12:18+00:00\" \/>\n<meta property=\"article:modified_time\" content=\"2021-07-25T03:12:20+00:00\" \/>\n<meta property=\"og:image\" content=\"https:\/\/www.gaveanews.com\/wp-content\/uploads\/Bruno-Spindel-em-entrevista-coletiva-no-Ninho-do-Urubu.webp\" \/>\n\t<meta property=\"og:image:width\" content=\"799\" \/>\n\t<meta property=\"og:image:height\" content=\"532\" \/>\n\t<meta property=\"og:image:type\" content=\"image\/jpeg\" \/>\n<meta name=\"author\" content=\"Equipe G\u00e1vea News\" \/>\n<meta name=\"twitter:card\" content=\"summary_large_image\" \/>\n<meta name=\"twitter:label1\" content=\"Escrito por\" \/>\n\t<meta name=\"twitter:data1\" content=\"Equipe G\u00e1vea News\" \/>\n\t<meta name=\"twitter:label2\" content=\"Est. tempo de leitura\" \/>\n\t<meta name=\"twitter:data2\" content=\"2 minutos\" \/>\n<script type=\"application\/ld+json\" class=\"yoast-schema-graph\">{\"@context\":\"https:\/\/schema.org\",\"@graph\":[{\"@type\":\"NewsArticle\",\"@id\":\"https:\/\/www.gaveanews.com\/index.php\/2021\/07\/25\/com-reunioes-marcadas-dirigentes-do-flamengo-viajam-para-a-europa-em-busca-de-reforcos\/#article\",\"isPartOf\":{\"@id\":\"https:\/\/www.gaveanews.com\/index.php\/2021\/07\/25\/com-reunioes-marcadas-dirigentes-do-flamengo-viajam-para-a-europa-em-busca-de-reforcos\/\"},\"author\":{\"name\":\"Equipe G\u00e1vea News\",\"@id\":\"https:\/\/www.gaveanews.com\/#\/schema\/person\/2ec14f73fb96be2caf28f91afb14749d\"},\"headline\":\"Com reuni\u00f5es marcadas, dirigentes do Flamengo viajam para a Europa em busca de refor\u00e7os\",\"datePublished\":\"2021-07-25T03:12:18+00:00\",\"dateModified\":\"2021-07-25T03:12:20+00:00\",\"mainEntityOfPage\":{\"@id\":\"https:\/\/www.gaveanews.com\/index.php\/2021\/07\/25\/com-reunioes-marcadas-dirigentes-do-flamengo-viajam-para-a-europa-em-busca-de-reforcos\/\"},\"wordCount\":277,\"commentCount\":19,\"image\":{\"@id\":\"https:\/\/www.gaveanews.com\/index.php\/2021\/07\/25\/com-reunioes-marcadas-dirigentes-do-flamengo-viajam-para-a-europa-em-busca-de-reforcos\/#primaryimage\"},\"thumbnailUrl\":\"https:\/\/www.gaveanews.com\/wp-content\/uploads\/Bruno-Spindel-em-entrevista-coletiva-no-Ninho-do-Urubu.webp\",\"articleSection\":[\"Negocia\u00e7\u00f5es\"],\"inLanguage\":\"pt-BR\",\"potentialAction\":[{\"@type\":\"CommentAction\",\"name\":\"Comment\",\"target\":[\"https:\/\/www.gaveanews.com\/index.php\/2021\/07\/25\/com-reunioes-marcadas-dirigentes-do-flamengo-viajam-para-a-europa-em-busca-de-reforcos\/#respond\"]}],\"copyrightYear\":\"2021\",\"copyrightHolder\":{\"@id\":\"https:\/\/www.gaveanews.com\/#organization\"}},{\"@type\":\"WebPage\",\"@id\":\"https:\/\/www.gaveanews.com\/index.php\/2021\/07\/25\/com-reunioes-marcadas-dirigentes-do-flamengo-viajam-para-a-europa-em-busca-de-reforcos\/\",\"url\":\"https:\/\/www.gaveanews.com\/index.php\/2021\/07\/25\/com-reunioes-marcadas-dirigentes-do-flamengo-viajam-para-a-europa-em-busca-de-reforcos\/\",\"name\":\"Dirigentes do Flamengo viajam para a Europa em busca de refor\u00e7os\",\"isPartOf\":{\"@id\":\"https:\/\/www.gaveanews.com\/#website\"},\"primaryImageOfPage\":{\"@id\":\"https:\/\/www.gaveanews.com\/index.php\/2021\/07\/25\/com-reunioes-marcadas-dirigentes-do-flamengo-viajam-para-a-europa-em-busca-de-reforcos\/#primaryimage\"},\"image\":{\"@id\":\"https:\/\/www.gaveanews.com\/index.php\/2021\/07\/25\/com-reunioes-marcadas-dirigentes-do-flamengo-viajam-para-a-europa-em-busca-de-reforcos\/#primaryimage\"},\"thumbnailUrl\":\"https:\/\/www.gaveanews.com\/wp-content\/uploads\/Bruno-Spindel-em-entrevista-coletiva-no-Ninho-do-Urubu.webp\",\"datePublished\":\"2021-07-25T03:12:18+00:00\",\"dateModified\":\"2021-07-25T03:12:20+00:00\",\"author\":{\"@id\":\"https:\/\/www.gaveanews.com\/#\/schema\/person\/2ec14f73fb96be2caf28f91afb14749d\"},\"breadcrumb\":{\"@id\":\"https:\/\/www.gaveanews.com\/index.php\/2021\/07\/25\/com-reunioes-marcadas-dirigentes-do-flamengo-viajam-para-a-europa-em-busca-de-reforcos\/#breadcrumb\"},\"inLanguage\":\"pt-BR\",\"potentialAction\":[{\"@type\":\"ReadAction\",\"target\":[\"https:\/\/www.gaveanews.com\/index.php\/2021\/07\/25\/com-reunioes-marcadas-dirigentes-do-flamengo-viajam-para-a-europa-em-busca-de-reforcos\/\"]}]},{\"@type\":\"ImageObject\",\"inLanguage\":\"pt-BR\",\"@id\":\"https:\/\/www.gaveanews.com\/index.php\/2021\/07\/25\/com-reunioes-marcadas-dirigentes-do-flamengo-viajam-para-a-europa-em-busca-de-reforcos\/#primaryimage\",\"url\":\"https:\/\/www.gaveanews.com\/wp-content\/uploads\/Bruno-Spindel-em-entrevista-coletiva-no-Ninho-do-Urubu.webp\",\"contentUrl\":\"https:\/\/www.gaveanews.com\/wp-content\/uploads\/Bruno-Spindel-em-entrevista-coletiva-no-Ninho-do-Urubu.webp\",\"width\":799,\"height\":532,\"caption\":\"Bruno Spindel em entrevista coletiva no Ninho do Urubu (Foto: Alexandre Vidal\/Flamengo)\"},{\"@type\":\"BreadcrumbList\",\"@id\":\"https:\/\/www.gaveanews.com\/index.php\/2021\/07\/25\/com-reunioes-marcadas-dirigentes-do-flamengo-viajam-para-a-europa-em-busca-de-reforcos\/#breadcrumb\",\"itemListElement\":[{\"@type\":\"ListItem\",\"position\":1,\"name\":\"Home\",\"item\":\"https:\/\/www.gaveanews.com\/\"},{\"@type\":\"ListItem\",\"position\":2,\"name\":\"Com reuni\u00f5es marcadas, dirigentes do Flamengo viajam para a Europa em busca de refor\u00e7os\"}]},{\"@type\":\"WebSite\",\"@id\":\"https:\/\/www.gaveanews.com\/#website\",\"url\":\"https:\/\/www.gaveanews.com\/\",\"name\":\"G\u00e1vea News\",\"description\":\"Veja todas as not\u00edcias sobre o Flamengo: Contrata\u00e7\u00f5es, categorias de base, resultados das partidas, tabela de classifica\u00e7\u00e3o, pr\u00f3ximos jogos!\",\"potentialAction\":[{\"@type\":\"SearchAction\",\"target\":{\"@type\":\"EntryPoint\",\"urlTemplate\":\"https:\/\/www.gaveanews.com\/?s={search_term_string}\"},\"query-input\":{\"@type\":\"PropertyValueSpecification\",\"valueRequired\":true,\"valueName\":\"search_term_string\"}}],\"inLanguage\":\"pt-BR\"},{\"@type\":\"Person\",\"@id\":\"https:\/\/www.gaveanews.com\/#\/schema\/person\/2ec14f73fb96be2caf28f91afb14749d\",\"name\":\"Equipe G\u00e1vea News\",\"image\":{\"@type\":\"ImageObject\",\"inLanguage\":\"pt-BR\",\"@id\":\"https:\/\/www.gaveanews.com\/#\/schema\/person\/image\/\",\"url\":\"https:\/\/secure.gravatar.com\/avatar\/1e1956f1facbffd3f8fa53a326721950116b3b9dc9bd44939c01180fd4a745a9?s=96&d=mm&r=g\",\"contentUrl\":\"https:\/\/secure.gravatar.com\/avatar\/1e1956f1facbffd3f8fa53a326721950116b3b9dc9bd44939c01180fd4a745a9?s=96&d=mm&r=g\",\"caption\":\"Equipe G\u00e1vea News\"}}]}<\/script>\n<!-- \/ Yoast SEO Premium plugin. -->","yoast_head_json":{"title":"Dirigentes do Flamengo viajam para a Europa em busca de refor\u00e7os","robots":{"index":"index","follow":"follow","max-snippet":"max-snippet:-1","max-image-preview":"max-image-preview:large","max-video-preview":"max-video-preview:-1"},"canonical":"https:\/\/www.gaveanews.com\/index.php\/2021\/07\/25\/com-reunioes-marcadas-dirigentes-do-flamengo-viajam-para-a-europa-em-busca-de-reforcos\/","og_locale":"pt_BR","og_type":"article","og_title":"Com reuni\u00f5es marcadas, dirigentes do Flamengo viajam para a Europa em busca de refor\u00e7os","og_description":"A dupla de dirigentes do Flamengo Marcos Braz e Bruno Spindel embarcou neste s\u00e1bado para Europa com o objetivo de tentar avan\u00e7ar na contrata\u00e7\u00e3o de refor\u00e7os, j\u00e1 que a janela de transfer\u00eancias abre no dia 1\u00ba de agosto. Na pauta est\u00e3o conversas com o Chelsea por Kenedy e com o Lyon por Thiago Mendes, mas [&hellip;]","og_url":"https:\/\/www.gaveanews.com\/index.php\/2021\/07\/25\/com-reunioes-marcadas-dirigentes-do-flamengo-viajam-para-a-europa-em-busca-de-reforcos\/","og_site_name":"G\u00e1vea News","article_publisher":"https:\/\/facebook.com\/gaveaNews\/","article_published_time":"2021-07-25T03:12:18+00:00","article_modified_time":"2021-07-25T03:12:20+00:00","og_image":[{"width":799,"height":532,"url":"https:\/\/www.gaveanews.com\/wp-content\/uploads\/Bruno-Spindel-em-entrevista-coletiva-no-Ninho-do-Urubu.webp","type":"image\/jpeg"}],"author":"Equipe G\u00e1vea News","twitter_card":"summary_large_image","twitter_misc":{"Escrito por":"Equipe G\u00e1vea News","Est. tempo de leitura":"2 minutos"},"schema":{"@context":"https:\/\/schema.org","@graph":[{"@type":"NewsArticle","@id":"https:\/\/www.gaveanews.com\/index.php\/2021\/07\/25\/com-reunioes-marcadas-dirigentes-do-flamengo-viajam-para-a-europa-em-busca-de-reforcos\/#article","isPartOf":{"@id":"https:\/\/www.gaveanews.com\/index.php\/2021\/07\/25\/com-reunioes-marcadas-dirigentes-do-flamengo-viajam-para-a-europa-em-busca-de-reforcos\/"},"author":{"name":"Equipe G\u00e1vea News","@id":"https:\/\/www.gaveanews.com\/#\/schema\/person\/2ec14f73fb96be2caf28f91afb14749d"},"headline":"Com reuni\u00f5es marcadas, dirigentes do Flamengo viajam para a Europa em busca de refor\u00e7os","datePublished":"2021-07-25T03:12:18+00:00","dateModified":"2021-07-25T03:12:20+00:00","mainEntityOfPage":{"@id":"https:\/\/www.gaveanews.com\/index.php\/2021\/07\/25\/com-reunioes-marcadas-dirigentes-do-flamengo-viajam-para-a-europa-em-busca-de-reforcos\/"},"wordCount":277,"commentCount":19,"image":{"@id":"https:\/\/www.gaveanews.com\/index.php\/2021\/07\/25\/com-reunioes-marcadas-dirigentes-do-flamengo-viajam-para-a-europa-em-busca-de-reforcos\/#primaryimage"},"thumbnailUrl":"https:\/\/www.gaveanews.com\/wp-content\/uploads\/Bruno-Spindel-em-entrevista-coletiva-no-Ninho-do-Urubu.webp","articleSection":["Negocia\u00e7\u00f5es"],"inLanguage":"pt-BR","potentialAction":[{"@type":"CommentAction","name":"Comment","target":["https:\/\/www.gaveanews.com\/index.php\/2021\/07\/25\/com-reunioes-marcadas-dirigentes-do-flamengo-viajam-para-a-europa-em-busca-de-reforcos\/#respond"]}],"copyrightYear":"2021","copyrightHolder":{"@id":"https:\/\/www.gaveanews.com\/#organization"}},{"@type":"WebPage","@id":"https:\/\/www.gaveanews.com\/index.php\/2021\/07\/25\/com-reunioes-marcadas-dirigentes-do-flamengo-viajam-para-a-europa-em-busca-de-reforcos\/","url":"https:\/\/www.gaveanews.com\/index.php\/2021\/07\/25\/com-reunioes-marcadas-dirigentes-do-flamengo-viajam-para-a-europa-em-busca-de-reforcos\/","name":"Dirigentes do Flamengo viajam para a Europa em busca de refor\u00e7os","isPartOf":{"@id":"https:\/\/www.gaveanews.com\/#website"},"primaryImageOfPage":{"@id":"https:\/\/www.gaveanews.com\/index.php\/2021\/07\/25\/com-reunioes-marcadas-dirigentes-do-flamengo-viajam-para-a-europa-em-busca-de-reforcos\/#primaryimage"},"image":{"@id":"https:\/\/www.gaveanews.com\/index.php\/2021\/07\/25\/com-reunioes-marcadas-dirigentes-do-flamengo-viajam-para-a-europa-em-busca-de-reforcos\/#primaryimage"},"thumbnailUrl":"https:\/\/www.gaveanews.com\/wp-content\/uploads\/Bruno-Spindel-em-entrevista-coletiva-no-Ninho-do-Urubu.webp","datePublished":"2021-07-25T03:12:18+00:00","dateModified":"2021-07-25T03:12:20+00:00","author":{"@id":"https:\/\/www.gaveanews.com\/#\/schema\/person\/2ec14f73fb96be2caf28f91afb14749d"},"breadcrumb":{"@id":"https:\/\/www.gaveanews.com\/index.php\/2021\/07\/25\/com-reunioes-marcadas-dirigentes-do-flamengo-viajam-para-a-europa-em-busca-de-reforcos\/#breadcrumb"},"inLanguage":"pt-BR","potentialAction":[{"@type":"ReadAction","target":["https:\/\/www.gaveanews.com\/index.php\/2021\/07\/25\/com-reunioes-marcadas-dirigentes-do-flamengo-viajam-para-a-europa-em-busca-de-reforcos\/"]}]},{"@type":"ImageObject","inLanguage":"pt-BR","@id":"https:\/\/www.gaveanews.com\/index.php\/2021\/07\/25\/com-reunioes-marcadas-dirigentes-do-flamengo-viajam-para-a-europa-em-busca-de-reforcos\/#primaryimage","url":"https:\/\/www.gaveanews.com\/wp-content\/uploads\/Bruno-Spindel-em-entrevista-coletiva-no-Ninho-do-Urubu.webp","contentUrl":"https:\/\/www.gaveanews.com\/wp-content\/uploads\/Bruno-Spindel-em-entrevista-coletiva-no-Ninho-do-Urubu.webp","width":799,"height":532,"caption":"Bruno Spindel em entrevista coletiva no Ninho do Urubu (Foto: Alexandre Vidal\/Flamengo)"},{"@type":"BreadcrumbList","@id":"https:\/\/www.gaveanews.com\/index.php\/2021\/07\/25\/com-reunioes-marcadas-dirigentes-do-flamengo-viajam-para-a-europa-em-busca-de-reforcos\/#breadcrumb","itemListElement":[{"@type":"ListItem","position":1,"name":"Home","item":"https:\/\/www.gaveanews.com\/"},{"@type":"ListItem","position":2,"name":"Com reuni\u00f5es marcadas, dirigentes do Flamengo viajam para a Europa em busca de refor\u00e7os"}]},{"@type":"WebSite","@id":"https:\/\/www.gaveanews.com\/#website","url":"https:\/\/www.gaveanews.com\/","name":"G\u00e1vea News","description":"Veja todas as not\u00edcias sobre o Flamengo: Contrata\u00e7\u00f5es, categorias de base, resultados das partidas, tabela de classifica\u00e7\u00e3o, pr\u00f3ximos jogos!","potentialAction":[{"@type":"SearchAction","target":{"@type":"EntryPoint","urlTemplate":"https:\/\/www.gaveanews.com\/?s={search_term_string}"},"query-input":{"@type":"PropertyValueSpecification","valueRequired":true,"valueName":"search_term_string"}}],"inLanguage":"pt-BR"},{"@type":"Person","@id":"https:\/\/www.gaveanews.com\/#\/schema\/person\/2ec14f73fb96be2caf28f91afb14749d","name":"Equipe G\u00e1vea News","image":{"@type":"ImageObject","inLanguage":"pt-BR","@id":"https:\/\/www.gaveanews.com\/#\/schema\/person\/image\/","url":"https:\/\/secure.gravatar.com\/avatar\/1e1956f1facbffd3f8fa53a326721950116b3b9dc9bd44939c01180fd4a745a9?s=96&d=mm&r=g","contentUrl":"https:\/\/secure.gravatar.com\/avatar\/1e1956f1facbffd3f8fa53a326721950116b3b9dc9bd44939c01180fd4a745a9?s=96&d=mm&r=g","caption":"Equipe G\u00e1vea News"}}]}},"_links":{"self":[{"href":"https:\/\/www.gaveanews.com\/index.php\/wp-json\/wp\/v2\/posts\/64789","targetHints":{"allow":["GET"]}}],"collection":[{"href":"https:\/\/www.gaveanews.com\/index.php\/wp-json\/wp\/v2\/posts"}],"about":[{"href":"https:\/\/www.gaveanews.com\/index.php\/wp-json\/wp\/v2\/types\/post"}],"author":[{"embeddable":true,"href":"https:\/\/www.gaveanews.com\/index.php\/wp-json\/wp\/v2\/users\/1"}],"replies":[{"embeddable":true,"href":"https:\/\/www.gaveanews.com\/index.php\/wp-json\/wp\/v2\/comments?post=64789"}],"version-history":[{"count":0,"href":"https:\/\/www.gaveanews.com\/index.php\/wp-json\/wp\/v2\/posts\/64789\/revisions"}],"wp:featuredmedia":[{"embeddable":true,"href":"https:\/\/www.gaveanews.com\/index.php\/wp-json\/wp\/v2\/media\/64404"}],"wp:attachment":[{"href":"https:\/\/www.gaveanews.com\/index.php\/wp-json\/wp\/v2\/media?parent=64789"}],"wp:term":[{"taxonomy":"category","embeddable":true,"href":"https:\/\/www.gaveanews.com\/index.php\/wp-json\/wp\/v2\/categories?post=64789"},{"taxonomy":"post_tag","embeddable":true,"href":"https:\/\/www.gaveanews.com\/index.php\/wp-json\/wp\/v2\/tags?post=64789"}],"curies":[{"name":"wp","href":"https:\/\/api.w.org\/{rel}","templated":true}]}}