{"id":64810,"date":"2021-07-25T22:17:12","date_gmt":"2021-07-26T01:17:12","guid":{"rendered":"https:\/\/www.gaveanews.com\/?p=64810"},"modified":"2021-07-25T22:17:27","modified_gmt":"2021-07-26T01:17:27","slug":"na-europa-dirigentes-do-flamengo-tracam-estrategia-por-reforcos","status":"publish","type":"post","link":"https:\/\/www.gaveanews.com\/index.php\/2021\/07\/25\/na-europa-dirigentes-do-flamengo-tracam-estrategia-por-reforcos\/","title":{"rendered":"Na Europa, dirigentes do Flamengo tra\u00e7am estrat\u00e9gia por refor\u00e7os"},"content":{"rendered":"\n<p>Enquanto Renato Ga\u00facho inicia os trabalhos no Flamengo de forma avassaladora, com quatro vit\u00f3rias em quatro jogos, a diretoria busca jogadores para refor\u00e7ar o elenco. Bruno Spindel e Marcos Braz, diretor executivo e vice de futebol, respectivamente, est\u00e3o em Lisboa, em Portugal, cidade que servir\u00e1 de base para a dupla tentar cumprir a miss\u00e3o de repatriar Thiago Mendes, volante do Lyon, e Kenedy, atacante do Chelsea.<\/p>\n\n\n\n<p>As primeiras reuni\u00f5es ir\u00e3o acontecer j\u00e1 nesta segunda-feira para dar in\u00edcio ao projeto. As estrat\u00e9gias est\u00e3o tra\u00e7adas, e a ideia \u00e9 convencer Lyon e Chelsea nem que seja na base do cansa\u00e7o. No argumento, Braz e Spindel alegar\u00e3o que a transfer\u00eancia para o Flamengo pode valorizar os atletas, como aconteceu recentemente com Pablo Mar\u00ed (vendido ao Arsenal) e Gerson (negociado ao Olympique de Marselha).<\/p>\n\n\n\n<p>A favor da dupla rubro-negra est\u00e1 a vontade dos dois jogadores. Tanto Thiago Mendes quanto Kenedy querem vestir a camisa do Flamengo e j\u00e1 deixaram isso claro para os seus respectivos representantes, por\u00e9m n\u00e3o podem fazer nada mais por isso e se limitam a expressar o desejo, que \u00e9 de atuar no Rubro-Negro por uma temporada.<\/p>\n\n\n\n<p>O cen\u00e1rio envolvendo os dois, entretanto, \u00e9 diferente. No caso de Thiago Mendes, atleta que custou mais de 20 milh\u00f5es de euros aos cofres do Lyon, o presidente do time franc\u00eas, Jean-Michel Aulas, j\u00e1 avisou aos seus subordinados da diretoria que n\u00e3o aceitar\u00e1 emprestar ao Flamengo com op\u00e7\u00e3o de compra e exige que seja obriga\u00e7\u00e3o de compra. At\u00e9 o momento, o Rubro-Negro fez apenas uma oferta, com op\u00e7\u00e3o avaliada em 6,8 milh\u00f5es de euros, mas recusada de antem\u00e3o.<\/p>\n\n\n\n<p>Juninho Pernambucano, ex-jogador e atual dirigente do Lyon, sempre que consultado faz quest\u00e3o de deixar claro a dificuldade que ser\u00e1 de convencer o presidente do clube a emprestar Thiago Mendes.<\/p>\n\n\n\n<p>\u2014 <strong><em>Empr\u00e9stimo n\u00e3o vai sair, presidente assumir\u00e1 uma d\u00edvida grande se aceitasse e ele j\u00e1 falou que n\u00e3o quer\u2026<\/em><\/strong>, resumiu Juninho sem querer dar entrevista.<\/p>\n\n\n\n<p>Em rela\u00e7\u00e3o a Kenedy, a dificuldade \u00e9 a mesma, mas ainda n\u00e3o teve uma proposta concreta do Flamengo porque o Chelsea n\u00e3o colocou na mesa o que deseja para liberar o atacante por empr\u00e9stimo. Pelo contr\u00e1rio. D\u00e1 prioridade para uma venda e quer aguardar a janela de transfer\u00eancia para saber saber se chegar\u00e1 oferta pelo jogador, que fez uma boa temporada pelo Granada, da Espanha.<\/p>\n\n\n\n<p>Giuliano Bertolucci, um dos principais agentes no mundo da bola, \u00e9 quem representa o Flamengo nas conversas com o Chelsea pela boa entrada que tem no time ingl\u00eas. Consultado recentemente, o empres\u00e1rio brasileiro, apenas disse que &#8220;pode andar&#8221; a negocia\u00e7\u00e3o, sem dar mais detalhes.<\/p>\n\n\n\n<p>O Flamengo, pelo momento financeiro que vive por causa da pandemia, d\u00e1 prioridade a contrata\u00e7\u00f5es por empr\u00e9stimo e sem a necessidade de compensa\u00e7\u00e3o financeira. Exatamente por isso que Thiago Mendes e Kenedy s\u00e3o contrata\u00e7\u00f5es dif\u00edceis de serem concretizadas, mas n\u00e3o imposs\u00edveis.<\/p>\n\n\n\n<p>A insist\u00eancia de Braz e Spindel em Thiago Mendes e Kenedy \u00e9 porque a dupla rubro-negra entende que os dois jogadores est\u00e3o dentro do perfil que a diretoria tra\u00e7ou para refor\u00e7ar o elenco: pe\u00e7as que cheguem para jogar e n\u00e3o apenas compor elenco. H\u00e1 consenso interno de que se for &#8220;contratar por contratar&#8221; \u00e9 melhor apostar nas pe\u00e7as que j\u00e1 est\u00e3o no elenco ou at\u00e9 mesmo na categoria de base.<\/p>\n\n\n\n<p>Os dois representantes do Flamengo na Europa n\u00e3o t\u00eam data para retornar ao Brasil e a meta \u00e9 voltar com, ao menos, um refor\u00e7o na mala. Inclusive, h\u00e1 quem diga nos corredores da G\u00e1vea que &#8220;quando Braz e Spindel resolvem viajar \u00e0 Europa \u00e9 porque n\u00e3o voltar\u00e3o de m\u00e3os abanando&#8221;.<\/p>\n\n\n\n<p>Outro nome em pauta, mas que ainda n\u00e3o negocia\u00e7\u00e3o, apenas contatos iniciais, \u00e9 Rafinha Alc\u00e2ntara, do PSG. Este jogador agrada \u00e0 diretoria do Flamengo, mas depender\u00e1 do sucesso (ou n\u00e3o) das demais contrata\u00e7\u00f5es. O jogador est\u00e1 no radar da dupla rubro-negra na ida \u00e0 Europa.<\/p>\n\n\n\n<p>Com alvos definidos e estrat\u00e9gias tra\u00e7adas, Braz e Spindel come\u00e7ar\u00e3o a semana a todo vapor no Velho Continente. Enquanto que no Brasil, Renato Ga\u00facho iniciar\u00e1 a prepara\u00e7\u00e3o para pegar o ABC na quinta-feira, no Maracan\u00e3, \u00e0s 20h.<\/p>\n\n\n\n<p>Retirado de: O Dia<\/p>\n","protected":false},"excerpt":{"rendered":"<p>Enquanto Renato Ga\u00facho inicia os trabalhos no Flamengo de forma avassaladora, com quatro vit\u00f3rias em quatro jogos, a diretoria busca jogadores para refor\u00e7ar o elenco. Bruno Spindel e Marcos Braz, diretor executivo e vice de futebol, respectivamente, est\u00e3o em Lisboa, em Portugal, cidade que servir\u00e1 de base para a dupla tentar cumprir a miss\u00e3o de [&hellip;]<\/p>\n","protected":false},"author":1,"featured_media":64404,"comment_status":"open","ping_status":"closed","sticky":false,"template":"","format":"standard","meta":{"footnotes":""},"categories":[48],"tags":[],"class_list":["post-64810","post","type-post","status-publish","format-standard","has-post-thumbnail","hentry","category-negociacoes"],"yoast_head":"<!-- This site is optimized with the Yoast SEO Premium plugin v24.2 (Yoast SEO v26.9) - https:\/\/yoast.com\/product\/yoast-seo-premium-wordpress\/ -->\n<title>Na Europa, dirigentes do Flamengo tra\u00e7am estrat\u00e9gia por refor\u00e7os<\/title>\n<meta name=\"robots\" content=\"index, follow, max-snippet:-1, max-image-preview:large, max-video-preview:-1\" \/>\n<link rel=\"canonical\" href=\"https:\/\/www.gaveanews.com\/index.php\/2021\/07\/25\/na-europa-dirigentes-do-flamengo-tracam-estrategia-por-reforcos\/\" \/>\n<meta property=\"og:locale\" content=\"pt_BR\" \/>\n<meta property=\"og:type\" content=\"article\" \/>\n<meta property=\"og:title\" content=\"Na Europa, dirigentes do Flamengo tra\u00e7am estrat\u00e9gia por refor\u00e7os\" \/>\n<meta property=\"og:description\" content=\"Enquanto Renato Ga\u00facho inicia os trabalhos no Flamengo de forma avassaladora, com quatro vit\u00f3rias em quatro jogos, a diretoria busca jogadores para refor\u00e7ar o elenco. Bruno Spindel e Marcos Braz, diretor executivo e vice de futebol, respectivamente, est\u00e3o em Lisboa, em Portugal, cidade que servir\u00e1 de base para a dupla tentar cumprir a miss\u00e3o de [&hellip;]\" \/>\n<meta property=\"og:url\" content=\"https:\/\/www.gaveanews.com\/index.php\/2021\/07\/25\/na-europa-dirigentes-do-flamengo-tracam-estrategia-por-reforcos\/\" \/>\n<meta property=\"og:site_name\" content=\"G\u00e1vea News\" \/>\n<meta property=\"article:publisher\" content=\"https:\/\/facebook.com\/gaveaNews\/\" \/>\n<meta property=\"article:published_time\" content=\"2021-07-26T01:17:12+00:00\" \/>\n<meta property=\"article:modified_time\" content=\"2021-07-26T01:17:27+00:00\" \/>\n<meta property=\"og:image\" content=\"https:\/\/www.gaveanews.com\/wp-content\/uploads\/Bruno-Spindel-em-entrevista-coletiva-no-Ninho-do-Urubu.webp\" \/>\n\t<meta property=\"og:image:width\" content=\"799\" \/>\n\t<meta property=\"og:image:height\" content=\"532\" \/>\n\t<meta property=\"og:image:type\" content=\"image\/jpeg\" \/>\n<meta name=\"author\" content=\"Equipe G\u00e1vea News\" \/>\n<meta name=\"twitter:card\" content=\"summary_large_image\" \/>\n<meta name=\"twitter:label1\" content=\"Escrito por\" \/>\n\t<meta name=\"twitter:data1\" content=\"Equipe G\u00e1vea News\" \/>\n\t<meta name=\"twitter:label2\" content=\"Est. tempo de leitura\" \/>\n\t<meta name=\"twitter:data2\" content=\"3 minutos\" \/>\n<script type=\"application\/ld+json\" class=\"yoast-schema-graph\">{\"@context\":\"https:\/\/schema.org\",\"@graph\":[{\"@type\":\"NewsArticle\",\"@id\":\"https:\/\/www.gaveanews.com\/index.php\/2021\/07\/25\/na-europa-dirigentes-do-flamengo-tracam-estrategia-por-reforcos\/#article\",\"isPartOf\":{\"@id\":\"https:\/\/www.gaveanews.com\/index.php\/2021\/07\/25\/na-europa-dirigentes-do-flamengo-tracam-estrategia-por-reforcos\/\"},\"author\":{\"name\":\"Equipe G\u00e1vea News\",\"@id\":\"https:\/\/www.gaveanews.com\/#\/schema\/person\/2ec14f73fb96be2caf28f91afb14749d\"},\"headline\":\"Na Europa, dirigentes do Flamengo tra\u00e7am estrat\u00e9gia por refor\u00e7os\",\"datePublished\":\"2021-07-26T01:17:12+00:00\",\"dateModified\":\"2021-07-26T01:17:27+00:00\",\"mainEntityOfPage\":{\"@id\":\"https:\/\/www.gaveanews.com\/index.php\/2021\/07\/25\/na-europa-dirigentes-do-flamengo-tracam-estrategia-por-reforcos\/\"},\"wordCount\":744,\"commentCount\":8,\"image\":{\"@id\":\"https:\/\/www.gaveanews.com\/index.php\/2021\/07\/25\/na-europa-dirigentes-do-flamengo-tracam-estrategia-por-reforcos\/#primaryimage\"},\"thumbnailUrl\":\"https:\/\/www.gaveanews.com\/wp-content\/uploads\/Bruno-Spindel-em-entrevista-coletiva-no-Ninho-do-Urubu.webp\",\"articleSection\":[\"Negocia\u00e7\u00f5es\"],\"inLanguage\":\"pt-BR\",\"potentialAction\":[{\"@type\":\"CommentAction\",\"name\":\"Comment\",\"target\":[\"https:\/\/www.gaveanews.com\/index.php\/2021\/07\/25\/na-europa-dirigentes-do-flamengo-tracam-estrategia-por-reforcos\/#respond\"]}],\"copyrightYear\":\"2021\",\"copyrightHolder\":{\"@id\":\"https:\/\/www.gaveanews.com\/#organization\"}},{\"@type\":\"WebPage\",\"@id\":\"https:\/\/www.gaveanews.com\/index.php\/2021\/07\/25\/na-europa-dirigentes-do-flamengo-tracam-estrategia-por-reforcos\/\",\"url\":\"https:\/\/www.gaveanews.com\/index.php\/2021\/07\/25\/na-europa-dirigentes-do-flamengo-tracam-estrategia-por-reforcos\/\",\"name\":\"Na Europa, dirigentes do Flamengo tra\u00e7am estrat\u00e9gia por refor\u00e7os\",\"isPartOf\":{\"@id\":\"https:\/\/www.gaveanews.com\/#website\"},\"primaryImageOfPage\":{\"@id\":\"https:\/\/www.gaveanews.com\/index.php\/2021\/07\/25\/na-europa-dirigentes-do-flamengo-tracam-estrategia-por-reforcos\/#primaryimage\"},\"image\":{\"@id\":\"https:\/\/www.gaveanews.com\/index.php\/2021\/07\/25\/na-europa-dirigentes-do-flamengo-tracam-estrategia-por-reforcos\/#primaryimage\"},\"thumbnailUrl\":\"https:\/\/www.gaveanews.com\/wp-content\/uploads\/Bruno-Spindel-em-entrevista-coletiva-no-Ninho-do-Urubu.webp\",\"datePublished\":\"2021-07-26T01:17:12+00:00\",\"dateModified\":\"2021-07-26T01:17:27+00:00\",\"author\":{\"@id\":\"https:\/\/www.gaveanews.com\/#\/schema\/person\/2ec14f73fb96be2caf28f91afb14749d\"},\"breadcrumb\":{\"@id\":\"https:\/\/www.gaveanews.com\/index.php\/2021\/07\/25\/na-europa-dirigentes-do-flamengo-tracam-estrategia-por-reforcos\/#breadcrumb\"},\"inLanguage\":\"pt-BR\",\"potentialAction\":[{\"@type\":\"ReadAction\",\"target\":[\"https:\/\/www.gaveanews.com\/index.php\/2021\/07\/25\/na-europa-dirigentes-do-flamengo-tracam-estrategia-por-reforcos\/\"]}]},{\"@type\":\"ImageObject\",\"inLanguage\":\"pt-BR\",\"@id\":\"https:\/\/www.gaveanews.com\/index.php\/2021\/07\/25\/na-europa-dirigentes-do-flamengo-tracam-estrategia-por-reforcos\/#primaryimage\",\"url\":\"https:\/\/www.gaveanews.com\/wp-content\/uploads\/Bruno-Spindel-em-entrevista-coletiva-no-Ninho-do-Urubu.webp\",\"contentUrl\":\"https:\/\/www.gaveanews.com\/wp-content\/uploads\/Bruno-Spindel-em-entrevista-coletiva-no-Ninho-do-Urubu.webp\",\"width\":799,\"height\":532,\"caption\":\"Bruno Spindel em entrevista coletiva no Ninho do Urubu (Foto: Alexandre Vidal\/Flamengo)\"},{\"@type\":\"BreadcrumbList\",\"@id\":\"https:\/\/www.gaveanews.com\/index.php\/2021\/07\/25\/na-europa-dirigentes-do-flamengo-tracam-estrategia-por-reforcos\/#breadcrumb\",\"itemListElement\":[{\"@type\":\"ListItem\",\"position\":1,\"name\":\"Home\",\"item\":\"https:\/\/www.gaveanews.com\/\"},{\"@type\":\"ListItem\",\"position\":2,\"name\":\"Na Europa, dirigentes do Flamengo tra\u00e7am estrat\u00e9gia por refor\u00e7os\"}]},{\"@type\":\"WebSite\",\"@id\":\"https:\/\/www.gaveanews.com\/#website\",\"url\":\"https:\/\/www.gaveanews.com\/\",\"name\":\"G\u00e1vea News\",\"description\":\"Veja todas as not\u00edcias sobre o Flamengo: Contrata\u00e7\u00f5es, categorias de base, resultados das partidas, tabela de classifica\u00e7\u00e3o, pr\u00f3ximos jogos!\",\"potentialAction\":[{\"@type\":\"SearchAction\",\"target\":{\"@type\":\"EntryPoint\",\"urlTemplate\":\"https:\/\/www.gaveanews.com\/?s={search_term_string}\"},\"query-input\":{\"@type\":\"PropertyValueSpecification\",\"valueRequired\":true,\"valueName\":\"search_term_string\"}}],\"inLanguage\":\"pt-BR\"},{\"@type\":\"Person\",\"@id\":\"https:\/\/www.gaveanews.com\/#\/schema\/person\/2ec14f73fb96be2caf28f91afb14749d\",\"name\":\"Equipe G\u00e1vea News\",\"image\":{\"@type\":\"ImageObject\",\"inLanguage\":\"pt-BR\",\"@id\":\"https:\/\/www.gaveanews.com\/#\/schema\/person\/image\/\",\"url\":\"https:\/\/secure.gravatar.com\/avatar\/1e1956f1facbffd3f8fa53a326721950116b3b9dc9bd44939c01180fd4a745a9?s=96&d=mm&r=g\",\"contentUrl\":\"https:\/\/secure.gravatar.com\/avatar\/1e1956f1facbffd3f8fa53a326721950116b3b9dc9bd44939c01180fd4a745a9?s=96&d=mm&r=g\",\"caption\":\"Equipe G\u00e1vea News\"}}]}<\/script>\n<!-- \/ Yoast SEO Premium plugin. -->","yoast_head_json":{"title":"Na Europa, dirigentes do Flamengo tra\u00e7am estrat\u00e9gia por refor\u00e7os","robots":{"index":"index","follow":"follow","max-snippet":"max-snippet:-1","max-image-preview":"max-image-preview:large","max-video-preview":"max-video-preview:-1"},"canonical":"https:\/\/www.gaveanews.com\/index.php\/2021\/07\/25\/na-europa-dirigentes-do-flamengo-tracam-estrategia-por-reforcos\/","og_locale":"pt_BR","og_type":"article","og_title":"Na Europa, dirigentes do Flamengo tra\u00e7am estrat\u00e9gia por refor\u00e7os","og_description":"Enquanto Renato Ga\u00facho inicia os trabalhos no Flamengo de forma avassaladora, com quatro vit\u00f3rias em quatro jogos, a diretoria busca jogadores para refor\u00e7ar o elenco. Bruno Spindel e Marcos Braz, diretor executivo e vice de futebol, respectivamente, est\u00e3o em Lisboa, em Portugal, cidade que servir\u00e1 de base para a dupla tentar cumprir a miss\u00e3o de [&hellip;]","og_url":"https:\/\/www.gaveanews.com\/index.php\/2021\/07\/25\/na-europa-dirigentes-do-flamengo-tracam-estrategia-por-reforcos\/","og_site_name":"G\u00e1vea News","article_publisher":"https:\/\/facebook.com\/gaveaNews\/","article_published_time":"2021-07-26T01:17:12+00:00","article_modified_time":"2021-07-26T01:17:27+00:00","og_image":[{"width":799,"height":532,"url":"https:\/\/www.gaveanews.com\/wp-content\/uploads\/Bruno-Spindel-em-entrevista-coletiva-no-Ninho-do-Urubu.webp","type":"image\/jpeg"}],"author":"Equipe G\u00e1vea News","twitter_card":"summary_large_image","twitter_misc":{"Escrito por":"Equipe G\u00e1vea News","Est. tempo de leitura":"3 minutos"},"schema":{"@context":"https:\/\/schema.org","@graph":[{"@type":"NewsArticle","@id":"https:\/\/www.gaveanews.com\/index.php\/2021\/07\/25\/na-europa-dirigentes-do-flamengo-tracam-estrategia-por-reforcos\/#article","isPartOf":{"@id":"https:\/\/www.gaveanews.com\/index.php\/2021\/07\/25\/na-europa-dirigentes-do-flamengo-tracam-estrategia-por-reforcos\/"},"author":{"name":"Equipe G\u00e1vea News","@id":"https:\/\/www.gaveanews.com\/#\/schema\/person\/2ec14f73fb96be2caf28f91afb14749d"},"headline":"Na Europa, dirigentes do Flamengo tra\u00e7am estrat\u00e9gia por refor\u00e7os","datePublished":"2021-07-26T01:17:12+00:00","dateModified":"2021-07-26T01:17:27+00:00","mainEntityOfPage":{"@id":"https:\/\/www.gaveanews.com\/index.php\/2021\/07\/25\/na-europa-dirigentes-do-flamengo-tracam-estrategia-por-reforcos\/"},"wordCount":744,"commentCount":8,"image":{"@id":"https:\/\/www.gaveanews.com\/index.php\/2021\/07\/25\/na-europa-dirigentes-do-flamengo-tracam-estrategia-por-reforcos\/#primaryimage"},"thumbnailUrl":"https:\/\/www.gaveanews.com\/wp-content\/uploads\/Bruno-Spindel-em-entrevista-coletiva-no-Ninho-do-Urubu.webp","articleSection":["Negocia\u00e7\u00f5es"],"inLanguage":"pt-BR","potentialAction":[{"@type":"CommentAction","name":"Comment","target":["https:\/\/www.gaveanews.com\/index.php\/2021\/07\/25\/na-europa-dirigentes-do-flamengo-tracam-estrategia-por-reforcos\/#respond"]}],"copyrightYear":"2021","copyrightHolder":{"@id":"https:\/\/www.gaveanews.com\/#organization"}},{"@type":"WebPage","@id":"https:\/\/www.gaveanews.com\/index.php\/2021\/07\/25\/na-europa-dirigentes-do-flamengo-tracam-estrategia-por-reforcos\/","url":"https:\/\/www.gaveanews.com\/index.php\/2021\/07\/25\/na-europa-dirigentes-do-flamengo-tracam-estrategia-por-reforcos\/","name":"Na Europa, dirigentes do Flamengo tra\u00e7am estrat\u00e9gia por refor\u00e7os","isPartOf":{"@id":"https:\/\/www.gaveanews.com\/#website"},"primaryImageOfPage":{"@id":"https:\/\/www.gaveanews.com\/index.php\/2021\/07\/25\/na-europa-dirigentes-do-flamengo-tracam-estrategia-por-reforcos\/#primaryimage"},"image":{"@id":"https:\/\/www.gaveanews.com\/index.php\/2021\/07\/25\/na-europa-dirigentes-do-flamengo-tracam-estrategia-por-reforcos\/#primaryimage"},"thumbnailUrl":"https:\/\/www.gaveanews.com\/wp-content\/uploads\/Bruno-Spindel-em-entrevista-coletiva-no-Ninho-do-Urubu.webp","datePublished":"2021-07-26T01:17:12+00:00","dateModified":"2021-07-26T01:17:27+00:00","author":{"@id":"https:\/\/www.gaveanews.com\/#\/schema\/person\/2ec14f73fb96be2caf28f91afb14749d"},"breadcrumb":{"@id":"https:\/\/www.gaveanews.com\/index.php\/2021\/07\/25\/na-europa-dirigentes-do-flamengo-tracam-estrategia-por-reforcos\/#breadcrumb"},"inLanguage":"pt-BR","potentialAction":[{"@type":"ReadAction","target":["https:\/\/www.gaveanews.com\/index.php\/2021\/07\/25\/na-europa-dirigentes-do-flamengo-tracam-estrategia-por-reforcos\/"]}]},{"@type":"ImageObject","inLanguage":"pt-BR","@id":"https:\/\/www.gaveanews.com\/index.php\/2021\/07\/25\/na-europa-dirigentes-do-flamengo-tracam-estrategia-por-reforcos\/#primaryimage","url":"https:\/\/www.gaveanews.com\/wp-content\/uploads\/Bruno-Spindel-em-entrevista-coletiva-no-Ninho-do-Urubu.webp","contentUrl":"https:\/\/www.gaveanews.com\/wp-content\/uploads\/Bruno-Spindel-em-entrevista-coletiva-no-Ninho-do-Urubu.webp","width":799,"height":532,"caption":"Bruno Spindel em entrevista coletiva no Ninho do Urubu (Foto: Alexandre Vidal\/Flamengo)"},{"@type":"BreadcrumbList","@id":"https:\/\/www.gaveanews.com\/index.php\/2021\/07\/25\/na-europa-dirigentes-do-flamengo-tracam-estrategia-por-reforcos\/#breadcrumb","itemListElement":[{"@type":"ListItem","position":1,"name":"Home","item":"https:\/\/www.gaveanews.com\/"},{"@type":"ListItem","position":2,"name":"Na Europa, dirigentes do Flamengo tra\u00e7am estrat\u00e9gia por refor\u00e7os"}]},{"@type":"WebSite","@id":"https:\/\/www.gaveanews.com\/#website","url":"https:\/\/www.gaveanews.com\/","name":"G\u00e1vea News","description":"Veja todas as not\u00edcias sobre o Flamengo: Contrata\u00e7\u00f5es, categorias de base, resultados das partidas, tabela de classifica\u00e7\u00e3o, pr\u00f3ximos jogos!","potentialAction":[{"@type":"SearchAction","target":{"@type":"EntryPoint","urlTemplate":"https:\/\/www.gaveanews.com\/?s={search_term_string}"},"query-input":{"@type":"PropertyValueSpecification","valueRequired":true,"valueName":"search_term_string"}}],"inLanguage":"pt-BR"},{"@type":"Person","@id":"https:\/\/www.gaveanews.com\/#\/schema\/person\/2ec14f73fb96be2caf28f91afb14749d","name":"Equipe G\u00e1vea News","image":{"@type":"ImageObject","inLanguage":"pt-BR","@id":"https:\/\/www.gaveanews.com\/#\/schema\/person\/image\/","url":"https:\/\/secure.gravatar.com\/avatar\/1e1956f1facbffd3f8fa53a326721950116b3b9dc9bd44939c01180fd4a745a9?s=96&d=mm&r=g","contentUrl":"https:\/\/secure.gravatar.com\/avatar\/1e1956f1facbffd3f8fa53a326721950116b3b9dc9bd44939c01180fd4a745a9?s=96&d=mm&r=g","caption":"Equipe G\u00e1vea News"}}]}},"_links":{"self":[{"href":"https:\/\/www.gaveanews.com\/index.php\/wp-json\/wp\/v2\/posts\/64810","targetHints":{"allow":["GET"]}}],"collection":[{"href":"https:\/\/www.gaveanews.com\/index.php\/wp-json\/wp\/v2\/posts"}],"about":[{"href":"https:\/\/www.gaveanews.com\/index.php\/wp-json\/wp\/v2\/types\/post"}],"author":[{"embeddable":true,"href":"https:\/\/www.gaveanews.com\/index.php\/wp-json\/wp\/v2\/users\/1"}],"replies":[{"embeddable":true,"href":"https:\/\/www.gaveanews.com\/index.php\/wp-json\/wp\/v2\/comments?post=64810"}],"version-history":[{"count":0,"href":"https:\/\/www.gaveanews.com\/index.php\/wp-json\/wp\/v2\/posts\/64810\/revisions"}],"wp:featuredmedia":[{"embeddable":true,"href":"https:\/\/www.gaveanews.com\/index.php\/wp-json\/wp\/v2\/media\/64404"}],"wp:attachment":[{"href":"https:\/\/www.gaveanews.com\/index.php\/wp-json\/wp\/v2\/media?parent=64810"}],"wp:term":[{"taxonomy":"category","embeddable":true,"href":"https:\/\/www.gaveanews.com\/index.php\/wp-json\/wp\/v2\/categories?post=64810"},{"taxonomy":"post_tag","embeddable":true,"href":"https:\/\/www.gaveanews.com\/index.php\/wp-json\/wp\/v2\/tags?post=64810"}],"curies":[{"name":"wp","href":"https:\/\/api.w.org\/{rel}","templated":true}]}}