{"id":64876,"date":"2021-07-27T07:37:25","date_gmt":"2021-07-27T10:37:25","guid":{"rendered":"https:\/\/www.gaveanews.com\/?p=64876"},"modified":"2021-07-27T07:37:27","modified_gmt":"2021-07-27T10:37:27","slug":"copa-do-brasil-recebe-atencao-especial-de-flamengo-e-renato-gaucho","status":"publish","type":"post","link":"https:\/\/www.gaveanews.com\/index.php\/2021\/07\/27\/copa-do-brasil-recebe-atencao-especial-de-flamengo-e-renato-gaucho\/","title":{"rendered":"Copa do Brasil recebe aten\u00e7\u00e3o especial de Flamengo e Renato Ga\u00facho"},"content":{"rendered":"\n<p>Classificado \u00e0s quartas de final da Libertadores e em boa fase no Campeonato Brasileiro, o Flamengo volta as aten\u00e7\u00f5es para a disputa da Copa do Brasil. Na quinta-feira, a equipe comandada por Renato Ga\u00facho recebe o ABC, no Maracan\u00e3, pelo jogo de ida das oitavas de final. E, se depender do treinador, o time tratar\u00e1 o duelo com a mesma import\u00e2ncia das partidas anteriores.<\/p>\n\n\n\n<p>A postura foi externada por Renato no \u00faltimo domingo, ap\u00f3s a goleada rubro-negra de 5 a 1 sobre o S\u00e3o Paulo, pelo Brasileir\u00e3o. Em coletiva de imprensa, ele afirmou que n\u00e3o colocar\u00e1 o torneio de mata-mata em segundo plano, mesmo diante de um advers\u00e1rio de menor express\u00e3o e em meio a jogos importantes de outras competi\u00e7\u00f5es. Assim como o clube rubro-negro, o t\u00e9cnico tem tr\u00eas t\u00edtulos da Copa do Brasil no curr\u00edculo e est\u00e1 em busca do Tetra.<\/p>\n\n\n\n<p><strong><em>\u2014 Para o grupo que o Flamengo tem, acho que a exig\u00eancia \u00e9 muito grande e todas as competi\u00e7\u00f5es a gente entra pra ganhar. Eu tenho tr\u00eas Copas do Brasil e quero a quarta. Tenho certeza que \u00e9 uma competi\u00e7\u00e3o que grupo, torcida e diretoria querem. Todo mundo quer ganhar. Todas as competi\u00e7\u00f5es s\u00e3o dif\u00edceis, mas, dentro do poss\u00edvel, vamos com a for\u00e7a m\u00e1xima, sim.<\/em><\/strong><\/p>\n\n\n\n<p>O t\u00e9cnico, no entanto, citou o risco de les\u00f5es e n\u00e3o descartou poupar alguns atletas. Na reapresenta\u00e7\u00e3o de segunda-feira, os titulares fizeram trabalho regenerativo na academia e passaram por exames regulares na fisiologia. Com os resultados em m\u00e3os, Renato come\u00e7ar\u00e1 a montar o time no treino desta ter\u00e7a no Ninho do Urubu.<\/p>\n\n\n\n<p><strong><em>\u2014 Sempre espero o departamento m\u00e9dico fazer a revis\u00e3o dos jogadores para decidir. Porque muitas vezes os jogadores saem bem de campo e depois sentem uma les\u00e3o. A princ\u00edpio, sem d\u00favida alguma, quem tiver bem vai jogar. Quando o jogador tiver alguma possibilidade de les\u00e3o, a gente segura, sen\u00e3o vamos jogar com a nossa equipe.<\/em><\/strong><\/p>\n\n\n\n<h2 class=\"wp-block-heading\" id=\"h-grana-envolvida\">Grana envolvida<\/h2>\n\n\n\n<p>Mais do que a exig\u00eancia da torcida e a vontade de Renato, a Copa do Brasil tem seus atrativos pr\u00f3prios. Um deles \u00e9 a generosa premia\u00e7\u00e3o, que pode chegar at\u00e9 R$ 71 milh\u00f5es para o clube campe\u00e3o. A classifica\u00e7\u00e3o sobre o ABC, por exemplo, garantiria R$ 3,45 milh\u00f5es aos cofres rubro-negros.<\/p>\n\n\n\n<p>Outro fator de incentivo \u00e9 simples: ao lado do Mundial de Clubes, a Copa do Brasil \u00e9 o \u00fanico torneio ainda n\u00e3o conquistado pela atual gera\u00e7\u00e3o do Flamengo. Nas duas \u00faltimas participa\u00e7\u00f5es, a equipe foi eliminada nas quartas de final &#8211; para o Athletico-PR em 2019 e para o S\u00e3o Paulo em 2020.<\/p>\n\n\n\n<p>Renato Ga\u00facho ter\u00e1 dois dias de treino com o grupo completo para finalizar a prepara\u00e7\u00e3o para sua estreia na Copa do Brasil no comando do Flamengo. A partida contra o ABC ser\u00e1 na quinta-feira, \u00e0s 20h (de Bras\u00edlia), no Maracan\u00e3, e contar\u00e1 com transmiss\u00e3o em Tempo Real do LANCE!. O jogo de volta das oitavas de final ser\u00e1 na pr\u00f3xima semana, no Rio Grande do Norte.<\/p>\n\n\n\n<p>Retirado de: Lance<\/p>\n","protected":false},"excerpt":{"rendered":"<p>Classificado \u00e0s quartas de final da Libertadores e em boa fase no Campeonato Brasileiro, o Flamengo volta as aten\u00e7\u00f5es para a disputa da Copa do Brasil. Na quinta-feira, a equipe comandada por Renato Ga\u00facho recebe o ABC, no Maracan\u00e3, pelo jogo de ida das oitavas de final. E, se depender do treinador, o time tratar\u00e1 [&hellip;]<\/p>\n","protected":false},"author":1,"featured_media":16297,"comment_status":"open","ping_status":"closed","sticky":false,"template":"","format":"standard","meta":{"footnotes":""},"categories":[1],"tags":[],"class_list":["post-64876","post","type-post","status-publish","format-standard","has-post-thumbnail","hentry","category-flamengo"],"yoast_head":"<!-- This site is optimized with the Yoast SEO Premium plugin v24.2 (Yoast SEO v26.9) - https:\/\/yoast.com\/product\/yoast-seo-premium-wordpress\/ -->\n<title>Copa do Brasil recebe aten\u00e7\u00e3o especial de Flamengo e Renato Ga\u00facho<\/title>\n<meta name=\"robots\" content=\"index, follow, max-snippet:-1, max-image-preview:large, max-video-preview:-1\" \/>\n<link rel=\"canonical\" href=\"https:\/\/www.gaveanews.com\/index.php\/2021\/07\/27\/copa-do-brasil-recebe-atencao-especial-de-flamengo-e-renato-gaucho\/\" \/>\n<meta property=\"og:locale\" content=\"pt_BR\" \/>\n<meta property=\"og:type\" content=\"article\" \/>\n<meta property=\"og:title\" content=\"Copa do Brasil recebe aten\u00e7\u00e3o especial de Flamengo e Renato Ga\u00facho\" \/>\n<meta property=\"og:description\" content=\"Classificado \u00e0s quartas de final da Libertadores e em boa fase no Campeonato Brasileiro, o Flamengo volta as aten\u00e7\u00f5es para a disputa da Copa do Brasil. Na quinta-feira, a equipe comandada por Renato Ga\u00facho recebe o ABC, no Maracan\u00e3, pelo jogo de ida das oitavas de final. E, se depender do treinador, o time tratar\u00e1 [&hellip;]\" \/>\n<meta property=\"og:url\" content=\"https:\/\/www.gaveanews.com\/index.php\/2021\/07\/27\/copa-do-brasil-recebe-atencao-especial-de-flamengo-e-renato-gaucho\/\" \/>\n<meta property=\"og:site_name\" content=\"G\u00e1vea News\" \/>\n<meta property=\"article:publisher\" content=\"https:\/\/facebook.com\/gaveaNews\/\" \/>\n<meta property=\"article:published_time\" content=\"2021-07-27T10:37:25+00:00\" \/>\n<meta property=\"article:modified_time\" content=\"2021-07-27T10:37:27+00:00\" \/>\n<meta property=\"og:image\" content=\"https:\/\/www.gaveanews.com\/wp-content\/uploads\/2019\/03\/Taca-da-Copa-do-Brasil.webp\" \/>\n\t<meta property=\"og:image:width\" content=\"1\" \/>\n\t<meta property=\"og:image:height\" content=\"1\" \/>\n\t<meta property=\"og:image:type\" content=\"image\/jpeg\" \/>\n<meta name=\"author\" content=\"Equipe G\u00e1vea News\" \/>\n<meta name=\"twitter:card\" content=\"summary_large_image\" \/>\n<meta name=\"twitter:label1\" content=\"Escrito por\" \/>\n\t<meta name=\"twitter:data1\" content=\"Equipe G\u00e1vea News\" \/>\n\t<meta name=\"twitter:label2\" content=\"Est. tempo de leitura\" \/>\n\t<meta name=\"twitter:data2\" content=\"3 minutos\" \/>\n<script type=\"application\/ld+json\" class=\"yoast-schema-graph\">{\"@context\":\"https:\/\/schema.org\",\"@graph\":[{\"@type\":\"NewsArticle\",\"@id\":\"https:\/\/www.gaveanews.com\/index.php\/2021\/07\/27\/copa-do-brasil-recebe-atencao-especial-de-flamengo-e-renato-gaucho\/#article\",\"isPartOf\":{\"@id\":\"https:\/\/www.gaveanews.com\/index.php\/2021\/07\/27\/copa-do-brasil-recebe-atencao-especial-de-flamengo-e-renato-gaucho\/\"},\"author\":{\"name\":\"Equipe G\u00e1vea News\",\"@id\":\"https:\/\/www.gaveanews.com\/#\/schema\/person\/2ec14f73fb96be2caf28f91afb14749d\"},\"headline\":\"Copa do Brasil recebe aten\u00e7\u00e3o especial de Flamengo e Renato Ga\u00facho\",\"datePublished\":\"2021-07-27T10:37:25+00:00\",\"dateModified\":\"2021-07-27T10:37:27+00:00\",\"mainEntityOfPage\":{\"@id\":\"https:\/\/www.gaveanews.com\/index.php\/2021\/07\/27\/copa-do-brasil-recebe-atencao-especial-de-flamengo-e-renato-gaucho\/\"},\"wordCount\":543,\"commentCount\":5,\"image\":{\"@id\":\"https:\/\/www.gaveanews.com\/index.php\/2021\/07\/27\/copa-do-brasil-recebe-atencao-especial-de-flamengo-e-renato-gaucho\/#primaryimage\"},\"thumbnailUrl\":\"https:\/\/www.gaveanews.com\/wp-content\/uploads\/2019\/03\/Taca-da-Copa-do-Brasil.webp\",\"articleSection\":[\"Flamengo\"],\"inLanguage\":\"pt-BR\",\"potentialAction\":[{\"@type\":\"CommentAction\",\"name\":\"Comment\",\"target\":[\"https:\/\/www.gaveanews.com\/index.php\/2021\/07\/27\/copa-do-brasil-recebe-atencao-especial-de-flamengo-e-renato-gaucho\/#respond\"]}],\"copyrightYear\":\"2021\",\"copyrightHolder\":{\"@id\":\"https:\/\/www.gaveanews.com\/#organization\"}},{\"@type\":\"WebPage\",\"@id\":\"https:\/\/www.gaveanews.com\/index.php\/2021\/07\/27\/copa-do-brasil-recebe-atencao-especial-de-flamengo-e-renato-gaucho\/\",\"url\":\"https:\/\/www.gaveanews.com\/index.php\/2021\/07\/27\/copa-do-brasil-recebe-atencao-especial-de-flamengo-e-renato-gaucho\/\",\"name\":\"Copa do Brasil recebe aten\u00e7\u00e3o especial de Flamengo e Renato Ga\u00facho\",\"isPartOf\":{\"@id\":\"https:\/\/www.gaveanews.com\/#website\"},\"primaryImageOfPage\":{\"@id\":\"https:\/\/www.gaveanews.com\/index.php\/2021\/07\/27\/copa-do-brasil-recebe-atencao-especial-de-flamengo-e-renato-gaucho\/#primaryimage\"},\"image\":{\"@id\":\"https:\/\/www.gaveanews.com\/index.php\/2021\/07\/27\/copa-do-brasil-recebe-atencao-especial-de-flamengo-e-renato-gaucho\/#primaryimage\"},\"thumbnailUrl\":\"https:\/\/www.gaveanews.com\/wp-content\/uploads\/2019\/03\/Taca-da-Copa-do-Brasil.webp\",\"datePublished\":\"2021-07-27T10:37:25+00:00\",\"dateModified\":\"2021-07-27T10:37:27+00:00\",\"author\":{\"@id\":\"https:\/\/www.gaveanews.com\/#\/schema\/person\/2ec14f73fb96be2caf28f91afb14749d\"},\"breadcrumb\":{\"@id\":\"https:\/\/www.gaveanews.com\/index.php\/2021\/07\/27\/copa-do-brasil-recebe-atencao-especial-de-flamengo-e-renato-gaucho\/#breadcrumb\"},\"inLanguage\":\"pt-BR\",\"potentialAction\":[{\"@type\":\"ReadAction\",\"target\":[\"https:\/\/www.gaveanews.com\/index.php\/2021\/07\/27\/copa-do-brasil-recebe-atencao-especial-de-flamengo-e-renato-gaucho\/\"]}]},{\"@type\":\"ImageObject\",\"inLanguage\":\"pt-BR\",\"@id\":\"https:\/\/www.gaveanews.com\/index.php\/2021\/07\/27\/copa-do-brasil-recebe-atencao-especial-de-flamengo-e-renato-gaucho\/#primaryimage\",\"url\":\"https:\/\/www.gaveanews.com\/wp-content\/uploads\/2019\/03\/Taca-da-Copa-do-Brasil.webp\",\"contentUrl\":\"https:\/\/www.gaveanews.com\/wp-content\/uploads\/2019\/03\/Taca-da-Copa-do-Brasil.webp\",\"width\":900,\"height\":506,\"caption\":\"Ta\u00e7a da Copa do Brasil (Foto: Tayrane Corr\u00eaa)\"},{\"@type\":\"BreadcrumbList\",\"@id\":\"https:\/\/www.gaveanews.com\/index.php\/2021\/07\/27\/copa-do-brasil-recebe-atencao-especial-de-flamengo-e-renato-gaucho\/#breadcrumb\",\"itemListElement\":[{\"@type\":\"ListItem\",\"position\":1,\"name\":\"Home\",\"item\":\"https:\/\/www.gaveanews.com\/\"},{\"@type\":\"ListItem\",\"position\":2,\"name\":\"Copa do Brasil recebe aten\u00e7\u00e3o especial de Flamengo e Renato Ga\u00facho\"}]},{\"@type\":\"WebSite\",\"@id\":\"https:\/\/www.gaveanews.com\/#website\",\"url\":\"https:\/\/www.gaveanews.com\/\",\"name\":\"G\u00e1vea News\",\"description\":\"Veja todas as not\u00edcias sobre o Flamengo: Contrata\u00e7\u00f5es, categorias de base, resultados das partidas, tabela de classifica\u00e7\u00e3o, pr\u00f3ximos jogos!\",\"potentialAction\":[{\"@type\":\"SearchAction\",\"target\":{\"@type\":\"EntryPoint\",\"urlTemplate\":\"https:\/\/www.gaveanews.com\/?s={search_term_string}\"},\"query-input\":{\"@type\":\"PropertyValueSpecification\",\"valueRequired\":true,\"valueName\":\"search_term_string\"}}],\"inLanguage\":\"pt-BR\"},{\"@type\":\"Person\",\"@id\":\"https:\/\/www.gaveanews.com\/#\/schema\/person\/2ec14f73fb96be2caf28f91afb14749d\",\"name\":\"Equipe G\u00e1vea News\",\"image\":{\"@type\":\"ImageObject\",\"inLanguage\":\"pt-BR\",\"@id\":\"https:\/\/www.gaveanews.com\/#\/schema\/person\/image\/\",\"url\":\"https:\/\/secure.gravatar.com\/avatar\/1e1956f1facbffd3f8fa53a326721950116b3b9dc9bd44939c01180fd4a745a9?s=96&d=mm&r=g\",\"contentUrl\":\"https:\/\/secure.gravatar.com\/avatar\/1e1956f1facbffd3f8fa53a326721950116b3b9dc9bd44939c01180fd4a745a9?s=96&d=mm&r=g\",\"caption\":\"Equipe G\u00e1vea News\"}}]}<\/script>\n<!-- \/ Yoast SEO Premium plugin. -->","yoast_head_json":{"title":"Copa do Brasil recebe aten\u00e7\u00e3o especial de Flamengo e Renato Ga\u00facho","robots":{"index":"index","follow":"follow","max-snippet":"max-snippet:-1","max-image-preview":"max-image-preview:large","max-video-preview":"max-video-preview:-1"},"canonical":"https:\/\/www.gaveanews.com\/index.php\/2021\/07\/27\/copa-do-brasil-recebe-atencao-especial-de-flamengo-e-renato-gaucho\/","og_locale":"pt_BR","og_type":"article","og_title":"Copa do Brasil recebe aten\u00e7\u00e3o especial de Flamengo e Renato Ga\u00facho","og_description":"Classificado \u00e0s quartas de final da Libertadores e em boa fase no Campeonato Brasileiro, o Flamengo volta as aten\u00e7\u00f5es para a disputa da Copa do Brasil. Na quinta-feira, a equipe comandada por Renato Ga\u00facho recebe o ABC, no Maracan\u00e3, pelo jogo de ida das oitavas de final. E, se depender do treinador, o time tratar\u00e1 [&hellip;]","og_url":"https:\/\/www.gaveanews.com\/index.php\/2021\/07\/27\/copa-do-brasil-recebe-atencao-especial-de-flamengo-e-renato-gaucho\/","og_site_name":"G\u00e1vea News","article_publisher":"https:\/\/facebook.com\/gaveaNews\/","article_published_time":"2021-07-27T10:37:25+00:00","article_modified_time":"2021-07-27T10:37:27+00:00","og_image":[{"url":"https:\/\/www.gaveanews.com\/wp-content\/uploads\/2019\/03\/Taca-da-Copa-do-Brasil.webp","width":1,"height":1,"type":"image\/jpeg"}],"author":"Equipe G\u00e1vea News","twitter_card":"summary_large_image","twitter_misc":{"Escrito por":"Equipe G\u00e1vea News","Est. tempo de leitura":"3 minutos"},"schema":{"@context":"https:\/\/schema.org","@graph":[{"@type":"NewsArticle","@id":"https:\/\/www.gaveanews.com\/index.php\/2021\/07\/27\/copa-do-brasil-recebe-atencao-especial-de-flamengo-e-renato-gaucho\/#article","isPartOf":{"@id":"https:\/\/www.gaveanews.com\/index.php\/2021\/07\/27\/copa-do-brasil-recebe-atencao-especial-de-flamengo-e-renato-gaucho\/"},"author":{"name":"Equipe G\u00e1vea News","@id":"https:\/\/www.gaveanews.com\/#\/schema\/person\/2ec14f73fb96be2caf28f91afb14749d"},"headline":"Copa do Brasil recebe aten\u00e7\u00e3o especial de Flamengo e Renato Ga\u00facho","datePublished":"2021-07-27T10:37:25+00:00","dateModified":"2021-07-27T10:37:27+00:00","mainEntityOfPage":{"@id":"https:\/\/www.gaveanews.com\/index.php\/2021\/07\/27\/copa-do-brasil-recebe-atencao-especial-de-flamengo-e-renato-gaucho\/"},"wordCount":543,"commentCount":5,"image":{"@id":"https:\/\/www.gaveanews.com\/index.php\/2021\/07\/27\/copa-do-brasil-recebe-atencao-especial-de-flamengo-e-renato-gaucho\/#primaryimage"},"thumbnailUrl":"https:\/\/www.gaveanews.com\/wp-content\/uploads\/2019\/03\/Taca-da-Copa-do-Brasil.webp","articleSection":["Flamengo"],"inLanguage":"pt-BR","potentialAction":[{"@type":"CommentAction","name":"Comment","target":["https:\/\/www.gaveanews.com\/index.php\/2021\/07\/27\/copa-do-brasil-recebe-atencao-especial-de-flamengo-e-renato-gaucho\/#respond"]}],"copyrightYear":"2021","copyrightHolder":{"@id":"https:\/\/www.gaveanews.com\/#organization"}},{"@type":"WebPage","@id":"https:\/\/www.gaveanews.com\/index.php\/2021\/07\/27\/copa-do-brasil-recebe-atencao-especial-de-flamengo-e-renato-gaucho\/","url":"https:\/\/www.gaveanews.com\/index.php\/2021\/07\/27\/copa-do-brasil-recebe-atencao-especial-de-flamengo-e-renato-gaucho\/","name":"Copa do Brasil recebe aten\u00e7\u00e3o especial de Flamengo e Renato Ga\u00facho","isPartOf":{"@id":"https:\/\/www.gaveanews.com\/#website"},"primaryImageOfPage":{"@id":"https:\/\/www.gaveanews.com\/index.php\/2021\/07\/27\/copa-do-brasil-recebe-atencao-especial-de-flamengo-e-renato-gaucho\/#primaryimage"},"image":{"@id":"https:\/\/www.gaveanews.com\/index.php\/2021\/07\/27\/copa-do-brasil-recebe-atencao-especial-de-flamengo-e-renato-gaucho\/#primaryimage"},"thumbnailUrl":"https:\/\/www.gaveanews.com\/wp-content\/uploads\/2019\/03\/Taca-da-Copa-do-Brasil.webp","datePublished":"2021-07-27T10:37:25+00:00","dateModified":"2021-07-27T10:37:27+00:00","author":{"@id":"https:\/\/www.gaveanews.com\/#\/schema\/person\/2ec14f73fb96be2caf28f91afb14749d"},"breadcrumb":{"@id":"https:\/\/www.gaveanews.com\/index.php\/2021\/07\/27\/copa-do-brasil-recebe-atencao-especial-de-flamengo-e-renato-gaucho\/#breadcrumb"},"inLanguage":"pt-BR","potentialAction":[{"@type":"ReadAction","target":["https:\/\/www.gaveanews.com\/index.php\/2021\/07\/27\/copa-do-brasil-recebe-atencao-especial-de-flamengo-e-renato-gaucho\/"]}]},{"@type":"ImageObject","inLanguage":"pt-BR","@id":"https:\/\/www.gaveanews.com\/index.php\/2021\/07\/27\/copa-do-brasil-recebe-atencao-especial-de-flamengo-e-renato-gaucho\/#primaryimage","url":"https:\/\/www.gaveanews.com\/wp-content\/uploads\/2019\/03\/Taca-da-Copa-do-Brasil.webp","contentUrl":"https:\/\/www.gaveanews.com\/wp-content\/uploads\/2019\/03\/Taca-da-Copa-do-Brasil.webp","width":900,"height":506,"caption":"Ta\u00e7a da Copa do Brasil (Foto: Tayrane Corr\u00eaa)"},{"@type":"BreadcrumbList","@id":"https:\/\/www.gaveanews.com\/index.php\/2021\/07\/27\/copa-do-brasil-recebe-atencao-especial-de-flamengo-e-renato-gaucho\/#breadcrumb","itemListElement":[{"@type":"ListItem","position":1,"name":"Home","item":"https:\/\/www.gaveanews.com\/"},{"@type":"ListItem","position":2,"name":"Copa do Brasil recebe aten\u00e7\u00e3o especial de Flamengo e Renato Ga\u00facho"}]},{"@type":"WebSite","@id":"https:\/\/www.gaveanews.com\/#website","url":"https:\/\/www.gaveanews.com\/","name":"G\u00e1vea News","description":"Veja todas as not\u00edcias sobre o Flamengo: Contrata\u00e7\u00f5es, categorias de base, resultados das partidas, tabela de classifica\u00e7\u00e3o, pr\u00f3ximos jogos!","potentialAction":[{"@type":"SearchAction","target":{"@type":"EntryPoint","urlTemplate":"https:\/\/www.gaveanews.com\/?s={search_term_string}"},"query-input":{"@type":"PropertyValueSpecification","valueRequired":true,"valueName":"search_term_string"}}],"inLanguage":"pt-BR"},{"@type":"Person","@id":"https:\/\/www.gaveanews.com\/#\/schema\/person\/2ec14f73fb96be2caf28f91afb14749d","name":"Equipe G\u00e1vea News","image":{"@type":"ImageObject","inLanguage":"pt-BR","@id":"https:\/\/www.gaveanews.com\/#\/schema\/person\/image\/","url":"https:\/\/secure.gravatar.com\/avatar\/1e1956f1facbffd3f8fa53a326721950116b3b9dc9bd44939c01180fd4a745a9?s=96&d=mm&r=g","contentUrl":"https:\/\/secure.gravatar.com\/avatar\/1e1956f1facbffd3f8fa53a326721950116b3b9dc9bd44939c01180fd4a745a9?s=96&d=mm&r=g","caption":"Equipe G\u00e1vea News"}}]}},"_links":{"self":[{"href":"https:\/\/www.gaveanews.com\/index.php\/wp-json\/wp\/v2\/posts\/64876","targetHints":{"allow":["GET"]}}],"collection":[{"href":"https:\/\/www.gaveanews.com\/index.php\/wp-json\/wp\/v2\/posts"}],"about":[{"href":"https:\/\/www.gaveanews.com\/index.php\/wp-json\/wp\/v2\/types\/post"}],"author":[{"embeddable":true,"href":"https:\/\/www.gaveanews.com\/index.php\/wp-json\/wp\/v2\/users\/1"}],"replies":[{"embeddable":true,"href":"https:\/\/www.gaveanews.com\/index.php\/wp-json\/wp\/v2\/comments?post=64876"}],"version-history":[{"count":0,"href":"https:\/\/www.gaveanews.com\/index.php\/wp-json\/wp\/v2\/posts\/64876\/revisions"}],"wp:featuredmedia":[{"embeddable":true,"href":"https:\/\/www.gaveanews.com\/index.php\/wp-json\/wp\/v2\/media\/16297"}],"wp:attachment":[{"href":"https:\/\/www.gaveanews.com\/index.php\/wp-json\/wp\/v2\/media?parent=64876"}],"wp:term":[{"taxonomy":"category","embeddable":true,"href":"https:\/\/www.gaveanews.com\/index.php\/wp-json\/wp\/v2\/categories?post=64876"},{"taxonomy":"post_tag","embeddable":true,"href":"https:\/\/www.gaveanews.com\/index.php\/wp-json\/wp\/v2\/tags?post=64876"}],"curies":[{"name":"wp","href":"https:\/\/api.w.org\/{rel}","templated":true}]}}