{"id":64926,"date":"2021-07-28T08:16:29","date_gmt":"2021-07-28T11:16:29","guid":{"rendered":"https:\/\/www.gaveanews.com\/?p=64926"},"modified":"2021-07-28T08:16:32","modified_gmt":"2021-07-28T11:16:32","slug":"flamengo-decide-ir-ate-o-fim-por-kenedy-e-thiago-mendes","status":"publish","type":"post","link":"https:\/\/www.gaveanews.com\/index.php\/2021\/07\/28\/flamengo-decide-ir-ate-o-fim-por-kenedy-e-thiago-mendes\/","title":{"rendered":"Flamengo decide ir at\u00e9 o fim por Kenedy e Thiago Mendes"},"content":{"rendered":"\n<p>Em pleno &#8220;mochil\u00e3o&#8221; pela Europa, o vice-presidente de futebol e o diretor Bruno Spindel t\u00eam claros e definidos os alvos do Flamengo no mercado da bola: o atacante Kenedy e o volante Thiago Mendes. A compreens\u00e3o no clube \u00e9 que os dois se adequariam ao perfil do elenco e seriam investimentos mais fact\u00edveis.<\/p>\n\n\n\n<p>As negocia\u00e7\u00f5es caminham lentamente, e o Fla entende ter conseguido convencer Chelsea (FRA) e Lyon (FRA) de que o empr\u00e9stimo dos jogadores para o Rubro-Negro \u00e9 o melhor caminho sob o ponto de vista esportivo. Ainda que debatam outros nomes, Braz e Spindel est\u00e3o decididos a esgotar todas as possibilidades pela dupla.<\/p>\n\n\n\n<p>A op\u00e7\u00e3o futura de compra, no entanto, ainda \u00e9 um entrave moment\u00e2neo, j\u00e1 que ingleses e franceses preferem faturar com uma oferta que garanta dinheiro no ato.<\/p>\n\n\n\n<p>As negocia\u00e7\u00f5es pelos jogadores t\u00eam a seguinte similaridade: os europeus querem lucrar com vendas, mas o Fla n\u00e3o vai abrir m\u00e3o da estrat\u00e9gia de tentar os empr\u00e9stimos sem custos.<\/p>\n\n\n\n<p>Em Lisboa, a dupla rubro-negra se alterna em reuni\u00f5es com agentes dos jogadores e emiss\u00e1rios dos dois clubes, e sabe que as transa\u00e7\u00f5es demandam paci\u00eancia e jogo de cintura.<\/p>\n\n\n\n<p>Hoje (28), novas conversas v\u00e3o acontecer e n\u00e3o h\u00e1 um prazo estipulado para que as contrata\u00e7\u00f5es sejam efetuadas. De olho na abertura da janela (1\u00ba de julho), o Fla joga com o tempo a seu favor para levar a melhor no final.<\/p>\n\n\n\n<p>At\u00e9 que as duas situa\u00e7\u00f5es n\u00e3o sejam totalmente definidas, o Flamengo n\u00e3o vai abrir outras frentes. Nomes como Rafinha Alc\u00e2ntara, por exemplo, est\u00e3o no radar dos cariocas, mas uma negocia\u00e7\u00e3o com ele \u00e9 considerada para l\u00e1 de improv\u00e1vel pela c\u00fapula de futebol.<\/p>\n\n\n\n<p>Os dirigentes buscam refor\u00e7os no continente europeu, mas o elenco segue firme e forte de olho na Copa do Brasil. Amanh\u00e3 (29), o time recebe a visita do ABC, \u00e0s 20h, no Maracan\u00e3, pelas oitavas de final da competi\u00e7\u00e3o.<\/p>\n\n\n\n<p>Na v\u00e9spera do duelo, o t\u00e9cnico Renato Ga\u00facho comanda a \u00faltima atividade no Ninho do Urubu e define se ir\u00e1 poupar jogadores para o confronto contra os potiguares.<\/p>\n\n\n\n<p>Retirado de: UOL<\/p>\n","protected":false},"excerpt":{"rendered":"<p>Em pleno &#8220;mochil\u00e3o&#8221; pela Europa, o vice-presidente de futebol e o diretor Bruno Spindel t\u00eam claros e definidos os alvos do Flamengo no mercado da bola: o atacante Kenedy e o volante Thiago Mendes. A compreens\u00e3o no clube \u00e9 que os dois se adequariam ao perfil do elenco e seriam investimentos mais fact\u00edveis. As negocia\u00e7\u00f5es [&hellip;]<\/p>\n","protected":false},"author":1,"featured_media":62334,"comment_status":"open","ping_status":"closed","sticky":false,"template":"","format":"standard","meta":{"footnotes":""},"categories":[48],"tags":[],"class_list":["post-64926","post","type-post","status-publish","format-standard","has-post-thumbnail","hentry","category-negociacoes"],"yoast_head":"<!-- This site is optimized with the Yoast SEO Premium plugin v24.2 (Yoast SEO v26.9) - https:\/\/yoast.com\/product\/yoast-seo-premium-wordpress\/ -->\n<title>Flamengo decide ir at\u00e9 o fim por Kenedy e Thiago Mendes<\/title>\n<meta name=\"robots\" content=\"index, follow, max-snippet:-1, max-image-preview:large, max-video-preview:-1\" \/>\n<link rel=\"canonical\" href=\"https:\/\/www.gaveanews.com\/index.php\/2021\/07\/28\/flamengo-decide-ir-ate-o-fim-por-kenedy-e-thiago-mendes\/\" \/>\n<meta property=\"og:locale\" content=\"pt_BR\" \/>\n<meta property=\"og:type\" content=\"article\" \/>\n<meta property=\"og:title\" content=\"Flamengo decide ir at\u00e9 o fim por Kenedy e Thiago Mendes\" \/>\n<meta property=\"og:description\" content=\"Em pleno &#8220;mochil\u00e3o&#8221; pela Europa, o vice-presidente de futebol e o diretor Bruno Spindel t\u00eam claros e definidos os alvos do Flamengo no mercado da bola: o atacante Kenedy e o volante Thiago Mendes. A compreens\u00e3o no clube \u00e9 que os dois se adequariam ao perfil do elenco e seriam investimentos mais fact\u00edveis. As negocia\u00e7\u00f5es [&hellip;]\" \/>\n<meta property=\"og:url\" content=\"https:\/\/www.gaveanews.com\/index.php\/2021\/07\/28\/flamengo-decide-ir-ate-o-fim-por-kenedy-e-thiago-mendes\/\" \/>\n<meta property=\"og:site_name\" content=\"G\u00e1vea News\" \/>\n<meta property=\"article:publisher\" content=\"https:\/\/facebook.com\/gaveaNews\/\" \/>\n<meta property=\"article:published_time\" content=\"2021-07-28T11:16:29+00:00\" \/>\n<meta property=\"article:modified_time\" content=\"2021-07-28T11:16:32+00:00\" \/>\n<meta property=\"og:image\" content=\"https:\/\/www.gaveanews.com\/wp-content\/uploads\/Kenedy-em-treinamento.webp\" \/>\n\t<meta property=\"og:image:width\" content=\"640\" \/>\n\t<meta property=\"og:image:height\" content=\"640\" \/>\n\t<meta property=\"og:image:type\" content=\"image\/jpeg\" \/>\n<meta name=\"author\" content=\"Equipe G\u00e1vea News\" \/>\n<meta name=\"twitter:card\" content=\"summary_large_image\" \/>\n<meta name=\"twitter:label1\" content=\"Escrito por\" \/>\n\t<meta name=\"twitter:data1\" content=\"Equipe G\u00e1vea News\" \/>\n\t<meta name=\"twitter:label2\" content=\"Est. tempo de leitura\" \/>\n\t<meta name=\"twitter:data2\" content=\"2 minutos\" \/>\n<script type=\"application\/ld+json\" class=\"yoast-schema-graph\">{\"@context\":\"https:\/\/schema.org\",\"@graph\":[{\"@type\":\"NewsArticle\",\"@id\":\"https:\/\/www.gaveanews.com\/index.php\/2021\/07\/28\/flamengo-decide-ir-ate-o-fim-por-kenedy-e-thiago-mendes\/#article\",\"isPartOf\":{\"@id\":\"https:\/\/www.gaveanews.com\/index.php\/2021\/07\/28\/flamengo-decide-ir-ate-o-fim-por-kenedy-e-thiago-mendes\/\"},\"author\":{\"name\":\"Equipe G\u00e1vea News\",\"@id\":\"https:\/\/www.gaveanews.com\/#\/schema\/person\/2ec14f73fb96be2caf28f91afb14749d\"},\"headline\":\"Flamengo decide ir at\u00e9 o fim por Kenedy e Thiago Mendes\",\"datePublished\":\"2021-07-28T11:16:29+00:00\",\"dateModified\":\"2021-07-28T11:16:32+00:00\",\"mainEntityOfPage\":{\"@id\":\"https:\/\/www.gaveanews.com\/index.php\/2021\/07\/28\/flamengo-decide-ir-ate-o-fim-por-kenedy-e-thiago-mendes\/\"},\"wordCount\":383,\"commentCount\":2,\"image\":{\"@id\":\"https:\/\/www.gaveanews.com\/index.php\/2021\/07\/28\/flamengo-decide-ir-ate-o-fim-por-kenedy-e-thiago-mendes\/#primaryimage\"},\"thumbnailUrl\":\"https:\/\/www.gaveanews.com\/wp-content\/uploads\/Kenedy-em-treinamento.webp\",\"articleSection\":[\"Negocia\u00e7\u00f5es\"],\"inLanguage\":\"pt-BR\",\"potentialAction\":[{\"@type\":\"CommentAction\",\"name\":\"Comment\",\"target\":[\"https:\/\/www.gaveanews.com\/index.php\/2021\/07\/28\/flamengo-decide-ir-ate-o-fim-por-kenedy-e-thiago-mendes\/#respond\"]}],\"copyrightYear\":\"2021\",\"copyrightHolder\":{\"@id\":\"https:\/\/www.gaveanews.com\/#organization\"}},{\"@type\":\"WebPage\",\"@id\":\"https:\/\/www.gaveanews.com\/index.php\/2021\/07\/28\/flamengo-decide-ir-ate-o-fim-por-kenedy-e-thiago-mendes\/\",\"url\":\"https:\/\/www.gaveanews.com\/index.php\/2021\/07\/28\/flamengo-decide-ir-ate-o-fim-por-kenedy-e-thiago-mendes\/\",\"name\":\"Flamengo decide ir at\u00e9 o fim por Kenedy e Thiago Mendes\",\"isPartOf\":{\"@id\":\"https:\/\/www.gaveanews.com\/#website\"},\"primaryImageOfPage\":{\"@id\":\"https:\/\/www.gaveanews.com\/index.php\/2021\/07\/28\/flamengo-decide-ir-ate-o-fim-por-kenedy-e-thiago-mendes\/#primaryimage\"},\"image\":{\"@id\":\"https:\/\/www.gaveanews.com\/index.php\/2021\/07\/28\/flamengo-decide-ir-ate-o-fim-por-kenedy-e-thiago-mendes\/#primaryimage\"},\"thumbnailUrl\":\"https:\/\/www.gaveanews.com\/wp-content\/uploads\/Kenedy-em-treinamento.webp\",\"datePublished\":\"2021-07-28T11:16:29+00:00\",\"dateModified\":\"2021-07-28T11:16:32+00:00\",\"author\":{\"@id\":\"https:\/\/www.gaveanews.com\/#\/schema\/person\/2ec14f73fb96be2caf28f91afb14749d\"},\"breadcrumb\":{\"@id\":\"https:\/\/www.gaveanews.com\/index.php\/2021\/07\/28\/flamengo-decide-ir-ate-o-fim-por-kenedy-e-thiago-mendes\/#breadcrumb\"},\"inLanguage\":\"pt-BR\",\"potentialAction\":[{\"@type\":\"ReadAction\",\"target\":[\"https:\/\/www.gaveanews.com\/index.php\/2021\/07\/28\/flamengo-decide-ir-ate-o-fim-por-kenedy-e-thiago-mendes\/\"]}]},{\"@type\":\"ImageObject\",\"inLanguage\":\"pt-BR\",\"@id\":\"https:\/\/www.gaveanews.com\/index.php\/2021\/07\/28\/flamengo-decide-ir-ate-o-fim-por-kenedy-e-thiago-mendes\/#primaryimage\",\"url\":\"https:\/\/www.gaveanews.com\/wp-content\/uploads\/Kenedy-em-treinamento.webp\",\"contentUrl\":\"https:\/\/www.gaveanews.com\/wp-content\/uploads\/Kenedy-em-treinamento.webp\",\"width\":640,\"height\":640,\"caption\":\"Kenedy em treinamento (Foto: Divulga\u00e7\u00e3o\/Granada FC)\"},{\"@type\":\"BreadcrumbList\",\"@id\":\"https:\/\/www.gaveanews.com\/index.php\/2021\/07\/28\/flamengo-decide-ir-ate-o-fim-por-kenedy-e-thiago-mendes\/#breadcrumb\",\"itemListElement\":[{\"@type\":\"ListItem\",\"position\":1,\"name\":\"Home\",\"item\":\"https:\/\/www.gaveanews.com\/\"},{\"@type\":\"ListItem\",\"position\":2,\"name\":\"Flamengo decide ir at\u00e9 o fim por Kenedy e Thiago Mendes\"}]},{\"@type\":\"WebSite\",\"@id\":\"https:\/\/www.gaveanews.com\/#website\",\"url\":\"https:\/\/www.gaveanews.com\/\",\"name\":\"G\u00e1vea News\",\"description\":\"Veja todas as not\u00edcias sobre o Flamengo: Contrata\u00e7\u00f5es, categorias de base, resultados das partidas, tabela de classifica\u00e7\u00e3o, pr\u00f3ximos jogos!\",\"potentialAction\":[{\"@type\":\"SearchAction\",\"target\":{\"@type\":\"EntryPoint\",\"urlTemplate\":\"https:\/\/www.gaveanews.com\/?s={search_term_string}\"},\"query-input\":{\"@type\":\"PropertyValueSpecification\",\"valueRequired\":true,\"valueName\":\"search_term_string\"}}],\"inLanguage\":\"pt-BR\"},{\"@type\":\"Person\",\"@id\":\"https:\/\/www.gaveanews.com\/#\/schema\/person\/2ec14f73fb96be2caf28f91afb14749d\",\"name\":\"Equipe G\u00e1vea News\",\"image\":{\"@type\":\"ImageObject\",\"inLanguage\":\"pt-BR\",\"@id\":\"https:\/\/www.gaveanews.com\/#\/schema\/person\/image\/\",\"url\":\"https:\/\/secure.gravatar.com\/avatar\/1e1956f1facbffd3f8fa53a326721950116b3b9dc9bd44939c01180fd4a745a9?s=96&d=mm&r=g\",\"contentUrl\":\"https:\/\/secure.gravatar.com\/avatar\/1e1956f1facbffd3f8fa53a326721950116b3b9dc9bd44939c01180fd4a745a9?s=96&d=mm&r=g\",\"caption\":\"Equipe G\u00e1vea News\"}}]}<\/script>\n<!-- \/ Yoast SEO Premium plugin. -->","yoast_head_json":{"title":"Flamengo decide ir at\u00e9 o fim por Kenedy e Thiago Mendes","robots":{"index":"index","follow":"follow","max-snippet":"max-snippet:-1","max-image-preview":"max-image-preview:large","max-video-preview":"max-video-preview:-1"},"canonical":"https:\/\/www.gaveanews.com\/index.php\/2021\/07\/28\/flamengo-decide-ir-ate-o-fim-por-kenedy-e-thiago-mendes\/","og_locale":"pt_BR","og_type":"article","og_title":"Flamengo decide ir at\u00e9 o fim por Kenedy e Thiago Mendes","og_description":"Em pleno &#8220;mochil\u00e3o&#8221; pela Europa, o vice-presidente de futebol e o diretor Bruno Spindel t\u00eam claros e definidos os alvos do Flamengo no mercado da bola: o atacante Kenedy e o volante Thiago Mendes. A compreens\u00e3o no clube \u00e9 que os dois se adequariam ao perfil do elenco e seriam investimentos mais fact\u00edveis. As negocia\u00e7\u00f5es [&hellip;]","og_url":"https:\/\/www.gaveanews.com\/index.php\/2021\/07\/28\/flamengo-decide-ir-ate-o-fim-por-kenedy-e-thiago-mendes\/","og_site_name":"G\u00e1vea News","article_publisher":"https:\/\/facebook.com\/gaveaNews\/","article_published_time":"2021-07-28T11:16:29+00:00","article_modified_time":"2021-07-28T11:16:32+00:00","og_image":[{"width":640,"height":640,"url":"https:\/\/www.gaveanews.com\/wp-content\/uploads\/Kenedy-em-treinamento.webp","type":"image\/jpeg"}],"author":"Equipe G\u00e1vea News","twitter_card":"summary_large_image","twitter_misc":{"Escrito por":"Equipe G\u00e1vea News","Est. tempo de leitura":"2 minutos"},"schema":{"@context":"https:\/\/schema.org","@graph":[{"@type":"NewsArticle","@id":"https:\/\/www.gaveanews.com\/index.php\/2021\/07\/28\/flamengo-decide-ir-ate-o-fim-por-kenedy-e-thiago-mendes\/#article","isPartOf":{"@id":"https:\/\/www.gaveanews.com\/index.php\/2021\/07\/28\/flamengo-decide-ir-ate-o-fim-por-kenedy-e-thiago-mendes\/"},"author":{"name":"Equipe G\u00e1vea News","@id":"https:\/\/www.gaveanews.com\/#\/schema\/person\/2ec14f73fb96be2caf28f91afb14749d"},"headline":"Flamengo decide ir at\u00e9 o fim por Kenedy e Thiago Mendes","datePublished":"2021-07-28T11:16:29+00:00","dateModified":"2021-07-28T11:16:32+00:00","mainEntityOfPage":{"@id":"https:\/\/www.gaveanews.com\/index.php\/2021\/07\/28\/flamengo-decide-ir-ate-o-fim-por-kenedy-e-thiago-mendes\/"},"wordCount":383,"commentCount":2,"image":{"@id":"https:\/\/www.gaveanews.com\/index.php\/2021\/07\/28\/flamengo-decide-ir-ate-o-fim-por-kenedy-e-thiago-mendes\/#primaryimage"},"thumbnailUrl":"https:\/\/www.gaveanews.com\/wp-content\/uploads\/Kenedy-em-treinamento.webp","articleSection":["Negocia\u00e7\u00f5es"],"inLanguage":"pt-BR","potentialAction":[{"@type":"CommentAction","name":"Comment","target":["https:\/\/www.gaveanews.com\/index.php\/2021\/07\/28\/flamengo-decide-ir-ate-o-fim-por-kenedy-e-thiago-mendes\/#respond"]}],"copyrightYear":"2021","copyrightHolder":{"@id":"https:\/\/www.gaveanews.com\/#organization"}},{"@type":"WebPage","@id":"https:\/\/www.gaveanews.com\/index.php\/2021\/07\/28\/flamengo-decide-ir-ate-o-fim-por-kenedy-e-thiago-mendes\/","url":"https:\/\/www.gaveanews.com\/index.php\/2021\/07\/28\/flamengo-decide-ir-ate-o-fim-por-kenedy-e-thiago-mendes\/","name":"Flamengo decide ir at\u00e9 o fim por Kenedy e Thiago Mendes","isPartOf":{"@id":"https:\/\/www.gaveanews.com\/#website"},"primaryImageOfPage":{"@id":"https:\/\/www.gaveanews.com\/index.php\/2021\/07\/28\/flamengo-decide-ir-ate-o-fim-por-kenedy-e-thiago-mendes\/#primaryimage"},"image":{"@id":"https:\/\/www.gaveanews.com\/index.php\/2021\/07\/28\/flamengo-decide-ir-ate-o-fim-por-kenedy-e-thiago-mendes\/#primaryimage"},"thumbnailUrl":"https:\/\/www.gaveanews.com\/wp-content\/uploads\/Kenedy-em-treinamento.webp","datePublished":"2021-07-28T11:16:29+00:00","dateModified":"2021-07-28T11:16:32+00:00","author":{"@id":"https:\/\/www.gaveanews.com\/#\/schema\/person\/2ec14f73fb96be2caf28f91afb14749d"},"breadcrumb":{"@id":"https:\/\/www.gaveanews.com\/index.php\/2021\/07\/28\/flamengo-decide-ir-ate-o-fim-por-kenedy-e-thiago-mendes\/#breadcrumb"},"inLanguage":"pt-BR","potentialAction":[{"@type":"ReadAction","target":["https:\/\/www.gaveanews.com\/index.php\/2021\/07\/28\/flamengo-decide-ir-ate-o-fim-por-kenedy-e-thiago-mendes\/"]}]},{"@type":"ImageObject","inLanguage":"pt-BR","@id":"https:\/\/www.gaveanews.com\/index.php\/2021\/07\/28\/flamengo-decide-ir-ate-o-fim-por-kenedy-e-thiago-mendes\/#primaryimage","url":"https:\/\/www.gaveanews.com\/wp-content\/uploads\/Kenedy-em-treinamento.webp","contentUrl":"https:\/\/www.gaveanews.com\/wp-content\/uploads\/Kenedy-em-treinamento.webp","width":640,"height":640,"caption":"Kenedy em treinamento (Foto: Divulga\u00e7\u00e3o\/Granada FC)"},{"@type":"BreadcrumbList","@id":"https:\/\/www.gaveanews.com\/index.php\/2021\/07\/28\/flamengo-decide-ir-ate-o-fim-por-kenedy-e-thiago-mendes\/#breadcrumb","itemListElement":[{"@type":"ListItem","position":1,"name":"Home","item":"https:\/\/www.gaveanews.com\/"},{"@type":"ListItem","position":2,"name":"Flamengo decide ir at\u00e9 o fim por Kenedy e Thiago Mendes"}]},{"@type":"WebSite","@id":"https:\/\/www.gaveanews.com\/#website","url":"https:\/\/www.gaveanews.com\/","name":"G\u00e1vea News","description":"Veja todas as not\u00edcias sobre o Flamengo: Contrata\u00e7\u00f5es, categorias de base, resultados das partidas, tabela de classifica\u00e7\u00e3o, pr\u00f3ximos jogos!","potentialAction":[{"@type":"SearchAction","target":{"@type":"EntryPoint","urlTemplate":"https:\/\/www.gaveanews.com\/?s={search_term_string}"},"query-input":{"@type":"PropertyValueSpecification","valueRequired":true,"valueName":"search_term_string"}}],"inLanguage":"pt-BR"},{"@type":"Person","@id":"https:\/\/www.gaveanews.com\/#\/schema\/person\/2ec14f73fb96be2caf28f91afb14749d","name":"Equipe G\u00e1vea News","image":{"@type":"ImageObject","inLanguage":"pt-BR","@id":"https:\/\/www.gaveanews.com\/#\/schema\/person\/image\/","url":"https:\/\/secure.gravatar.com\/avatar\/1e1956f1facbffd3f8fa53a326721950116b3b9dc9bd44939c01180fd4a745a9?s=96&d=mm&r=g","contentUrl":"https:\/\/secure.gravatar.com\/avatar\/1e1956f1facbffd3f8fa53a326721950116b3b9dc9bd44939c01180fd4a745a9?s=96&d=mm&r=g","caption":"Equipe G\u00e1vea News"}}]}},"_links":{"self":[{"href":"https:\/\/www.gaveanews.com\/index.php\/wp-json\/wp\/v2\/posts\/64926","targetHints":{"allow":["GET"]}}],"collection":[{"href":"https:\/\/www.gaveanews.com\/index.php\/wp-json\/wp\/v2\/posts"}],"about":[{"href":"https:\/\/www.gaveanews.com\/index.php\/wp-json\/wp\/v2\/types\/post"}],"author":[{"embeddable":true,"href":"https:\/\/www.gaveanews.com\/index.php\/wp-json\/wp\/v2\/users\/1"}],"replies":[{"embeddable":true,"href":"https:\/\/www.gaveanews.com\/index.php\/wp-json\/wp\/v2\/comments?post=64926"}],"version-history":[{"count":0,"href":"https:\/\/www.gaveanews.com\/index.php\/wp-json\/wp\/v2\/posts\/64926\/revisions"}],"wp:featuredmedia":[{"embeddable":true,"href":"https:\/\/www.gaveanews.com\/index.php\/wp-json\/wp\/v2\/media\/62334"}],"wp:attachment":[{"href":"https:\/\/www.gaveanews.com\/index.php\/wp-json\/wp\/v2\/media?parent=64926"}],"wp:term":[{"taxonomy":"category","embeddable":true,"href":"https:\/\/www.gaveanews.com\/index.php\/wp-json\/wp\/v2\/categories?post=64926"},{"taxonomy":"post_tag","embeddable":true,"href":"https:\/\/www.gaveanews.com\/index.php\/wp-json\/wp\/v2\/tags?post=64926"}],"curies":[{"name":"wp","href":"https:\/\/api.w.org\/{rel}","templated":true}]}}