{"id":64965,"date":"2021-07-28T19:18:59","date_gmt":"2021-07-28T22:18:59","guid":{"rendered":"https:\/\/www.gaveanews.com\/?p=64965"},"modified":"2021-07-28T19:19:01","modified_gmt":"2021-07-28T22:19:01","slug":"flamengo-recebe-proposta-por-muniz-e-se-agrada-com-as-condicoes","status":"publish","type":"post","link":"https:\/\/www.gaveanews.com\/index.php\/2021\/07\/28\/flamengo-recebe-proposta-por-muniz-e-se-agrada-com-as-condicoes\/","title":{"rendered":"Flamengo recebe proposta por Muniz e se agrada com as condi\u00e7\u00f5es"},"content":{"rendered":"\n<p>O Middlesbrough se adiantou na negocia\u00e7\u00e3o para contratar Rodrigo Muniz. O clube ingl\u00eas formalizou nesta semana uma oferta para comprar o atacante do Flamengo de forma definitiva. A informa\u00e7\u00e3o foi publicada pelo &#8220;Uol&#8221; e confirmada pelo ge.<\/p>\n\n\n\n<p>A diretoria rubro-negra gostou dos valores, ainda mantidos em sigilo, e se animou, principalmente, com o modelo de neg\u00f3cio proposto, que prev\u00ea direito a um percentual consider\u00e1vel de uma futura venda.<\/p>\n\n\n\n<p>Em Lisboa, onde est\u00e3o hospedados, Marcos Braz e Bruno Spindel se reuniram com representantes de Muniz e do Middlesbrough nesta quarta-feira. O clube ingl\u00eas apresentou tamb\u00e9m sua proposta ao jogador.<\/p>\n\n\n\n<p>A negocia\u00e7\u00e3o ainda n\u00e3o est\u00e1 fechada. Depende, agora, de um acerto entre Muniz e o Middlesbrough e tamb\u00e9m de detalhes entre os clubes. Mas \u00e9 vista com bons olhos pelo Flamengo, que recentemente aumentou seu pedido pelo jogador para valores pr\u00f3ximos a 8 milh\u00f5es de euros e descartou fazer qualquer tipo de empr\u00e9stimo do atleta.<\/p>\n\n\n\n<p>O projeto do Middlesbrough tamb\u00e9m agrada \u00e0 diretoria rubro-negra. O clube est\u00e1 na segunda divis\u00e3o inglesa, mas \u00e9 visto como uma boa porta de entrada para Muniz no futebol europeu e, especialmente, na Premier League. Esportivamente, \u00e9 algo considerado mais atrativo que uma transfer\u00eancia para o Al Nasr, dos Emirados \u00c1rabes, outro clube interessado no atacante.<\/p>\n\n\n\n<p>Retirado de: Globo Esporte<\/p>\n","protected":false},"excerpt":{"rendered":"<p>O Middlesbrough se adiantou na negocia\u00e7\u00e3o para contratar Rodrigo Muniz. O clube ingl\u00eas formalizou nesta semana uma oferta para comprar o atacante do Flamengo de forma definitiva. A informa\u00e7\u00e3o foi publicada pelo &#8220;Uol&#8221; e confirmada pelo ge. A diretoria rubro-negra gostou dos valores, ainda mantidos em sigilo, e se animou, principalmente, com o modelo de [&hellip;]<\/p>\n","protected":false},"author":1,"featured_media":57233,"comment_status":"open","ping_status":"closed","sticky":false,"template":"","format":"standard","meta":{"footnotes":""},"categories":[1],"tags":[],"class_list":["post-64965","post","type-post","status-publish","format-standard","has-post-thumbnail","hentry","category-flamengo"],"yoast_head":"<!-- This site is optimized with the Yoast SEO Premium plugin v24.2 (Yoast SEO v26.9) - https:\/\/yoast.com\/product\/yoast-seo-premium-wordpress\/ -->\n<title>Flamengo recebe proposta por Muniz e se agrada com as condi\u00e7\u00f5es<\/title>\n<meta name=\"robots\" content=\"index, follow, max-snippet:-1, max-image-preview:large, max-video-preview:-1\" \/>\n<link rel=\"canonical\" href=\"https:\/\/www.gaveanews.com\/index.php\/2021\/07\/28\/flamengo-recebe-proposta-por-muniz-e-se-agrada-com-as-condicoes\/\" \/>\n<meta property=\"og:locale\" content=\"pt_BR\" \/>\n<meta property=\"og:type\" content=\"article\" \/>\n<meta property=\"og:title\" content=\"Flamengo recebe proposta por Muniz e se agrada com as condi\u00e7\u00f5es\" \/>\n<meta property=\"og:description\" content=\"O Middlesbrough se adiantou na negocia\u00e7\u00e3o para contratar Rodrigo Muniz. O clube ingl\u00eas formalizou nesta semana uma oferta para comprar o atacante do Flamengo de forma definitiva. A informa\u00e7\u00e3o foi publicada pelo &#8220;Uol&#8221; e confirmada pelo ge. A diretoria rubro-negra gostou dos valores, ainda mantidos em sigilo, e se animou, principalmente, com o modelo de [&hellip;]\" \/>\n<meta property=\"og:url\" content=\"https:\/\/www.gaveanews.com\/index.php\/2021\/07\/28\/flamengo-recebe-proposta-por-muniz-e-se-agrada-com-as-condicoes\/\" \/>\n<meta property=\"og:site_name\" content=\"G\u00e1vea News\" \/>\n<meta property=\"article:publisher\" content=\"https:\/\/facebook.com\/gaveaNews\/\" \/>\n<meta property=\"article:published_time\" content=\"2021-07-28T22:18:59+00:00\" \/>\n<meta property=\"article:modified_time\" content=\"2021-07-28T22:19:01+00:00\" \/>\n<meta property=\"og:image\" content=\"https:\/\/www.gaveanews.com\/wp-content\/uploads\/Muniz-em-acao-contra-o-Macae.webp\" \/>\n\t<meta property=\"og:image:width\" content=\"800\" \/>\n\t<meta property=\"og:image:height\" content=\"533\" \/>\n\t<meta property=\"og:image:type\" content=\"image\/jpeg\" \/>\n<meta name=\"author\" content=\"Equipe G\u00e1vea News\" \/>\n<meta name=\"twitter:card\" content=\"summary_large_image\" \/>\n<meta name=\"twitter:label1\" content=\"Escrito por\" \/>\n\t<meta name=\"twitter:data1\" content=\"Equipe G\u00e1vea News\" \/>\n\t<meta name=\"twitter:label2\" content=\"Est. tempo de leitura\" \/>\n\t<meta name=\"twitter:data2\" content=\"1 minuto\" \/>\n<script type=\"application\/ld+json\" class=\"yoast-schema-graph\">{\"@context\":\"https:\/\/schema.org\",\"@graph\":[{\"@type\":\"NewsArticle\",\"@id\":\"https:\/\/www.gaveanews.com\/index.php\/2021\/07\/28\/flamengo-recebe-proposta-por-muniz-e-se-agrada-com-as-condicoes\/#article\",\"isPartOf\":{\"@id\":\"https:\/\/www.gaveanews.com\/index.php\/2021\/07\/28\/flamengo-recebe-proposta-por-muniz-e-se-agrada-com-as-condicoes\/\"},\"author\":{\"name\":\"Equipe G\u00e1vea News\",\"@id\":\"https:\/\/www.gaveanews.com\/#\/schema\/person\/2ec14f73fb96be2caf28f91afb14749d\"},\"headline\":\"Flamengo recebe proposta por Muniz e se agrada com as condi\u00e7\u00f5es\",\"datePublished\":\"2021-07-28T22:18:59+00:00\",\"dateModified\":\"2021-07-28T22:19:01+00:00\",\"mainEntityOfPage\":{\"@id\":\"https:\/\/www.gaveanews.com\/index.php\/2021\/07\/28\/flamengo-recebe-proposta-por-muniz-e-se-agrada-com-as-condicoes\/\"},\"wordCount\":237,\"commentCount\":10,\"image\":{\"@id\":\"https:\/\/www.gaveanews.com\/index.php\/2021\/07\/28\/flamengo-recebe-proposta-por-muniz-e-se-agrada-com-as-condicoes\/#primaryimage\"},\"thumbnailUrl\":\"https:\/\/www.gaveanews.com\/wp-content\/uploads\/Muniz-em-acao-contra-o-Macae.webp\",\"articleSection\":[\"Flamengo\"],\"inLanguage\":\"pt-BR\",\"potentialAction\":[{\"@type\":\"CommentAction\",\"name\":\"Comment\",\"target\":[\"https:\/\/www.gaveanews.com\/index.php\/2021\/07\/28\/flamengo-recebe-proposta-por-muniz-e-se-agrada-com-as-condicoes\/#respond\"]}],\"copyrightYear\":\"2021\",\"copyrightHolder\":{\"@id\":\"https:\/\/www.gaveanews.com\/#organization\"}},{\"@type\":\"WebPage\",\"@id\":\"https:\/\/www.gaveanews.com\/index.php\/2021\/07\/28\/flamengo-recebe-proposta-por-muniz-e-se-agrada-com-as-condicoes\/\",\"url\":\"https:\/\/www.gaveanews.com\/index.php\/2021\/07\/28\/flamengo-recebe-proposta-por-muniz-e-se-agrada-com-as-condicoes\/\",\"name\":\"Flamengo recebe proposta por Muniz e se agrada com as condi\u00e7\u00f5es\",\"isPartOf\":{\"@id\":\"https:\/\/www.gaveanews.com\/#website\"},\"primaryImageOfPage\":{\"@id\":\"https:\/\/www.gaveanews.com\/index.php\/2021\/07\/28\/flamengo-recebe-proposta-por-muniz-e-se-agrada-com-as-condicoes\/#primaryimage\"},\"image\":{\"@id\":\"https:\/\/www.gaveanews.com\/index.php\/2021\/07\/28\/flamengo-recebe-proposta-por-muniz-e-se-agrada-com-as-condicoes\/#primaryimage\"},\"thumbnailUrl\":\"https:\/\/www.gaveanews.com\/wp-content\/uploads\/Muniz-em-acao-contra-o-Macae.webp\",\"datePublished\":\"2021-07-28T22:18:59+00:00\",\"dateModified\":\"2021-07-28T22:19:01+00:00\",\"author\":{\"@id\":\"https:\/\/www.gaveanews.com\/#\/schema\/person\/2ec14f73fb96be2caf28f91afb14749d\"},\"breadcrumb\":{\"@id\":\"https:\/\/www.gaveanews.com\/index.php\/2021\/07\/28\/flamengo-recebe-proposta-por-muniz-e-se-agrada-com-as-condicoes\/#breadcrumb\"},\"inLanguage\":\"pt-BR\",\"potentialAction\":[{\"@type\":\"ReadAction\",\"target\":[\"https:\/\/www.gaveanews.com\/index.php\/2021\/07\/28\/flamengo-recebe-proposta-por-muniz-e-se-agrada-com-as-condicoes\/\"]}]},{\"@type\":\"ImageObject\",\"inLanguage\":\"pt-BR\",\"@id\":\"https:\/\/www.gaveanews.com\/index.php\/2021\/07\/28\/flamengo-recebe-proposta-por-muniz-e-se-agrada-com-as-condicoes\/#primaryimage\",\"url\":\"https:\/\/www.gaveanews.com\/wp-content\/uploads\/Muniz-em-acao-contra-o-Macae.webp\",\"contentUrl\":\"https:\/\/www.gaveanews.com\/wp-content\/uploads\/Muniz-em-acao-contra-o-Macae.webp\",\"width\":800,\"height\":533,\"caption\":\"Muniz em a\u00e7\u00e3o contra o Maca\u00e9 (Foto: Marcelo Cortes\/Flamengo)\"},{\"@type\":\"BreadcrumbList\",\"@id\":\"https:\/\/www.gaveanews.com\/index.php\/2021\/07\/28\/flamengo-recebe-proposta-por-muniz-e-se-agrada-com-as-condicoes\/#breadcrumb\",\"itemListElement\":[{\"@type\":\"ListItem\",\"position\":1,\"name\":\"Home\",\"item\":\"https:\/\/www.gaveanews.com\/\"},{\"@type\":\"ListItem\",\"position\":2,\"name\":\"Flamengo recebe proposta por Muniz e se agrada com as condi\u00e7\u00f5es\"}]},{\"@type\":\"WebSite\",\"@id\":\"https:\/\/www.gaveanews.com\/#website\",\"url\":\"https:\/\/www.gaveanews.com\/\",\"name\":\"G\u00e1vea News\",\"description\":\"Veja todas as not\u00edcias sobre o Flamengo: Contrata\u00e7\u00f5es, categorias de base, resultados das partidas, tabela de classifica\u00e7\u00e3o, pr\u00f3ximos jogos!\",\"potentialAction\":[{\"@type\":\"SearchAction\",\"target\":{\"@type\":\"EntryPoint\",\"urlTemplate\":\"https:\/\/www.gaveanews.com\/?s={search_term_string}\"},\"query-input\":{\"@type\":\"PropertyValueSpecification\",\"valueRequired\":true,\"valueName\":\"search_term_string\"}}],\"inLanguage\":\"pt-BR\"},{\"@type\":\"Person\",\"@id\":\"https:\/\/www.gaveanews.com\/#\/schema\/person\/2ec14f73fb96be2caf28f91afb14749d\",\"name\":\"Equipe G\u00e1vea News\",\"image\":{\"@type\":\"ImageObject\",\"inLanguage\":\"pt-BR\",\"@id\":\"https:\/\/www.gaveanews.com\/#\/schema\/person\/image\/\",\"url\":\"https:\/\/secure.gravatar.com\/avatar\/1e1956f1facbffd3f8fa53a326721950116b3b9dc9bd44939c01180fd4a745a9?s=96&d=mm&r=g\",\"contentUrl\":\"https:\/\/secure.gravatar.com\/avatar\/1e1956f1facbffd3f8fa53a326721950116b3b9dc9bd44939c01180fd4a745a9?s=96&d=mm&r=g\",\"caption\":\"Equipe G\u00e1vea News\"}}]}<\/script>\n<!-- \/ Yoast SEO Premium plugin. -->","yoast_head_json":{"title":"Flamengo recebe proposta por Muniz e se agrada com as condi\u00e7\u00f5es","robots":{"index":"index","follow":"follow","max-snippet":"max-snippet:-1","max-image-preview":"max-image-preview:large","max-video-preview":"max-video-preview:-1"},"canonical":"https:\/\/www.gaveanews.com\/index.php\/2021\/07\/28\/flamengo-recebe-proposta-por-muniz-e-se-agrada-com-as-condicoes\/","og_locale":"pt_BR","og_type":"article","og_title":"Flamengo recebe proposta por Muniz e se agrada com as condi\u00e7\u00f5es","og_description":"O Middlesbrough se adiantou na negocia\u00e7\u00e3o para contratar Rodrigo Muniz. O clube ingl\u00eas formalizou nesta semana uma oferta para comprar o atacante do Flamengo de forma definitiva. A informa\u00e7\u00e3o foi publicada pelo &#8220;Uol&#8221; e confirmada pelo ge. A diretoria rubro-negra gostou dos valores, ainda mantidos em sigilo, e se animou, principalmente, com o modelo de [&hellip;]","og_url":"https:\/\/www.gaveanews.com\/index.php\/2021\/07\/28\/flamengo-recebe-proposta-por-muniz-e-se-agrada-com-as-condicoes\/","og_site_name":"G\u00e1vea News","article_publisher":"https:\/\/facebook.com\/gaveaNews\/","article_published_time":"2021-07-28T22:18:59+00:00","article_modified_time":"2021-07-28T22:19:01+00:00","og_image":[{"width":800,"height":533,"url":"https:\/\/www.gaveanews.com\/wp-content\/uploads\/Muniz-em-acao-contra-o-Macae.webp","type":"image\/jpeg"}],"author":"Equipe G\u00e1vea News","twitter_card":"summary_large_image","twitter_misc":{"Escrito por":"Equipe G\u00e1vea News","Est. tempo de leitura":"1 minuto"},"schema":{"@context":"https:\/\/schema.org","@graph":[{"@type":"NewsArticle","@id":"https:\/\/www.gaveanews.com\/index.php\/2021\/07\/28\/flamengo-recebe-proposta-por-muniz-e-se-agrada-com-as-condicoes\/#article","isPartOf":{"@id":"https:\/\/www.gaveanews.com\/index.php\/2021\/07\/28\/flamengo-recebe-proposta-por-muniz-e-se-agrada-com-as-condicoes\/"},"author":{"name":"Equipe G\u00e1vea News","@id":"https:\/\/www.gaveanews.com\/#\/schema\/person\/2ec14f73fb96be2caf28f91afb14749d"},"headline":"Flamengo recebe proposta por Muniz e se agrada com as condi\u00e7\u00f5es","datePublished":"2021-07-28T22:18:59+00:00","dateModified":"2021-07-28T22:19:01+00:00","mainEntityOfPage":{"@id":"https:\/\/www.gaveanews.com\/index.php\/2021\/07\/28\/flamengo-recebe-proposta-por-muniz-e-se-agrada-com-as-condicoes\/"},"wordCount":237,"commentCount":10,"image":{"@id":"https:\/\/www.gaveanews.com\/index.php\/2021\/07\/28\/flamengo-recebe-proposta-por-muniz-e-se-agrada-com-as-condicoes\/#primaryimage"},"thumbnailUrl":"https:\/\/www.gaveanews.com\/wp-content\/uploads\/Muniz-em-acao-contra-o-Macae.webp","articleSection":["Flamengo"],"inLanguage":"pt-BR","potentialAction":[{"@type":"CommentAction","name":"Comment","target":["https:\/\/www.gaveanews.com\/index.php\/2021\/07\/28\/flamengo-recebe-proposta-por-muniz-e-se-agrada-com-as-condicoes\/#respond"]}],"copyrightYear":"2021","copyrightHolder":{"@id":"https:\/\/www.gaveanews.com\/#organization"}},{"@type":"WebPage","@id":"https:\/\/www.gaveanews.com\/index.php\/2021\/07\/28\/flamengo-recebe-proposta-por-muniz-e-se-agrada-com-as-condicoes\/","url":"https:\/\/www.gaveanews.com\/index.php\/2021\/07\/28\/flamengo-recebe-proposta-por-muniz-e-se-agrada-com-as-condicoes\/","name":"Flamengo recebe proposta por Muniz e se agrada com as condi\u00e7\u00f5es","isPartOf":{"@id":"https:\/\/www.gaveanews.com\/#website"},"primaryImageOfPage":{"@id":"https:\/\/www.gaveanews.com\/index.php\/2021\/07\/28\/flamengo-recebe-proposta-por-muniz-e-se-agrada-com-as-condicoes\/#primaryimage"},"image":{"@id":"https:\/\/www.gaveanews.com\/index.php\/2021\/07\/28\/flamengo-recebe-proposta-por-muniz-e-se-agrada-com-as-condicoes\/#primaryimage"},"thumbnailUrl":"https:\/\/www.gaveanews.com\/wp-content\/uploads\/Muniz-em-acao-contra-o-Macae.webp","datePublished":"2021-07-28T22:18:59+00:00","dateModified":"2021-07-28T22:19:01+00:00","author":{"@id":"https:\/\/www.gaveanews.com\/#\/schema\/person\/2ec14f73fb96be2caf28f91afb14749d"},"breadcrumb":{"@id":"https:\/\/www.gaveanews.com\/index.php\/2021\/07\/28\/flamengo-recebe-proposta-por-muniz-e-se-agrada-com-as-condicoes\/#breadcrumb"},"inLanguage":"pt-BR","potentialAction":[{"@type":"ReadAction","target":["https:\/\/www.gaveanews.com\/index.php\/2021\/07\/28\/flamengo-recebe-proposta-por-muniz-e-se-agrada-com-as-condicoes\/"]}]},{"@type":"ImageObject","inLanguage":"pt-BR","@id":"https:\/\/www.gaveanews.com\/index.php\/2021\/07\/28\/flamengo-recebe-proposta-por-muniz-e-se-agrada-com-as-condicoes\/#primaryimage","url":"https:\/\/www.gaveanews.com\/wp-content\/uploads\/Muniz-em-acao-contra-o-Macae.webp","contentUrl":"https:\/\/www.gaveanews.com\/wp-content\/uploads\/Muniz-em-acao-contra-o-Macae.webp","width":800,"height":533,"caption":"Muniz em a\u00e7\u00e3o contra o Maca\u00e9 (Foto: Marcelo Cortes\/Flamengo)"},{"@type":"BreadcrumbList","@id":"https:\/\/www.gaveanews.com\/index.php\/2021\/07\/28\/flamengo-recebe-proposta-por-muniz-e-se-agrada-com-as-condicoes\/#breadcrumb","itemListElement":[{"@type":"ListItem","position":1,"name":"Home","item":"https:\/\/www.gaveanews.com\/"},{"@type":"ListItem","position":2,"name":"Flamengo recebe proposta por Muniz e se agrada com as condi\u00e7\u00f5es"}]},{"@type":"WebSite","@id":"https:\/\/www.gaveanews.com\/#website","url":"https:\/\/www.gaveanews.com\/","name":"G\u00e1vea News","description":"Veja todas as not\u00edcias sobre o Flamengo: Contrata\u00e7\u00f5es, categorias de base, resultados das partidas, tabela de classifica\u00e7\u00e3o, pr\u00f3ximos jogos!","potentialAction":[{"@type":"SearchAction","target":{"@type":"EntryPoint","urlTemplate":"https:\/\/www.gaveanews.com\/?s={search_term_string}"},"query-input":{"@type":"PropertyValueSpecification","valueRequired":true,"valueName":"search_term_string"}}],"inLanguage":"pt-BR"},{"@type":"Person","@id":"https:\/\/www.gaveanews.com\/#\/schema\/person\/2ec14f73fb96be2caf28f91afb14749d","name":"Equipe G\u00e1vea News","image":{"@type":"ImageObject","inLanguage":"pt-BR","@id":"https:\/\/www.gaveanews.com\/#\/schema\/person\/image\/","url":"https:\/\/secure.gravatar.com\/avatar\/1e1956f1facbffd3f8fa53a326721950116b3b9dc9bd44939c01180fd4a745a9?s=96&d=mm&r=g","contentUrl":"https:\/\/secure.gravatar.com\/avatar\/1e1956f1facbffd3f8fa53a326721950116b3b9dc9bd44939c01180fd4a745a9?s=96&d=mm&r=g","caption":"Equipe G\u00e1vea News"}}]}},"_links":{"self":[{"href":"https:\/\/www.gaveanews.com\/index.php\/wp-json\/wp\/v2\/posts\/64965","targetHints":{"allow":["GET"]}}],"collection":[{"href":"https:\/\/www.gaveanews.com\/index.php\/wp-json\/wp\/v2\/posts"}],"about":[{"href":"https:\/\/www.gaveanews.com\/index.php\/wp-json\/wp\/v2\/types\/post"}],"author":[{"embeddable":true,"href":"https:\/\/www.gaveanews.com\/index.php\/wp-json\/wp\/v2\/users\/1"}],"replies":[{"embeddable":true,"href":"https:\/\/www.gaveanews.com\/index.php\/wp-json\/wp\/v2\/comments?post=64965"}],"version-history":[{"count":0,"href":"https:\/\/www.gaveanews.com\/index.php\/wp-json\/wp\/v2\/posts\/64965\/revisions"}],"wp:featuredmedia":[{"embeddable":true,"href":"https:\/\/www.gaveanews.com\/index.php\/wp-json\/wp\/v2\/media\/57233"}],"wp:attachment":[{"href":"https:\/\/www.gaveanews.com\/index.php\/wp-json\/wp\/v2\/media?parent=64965"}],"wp:term":[{"taxonomy":"category","embeddable":true,"href":"https:\/\/www.gaveanews.com\/index.php\/wp-json\/wp\/v2\/categories?post=64965"},{"taxonomy":"post_tag","embeddable":true,"href":"https:\/\/www.gaveanews.com\/index.php\/wp-json\/wp\/v2\/tags?post=64965"}],"curies":[{"name":"wp","href":"https:\/\/api.w.org\/{rel}","templated":true}]}}