{"id":65070,"date":"2021-07-31T19:07:13","date_gmt":"2021-07-31T22:07:13","guid":{"rendered":"https:\/\/www.gaveanews.com\/?p=65070"},"modified":"2021-07-31T19:07:15","modified_gmt":"2021-07-31T22:07:15","slug":"flamengo-recebera-bolada-na-ida-de-jean-lucas-do-lyon-para-o-monaco-veja-valores","status":"publish","type":"post","link":"https:\/\/www.gaveanews.com\/index.php\/2021\/07\/31\/flamengo-recebera-bolada-na-ida-de-jean-lucas-do-lyon-para-o-monaco-veja-valores\/","title":{"rendered":"Flamengo receber\u00e1 bolada na ida de Jean Lucas do Lyon para o Monaco; veja valores"},"content":{"rendered":"\n<p>Como o jornal O Dia informou na \u00faltima sexta-feira, o Monaco tem conversas adiantadas com o Lyon para contratar Jean Lucas, cria das categorias de base do Flamengo, que ter\u00e1 direito a uma parte do valor da opera\u00e7\u00e3o envolvendo os dois clubes franceses e est\u00e1 ciente que da transa\u00e7\u00e3o envolvendo o jogador.<\/p>\n\n\n\n<p>Segundo apurou a reportagem com pessoas do Lyon, o time franc\u00eas entrou em contato com o Flamengo, clube que det\u00e9m 20% do valor l\u00edquido de uma futura venda de Jean Lucas, para comunicar ao clube que a qualquer momento o volante pode ser negociado com o Monaco.<\/p>\n\n\n\n<p>A informa\u00e7\u00e3o que o Rubro-Negro recebeu \u00e9 que a opera\u00e7\u00e3o entre Lyon e Monaco envolvendo Jean Lucas render\u00e1 aos cofres do time carioca 2 milh\u00f5es de euros, um pouco mais de 12 milh\u00f5es de reais pela cota\u00e7\u00e3o atual. Ainda de acordo com apura\u00e7\u00e3o do jornal O Dia, os valores envolvendo a transfer\u00eancia do volante ultrapassam a casa dos 11 milh\u00f5es de euros, mais de 66 milh\u00f5es de reais.<\/p>\n\n\n\n<h2 class=\"wp-block-heading\" id=\"h-entenda-a-situa-o\">Entenda a situa\u00e7\u00e3o<\/h2>\n\n\n\n<p>Em 2019, quando o Flamengo acertou a venda de Jean Lucas ao Lyon, a diretoria rubro-negra, de olho no futuro e ciente que o jogador iria se desenvolver na Europa, exigiu em contrato que na futura venda do atleta, o time carioca tivesse direito a 20% do valor l\u00edquido (sem contar o montante da comiss\u00e3o e percentual de solidariedade) do atleta.<\/p>\n\n\n\n<p>Dito e feito. A estrat\u00e9gia do Flamengo deu certo e, al\u00e9m de faturar com o valor da venda, ter\u00e1 direito a um percentual na sa\u00edda do jogador para o Monaco. Em 2019, o Lyon desembolsou 8 milh\u00f5es de euros, cerca de R$ 34,7 milh\u00f5es \u00e0 \u00e9poca, mas &#8220;apenas&#8221; 80% do valor (R$ 27,7 milh\u00f5es) foi para os cofres do Rubro-Negro. Ou seja, ao todo, juntando as duas opera\u00e7\u00f5es, o time carioca recebe quase R$ 40 milh\u00f5es.<\/p>\n\n\n\n<p>O que as pessoas n\u00e3o imaginam \u00e9 que a transa\u00e7\u00e3o envolvendo Jean Lucas afeta diretamente ao Flamengo. Como o jogador \u00e9 da mesma posi\u00e7\u00e3o que Thiago Mendes, volante que est\u00e1 na mira do Rubro-Negro, o Lyon faz um jogo duro ainda maior para topar negoci\u00e1-lo com a equipe carioca.<\/p>\n\n\n\n<p>O Flamengo fez proposta ao Lyon para ter Thiago Mendes em condi\u00e7\u00f5es que n\u00e3o agradaram ao time franc\u00eas: empr\u00e9stimo com op\u00e7\u00e3o de compra. A diretoria exige que, ao menos, seja empr\u00e9stimo com obriga\u00e7\u00e3o de compra ao t\u00e9rmino do v\u00ednculo.<\/p>\n\n\n\n<p>Retirado de: O Dia<\/p>\n","protected":false},"excerpt":{"rendered":"<p>Como o jornal O Dia informou na \u00faltima sexta-feira, o Monaco tem conversas adiantadas com o Lyon para contratar Jean Lucas, cria das categorias de base do Flamengo, que ter\u00e1 direito a uma parte do valor da opera\u00e7\u00e3o envolvendo os dois clubes franceses e est\u00e1 ciente que da transa\u00e7\u00e3o envolvendo o jogador. Segundo apurou a [&hellip;]<\/p>\n","protected":false},"author":1,"featured_media":14545,"comment_status":"open","ping_status":"closed","sticky":false,"template":"","format":"standard","meta":{"footnotes":""},"categories":[48],"tags":[],"class_list":["post-65070","post","type-post","status-publish","format-standard","has-post-thumbnail","hentry","category-negociacoes"],"yoast_head":"<!-- This site is optimized with the Yoast SEO Premium plugin v24.2 (Yoast SEO v26.9) - https:\/\/yoast.com\/product\/yoast-seo-premium-wordpress\/ -->\n<title>Flamengo receber\u00e1 bolada na ida de Jean Lucas do Lyon para o Monaco<\/title>\n<meta name=\"robots\" content=\"index, follow, max-snippet:-1, max-image-preview:large, max-video-preview:-1\" \/>\n<link rel=\"canonical\" href=\"https:\/\/www.gaveanews.com\/index.php\/2021\/07\/31\/flamengo-recebera-bolada-na-ida-de-jean-lucas-do-lyon-para-o-monaco-veja-valores\/\" \/>\n<meta property=\"og:locale\" content=\"pt_BR\" \/>\n<meta property=\"og:type\" content=\"article\" \/>\n<meta property=\"og:title\" content=\"Flamengo receber\u00e1 bolada na ida de Jean Lucas do Lyon para o Monaco; veja valores\" \/>\n<meta property=\"og:description\" content=\"Como o jornal O Dia informou na \u00faltima sexta-feira, o Monaco tem conversas adiantadas com o Lyon para contratar Jean Lucas, cria das categorias de base do Flamengo, que ter\u00e1 direito a uma parte do valor da opera\u00e7\u00e3o envolvendo os dois clubes franceses e est\u00e1 ciente que da transa\u00e7\u00e3o envolvendo o jogador. Segundo apurou a [&hellip;]\" \/>\n<meta property=\"og:url\" content=\"https:\/\/www.gaveanews.com\/index.php\/2021\/07\/31\/flamengo-recebera-bolada-na-ida-de-jean-lucas-do-lyon-para-o-monaco-veja-valores\/\" \/>\n<meta property=\"og:site_name\" content=\"G\u00e1vea News\" \/>\n<meta property=\"article:publisher\" content=\"https:\/\/facebook.com\/gaveaNews\/\" \/>\n<meta property=\"article:published_time\" content=\"2021-07-31T22:07:13+00:00\" \/>\n<meta property=\"article:modified_time\" content=\"2021-07-31T22:07:15+00:00\" \/>\n<meta property=\"og:image\" content=\"https:\/\/www.gaveanews.com\/wp-content\/uploads\/2019\/03\/Jean-Lucas-durante-treinamento-no-Ninho-do-Urubu.webp\" \/>\n\t<meta property=\"og:image:width\" content=\"880\" \/>\n\t<meta property=\"og:image:height\" content=\"586\" \/>\n\t<meta property=\"og:image:type\" content=\"image\/jpeg\" \/>\n<meta name=\"author\" content=\"Equipe G\u00e1vea News\" \/>\n<meta name=\"twitter:card\" content=\"summary_large_image\" \/>\n<meta name=\"twitter:label1\" content=\"Escrito por\" \/>\n\t<meta name=\"twitter:data1\" content=\"Equipe G\u00e1vea News\" \/>\n\t<meta name=\"twitter:label2\" content=\"Est. tempo de leitura\" \/>\n\t<meta name=\"twitter:data2\" content=\"2 minutos\" \/>\n<script type=\"application\/ld+json\" class=\"yoast-schema-graph\">{\"@context\":\"https:\/\/schema.org\",\"@graph\":[{\"@type\":\"NewsArticle\",\"@id\":\"https:\/\/www.gaveanews.com\/index.php\/2021\/07\/31\/flamengo-recebera-bolada-na-ida-de-jean-lucas-do-lyon-para-o-monaco-veja-valores\/#article\",\"isPartOf\":{\"@id\":\"https:\/\/www.gaveanews.com\/index.php\/2021\/07\/31\/flamengo-recebera-bolada-na-ida-de-jean-lucas-do-lyon-para-o-monaco-veja-valores\/\"},\"author\":{\"name\":\"Equipe G\u00e1vea News\",\"@id\":\"https:\/\/www.gaveanews.com\/#\/schema\/person\/2ec14f73fb96be2caf28f91afb14749d\"},\"headline\":\"Flamengo receber\u00e1 bolada na ida de Jean Lucas do Lyon para o Monaco; veja valores\",\"datePublished\":\"2021-07-31T22:07:13+00:00\",\"dateModified\":\"2021-07-31T22:07:15+00:00\",\"mainEntityOfPage\":{\"@id\":\"https:\/\/www.gaveanews.com\/index.php\/2021\/07\/31\/flamengo-recebera-bolada-na-ida-de-jean-lucas-do-lyon-para-o-monaco-veja-valores\/\"},\"wordCount\":435,\"commentCount\":10,\"image\":{\"@id\":\"https:\/\/www.gaveanews.com\/index.php\/2021\/07\/31\/flamengo-recebera-bolada-na-ida-de-jean-lucas-do-lyon-para-o-monaco-veja-valores\/#primaryimage\"},\"thumbnailUrl\":\"https:\/\/www.gaveanews.com\/wp-content\/uploads\/2019\/03\/Jean-Lucas-durante-treinamento-no-Ninho-do-Urubu.webp\",\"articleSection\":[\"Negocia\u00e7\u00f5es\"],\"inLanguage\":\"pt-BR\",\"potentialAction\":[{\"@type\":\"CommentAction\",\"name\":\"Comment\",\"target\":[\"https:\/\/www.gaveanews.com\/index.php\/2021\/07\/31\/flamengo-recebera-bolada-na-ida-de-jean-lucas-do-lyon-para-o-monaco-veja-valores\/#respond\"]}],\"copyrightYear\":\"2021\",\"copyrightHolder\":{\"@id\":\"https:\/\/www.gaveanews.com\/#organization\"}},{\"@type\":\"WebPage\",\"@id\":\"https:\/\/www.gaveanews.com\/index.php\/2021\/07\/31\/flamengo-recebera-bolada-na-ida-de-jean-lucas-do-lyon-para-o-monaco-veja-valores\/\",\"url\":\"https:\/\/www.gaveanews.com\/index.php\/2021\/07\/31\/flamengo-recebera-bolada-na-ida-de-jean-lucas-do-lyon-para-o-monaco-veja-valores\/\",\"name\":\"Flamengo receber\u00e1 bolada na ida de Jean Lucas do Lyon para o Monaco\",\"isPartOf\":{\"@id\":\"https:\/\/www.gaveanews.com\/#website\"},\"primaryImageOfPage\":{\"@id\":\"https:\/\/www.gaveanews.com\/index.php\/2021\/07\/31\/flamengo-recebera-bolada-na-ida-de-jean-lucas-do-lyon-para-o-monaco-veja-valores\/#primaryimage\"},\"image\":{\"@id\":\"https:\/\/www.gaveanews.com\/index.php\/2021\/07\/31\/flamengo-recebera-bolada-na-ida-de-jean-lucas-do-lyon-para-o-monaco-veja-valores\/#primaryimage\"},\"thumbnailUrl\":\"https:\/\/www.gaveanews.com\/wp-content\/uploads\/2019\/03\/Jean-Lucas-durante-treinamento-no-Ninho-do-Urubu.webp\",\"datePublished\":\"2021-07-31T22:07:13+00:00\",\"dateModified\":\"2021-07-31T22:07:15+00:00\",\"author\":{\"@id\":\"https:\/\/www.gaveanews.com\/#\/schema\/person\/2ec14f73fb96be2caf28f91afb14749d\"},\"breadcrumb\":{\"@id\":\"https:\/\/www.gaveanews.com\/index.php\/2021\/07\/31\/flamengo-recebera-bolada-na-ida-de-jean-lucas-do-lyon-para-o-monaco-veja-valores\/#breadcrumb\"},\"inLanguage\":\"pt-BR\",\"potentialAction\":[{\"@type\":\"ReadAction\",\"target\":[\"https:\/\/www.gaveanews.com\/index.php\/2021\/07\/31\/flamengo-recebera-bolada-na-ida-de-jean-lucas-do-lyon-para-o-monaco-veja-valores\/\"]}]},{\"@type\":\"ImageObject\",\"inLanguage\":\"pt-BR\",\"@id\":\"https:\/\/www.gaveanews.com\/index.php\/2021\/07\/31\/flamengo-recebera-bolada-na-ida-de-jean-lucas-do-lyon-para-o-monaco-veja-valores\/#primaryimage\",\"url\":\"https:\/\/www.gaveanews.com\/wp-content\/uploads\/2019\/03\/Jean-Lucas-durante-treinamento-no-Ninho-do-Urubu.webp\",\"contentUrl\":\"https:\/\/www.gaveanews.com\/wp-content\/uploads\/2019\/03\/Jean-Lucas-durante-treinamento-no-Ninho-do-Urubu.webp\",\"width\":880,\"height\":586,\"caption\":\"Jean Lucas durante treinamento no Ninho do Urubu (Foto: Gilvan de Souza\/Flamengo)\"},{\"@type\":\"BreadcrumbList\",\"@id\":\"https:\/\/www.gaveanews.com\/index.php\/2021\/07\/31\/flamengo-recebera-bolada-na-ida-de-jean-lucas-do-lyon-para-o-monaco-veja-valores\/#breadcrumb\",\"itemListElement\":[{\"@type\":\"ListItem\",\"position\":1,\"name\":\"Home\",\"item\":\"https:\/\/www.gaveanews.com\/\"},{\"@type\":\"ListItem\",\"position\":2,\"name\":\"Flamengo receber\u00e1 bolada na ida de Jean Lucas do Lyon para o Monaco; veja valores\"}]},{\"@type\":\"WebSite\",\"@id\":\"https:\/\/www.gaveanews.com\/#website\",\"url\":\"https:\/\/www.gaveanews.com\/\",\"name\":\"G\u00e1vea News\",\"description\":\"Veja todas as not\u00edcias sobre o Flamengo: Contrata\u00e7\u00f5es, categorias de base, resultados das partidas, tabela de classifica\u00e7\u00e3o, pr\u00f3ximos jogos!\",\"potentialAction\":[{\"@type\":\"SearchAction\",\"target\":{\"@type\":\"EntryPoint\",\"urlTemplate\":\"https:\/\/www.gaveanews.com\/?s={search_term_string}\"},\"query-input\":{\"@type\":\"PropertyValueSpecification\",\"valueRequired\":true,\"valueName\":\"search_term_string\"}}],\"inLanguage\":\"pt-BR\"},{\"@type\":\"Person\",\"@id\":\"https:\/\/www.gaveanews.com\/#\/schema\/person\/2ec14f73fb96be2caf28f91afb14749d\",\"name\":\"Equipe G\u00e1vea News\",\"image\":{\"@type\":\"ImageObject\",\"inLanguage\":\"pt-BR\",\"@id\":\"https:\/\/www.gaveanews.com\/#\/schema\/person\/image\/\",\"url\":\"https:\/\/secure.gravatar.com\/avatar\/1e1956f1facbffd3f8fa53a326721950116b3b9dc9bd44939c01180fd4a745a9?s=96&d=mm&r=g\",\"contentUrl\":\"https:\/\/secure.gravatar.com\/avatar\/1e1956f1facbffd3f8fa53a326721950116b3b9dc9bd44939c01180fd4a745a9?s=96&d=mm&r=g\",\"caption\":\"Equipe G\u00e1vea News\"}}]}<\/script>\n<!-- \/ Yoast SEO Premium plugin. -->","yoast_head_json":{"title":"Flamengo receber\u00e1 bolada na ida de Jean Lucas do Lyon para o Monaco","robots":{"index":"index","follow":"follow","max-snippet":"max-snippet:-1","max-image-preview":"max-image-preview:large","max-video-preview":"max-video-preview:-1"},"canonical":"https:\/\/www.gaveanews.com\/index.php\/2021\/07\/31\/flamengo-recebera-bolada-na-ida-de-jean-lucas-do-lyon-para-o-monaco-veja-valores\/","og_locale":"pt_BR","og_type":"article","og_title":"Flamengo receber\u00e1 bolada na ida de Jean Lucas do Lyon para o Monaco; veja valores","og_description":"Como o jornal O Dia informou na \u00faltima sexta-feira, o Monaco tem conversas adiantadas com o Lyon para contratar Jean Lucas, cria das categorias de base do Flamengo, que ter\u00e1 direito a uma parte do valor da opera\u00e7\u00e3o envolvendo os dois clubes franceses e est\u00e1 ciente que da transa\u00e7\u00e3o envolvendo o jogador. Segundo apurou a [&hellip;]","og_url":"https:\/\/www.gaveanews.com\/index.php\/2021\/07\/31\/flamengo-recebera-bolada-na-ida-de-jean-lucas-do-lyon-para-o-monaco-veja-valores\/","og_site_name":"G\u00e1vea News","article_publisher":"https:\/\/facebook.com\/gaveaNews\/","article_published_time":"2021-07-31T22:07:13+00:00","article_modified_time":"2021-07-31T22:07:15+00:00","og_image":[{"width":880,"height":586,"url":"https:\/\/www.gaveanews.com\/wp-content\/uploads\/2019\/03\/Jean-Lucas-durante-treinamento-no-Ninho-do-Urubu.webp","type":"image\/jpeg"}],"author":"Equipe G\u00e1vea News","twitter_card":"summary_large_image","twitter_misc":{"Escrito por":"Equipe G\u00e1vea News","Est. tempo de leitura":"2 minutos"},"schema":{"@context":"https:\/\/schema.org","@graph":[{"@type":"NewsArticle","@id":"https:\/\/www.gaveanews.com\/index.php\/2021\/07\/31\/flamengo-recebera-bolada-na-ida-de-jean-lucas-do-lyon-para-o-monaco-veja-valores\/#article","isPartOf":{"@id":"https:\/\/www.gaveanews.com\/index.php\/2021\/07\/31\/flamengo-recebera-bolada-na-ida-de-jean-lucas-do-lyon-para-o-monaco-veja-valores\/"},"author":{"name":"Equipe G\u00e1vea News","@id":"https:\/\/www.gaveanews.com\/#\/schema\/person\/2ec14f73fb96be2caf28f91afb14749d"},"headline":"Flamengo receber\u00e1 bolada na ida de Jean Lucas do Lyon para o Monaco; veja valores","datePublished":"2021-07-31T22:07:13+00:00","dateModified":"2021-07-31T22:07:15+00:00","mainEntityOfPage":{"@id":"https:\/\/www.gaveanews.com\/index.php\/2021\/07\/31\/flamengo-recebera-bolada-na-ida-de-jean-lucas-do-lyon-para-o-monaco-veja-valores\/"},"wordCount":435,"commentCount":10,"image":{"@id":"https:\/\/www.gaveanews.com\/index.php\/2021\/07\/31\/flamengo-recebera-bolada-na-ida-de-jean-lucas-do-lyon-para-o-monaco-veja-valores\/#primaryimage"},"thumbnailUrl":"https:\/\/www.gaveanews.com\/wp-content\/uploads\/2019\/03\/Jean-Lucas-durante-treinamento-no-Ninho-do-Urubu.webp","articleSection":["Negocia\u00e7\u00f5es"],"inLanguage":"pt-BR","potentialAction":[{"@type":"CommentAction","name":"Comment","target":["https:\/\/www.gaveanews.com\/index.php\/2021\/07\/31\/flamengo-recebera-bolada-na-ida-de-jean-lucas-do-lyon-para-o-monaco-veja-valores\/#respond"]}],"copyrightYear":"2021","copyrightHolder":{"@id":"https:\/\/www.gaveanews.com\/#organization"}},{"@type":"WebPage","@id":"https:\/\/www.gaveanews.com\/index.php\/2021\/07\/31\/flamengo-recebera-bolada-na-ida-de-jean-lucas-do-lyon-para-o-monaco-veja-valores\/","url":"https:\/\/www.gaveanews.com\/index.php\/2021\/07\/31\/flamengo-recebera-bolada-na-ida-de-jean-lucas-do-lyon-para-o-monaco-veja-valores\/","name":"Flamengo receber\u00e1 bolada na ida de Jean Lucas do Lyon para o Monaco","isPartOf":{"@id":"https:\/\/www.gaveanews.com\/#website"},"primaryImageOfPage":{"@id":"https:\/\/www.gaveanews.com\/index.php\/2021\/07\/31\/flamengo-recebera-bolada-na-ida-de-jean-lucas-do-lyon-para-o-monaco-veja-valores\/#primaryimage"},"image":{"@id":"https:\/\/www.gaveanews.com\/index.php\/2021\/07\/31\/flamengo-recebera-bolada-na-ida-de-jean-lucas-do-lyon-para-o-monaco-veja-valores\/#primaryimage"},"thumbnailUrl":"https:\/\/www.gaveanews.com\/wp-content\/uploads\/2019\/03\/Jean-Lucas-durante-treinamento-no-Ninho-do-Urubu.webp","datePublished":"2021-07-31T22:07:13+00:00","dateModified":"2021-07-31T22:07:15+00:00","author":{"@id":"https:\/\/www.gaveanews.com\/#\/schema\/person\/2ec14f73fb96be2caf28f91afb14749d"},"breadcrumb":{"@id":"https:\/\/www.gaveanews.com\/index.php\/2021\/07\/31\/flamengo-recebera-bolada-na-ida-de-jean-lucas-do-lyon-para-o-monaco-veja-valores\/#breadcrumb"},"inLanguage":"pt-BR","potentialAction":[{"@type":"ReadAction","target":["https:\/\/www.gaveanews.com\/index.php\/2021\/07\/31\/flamengo-recebera-bolada-na-ida-de-jean-lucas-do-lyon-para-o-monaco-veja-valores\/"]}]},{"@type":"ImageObject","inLanguage":"pt-BR","@id":"https:\/\/www.gaveanews.com\/index.php\/2021\/07\/31\/flamengo-recebera-bolada-na-ida-de-jean-lucas-do-lyon-para-o-monaco-veja-valores\/#primaryimage","url":"https:\/\/www.gaveanews.com\/wp-content\/uploads\/2019\/03\/Jean-Lucas-durante-treinamento-no-Ninho-do-Urubu.webp","contentUrl":"https:\/\/www.gaveanews.com\/wp-content\/uploads\/2019\/03\/Jean-Lucas-durante-treinamento-no-Ninho-do-Urubu.webp","width":880,"height":586,"caption":"Jean Lucas durante treinamento no Ninho do Urubu (Foto: Gilvan de Souza\/Flamengo)"},{"@type":"BreadcrumbList","@id":"https:\/\/www.gaveanews.com\/index.php\/2021\/07\/31\/flamengo-recebera-bolada-na-ida-de-jean-lucas-do-lyon-para-o-monaco-veja-valores\/#breadcrumb","itemListElement":[{"@type":"ListItem","position":1,"name":"Home","item":"https:\/\/www.gaveanews.com\/"},{"@type":"ListItem","position":2,"name":"Flamengo receber\u00e1 bolada na ida de Jean Lucas do Lyon para o Monaco; veja valores"}]},{"@type":"WebSite","@id":"https:\/\/www.gaveanews.com\/#website","url":"https:\/\/www.gaveanews.com\/","name":"G\u00e1vea News","description":"Veja todas as not\u00edcias sobre o Flamengo: Contrata\u00e7\u00f5es, categorias de base, resultados das partidas, tabela de classifica\u00e7\u00e3o, pr\u00f3ximos jogos!","potentialAction":[{"@type":"SearchAction","target":{"@type":"EntryPoint","urlTemplate":"https:\/\/www.gaveanews.com\/?s={search_term_string}"},"query-input":{"@type":"PropertyValueSpecification","valueRequired":true,"valueName":"search_term_string"}}],"inLanguage":"pt-BR"},{"@type":"Person","@id":"https:\/\/www.gaveanews.com\/#\/schema\/person\/2ec14f73fb96be2caf28f91afb14749d","name":"Equipe G\u00e1vea News","image":{"@type":"ImageObject","inLanguage":"pt-BR","@id":"https:\/\/www.gaveanews.com\/#\/schema\/person\/image\/","url":"https:\/\/secure.gravatar.com\/avatar\/1e1956f1facbffd3f8fa53a326721950116b3b9dc9bd44939c01180fd4a745a9?s=96&d=mm&r=g","contentUrl":"https:\/\/secure.gravatar.com\/avatar\/1e1956f1facbffd3f8fa53a326721950116b3b9dc9bd44939c01180fd4a745a9?s=96&d=mm&r=g","caption":"Equipe G\u00e1vea News"}}]}},"_links":{"self":[{"href":"https:\/\/www.gaveanews.com\/index.php\/wp-json\/wp\/v2\/posts\/65070","targetHints":{"allow":["GET"]}}],"collection":[{"href":"https:\/\/www.gaveanews.com\/index.php\/wp-json\/wp\/v2\/posts"}],"about":[{"href":"https:\/\/www.gaveanews.com\/index.php\/wp-json\/wp\/v2\/types\/post"}],"author":[{"embeddable":true,"href":"https:\/\/www.gaveanews.com\/index.php\/wp-json\/wp\/v2\/users\/1"}],"replies":[{"embeddable":true,"href":"https:\/\/www.gaveanews.com\/index.php\/wp-json\/wp\/v2\/comments?post=65070"}],"version-history":[{"count":0,"href":"https:\/\/www.gaveanews.com\/index.php\/wp-json\/wp\/v2\/posts\/65070\/revisions"}],"wp:featuredmedia":[{"embeddable":true,"href":"https:\/\/www.gaveanews.com\/index.php\/wp-json\/wp\/v2\/media\/14545"}],"wp:attachment":[{"href":"https:\/\/www.gaveanews.com\/index.php\/wp-json\/wp\/v2\/media?parent=65070"}],"wp:term":[{"taxonomy":"category","embeddable":true,"href":"https:\/\/www.gaveanews.com\/index.php\/wp-json\/wp\/v2\/categories?post=65070"},{"taxonomy":"post_tag","embeddable":true,"href":"https:\/\/www.gaveanews.com\/index.php\/wp-json\/wp\/v2\/tags?post=65070"}],"curies":[{"name":"wp","href":"https:\/\/api.w.org\/{rel}","templated":true}]}}