{"id":65072,"date":"2021-07-31T19:23:43","date_gmt":"2021-07-31T22:23:43","guid":{"rendered":"https:\/\/www.gaveanews.com\/?p=65072"},"modified":"2021-07-31T19:23:46","modified_gmt":"2021-07-31T22:23:46","slug":"apos-revelar-depressao-michael-do-flamengo-ganha-apoio-nas-redes-sociais","status":"publish","type":"post","link":"https:\/\/www.gaveanews.com\/index.php\/2021\/07\/31\/apos-revelar-depressao-michael-do-flamengo-ganha-apoio-nas-redes-sociais\/","title":{"rendered":"Ap\u00f3s revelar depress\u00e3o, Michael, do Flamengo, ganha apoio nas redes sociais"},"content":{"rendered":"\n<p>O atacante Michael revelou que teve depress\u00e3o em 2020 ap\u00f3s sua chegada ao Flamengo. Em uma entrevista ao \u201cCanal Barbaridade\u201d, ele disse que teve pensamentos suicidas ainda na \u00e9poca em que Jorge Jesus era o t\u00e9cnico do time.<\/p>\n\n\n\n<p>O atleta se abriu sobre o assunto ao comentar sobre o caso da ginasta americana Simone Biles, que decidiu n\u00e3o participar da final individual geral na Olimp\u00edada de T\u00f3quio por conta da sa\u00fade mental.<\/p>\n\n\n\n<p><strong><em>\u2014 Eu tive depress\u00e3o no ano passado, sofri muito com isso. Na \u00e9poca, eu estava no hotel e quis me suicidar. Me veio pensamentos ruins e eu queria saber como era me jogar do pr\u00e9dio. Ent\u00e3o, eu gritei por socorro, pela minha mulher, pelo doutor Tanure, Diego Ribas, Diego Alves, Filipe Lu\u00eds, o Rafinha, o Marcos Braz tamb\u00e9m. Eles me fizeram ser querido, ser abra\u00e7ado. Eles tiveram um cuidado comigo, que ningu\u00e9m antes tinha feito<\/em><\/strong>, contou Michael.<\/p>\n\n\n\n<p><strong><em>\u2014 Por isso, eu comecei a fazer psic\u00f3logo, psiquiatra. Hoje, eu continuo fazendo, mas apenas uma vez na semana. Sou muito grato pelo que fizeram por mim. N\u00e3o tenho vergonha de falar isso porque depress\u00e3o quase todo mundo tem, mas ningu\u00e9m quer assumir. Orgulho n\u00e3o serve para nada, s\u00f3 serve para nos matar. A gratid\u00e3o que eu tenho pelo Flamengo, pelos profissionais principalmente, ser\u00e1 para o resto da vida. Quando eu mais precisei de um amigo, o Flamengo estendeu a m\u00e3o para mim<\/em><\/strong>, completou o jogador.<\/p>\n\n\n\n<p>Ap\u00f3s a not\u00edcia se espalhar, Michael ganhou muito apoio nas redes sociais, tanto de torcedores do Flamengo como de outras torcidas. Internautas exaltaram a coragem do jogador em compartilhar sua dor e assim poder encorajar outras pessoas que passam pelo mesmo problema a buscarem ajuda.<\/p>\n\n\n\n<p><strong>Confira a repercuss\u00e3o no Twitter:<\/strong><\/p>\n\n\n\n<figure class=\"wp-block-embed is-type-rich is-provider-twitter wp-block-embed-twitter\"><div class=\"wp-block-embed__wrapper\">\nhttps:\/\/twitter.com\/zirtaeb_a\/status\/1421278454474055680\n<\/div><\/figure>\n\n\n\n<figure class=\"wp-block-embed is-type-rich is-provider-twitter wp-block-embed-twitter\"><div class=\"wp-block-embed__wrapper\">\n<blockquote class=\"twitter-tweet\" data-width=\"550\" data-dnt=\"true\"><p lang=\"pt\" dir=\"ltr\">Q hist\u00f3ria do Michael, cara venceu a depress\u00e3o com muito esfor\u00e7o e ta colhendo frutos \u2764<\/p>&mdash; Ronald\u2764\ufe0f (@Vitor_Ronald00) <a href=\"https:\/\/twitter.com\/Vitor_Ronald00\/status\/1421308936267968518?ref_src=twsrc%5Etfw\">July 31, 2021<\/a><\/blockquote><script async src=\"https:\/\/platform.twitter.com\/widgets.js\" charset=\"utf-8\"><\/script>\n<\/div><\/figure>\n\n\n\n<figure class=\"wp-block-embed is-type-rich is-provider-twitter wp-block-embed-twitter\"><div class=\"wp-block-embed__wrapper\">\nhttps:\/\/twitter.com\/CosenzaGiuliano\/status\/1421277877245554691\n<\/div><\/figure>\n\n\n\n<figure class=\"wp-block-embed is-type-rich is-provider-twitter wp-block-embed-twitter\"><div class=\"wp-block-embed__wrapper\">\n<blockquote class=\"twitter-tweet\" data-width=\"550\" data-dnt=\"true\"><p lang=\"pt\" dir=\"ltr\">Michael se mostrando muito gigante ao falar sobre os problemas que enfrentou. Muito dif\u00edcil lidar com a depress\u00e3o e as cr\u00edticas vindo. Agora deu a volta por cima e abriu o jogo. GIGANTE! Merece todo sucesso do mundo.<\/p>&mdash; Bruna (@bruunag__) <a href=\"https:\/\/twitter.com\/bruunag__\/status\/1421271536682557442?ref_src=twsrc%5Etfw\">July 31, 2021<\/a><\/blockquote><script async src=\"https:\/\/platform.twitter.com\/widgets.js\" charset=\"utf-8\"><\/script>\n<\/div><\/figure>\n\n\n\n<figure class=\"wp-block-embed is-type-rich is-provider-twitter wp-block-embed-twitter\"><div class=\"wp-block-embed__wrapper\">\n<blockquote class=\"twitter-tweet\" data-width=\"550\" data-dnt=\"true\"><p lang=\"pt\" dir=\"ltr\">Michael dizendo que teve depress\u00e3o ano passado e o Tanure, Diego Ribas, Diego Alves, Rafinha, Filipe Lu\u00eds e Braz ajudaram muito ele, al\u00e9m de sua esposa, parada muito s\u00e9ria, depress\u00e3o n\u00e3o \u00e9 brincadeira. Gra\u00e7as a Deus o Michael deu a volta por cima, merece tudo que est\u00e1 vivendo!<\/p>&mdash; RA\u00c7A, AMOR E PAIX\u00c3O! \ud83d\udd34\u26ab \u1d9c\u02b3\u1da0 (@flaamor1981) <a href=\"https:\/\/twitter.com\/flaamor1981\/status\/1421305328575160322?ref_src=twsrc%5Etfw\">July 31, 2021<\/a><\/blockquote><script async src=\"https:\/\/platform.twitter.com\/widgets.js\" charset=\"utf-8\"><\/script>\n<\/div><\/figure>\n\n\n\n<figure class=\"wp-block-embed is-type-rich is-provider-twitter wp-block-embed-twitter\"><div class=\"wp-block-embed__wrapper\">\n<blockquote class=\"twitter-tweet\" data-width=\"550\" data-dnt=\"true\"><p lang=\"pt\" dir=\"ltr\">Esse depoimento do Michael falando que estava com depress\u00e3o me fez analisar demais algumas coisas, a gente nunca pode julgar as atitudes de ningu\u00e9m<\/p>&mdash; Kah \u1d9c\u02b3\u1da0 (@kakacrfff) <a href=\"https:\/\/twitter.com\/kakacrfff\/status\/1421411216258383875?ref_src=twsrc%5Etfw\">July 31, 2021<\/a><\/blockquote><script async src=\"https:\/\/platform.twitter.com\/widgets.js\" charset=\"utf-8\"><\/script>\n<\/div><\/figure>\n\n\n\n<figure class=\"wp-block-embed is-type-rich is-provider-twitter wp-block-embed-twitter\"><div class=\"wp-block-embed__wrapper\">\n<blockquote class=\"twitter-tweet\" data-width=\"550\" data-dnt=\"true\"><p lang=\"pt\" dir=\"ltr\">E sinto muito mal pelas cr\u00edticas injustas que fiz ao Michael. N\u00e3o pelo futebol que apresentava na \u00e9poca das mesmas,mas, e s\u00f3 quem passou pela depress\u00e3o sabe, do s\u00e9rio problema que ele enfrentava na \u00e9poca. O cara foi um valente. N\u00e3o atoa \u00e9 considerado um vencedor da vida.<\/p>&mdash; Mauro Pretti\u1d9c\u02b3\u1da0 (@Mauro321) <a href=\"https:\/\/twitter.com\/Mauro321\/status\/1421416572715950081?ref_src=twsrc%5Etfw\">July 31, 2021<\/a><\/blockquote><script async src=\"https:\/\/platform.twitter.com\/widgets.js\" charset=\"utf-8\"><\/script>\n<\/div><\/figure>\n\n\n\n<figure class=\"wp-block-embed is-type-rich is-provider-twitter wp-block-embed-twitter\"><div class=\"wp-block-embed__wrapper\">\n<blockquote class=\"twitter-tweet\" data-width=\"550\" data-dnt=\"true\"><p lang=\"pt\" dir=\"ltr\">Depress\u00e3o n\u00e3o tem cara. Ainda existe o tabu de que a pessoa deprimida \u00e9 uma pessoa triste. Sempre s\u00f3 se viu Michael sorridente, brincando. A depress\u00e3o te pega justamente quando voc\u00ea est\u00e1 mais vulner\u00e1vel, quando est\u00e1 s\u00f3.<\/p>&mdash; Gabimel (@_melniciusJr) <a href=\"https:\/\/twitter.com\/_melniciusJr\/status\/1421292971677437955?ref_src=twsrc%5Etfw\">July 31, 2021<\/a><\/blockquote><script async src=\"https:\/\/platform.twitter.com\/widgets.js\" charset=\"utf-8\"><\/script>\n<\/div><\/figure>\n\n\n\n<p>Retirado de: O Dia<\/p>\n","protected":false},"excerpt":{"rendered":"<p>O atacante Michael revelou que teve depress\u00e3o em 2020 ap\u00f3s sua chegada ao Flamengo. Em uma entrevista ao \u201cCanal Barbaridade\u201d, ele disse que teve pensamentos suicidas ainda na \u00e9poca em que Jorge Jesus era o t\u00e9cnico do time. O atleta se abriu sobre o assunto ao comentar sobre o caso da ginasta americana Simone Biles, [&hellip;]<\/p>\n","protected":false},"author":1,"featured_media":64458,"comment_status":"open","ping_status":"closed","sticky":false,"template":"","format":"standard","meta":{"footnotes":""},"categories":[1],"tags":[],"class_list":["post-65072","post","type-post","status-publish","format-standard","has-post-thumbnail","hentry","category-flamengo"],"yoast_head":"<!-- This site is optimized with the Yoast SEO Premium plugin v24.2 (Yoast SEO v26.9) - https:\/\/yoast.com\/product\/yoast-seo-premium-wordpress\/ -->\n<title>Ap\u00f3s revelar depress\u00e3o, Michael, do Flamengo, ganha apoio na web<\/title>\n<meta name=\"robots\" content=\"index, follow, max-snippet:-1, max-image-preview:large, max-video-preview:-1\" \/>\n<link rel=\"canonical\" href=\"https:\/\/www.gaveanews.com\/index.php\/2021\/07\/31\/apos-revelar-depressao-michael-do-flamengo-ganha-apoio-nas-redes-sociais\/\" \/>\n<meta property=\"og:locale\" content=\"pt_BR\" \/>\n<meta property=\"og:type\" content=\"article\" \/>\n<meta property=\"og:title\" content=\"Ap\u00f3s revelar depress\u00e3o, Michael, do Flamengo, ganha apoio nas redes sociais\" \/>\n<meta property=\"og:description\" content=\"O atacante Michael revelou que teve depress\u00e3o em 2020 ap\u00f3s sua chegada ao Flamengo. Em uma entrevista ao \u201cCanal Barbaridade\u201d, ele disse que teve pensamentos suicidas ainda na \u00e9poca em que Jorge Jesus era o t\u00e9cnico do time. O atleta se abriu sobre o assunto ao comentar sobre o caso da ginasta americana Simone Biles, [&hellip;]\" \/>\n<meta property=\"og:url\" content=\"https:\/\/www.gaveanews.com\/index.php\/2021\/07\/31\/apos-revelar-depressao-michael-do-flamengo-ganha-apoio-nas-redes-sociais\/\" \/>\n<meta property=\"og:site_name\" content=\"G\u00e1vea News\" \/>\n<meta property=\"article:publisher\" content=\"https:\/\/facebook.com\/gaveaNews\/\" \/>\n<meta property=\"article:published_time\" content=\"2021-07-31T22:23:43+00:00\" \/>\n<meta property=\"article:modified_time\" content=\"2021-07-31T22:23:46+00:00\" \/>\n<meta property=\"og:image\" content=\"https:\/\/www.gaveanews.com\/wp-content\/uploads\/Michael-corre-para-comemorar-o-seu-gol-no-jogo-entre-Flamengo-e-Defensa-y-Justicia-pela-Copa-Libertadores-da-temporada-de-2021.webp\" \/>\n\t<meta property=\"og:image:width\" content=\"799\" \/>\n\t<meta property=\"og:image:height\" content=\"533\" \/>\n\t<meta property=\"og:image:type\" content=\"image\/jpeg\" \/>\n<meta name=\"author\" content=\"Equipe G\u00e1vea News\" \/>\n<meta name=\"twitter:card\" content=\"summary_large_image\" \/>\n<meta name=\"twitter:label1\" content=\"Escrito por\" \/>\n\t<meta name=\"twitter:data1\" content=\"Equipe G\u00e1vea News\" \/>\n\t<meta name=\"twitter:label2\" content=\"Est. tempo de leitura\" \/>\n\t<meta name=\"twitter:data2\" content=\"2 minutos\" \/>\n<script type=\"application\/ld+json\" class=\"yoast-schema-graph\">{\"@context\":\"https:\/\/schema.org\",\"@graph\":[{\"@type\":\"NewsArticle\",\"@id\":\"https:\/\/www.gaveanews.com\/index.php\/2021\/07\/31\/apos-revelar-depressao-michael-do-flamengo-ganha-apoio-nas-redes-sociais\/#article\",\"isPartOf\":{\"@id\":\"https:\/\/www.gaveanews.com\/index.php\/2021\/07\/31\/apos-revelar-depressao-michael-do-flamengo-ganha-apoio-nas-redes-sociais\/\"},\"author\":{\"name\":\"Equipe G\u00e1vea News\",\"@id\":\"https:\/\/www.gaveanews.com\/#\/schema\/person\/2ec14f73fb96be2caf28f91afb14749d\"},\"headline\":\"Ap\u00f3s revelar depress\u00e3o, Michael, do Flamengo, ganha apoio nas redes sociais\",\"datePublished\":\"2021-07-31T22:23:43+00:00\",\"dateModified\":\"2021-07-31T22:23:46+00:00\",\"mainEntityOfPage\":{\"@id\":\"https:\/\/www.gaveanews.com\/index.php\/2021\/07\/31\/apos-revelar-depressao-michael-do-flamengo-ganha-apoio-nas-redes-sociais\/\"},\"wordCount\":365,\"commentCount\":10,\"image\":{\"@id\":\"https:\/\/www.gaveanews.com\/index.php\/2021\/07\/31\/apos-revelar-depressao-michael-do-flamengo-ganha-apoio-nas-redes-sociais\/#primaryimage\"},\"thumbnailUrl\":\"https:\/\/www.gaveanews.com\/wp-content\/uploads\/Michael-corre-para-comemorar-o-seu-gol-no-jogo-entre-Flamengo-e-Defensa-y-Justicia-pela-Copa-Libertadores-da-temporada-de-2021.webp\",\"articleSection\":[\"Flamengo\"],\"inLanguage\":\"pt-BR\",\"potentialAction\":[{\"@type\":\"CommentAction\",\"name\":\"Comment\",\"target\":[\"https:\/\/www.gaveanews.com\/index.php\/2021\/07\/31\/apos-revelar-depressao-michael-do-flamengo-ganha-apoio-nas-redes-sociais\/#respond\"]}],\"copyrightYear\":\"2021\",\"copyrightHolder\":{\"@id\":\"https:\/\/www.gaveanews.com\/#organization\"}},{\"@type\":\"WebPage\",\"@id\":\"https:\/\/www.gaveanews.com\/index.php\/2021\/07\/31\/apos-revelar-depressao-michael-do-flamengo-ganha-apoio-nas-redes-sociais\/\",\"url\":\"https:\/\/www.gaveanews.com\/index.php\/2021\/07\/31\/apos-revelar-depressao-michael-do-flamengo-ganha-apoio-nas-redes-sociais\/\",\"name\":\"Ap\u00f3s revelar depress\u00e3o, Michael, do Flamengo, ganha apoio na web\",\"isPartOf\":{\"@id\":\"https:\/\/www.gaveanews.com\/#website\"},\"primaryImageOfPage\":{\"@id\":\"https:\/\/www.gaveanews.com\/index.php\/2021\/07\/31\/apos-revelar-depressao-michael-do-flamengo-ganha-apoio-nas-redes-sociais\/#primaryimage\"},\"image\":{\"@id\":\"https:\/\/www.gaveanews.com\/index.php\/2021\/07\/31\/apos-revelar-depressao-michael-do-flamengo-ganha-apoio-nas-redes-sociais\/#primaryimage\"},\"thumbnailUrl\":\"https:\/\/www.gaveanews.com\/wp-content\/uploads\/Michael-corre-para-comemorar-o-seu-gol-no-jogo-entre-Flamengo-e-Defensa-y-Justicia-pela-Copa-Libertadores-da-temporada-de-2021.webp\",\"datePublished\":\"2021-07-31T22:23:43+00:00\",\"dateModified\":\"2021-07-31T22:23:46+00:00\",\"author\":{\"@id\":\"https:\/\/www.gaveanews.com\/#\/schema\/person\/2ec14f73fb96be2caf28f91afb14749d\"},\"breadcrumb\":{\"@id\":\"https:\/\/www.gaveanews.com\/index.php\/2021\/07\/31\/apos-revelar-depressao-michael-do-flamengo-ganha-apoio-nas-redes-sociais\/#breadcrumb\"},\"inLanguage\":\"pt-BR\",\"potentialAction\":[{\"@type\":\"ReadAction\",\"target\":[\"https:\/\/www.gaveanews.com\/index.php\/2021\/07\/31\/apos-revelar-depressao-michael-do-flamengo-ganha-apoio-nas-redes-sociais\/\"]}]},{\"@type\":\"ImageObject\",\"inLanguage\":\"pt-BR\",\"@id\":\"https:\/\/www.gaveanews.com\/index.php\/2021\/07\/31\/apos-revelar-depressao-michael-do-flamengo-ganha-apoio-nas-redes-sociais\/#primaryimage\",\"url\":\"https:\/\/www.gaveanews.com\/wp-content\/uploads\/Michael-corre-para-comemorar-o-seu-gol-no-jogo-entre-Flamengo-e-Defensa-y-Justicia-pela-Copa-Libertadores-da-temporada-de-2021.webp\",\"contentUrl\":\"https:\/\/www.gaveanews.com\/wp-content\/uploads\/Michael-corre-para-comemorar-o-seu-gol-no-jogo-entre-Flamengo-e-Defensa-y-Justicia-pela-Copa-Libertadores-da-temporada-de-2021.webp\",\"width\":799,\"height\":533,\"caption\":\"Michael corre para comemorar o seu gol no jogo entre Flamengo e Defensa y Justicia pela Copa Libertadores da temporada de 2021 (Foto: Alexandre Vidal\/Flamengo)\"},{\"@type\":\"BreadcrumbList\",\"@id\":\"https:\/\/www.gaveanews.com\/index.php\/2021\/07\/31\/apos-revelar-depressao-michael-do-flamengo-ganha-apoio-nas-redes-sociais\/#breadcrumb\",\"itemListElement\":[{\"@type\":\"ListItem\",\"position\":1,\"name\":\"Home\",\"item\":\"https:\/\/www.gaveanews.com\/\"},{\"@type\":\"ListItem\",\"position\":2,\"name\":\"Ap\u00f3s revelar depress\u00e3o, Michael, do Flamengo, ganha apoio nas redes sociais\"}]},{\"@type\":\"WebSite\",\"@id\":\"https:\/\/www.gaveanews.com\/#website\",\"url\":\"https:\/\/www.gaveanews.com\/\",\"name\":\"G\u00e1vea News\",\"description\":\"Veja todas as not\u00edcias sobre o Flamengo: Contrata\u00e7\u00f5es, categorias de base, resultados das partidas, tabela de classifica\u00e7\u00e3o, pr\u00f3ximos jogos!\",\"potentialAction\":[{\"@type\":\"SearchAction\",\"target\":{\"@type\":\"EntryPoint\",\"urlTemplate\":\"https:\/\/www.gaveanews.com\/?s={search_term_string}\"},\"query-input\":{\"@type\":\"PropertyValueSpecification\",\"valueRequired\":true,\"valueName\":\"search_term_string\"}}],\"inLanguage\":\"pt-BR\"},{\"@type\":\"Person\",\"@id\":\"https:\/\/www.gaveanews.com\/#\/schema\/person\/2ec14f73fb96be2caf28f91afb14749d\",\"name\":\"Equipe G\u00e1vea News\",\"image\":{\"@type\":\"ImageObject\",\"inLanguage\":\"pt-BR\",\"@id\":\"https:\/\/www.gaveanews.com\/#\/schema\/person\/image\/\",\"url\":\"https:\/\/secure.gravatar.com\/avatar\/1e1956f1facbffd3f8fa53a326721950116b3b9dc9bd44939c01180fd4a745a9?s=96&d=mm&r=g\",\"contentUrl\":\"https:\/\/secure.gravatar.com\/avatar\/1e1956f1facbffd3f8fa53a326721950116b3b9dc9bd44939c01180fd4a745a9?s=96&d=mm&r=g\",\"caption\":\"Equipe G\u00e1vea News\"}}]}<\/script>\n<!-- \/ Yoast SEO Premium plugin. -->","yoast_head_json":{"title":"Ap\u00f3s revelar depress\u00e3o, Michael, do Flamengo, ganha apoio na web","robots":{"index":"index","follow":"follow","max-snippet":"max-snippet:-1","max-image-preview":"max-image-preview:large","max-video-preview":"max-video-preview:-1"},"canonical":"https:\/\/www.gaveanews.com\/index.php\/2021\/07\/31\/apos-revelar-depressao-michael-do-flamengo-ganha-apoio-nas-redes-sociais\/","og_locale":"pt_BR","og_type":"article","og_title":"Ap\u00f3s revelar depress\u00e3o, Michael, do Flamengo, ganha apoio nas redes sociais","og_description":"O atacante Michael revelou que teve depress\u00e3o em 2020 ap\u00f3s sua chegada ao Flamengo. Em uma entrevista ao \u201cCanal Barbaridade\u201d, ele disse que teve pensamentos suicidas ainda na \u00e9poca em que Jorge Jesus era o t\u00e9cnico do time. O atleta se abriu sobre o assunto ao comentar sobre o caso da ginasta americana Simone Biles, [&hellip;]","og_url":"https:\/\/www.gaveanews.com\/index.php\/2021\/07\/31\/apos-revelar-depressao-michael-do-flamengo-ganha-apoio-nas-redes-sociais\/","og_site_name":"G\u00e1vea News","article_publisher":"https:\/\/facebook.com\/gaveaNews\/","article_published_time":"2021-07-31T22:23:43+00:00","article_modified_time":"2021-07-31T22:23:46+00:00","og_image":[{"width":799,"height":533,"url":"https:\/\/www.gaveanews.com\/wp-content\/uploads\/Michael-corre-para-comemorar-o-seu-gol-no-jogo-entre-Flamengo-e-Defensa-y-Justicia-pela-Copa-Libertadores-da-temporada-de-2021.webp","type":"image\/jpeg"}],"author":"Equipe G\u00e1vea News","twitter_card":"summary_large_image","twitter_misc":{"Escrito por":"Equipe G\u00e1vea News","Est. tempo de leitura":"2 minutos"},"schema":{"@context":"https:\/\/schema.org","@graph":[{"@type":"NewsArticle","@id":"https:\/\/www.gaveanews.com\/index.php\/2021\/07\/31\/apos-revelar-depressao-michael-do-flamengo-ganha-apoio-nas-redes-sociais\/#article","isPartOf":{"@id":"https:\/\/www.gaveanews.com\/index.php\/2021\/07\/31\/apos-revelar-depressao-michael-do-flamengo-ganha-apoio-nas-redes-sociais\/"},"author":{"name":"Equipe G\u00e1vea News","@id":"https:\/\/www.gaveanews.com\/#\/schema\/person\/2ec14f73fb96be2caf28f91afb14749d"},"headline":"Ap\u00f3s revelar depress\u00e3o, Michael, do Flamengo, ganha apoio nas redes sociais","datePublished":"2021-07-31T22:23:43+00:00","dateModified":"2021-07-31T22:23:46+00:00","mainEntityOfPage":{"@id":"https:\/\/www.gaveanews.com\/index.php\/2021\/07\/31\/apos-revelar-depressao-michael-do-flamengo-ganha-apoio-nas-redes-sociais\/"},"wordCount":365,"commentCount":10,"image":{"@id":"https:\/\/www.gaveanews.com\/index.php\/2021\/07\/31\/apos-revelar-depressao-michael-do-flamengo-ganha-apoio-nas-redes-sociais\/#primaryimage"},"thumbnailUrl":"https:\/\/www.gaveanews.com\/wp-content\/uploads\/Michael-corre-para-comemorar-o-seu-gol-no-jogo-entre-Flamengo-e-Defensa-y-Justicia-pela-Copa-Libertadores-da-temporada-de-2021.webp","articleSection":["Flamengo"],"inLanguage":"pt-BR","potentialAction":[{"@type":"CommentAction","name":"Comment","target":["https:\/\/www.gaveanews.com\/index.php\/2021\/07\/31\/apos-revelar-depressao-michael-do-flamengo-ganha-apoio-nas-redes-sociais\/#respond"]}],"copyrightYear":"2021","copyrightHolder":{"@id":"https:\/\/www.gaveanews.com\/#organization"}},{"@type":"WebPage","@id":"https:\/\/www.gaveanews.com\/index.php\/2021\/07\/31\/apos-revelar-depressao-michael-do-flamengo-ganha-apoio-nas-redes-sociais\/","url":"https:\/\/www.gaveanews.com\/index.php\/2021\/07\/31\/apos-revelar-depressao-michael-do-flamengo-ganha-apoio-nas-redes-sociais\/","name":"Ap\u00f3s revelar depress\u00e3o, Michael, do Flamengo, ganha apoio na web","isPartOf":{"@id":"https:\/\/www.gaveanews.com\/#website"},"primaryImageOfPage":{"@id":"https:\/\/www.gaveanews.com\/index.php\/2021\/07\/31\/apos-revelar-depressao-michael-do-flamengo-ganha-apoio-nas-redes-sociais\/#primaryimage"},"image":{"@id":"https:\/\/www.gaveanews.com\/index.php\/2021\/07\/31\/apos-revelar-depressao-michael-do-flamengo-ganha-apoio-nas-redes-sociais\/#primaryimage"},"thumbnailUrl":"https:\/\/www.gaveanews.com\/wp-content\/uploads\/Michael-corre-para-comemorar-o-seu-gol-no-jogo-entre-Flamengo-e-Defensa-y-Justicia-pela-Copa-Libertadores-da-temporada-de-2021.webp","datePublished":"2021-07-31T22:23:43+00:00","dateModified":"2021-07-31T22:23:46+00:00","author":{"@id":"https:\/\/www.gaveanews.com\/#\/schema\/person\/2ec14f73fb96be2caf28f91afb14749d"},"breadcrumb":{"@id":"https:\/\/www.gaveanews.com\/index.php\/2021\/07\/31\/apos-revelar-depressao-michael-do-flamengo-ganha-apoio-nas-redes-sociais\/#breadcrumb"},"inLanguage":"pt-BR","potentialAction":[{"@type":"ReadAction","target":["https:\/\/www.gaveanews.com\/index.php\/2021\/07\/31\/apos-revelar-depressao-michael-do-flamengo-ganha-apoio-nas-redes-sociais\/"]}]},{"@type":"ImageObject","inLanguage":"pt-BR","@id":"https:\/\/www.gaveanews.com\/index.php\/2021\/07\/31\/apos-revelar-depressao-michael-do-flamengo-ganha-apoio-nas-redes-sociais\/#primaryimage","url":"https:\/\/www.gaveanews.com\/wp-content\/uploads\/Michael-corre-para-comemorar-o-seu-gol-no-jogo-entre-Flamengo-e-Defensa-y-Justicia-pela-Copa-Libertadores-da-temporada-de-2021.webp","contentUrl":"https:\/\/www.gaveanews.com\/wp-content\/uploads\/Michael-corre-para-comemorar-o-seu-gol-no-jogo-entre-Flamengo-e-Defensa-y-Justicia-pela-Copa-Libertadores-da-temporada-de-2021.webp","width":799,"height":533,"caption":"Michael corre para comemorar o seu gol no jogo entre Flamengo e Defensa y Justicia pela Copa Libertadores da temporada de 2021 (Foto: Alexandre Vidal\/Flamengo)"},{"@type":"BreadcrumbList","@id":"https:\/\/www.gaveanews.com\/index.php\/2021\/07\/31\/apos-revelar-depressao-michael-do-flamengo-ganha-apoio-nas-redes-sociais\/#breadcrumb","itemListElement":[{"@type":"ListItem","position":1,"name":"Home","item":"https:\/\/www.gaveanews.com\/"},{"@type":"ListItem","position":2,"name":"Ap\u00f3s revelar depress\u00e3o, Michael, do Flamengo, ganha apoio nas redes sociais"}]},{"@type":"WebSite","@id":"https:\/\/www.gaveanews.com\/#website","url":"https:\/\/www.gaveanews.com\/","name":"G\u00e1vea News","description":"Veja todas as not\u00edcias sobre o Flamengo: Contrata\u00e7\u00f5es, categorias de base, resultados das partidas, tabela de classifica\u00e7\u00e3o, pr\u00f3ximos jogos!","potentialAction":[{"@type":"SearchAction","target":{"@type":"EntryPoint","urlTemplate":"https:\/\/www.gaveanews.com\/?s={search_term_string}"},"query-input":{"@type":"PropertyValueSpecification","valueRequired":true,"valueName":"search_term_string"}}],"inLanguage":"pt-BR"},{"@type":"Person","@id":"https:\/\/www.gaveanews.com\/#\/schema\/person\/2ec14f73fb96be2caf28f91afb14749d","name":"Equipe G\u00e1vea News","image":{"@type":"ImageObject","inLanguage":"pt-BR","@id":"https:\/\/www.gaveanews.com\/#\/schema\/person\/image\/","url":"https:\/\/secure.gravatar.com\/avatar\/1e1956f1facbffd3f8fa53a326721950116b3b9dc9bd44939c01180fd4a745a9?s=96&d=mm&r=g","contentUrl":"https:\/\/secure.gravatar.com\/avatar\/1e1956f1facbffd3f8fa53a326721950116b3b9dc9bd44939c01180fd4a745a9?s=96&d=mm&r=g","caption":"Equipe G\u00e1vea News"}}]}},"_links":{"self":[{"href":"https:\/\/www.gaveanews.com\/index.php\/wp-json\/wp\/v2\/posts\/65072","targetHints":{"allow":["GET"]}}],"collection":[{"href":"https:\/\/www.gaveanews.com\/index.php\/wp-json\/wp\/v2\/posts"}],"about":[{"href":"https:\/\/www.gaveanews.com\/index.php\/wp-json\/wp\/v2\/types\/post"}],"author":[{"embeddable":true,"href":"https:\/\/www.gaveanews.com\/index.php\/wp-json\/wp\/v2\/users\/1"}],"replies":[{"embeddable":true,"href":"https:\/\/www.gaveanews.com\/index.php\/wp-json\/wp\/v2\/comments?post=65072"}],"version-history":[{"count":0,"href":"https:\/\/www.gaveanews.com\/index.php\/wp-json\/wp\/v2\/posts\/65072\/revisions"}],"wp:featuredmedia":[{"embeddable":true,"href":"https:\/\/www.gaveanews.com\/index.php\/wp-json\/wp\/v2\/media\/64458"}],"wp:attachment":[{"href":"https:\/\/www.gaveanews.com\/index.php\/wp-json\/wp\/v2\/media?parent=65072"}],"wp:term":[{"taxonomy":"category","embeddable":true,"href":"https:\/\/www.gaveanews.com\/index.php\/wp-json\/wp\/v2\/categories?post=65072"},{"taxonomy":"post_tag","embeddable":true,"href":"https:\/\/www.gaveanews.com\/index.php\/wp-json\/wp\/v2\/tags?post=65072"}],"curies":[{"name":"wp","href":"https:\/\/api.w.org\/{rel}","templated":true}]}}