{"id":65074,"date":"2021-07-31T20:09:53","date_gmt":"2021-07-31T23:09:53","guid":{"rendered":"https:\/\/www.gaveanews.com\/?p=65074"},"modified":"2021-07-31T20:09:55","modified_gmt":"2021-07-31T23:09:55","slug":"o-sonho-do-vidal-e-jogar-no-flamengo-diz-mauricio-isla","status":"publish","type":"post","link":"https:\/\/www.gaveanews.com\/index.php\/2021\/07\/31\/o-sonho-do-vidal-e-jogar-no-flamengo-diz-mauricio-isla\/","title":{"rendered":"\u201cO sonho do Vidal \u00e9 jogar no Flamengo\u201d, diz Maur\u00edcio Isla"},"content":{"rendered":"\n<p>Em entrevista \u00e0 \u201cFla TV\u201c, Isla foi questionado sobre a possibilidade de Vidal jogar no Flamengo. Como \u00e9 bastante pr\u00f3ximo do volante, com quem atua na sele\u00e7\u00e3o do Chile h\u00e1 v\u00e1rios anos, o lateral-direito revelou que o atleta da Inter de Mil\u00e3o possui o sonho de atuar pelo Rubro-Negro. No entanto, o cen\u00e1rio ainda deve demorar um pouco para se concretizar, j\u00e1 que o atual v\u00ednculo, v\u00e1lido at\u00e9 a metade de 2022, deve ser cumprido.<\/p>\n\n\n\n<p>\u2014 <strong><em>Arturo viveu um per\u00edodo dif\u00edcil, operou o joelho\u2026 N\u00e3o jogou 100% na Copa Am\u00e9rica (\u2026) Quando saiu a proposta, ele disse: \u2018Vai para o Flamengo!\u2019. Agora, est\u00e1 treinando na Inter de Mil\u00e3o, mas seu sonho \u00e9 voltar (para Am\u00e9rica do Sul) e jogar no Flamengo. Na concentra\u00e7\u00e3o do hotel, quando tinha a oportunidade de assistir (jogo do Flamengo na Copa Am\u00e9rica) estava com ele<\/em><\/strong>, declarou.<\/p>\n\n\n\n<p>Al\u00e9m disso, Isla relatou que Arrascaeta foi essencial para sua adapta\u00e7\u00e3o ao futebol brasileiro. Isso porque o chileno precisou de instru\u00e7\u00f5es para entender o portugu\u00eas, e contou com o apoio do meia-atacante.<\/p>\n\n\n\n<p><strong><em>\u2014 Arrasca (me ajudou) quando eu cheguei, falar portugu\u00eas foi muito dif\u00edcil. Filipe Lu\u00eds, Gabigol e Diego tamb\u00e9m falam espanhol, e o Arrascaeta foi muito importante<\/em><\/strong>, expressou.<\/p>\n\n\n\n<p>Retirado de: Torcedores<\/p>\n","protected":false},"excerpt":{"rendered":"<p>Em entrevista \u00e0 \u201cFla TV\u201c, Isla foi questionado sobre a possibilidade de Vidal jogar no Flamengo. Como \u00e9 bastante pr\u00f3ximo do volante, com quem atua na sele\u00e7\u00e3o do Chile h\u00e1 v\u00e1rios anos, o lateral-direito revelou que o atleta da Inter de Mil\u00e3o possui o sonho de atuar pelo Rubro-Negro. No entanto, o cen\u00e1rio ainda deve [&hellip;]<\/p>\n","protected":false},"author":1,"featured_media":64680,"comment_status":"open","ping_status":"closed","sticky":false,"template":"","format":"standard","meta":{"footnotes":""},"categories":[1],"tags":[],"class_list":["post-65074","post","type-post","status-publish","format-standard","has-post-thumbnail","hentry","category-flamengo"],"yoast_head":"<!-- This site is optimized with the Yoast SEO Premium plugin v24.2 (Yoast SEO v26.9) - https:\/\/yoast.com\/product\/yoast-seo-premium-wordpress\/ -->\n<title>\u201cO sonho do Vidal \u00e9 jogar no Flamengo\u201d, diz Maur\u00edcio Isla<\/title>\n<meta name=\"robots\" content=\"index, follow, max-snippet:-1, max-image-preview:large, max-video-preview:-1\" \/>\n<link rel=\"canonical\" href=\"https:\/\/www.gaveanews.com\/index.php\/2021\/07\/31\/o-sonho-do-vidal-e-jogar-no-flamengo-diz-mauricio-isla\/\" \/>\n<meta property=\"og:locale\" content=\"pt_BR\" \/>\n<meta property=\"og:type\" content=\"article\" \/>\n<meta property=\"og:title\" content=\"\u201cO sonho do Vidal \u00e9 jogar no Flamengo\u201d, diz Maur\u00edcio Isla\" \/>\n<meta property=\"og:description\" content=\"Em entrevista \u00e0 \u201cFla TV\u201c, Isla foi questionado sobre a possibilidade de Vidal jogar no Flamengo. Como \u00e9 bastante pr\u00f3ximo do volante, com quem atua na sele\u00e7\u00e3o do Chile h\u00e1 v\u00e1rios anos, o lateral-direito revelou que o atleta da Inter de Mil\u00e3o possui o sonho de atuar pelo Rubro-Negro. No entanto, o cen\u00e1rio ainda deve [&hellip;]\" \/>\n<meta property=\"og:url\" content=\"https:\/\/www.gaveanews.com\/index.php\/2021\/07\/31\/o-sonho-do-vidal-e-jogar-no-flamengo-diz-mauricio-isla\/\" \/>\n<meta property=\"og:site_name\" content=\"G\u00e1vea News\" \/>\n<meta property=\"article:publisher\" content=\"https:\/\/facebook.com\/gaveaNews\/\" \/>\n<meta property=\"article:published_time\" content=\"2021-07-31T23:09:53+00:00\" \/>\n<meta property=\"article:modified_time\" content=\"2021-07-31T23:09:55+00:00\" \/>\n<meta property=\"og:image\" content=\"https:\/\/www.gaveanews.com\/wp-content\/uploads\/Arturo-Vidal-com-uniforme-da-Inter-de-Milao.webp\" \/>\n\t<meta property=\"og:image:width\" content=\"640\" \/>\n\t<meta property=\"og:image:height\" content=\"400\" \/>\n\t<meta property=\"og:image:type\" content=\"image\/jpeg\" \/>\n<meta name=\"author\" content=\"Equipe G\u00e1vea News\" \/>\n<meta name=\"twitter:card\" content=\"summary_large_image\" \/>\n<meta name=\"twitter:label1\" content=\"Escrito por\" \/>\n\t<meta name=\"twitter:data1\" content=\"Equipe G\u00e1vea News\" \/>\n\t<meta name=\"twitter:label2\" content=\"Est. tempo de leitura\" \/>\n\t<meta name=\"twitter:data2\" content=\"1 minuto\" \/>\n<script type=\"application\/ld+json\" class=\"yoast-schema-graph\">{\"@context\":\"https:\/\/schema.org\",\"@graph\":[{\"@type\":\"NewsArticle\",\"@id\":\"https:\/\/www.gaveanews.com\/index.php\/2021\/07\/31\/o-sonho-do-vidal-e-jogar-no-flamengo-diz-mauricio-isla\/#article\",\"isPartOf\":{\"@id\":\"https:\/\/www.gaveanews.com\/index.php\/2021\/07\/31\/o-sonho-do-vidal-e-jogar-no-flamengo-diz-mauricio-isla\/\"},\"author\":{\"name\":\"Equipe G\u00e1vea News\",\"@id\":\"https:\/\/www.gaveanews.com\/#\/schema\/person\/2ec14f73fb96be2caf28f91afb14749d\"},\"headline\":\"\u201cO sonho do Vidal \u00e9 jogar no Flamengo\u201d, diz Maur\u00edcio Isla\",\"datePublished\":\"2021-07-31T23:09:53+00:00\",\"dateModified\":\"2021-07-31T23:09:55+00:00\",\"mainEntityOfPage\":{\"@id\":\"https:\/\/www.gaveanews.com\/index.php\/2021\/07\/31\/o-sonho-do-vidal-e-jogar-no-flamengo-diz-mauricio-isla\/\"},\"wordCount\":229,\"commentCount\":9,\"image\":{\"@id\":\"https:\/\/www.gaveanews.com\/index.php\/2021\/07\/31\/o-sonho-do-vidal-e-jogar-no-flamengo-diz-mauricio-isla\/#primaryimage\"},\"thumbnailUrl\":\"https:\/\/www.gaveanews.com\/wp-content\/uploads\/Arturo-Vidal-com-uniforme-da-Inter-de-Milao.webp\",\"articleSection\":[\"Flamengo\"],\"inLanguage\":\"pt-BR\",\"potentialAction\":[{\"@type\":\"CommentAction\",\"name\":\"Comment\",\"target\":[\"https:\/\/www.gaveanews.com\/index.php\/2021\/07\/31\/o-sonho-do-vidal-e-jogar-no-flamengo-diz-mauricio-isla\/#respond\"]}],\"copyrightYear\":\"2021\",\"copyrightHolder\":{\"@id\":\"https:\/\/www.gaveanews.com\/#organization\"}},{\"@type\":\"WebPage\",\"@id\":\"https:\/\/www.gaveanews.com\/index.php\/2021\/07\/31\/o-sonho-do-vidal-e-jogar-no-flamengo-diz-mauricio-isla\/\",\"url\":\"https:\/\/www.gaveanews.com\/index.php\/2021\/07\/31\/o-sonho-do-vidal-e-jogar-no-flamengo-diz-mauricio-isla\/\",\"name\":\"\u201cO sonho do Vidal \u00e9 jogar no Flamengo\u201d, diz Maur\u00edcio Isla\",\"isPartOf\":{\"@id\":\"https:\/\/www.gaveanews.com\/#website\"},\"primaryImageOfPage\":{\"@id\":\"https:\/\/www.gaveanews.com\/index.php\/2021\/07\/31\/o-sonho-do-vidal-e-jogar-no-flamengo-diz-mauricio-isla\/#primaryimage\"},\"image\":{\"@id\":\"https:\/\/www.gaveanews.com\/index.php\/2021\/07\/31\/o-sonho-do-vidal-e-jogar-no-flamengo-diz-mauricio-isla\/#primaryimage\"},\"thumbnailUrl\":\"https:\/\/www.gaveanews.com\/wp-content\/uploads\/Arturo-Vidal-com-uniforme-da-Inter-de-Milao.webp\",\"datePublished\":\"2021-07-31T23:09:53+00:00\",\"dateModified\":\"2021-07-31T23:09:55+00:00\",\"author\":{\"@id\":\"https:\/\/www.gaveanews.com\/#\/schema\/person\/2ec14f73fb96be2caf28f91afb14749d\"},\"breadcrumb\":{\"@id\":\"https:\/\/www.gaveanews.com\/index.php\/2021\/07\/31\/o-sonho-do-vidal-e-jogar-no-flamengo-diz-mauricio-isla\/#breadcrumb\"},\"inLanguage\":\"pt-BR\",\"potentialAction\":[{\"@type\":\"ReadAction\",\"target\":[\"https:\/\/www.gaveanews.com\/index.php\/2021\/07\/31\/o-sonho-do-vidal-e-jogar-no-flamengo-diz-mauricio-isla\/\"]}]},{\"@type\":\"ImageObject\",\"inLanguage\":\"pt-BR\",\"@id\":\"https:\/\/www.gaveanews.com\/index.php\/2021\/07\/31\/o-sonho-do-vidal-e-jogar-no-flamengo-diz-mauricio-isla\/#primaryimage\",\"url\":\"https:\/\/www.gaveanews.com\/wp-content\/uploads\/Arturo-Vidal-com-uniforme-da-Inter-de-Milao.webp\",\"contentUrl\":\"https:\/\/www.gaveanews.com\/wp-content\/uploads\/Arturo-Vidal-com-uniforme-da-Inter-de-Milao.webp\",\"width\":640,\"height\":400,\"caption\":\"Arturo Vidal com uniforme da Inter de Mil\u00e3o (Foto: Divulga\u00e7\u00e3o\/Inter de Mil\u00e3o)\"},{\"@type\":\"BreadcrumbList\",\"@id\":\"https:\/\/www.gaveanews.com\/index.php\/2021\/07\/31\/o-sonho-do-vidal-e-jogar-no-flamengo-diz-mauricio-isla\/#breadcrumb\",\"itemListElement\":[{\"@type\":\"ListItem\",\"position\":1,\"name\":\"Home\",\"item\":\"https:\/\/www.gaveanews.com\/\"},{\"@type\":\"ListItem\",\"position\":2,\"name\":\"\u201cO sonho do Vidal \u00e9 jogar no Flamengo\u201d, diz Maur\u00edcio Isla\"}]},{\"@type\":\"WebSite\",\"@id\":\"https:\/\/www.gaveanews.com\/#website\",\"url\":\"https:\/\/www.gaveanews.com\/\",\"name\":\"G\u00e1vea News\",\"description\":\"Veja todas as not\u00edcias sobre o Flamengo: Contrata\u00e7\u00f5es, categorias de base, resultados das partidas, tabela de classifica\u00e7\u00e3o, pr\u00f3ximos jogos!\",\"potentialAction\":[{\"@type\":\"SearchAction\",\"target\":{\"@type\":\"EntryPoint\",\"urlTemplate\":\"https:\/\/www.gaveanews.com\/?s={search_term_string}\"},\"query-input\":{\"@type\":\"PropertyValueSpecification\",\"valueRequired\":true,\"valueName\":\"search_term_string\"}}],\"inLanguage\":\"pt-BR\"},{\"@type\":\"Person\",\"@id\":\"https:\/\/www.gaveanews.com\/#\/schema\/person\/2ec14f73fb96be2caf28f91afb14749d\",\"name\":\"Equipe G\u00e1vea News\",\"image\":{\"@type\":\"ImageObject\",\"inLanguage\":\"pt-BR\",\"@id\":\"https:\/\/www.gaveanews.com\/#\/schema\/person\/image\/\",\"url\":\"https:\/\/secure.gravatar.com\/avatar\/1e1956f1facbffd3f8fa53a326721950116b3b9dc9bd44939c01180fd4a745a9?s=96&d=mm&r=g\",\"contentUrl\":\"https:\/\/secure.gravatar.com\/avatar\/1e1956f1facbffd3f8fa53a326721950116b3b9dc9bd44939c01180fd4a745a9?s=96&d=mm&r=g\",\"caption\":\"Equipe G\u00e1vea News\"}}]}<\/script>\n<!-- \/ Yoast SEO Premium plugin. -->","yoast_head_json":{"title":"\u201cO sonho do Vidal \u00e9 jogar no Flamengo\u201d, diz Maur\u00edcio Isla","robots":{"index":"index","follow":"follow","max-snippet":"max-snippet:-1","max-image-preview":"max-image-preview:large","max-video-preview":"max-video-preview:-1"},"canonical":"https:\/\/www.gaveanews.com\/index.php\/2021\/07\/31\/o-sonho-do-vidal-e-jogar-no-flamengo-diz-mauricio-isla\/","og_locale":"pt_BR","og_type":"article","og_title":"\u201cO sonho do Vidal \u00e9 jogar no Flamengo\u201d, diz Maur\u00edcio Isla","og_description":"Em entrevista \u00e0 \u201cFla TV\u201c, Isla foi questionado sobre a possibilidade de Vidal jogar no Flamengo. Como \u00e9 bastante pr\u00f3ximo do volante, com quem atua na sele\u00e7\u00e3o do Chile h\u00e1 v\u00e1rios anos, o lateral-direito revelou que o atleta da Inter de Mil\u00e3o possui o sonho de atuar pelo Rubro-Negro. No entanto, o cen\u00e1rio ainda deve [&hellip;]","og_url":"https:\/\/www.gaveanews.com\/index.php\/2021\/07\/31\/o-sonho-do-vidal-e-jogar-no-flamengo-diz-mauricio-isla\/","og_site_name":"G\u00e1vea News","article_publisher":"https:\/\/facebook.com\/gaveaNews\/","article_published_time":"2021-07-31T23:09:53+00:00","article_modified_time":"2021-07-31T23:09:55+00:00","og_image":[{"width":640,"height":400,"url":"https:\/\/www.gaveanews.com\/wp-content\/uploads\/Arturo-Vidal-com-uniforme-da-Inter-de-Milao.webp","type":"image\/jpeg"}],"author":"Equipe G\u00e1vea News","twitter_card":"summary_large_image","twitter_misc":{"Escrito por":"Equipe G\u00e1vea News","Est. tempo de leitura":"1 minuto"},"schema":{"@context":"https:\/\/schema.org","@graph":[{"@type":"NewsArticle","@id":"https:\/\/www.gaveanews.com\/index.php\/2021\/07\/31\/o-sonho-do-vidal-e-jogar-no-flamengo-diz-mauricio-isla\/#article","isPartOf":{"@id":"https:\/\/www.gaveanews.com\/index.php\/2021\/07\/31\/o-sonho-do-vidal-e-jogar-no-flamengo-diz-mauricio-isla\/"},"author":{"name":"Equipe G\u00e1vea News","@id":"https:\/\/www.gaveanews.com\/#\/schema\/person\/2ec14f73fb96be2caf28f91afb14749d"},"headline":"\u201cO sonho do Vidal \u00e9 jogar no Flamengo\u201d, diz Maur\u00edcio Isla","datePublished":"2021-07-31T23:09:53+00:00","dateModified":"2021-07-31T23:09:55+00:00","mainEntityOfPage":{"@id":"https:\/\/www.gaveanews.com\/index.php\/2021\/07\/31\/o-sonho-do-vidal-e-jogar-no-flamengo-diz-mauricio-isla\/"},"wordCount":229,"commentCount":9,"image":{"@id":"https:\/\/www.gaveanews.com\/index.php\/2021\/07\/31\/o-sonho-do-vidal-e-jogar-no-flamengo-diz-mauricio-isla\/#primaryimage"},"thumbnailUrl":"https:\/\/www.gaveanews.com\/wp-content\/uploads\/Arturo-Vidal-com-uniforme-da-Inter-de-Milao.webp","articleSection":["Flamengo"],"inLanguage":"pt-BR","potentialAction":[{"@type":"CommentAction","name":"Comment","target":["https:\/\/www.gaveanews.com\/index.php\/2021\/07\/31\/o-sonho-do-vidal-e-jogar-no-flamengo-diz-mauricio-isla\/#respond"]}],"copyrightYear":"2021","copyrightHolder":{"@id":"https:\/\/www.gaveanews.com\/#organization"}},{"@type":"WebPage","@id":"https:\/\/www.gaveanews.com\/index.php\/2021\/07\/31\/o-sonho-do-vidal-e-jogar-no-flamengo-diz-mauricio-isla\/","url":"https:\/\/www.gaveanews.com\/index.php\/2021\/07\/31\/o-sonho-do-vidal-e-jogar-no-flamengo-diz-mauricio-isla\/","name":"\u201cO sonho do Vidal \u00e9 jogar no Flamengo\u201d, diz Maur\u00edcio Isla","isPartOf":{"@id":"https:\/\/www.gaveanews.com\/#website"},"primaryImageOfPage":{"@id":"https:\/\/www.gaveanews.com\/index.php\/2021\/07\/31\/o-sonho-do-vidal-e-jogar-no-flamengo-diz-mauricio-isla\/#primaryimage"},"image":{"@id":"https:\/\/www.gaveanews.com\/index.php\/2021\/07\/31\/o-sonho-do-vidal-e-jogar-no-flamengo-diz-mauricio-isla\/#primaryimage"},"thumbnailUrl":"https:\/\/www.gaveanews.com\/wp-content\/uploads\/Arturo-Vidal-com-uniforme-da-Inter-de-Milao.webp","datePublished":"2021-07-31T23:09:53+00:00","dateModified":"2021-07-31T23:09:55+00:00","author":{"@id":"https:\/\/www.gaveanews.com\/#\/schema\/person\/2ec14f73fb96be2caf28f91afb14749d"},"breadcrumb":{"@id":"https:\/\/www.gaveanews.com\/index.php\/2021\/07\/31\/o-sonho-do-vidal-e-jogar-no-flamengo-diz-mauricio-isla\/#breadcrumb"},"inLanguage":"pt-BR","potentialAction":[{"@type":"ReadAction","target":["https:\/\/www.gaveanews.com\/index.php\/2021\/07\/31\/o-sonho-do-vidal-e-jogar-no-flamengo-diz-mauricio-isla\/"]}]},{"@type":"ImageObject","inLanguage":"pt-BR","@id":"https:\/\/www.gaveanews.com\/index.php\/2021\/07\/31\/o-sonho-do-vidal-e-jogar-no-flamengo-diz-mauricio-isla\/#primaryimage","url":"https:\/\/www.gaveanews.com\/wp-content\/uploads\/Arturo-Vidal-com-uniforme-da-Inter-de-Milao.webp","contentUrl":"https:\/\/www.gaveanews.com\/wp-content\/uploads\/Arturo-Vidal-com-uniforme-da-Inter-de-Milao.webp","width":640,"height":400,"caption":"Arturo Vidal com uniforme da Inter de Mil\u00e3o (Foto: Divulga\u00e7\u00e3o\/Inter de Mil\u00e3o)"},{"@type":"BreadcrumbList","@id":"https:\/\/www.gaveanews.com\/index.php\/2021\/07\/31\/o-sonho-do-vidal-e-jogar-no-flamengo-diz-mauricio-isla\/#breadcrumb","itemListElement":[{"@type":"ListItem","position":1,"name":"Home","item":"https:\/\/www.gaveanews.com\/"},{"@type":"ListItem","position":2,"name":"\u201cO sonho do Vidal \u00e9 jogar no Flamengo\u201d, diz Maur\u00edcio Isla"}]},{"@type":"WebSite","@id":"https:\/\/www.gaveanews.com\/#website","url":"https:\/\/www.gaveanews.com\/","name":"G\u00e1vea News","description":"Veja todas as not\u00edcias sobre o Flamengo: Contrata\u00e7\u00f5es, categorias de base, resultados das partidas, tabela de classifica\u00e7\u00e3o, pr\u00f3ximos jogos!","potentialAction":[{"@type":"SearchAction","target":{"@type":"EntryPoint","urlTemplate":"https:\/\/www.gaveanews.com\/?s={search_term_string}"},"query-input":{"@type":"PropertyValueSpecification","valueRequired":true,"valueName":"search_term_string"}}],"inLanguage":"pt-BR"},{"@type":"Person","@id":"https:\/\/www.gaveanews.com\/#\/schema\/person\/2ec14f73fb96be2caf28f91afb14749d","name":"Equipe G\u00e1vea News","image":{"@type":"ImageObject","inLanguage":"pt-BR","@id":"https:\/\/www.gaveanews.com\/#\/schema\/person\/image\/","url":"https:\/\/secure.gravatar.com\/avatar\/1e1956f1facbffd3f8fa53a326721950116b3b9dc9bd44939c01180fd4a745a9?s=96&d=mm&r=g","contentUrl":"https:\/\/secure.gravatar.com\/avatar\/1e1956f1facbffd3f8fa53a326721950116b3b9dc9bd44939c01180fd4a745a9?s=96&d=mm&r=g","caption":"Equipe G\u00e1vea News"}}]}},"_links":{"self":[{"href":"https:\/\/www.gaveanews.com\/index.php\/wp-json\/wp\/v2\/posts\/65074","targetHints":{"allow":["GET"]}}],"collection":[{"href":"https:\/\/www.gaveanews.com\/index.php\/wp-json\/wp\/v2\/posts"}],"about":[{"href":"https:\/\/www.gaveanews.com\/index.php\/wp-json\/wp\/v2\/types\/post"}],"author":[{"embeddable":true,"href":"https:\/\/www.gaveanews.com\/index.php\/wp-json\/wp\/v2\/users\/1"}],"replies":[{"embeddable":true,"href":"https:\/\/www.gaveanews.com\/index.php\/wp-json\/wp\/v2\/comments?post=65074"}],"version-history":[{"count":0,"href":"https:\/\/www.gaveanews.com\/index.php\/wp-json\/wp\/v2\/posts\/65074\/revisions"}],"wp:featuredmedia":[{"embeddable":true,"href":"https:\/\/www.gaveanews.com\/index.php\/wp-json\/wp\/v2\/media\/64680"}],"wp:attachment":[{"href":"https:\/\/www.gaveanews.com\/index.php\/wp-json\/wp\/v2\/media?parent=65074"}],"wp:term":[{"taxonomy":"category","embeddable":true,"href":"https:\/\/www.gaveanews.com\/index.php\/wp-json\/wp\/v2\/categories?post=65074"},{"taxonomy":"post_tag","embeddable":true,"href":"https:\/\/www.gaveanews.com\/index.php\/wp-json\/wp\/v2\/tags?post=65074"}],"curies":[{"name":"wp","href":"https:\/\/api.w.org\/{rel}","templated":true}]}}