{"id":65164,"date":"2021-08-03T00:30:21","date_gmt":"2021-08-03T03:30:21","guid":{"rendered":"https:\/\/www.gaveanews.com\/?p=65164"},"modified":"2021-08-03T00:30:23","modified_gmt":"2021-08-03T03:30:23","slug":"vai-ter-copinha-fpf-confirma-volta-do-torneio-em-2022","status":"publish","type":"post","link":"https:\/\/www.gaveanews.com\/index.php\/2021\/08\/03\/vai-ter-copinha-fpf-confirma-volta-do-torneio-em-2022\/","title":{"rendered":"Vai ter Copinha! FPF confirma volta do torneio em 2022"},"content":{"rendered":"\n<p>Vai ter Copinha em 2022! A Federa\u00e7\u00e3o Paulista de Futebol (FPF) divulgou nesta segunda-feira (2) que a competi\u00e7\u00e3o, uma das principais para as categorias de base no Brasil, ser\u00e1 retomada ap\u00f3s o cancelamento da edi\u00e7\u00e3o 2021 por causa da pandemia do coronav\u00edrus.<\/p>\n\n\n\n<p>A entidade divulgou uma ata com as diretrizes de realiza\u00e7\u00e3o do torneio, que deve se iniciar no dia 2 de janeiro de 2022. E se encerrar no dia 25, data do anivers\u00e1rio da cidade de S\u00e3o Paulo e onde a decis\u00e3o da competi\u00e7\u00e3o geralmente \u00e9 disputada. Mas as datas postas n\u00e3o ser\u00e3o consideradas como definitivas at\u00e9 que haja pronunciamento das potenciais empresas que transmitir\u00e3o o torneio ou de protocolos de seguran\u00e7a sanit\u00e1ria contra a Covid-19.<\/p>\n\n\n\n<p>A Copinha 2022 ter\u00e1 jogadores que nasceram entre os anos de 2001 e 2006. A inscri\u00e7\u00e3o dos atletas pelos clubes dever\u00e1 ser feita at\u00e9 30 de novembro de 2021, sem permiss\u00e3o de substitui\u00e7\u00f5es de atletas presentes na lista inicial, que englobar\u00e1 at\u00e9 30 atletas. At\u00e9 a data de in\u00edcio do certame, a lista ser\u00e1 cortada para 25 atletas que poder\u00e3o atuar na Copa S\u00e3o Paulo.<\/p>\n\n\n\n<p>Dados sobre sedes, n\u00famero e nomes dos times participantes, al\u00e9m do formato da competi\u00e7\u00e3o, n\u00e3o foram divulgados, mas devem ser feitos nos meses pr\u00f3ximos \u00e0 realiza\u00e7\u00e3o do torneio, que teve seu \u00faltimo certame em 2020, vencido pelo Internacional.<\/p>\n\n\n\n<p>Retirado de: Torcedores<\/p>\n","protected":false},"excerpt":{"rendered":"<p>Vai ter Copinha em 2022! A Federa\u00e7\u00e3o Paulista de Futebol (FPF) divulgou nesta segunda-feira (2) que a competi\u00e7\u00e3o, uma das principais para as categorias de base no Brasil, ser\u00e1 retomada ap\u00f3s o cancelamento da edi\u00e7\u00e3o 2021 por causa da pandemia do coronav\u00edrus. A entidade divulgou uma ata com as diretrizes de realiza\u00e7\u00e3o do torneio, que [&hellip;]<\/p>\n","protected":false},"author":1,"featured_media":52544,"comment_status":"open","ping_status":"closed","sticky":false,"template":"","format":"standard","meta":{"footnotes":""},"categories":[1],"tags":[],"class_list":["post-65164","post","type-post","status-publish","format-standard","has-post-thumbnail","hentry","category-flamengo"],"yoast_head":"<!-- This site is optimized with the Yoast SEO Premium plugin v24.2 (Yoast SEO v26.9) - https:\/\/yoast.com\/product\/yoast-seo-premium-wordpress\/ -->\n<title>Vai ter Copinha! FPF confirma volta do torneio em 2022<\/title>\n<meta name=\"robots\" content=\"index, follow, max-snippet:-1, max-image-preview:large, max-video-preview:-1\" \/>\n<link rel=\"canonical\" href=\"https:\/\/www.gaveanews.com\/index.php\/2021\/08\/03\/vai-ter-copinha-fpf-confirma-volta-do-torneio-em-2022\/\" \/>\n<meta property=\"og:locale\" content=\"pt_BR\" \/>\n<meta property=\"og:type\" content=\"article\" \/>\n<meta property=\"og:title\" content=\"Vai ter Copinha! FPF confirma volta do torneio em 2022\" \/>\n<meta property=\"og:description\" content=\"Vai ter Copinha em 2022! A Federa\u00e7\u00e3o Paulista de Futebol (FPF) divulgou nesta segunda-feira (2) que a competi\u00e7\u00e3o, uma das principais para as categorias de base no Brasil, ser\u00e1 retomada ap\u00f3s o cancelamento da edi\u00e7\u00e3o 2021 por causa da pandemia do coronav\u00edrus. A entidade divulgou uma ata com as diretrizes de realiza\u00e7\u00e3o do torneio, que [&hellip;]\" \/>\n<meta property=\"og:url\" content=\"https:\/\/www.gaveanews.com\/index.php\/2021\/08\/03\/vai-ter-copinha-fpf-confirma-volta-do-torneio-em-2022\/\" \/>\n<meta property=\"og:site_name\" content=\"G\u00e1vea News\" \/>\n<meta property=\"article:publisher\" content=\"https:\/\/facebook.com\/gaveaNews\/\" \/>\n<meta property=\"article:published_time\" content=\"2021-08-03T03:30:21+00:00\" \/>\n<meta property=\"article:modified_time\" content=\"2021-08-03T03:30:23+00:00\" \/>\n<meta property=\"og:image\" content=\"https:\/\/www.gaveanews.com\/wp-content\/uploads\/Taca-da-Copa-Sao-Paulo-de-Futebol-Junior.webp\" \/>\n\t<meta property=\"og:image:width\" content=\"1008\" \/>\n\t<meta property=\"og:image:height\" content=\"507\" \/>\n\t<meta property=\"og:image:type\" content=\"image\/jpeg\" \/>\n<meta name=\"author\" content=\"Equipe G\u00e1vea News\" \/>\n<meta name=\"twitter:card\" content=\"summary_large_image\" \/>\n<meta name=\"twitter:label1\" content=\"Escrito por\" \/>\n\t<meta name=\"twitter:data1\" content=\"Equipe G\u00e1vea News\" \/>\n\t<meta name=\"twitter:label2\" content=\"Est. tempo de leitura\" \/>\n\t<meta name=\"twitter:data2\" content=\"1 minuto\" \/>\n<script type=\"application\/ld+json\" class=\"yoast-schema-graph\">{\"@context\":\"https:\/\/schema.org\",\"@graph\":[{\"@type\":\"NewsArticle\",\"@id\":\"https:\/\/www.gaveanews.com\/index.php\/2021\/08\/03\/vai-ter-copinha-fpf-confirma-volta-do-torneio-em-2022\/#article\",\"isPartOf\":{\"@id\":\"https:\/\/www.gaveanews.com\/index.php\/2021\/08\/03\/vai-ter-copinha-fpf-confirma-volta-do-torneio-em-2022\/\"},\"author\":{\"name\":\"Equipe G\u00e1vea News\",\"@id\":\"https:\/\/www.gaveanews.com\/#\/schema\/person\/2ec14f73fb96be2caf28f91afb14749d\"},\"headline\":\"Vai ter Copinha! FPF confirma volta do torneio em 2022\",\"datePublished\":\"2021-08-03T03:30:21+00:00\",\"dateModified\":\"2021-08-03T03:30:23+00:00\",\"mainEntityOfPage\":{\"@id\":\"https:\/\/www.gaveanews.com\/index.php\/2021\/08\/03\/vai-ter-copinha-fpf-confirma-volta-do-torneio-em-2022\/\"},\"wordCount\":243,\"commentCount\":1,\"image\":{\"@id\":\"https:\/\/www.gaveanews.com\/index.php\/2021\/08\/03\/vai-ter-copinha-fpf-confirma-volta-do-torneio-em-2022\/#primaryimage\"},\"thumbnailUrl\":\"https:\/\/www.gaveanews.com\/wp-content\/uploads\/Taca-da-Copa-Sao-Paulo-de-Futebol-Junior.webp\",\"articleSection\":[\"Flamengo\"],\"inLanguage\":\"pt-BR\",\"potentialAction\":[{\"@type\":\"CommentAction\",\"name\":\"Comment\",\"target\":[\"https:\/\/www.gaveanews.com\/index.php\/2021\/08\/03\/vai-ter-copinha-fpf-confirma-volta-do-torneio-em-2022\/#respond\"]}],\"copyrightYear\":\"2021\",\"copyrightHolder\":{\"@id\":\"https:\/\/www.gaveanews.com\/#organization\"}},{\"@type\":\"WebPage\",\"@id\":\"https:\/\/www.gaveanews.com\/index.php\/2021\/08\/03\/vai-ter-copinha-fpf-confirma-volta-do-torneio-em-2022\/\",\"url\":\"https:\/\/www.gaveanews.com\/index.php\/2021\/08\/03\/vai-ter-copinha-fpf-confirma-volta-do-torneio-em-2022\/\",\"name\":\"Vai ter Copinha! FPF confirma volta do torneio em 2022\",\"isPartOf\":{\"@id\":\"https:\/\/www.gaveanews.com\/#website\"},\"primaryImageOfPage\":{\"@id\":\"https:\/\/www.gaveanews.com\/index.php\/2021\/08\/03\/vai-ter-copinha-fpf-confirma-volta-do-torneio-em-2022\/#primaryimage\"},\"image\":{\"@id\":\"https:\/\/www.gaveanews.com\/index.php\/2021\/08\/03\/vai-ter-copinha-fpf-confirma-volta-do-torneio-em-2022\/#primaryimage\"},\"thumbnailUrl\":\"https:\/\/www.gaveanews.com\/wp-content\/uploads\/Taca-da-Copa-Sao-Paulo-de-Futebol-Junior.webp\",\"datePublished\":\"2021-08-03T03:30:21+00:00\",\"dateModified\":\"2021-08-03T03:30:23+00:00\",\"author\":{\"@id\":\"https:\/\/www.gaveanews.com\/#\/schema\/person\/2ec14f73fb96be2caf28f91afb14749d\"},\"breadcrumb\":{\"@id\":\"https:\/\/www.gaveanews.com\/index.php\/2021\/08\/03\/vai-ter-copinha-fpf-confirma-volta-do-torneio-em-2022\/#breadcrumb\"},\"inLanguage\":\"pt-BR\",\"potentialAction\":[{\"@type\":\"ReadAction\",\"target\":[\"https:\/\/www.gaveanews.com\/index.php\/2021\/08\/03\/vai-ter-copinha-fpf-confirma-volta-do-torneio-em-2022\/\"]}]},{\"@type\":\"ImageObject\",\"inLanguage\":\"pt-BR\",\"@id\":\"https:\/\/www.gaveanews.com\/index.php\/2021\/08\/03\/vai-ter-copinha-fpf-confirma-volta-do-torneio-em-2022\/#primaryimage\",\"url\":\"https:\/\/www.gaveanews.com\/wp-content\/uploads\/Taca-da-Copa-Sao-Paulo-de-Futebol-Junior.webp\",\"contentUrl\":\"https:\/\/www.gaveanews.com\/wp-content\/uploads\/Taca-da-Copa-Sao-Paulo-de-Futebol-Junior.webp\",\"width\":1008,\"height\":507,\"caption\":\"Ta\u00e7a da Copa S\u00e3o Paulo de Futebol J\u00fanior (Foto: Rodrigo Corsi\/FPF-SP)\"},{\"@type\":\"BreadcrumbList\",\"@id\":\"https:\/\/www.gaveanews.com\/index.php\/2021\/08\/03\/vai-ter-copinha-fpf-confirma-volta-do-torneio-em-2022\/#breadcrumb\",\"itemListElement\":[{\"@type\":\"ListItem\",\"position\":1,\"name\":\"Home\",\"item\":\"https:\/\/www.gaveanews.com\/\"},{\"@type\":\"ListItem\",\"position\":2,\"name\":\"Vai ter Copinha! FPF confirma volta do torneio em 2022\"}]},{\"@type\":\"WebSite\",\"@id\":\"https:\/\/www.gaveanews.com\/#website\",\"url\":\"https:\/\/www.gaveanews.com\/\",\"name\":\"G\u00e1vea News\",\"description\":\"Veja todas as not\u00edcias sobre o Flamengo: Contrata\u00e7\u00f5es, categorias de base, resultados das partidas, tabela de classifica\u00e7\u00e3o, pr\u00f3ximos jogos!\",\"potentialAction\":[{\"@type\":\"SearchAction\",\"target\":{\"@type\":\"EntryPoint\",\"urlTemplate\":\"https:\/\/www.gaveanews.com\/?s={search_term_string}\"},\"query-input\":{\"@type\":\"PropertyValueSpecification\",\"valueRequired\":true,\"valueName\":\"search_term_string\"}}],\"inLanguage\":\"pt-BR\"},{\"@type\":\"Person\",\"@id\":\"https:\/\/www.gaveanews.com\/#\/schema\/person\/2ec14f73fb96be2caf28f91afb14749d\",\"name\":\"Equipe G\u00e1vea News\",\"image\":{\"@type\":\"ImageObject\",\"inLanguage\":\"pt-BR\",\"@id\":\"https:\/\/www.gaveanews.com\/#\/schema\/person\/image\/\",\"url\":\"https:\/\/secure.gravatar.com\/avatar\/1e1956f1facbffd3f8fa53a326721950116b3b9dc9bd44939c01180fd4a745a9?s=96&d=mm&r=g\",\"contentUrl\":\"https:\/\/secure.gravatar.com\/avatar\/1e1956f1facbffd3f8fa53a326721950116b3b9dc9bd44939c01180fd4a745a9?s=96&d=mm&r=g\",\"caption\":\"Equipe G\u00e1vea News\"}}]}<\/script>\n<!-- \/ Yoast SEO Premium plugin. -->","yoast_head_json":{"title":"Vai ter Copinha! FPF confirma volta do torneio em 2022","robots":{"index":"index","follow":"follow","max-snippet":"max-snippet:-1","max-image-preview":"max-image-preview:large","max-video-preview":"max-video-preview:-1"},"canonical":"https:\/\/www.gaveanews.com\/index.php\/2021\/08\/03\/vai-ter-copinha-fpf-confirma-volta-do-torneio-em-2022\/","og_locale":"pt_BR","og_type":"article","og_title":"Vai ter Copinha! FPF confirma volta do torneio em 2022","og_description":"Vai ter Copinha em 2022! A Federa\u00e7\u00e3o Paulista de Futebol (FPF) divulgou nesta segunda-feira (2) que a competi\u00e7\u00e3o, uma das principais para as categorias de base no Brasil, ser\u00e1 retomada ap\u00f3s o cancelamento da edi\u00e7\u00e3o 2021 por causa da pandemia do coronav\u00edrus. A entidade divulgou uma ata com as diretrizes de realiza\u00e7\u00e3o do torneio, que [&hellip;]","og_url":"https:\/\/www.gaveanews.com\/index.php\/2021\/08\/03\/vai-ter-copinha-fpf-confirma-volta-do-torneio-em-2022\/","og_site_name":"G\u00e1vea News","article_publisher":"https:\/\/facebook.com\/gaveaNews\/","article_published_time":"2021-08-03T03:30:21+00:00","article_modified_time":"2021-08-03T03:30:23+00:00","og_image":[{"width":1008,"height":507,"url":"https:\/\/www.gaveanews.com\/wp-content\/uploads\/Taca-da-Copa-Sao-Paulo-de-Futebol-Junior.webp","type":"image\/jpeg"}],"author":"Equipe G\u00e1vea News","twitter_card":"summary_large_image","twitter_misc":{"Escrito por":"Equipe G\u00e1vea News","Est. tempo de leitura":"1 minuto"},"schema":{"@context":"https:\/\/schema.org","@graph":[{"@type":"NewsArticle","@id":"https:\/\/www.gaveanews.com\/index.php\/2021\/08\/03\/vai-ter-copinha-fpf-confirma-volta-do-torneio-em-2022\/#article","isPartOf":{"@id":"https:\/\/www.gaveanews.com\/index.php\/2021\/08\/03\/vai-ter-copinha-fpf-confirma-volta-do-torneio-em-2022\/"},"author":{"name":"Equipe G\u00e1vea News","@id":"https:\/\/www.gaveanews.com\/#\/schema\/person\/2ec14f73fb96be2caf28f91afb14749d"},"headline":"Vai ter Copinha! FPF confirma volta do torneio em 2022","datePublished":"2021-08-03T03:30:21+00:00","dateModified":"2021-08-03T03:30:23+00:00","mainEntityOfPage":{"@id":"https:\/\/www.gaveanews.com\/index.php\/2021\/08\/03\/vai-ter-copinha-fpf-confirma-volta-do-torneio-em-2022\/"},"wordCount":243,"commentCount":1,"image":{"@id":"https:\/\/www.gaveanews.com\/index.php\/2021\/08\/03\/vai-ter-copinha-fpf-confirma-volta-do-torneio-em-2022\/#primaryimage"},"thumbnailUrl":"https:\/\/www.gaveanews.com\/wp-content\/uploads\/Taca-da-Copa-Sao-Paulo-de-Futebol-Junior.webp","articleSection":["Flamengo"],"inLanguage":"pt-BR","potentialAction":[{"@type":"CommentAction","name":"Comment","target":["https:\/\/www.gaveanews.com\/index.php\/2021\/08\/03\/vai-ter-copinha-fpf-confirma-volta-do-torneio-em-2022\/#respond"]}],"copyrightYear":"2021","copyrightHolder":{"@id":"https:\/\/www.gaveanews.com\/#organization"}},{"@type":"WebPage","@id":"https:\/\/www.gaveanews.com\/index.php\/2021\/08\/03\/vai-ter-copinha-fpf-confirma-volta-do-torneio-em-2022\/","url":"https:\/\/www.gaveanews.com\/index.php\/2021\/08\/03\/vai-ter-copinha-fpf-confirma-volta-do-torneio-em-2022\/","name":"Vai ter Copinha! FPF confirma volta do torneio em 2022","isPartOf":{"@id":"https:\/\/www.gaveanews.com\/#website"},"primaryImageOfPage":{"@id":"https:\/\/www.gaveanews.com\/index.php\/2021\/08\/03\/vai-ter-copinha-fpf-confirma-volta-do-torneio-em-2022\/#primaryimage"},"image":{"@id":"https:\/\/www.gaveanews.com\/index.php\/2021\/08\/03\/vai-ter-copinha-fpf-confirma-volta-do-torneio-em-2022\/#primaryimage"},"thumbnailUrl":"https:\/\/www.gaveanews.com\/wp-content\/uploads\/Taca-da-Copa-Sao-Paulo-de-Futebol-Junior.webp","datePublished":"2021-08-03T03:30:21+00:00","dateModified":"2021-08-03T03:30:23+00:00","author":{"@id":"https:\/\/www.gaveanews.com\/#\/schema\/person\/2ec14f73fb96be2caf28f91afb14749d"},"breadcrumb":{"@id":"https:\/\/www.gaveanews.com\/index.php\/2021\/08\/03\/vai-ter-copinha-fpf-confirma-volta-do-torneio-em-2022\/#breadcrumb"},"inLanguage":"pt-BR","potentialAction":[{"@type":"ReadAction","target":["https:\/\/www.gaveanews.com\/index.php\/2021\/08\/03\/vai-ter-copinha-fpf-confirma-volta-do-torneio-em-2022\/"]}]},{"@type":"ImageObject","inLanguage":"pt-BR","@id":"https:\/\/www.gaveanews.com\/index.php\/2021\/08\/03\/vai-ter-copinha-fpf-confirma-volta-do-torneio-em-2022\/#primaryimage","url":"https:\/\/www.gaveanews.com\/wp-content\/uploads\/Taca-da-Copa-Sao-Paulo-de-Futebol-Junior.webp","contentUrl":"https:\/\/www.gaveanews.com\/wp-content\/uploads\/Taca-da-Copa-Sao-Paulo-de-Futebol-Junior.webp","width":1008,"height":507,"caption":"Ta\u00e7a da Copa S\u00e3o Paulo de Futebol J\u00fanior (Foto: Rodrigo Corsi\/FPF-SP)"},{"@type":"BreadcrumbList","@id":"https:\/\/www.gaveanews.com\/index.php\/2021\/08\/03\/vai-ter-copinha-fpf-confirma-volta-do-torneio-em-2022\/#breadcrumb","itemListElement":[{"@type":"ListItem","position":1,"name":"Home","item":"https:\/\/www.gaveanews.com\/"},{"@type":"ListItem","position":2,"name":"Vai ter Copinha! FPF confirma volta do torneio em 2022"}]},{"@type":"WebSite","@id":"https:\/\/www.gaveanews.com\/#website","url":"https:\/\/www.gaveanews.com\/","name":"G\u00e1vea News","description":"Veja todas as not\u00edcias sobre o Flamengo: Contrata\u00e7\u00f5es, categorias de base, resultados das partidas, tabela de classifica\u00e7\u00e3o, pr\u00f3ximos jogos!","potentialAction":[{"@type":"SearchAction","target":{"@type":"EntryPoint","urlTemplate":"https:\/\/www.gaveanews.com\/?s={search_term_string}"},"query-input":{"@type":"PropertyValueSpecification","valueRequired":true,"valueName":"search_term_string"}}],"inLanguage":"pt-BR"},{"@type":"Person","@id":"https:\/\/www.gaveanews.com\/#\/schema\/person\/2ec14f73fb96be2caf28f91afb14749d","name":"Equipe G\u00e1vea News","image":{"@type":"ImageObject","inLanguage":"pt-BR","@id":"https:\/\/www.gaveanews.com\/#\/schema\/person\/image\/","url":"https:\/\/secure.gravatar.com\/avatar\/1e1956f1facbffd3f8fa53a326721950116b3b9dc9bd44939c01180fd4a745a9?s=96&d=mm&r=g","contentUrl":"https:\/\/secure.gravatar.com\/avatar\/1e1956f1facbffd3f8fa53a326721950116b3b9dc9bd44939c01180fd4a745a9?s=96&d=mm&r=g","caption":"Equipe G\u00e1vea News"}}]}},"_links":{"self":[{"href":"https:\/\/www.gaveanews.com\/index.php\/wp-json\/wp\/v2\/posts\/65164","targetHints":{"allow":["GET"]}}],"collection":[{"href":"https:\/\/www.gaveanews.com\/index.php\/wp-json\/wp\/v2\/posts"}],"about":[{"href":"https:\/\/www.gaveanews.com\/index.php\/wp-json\/wp\/v2\/types\/post"}],"author":[{"embeddable":true,"href":"https:\/\/www.gaveanews.com\/index.php\/wp-json\/wp\/v2\/users\/1"}],"replies":[{"embeddable":true,"href":"https:\/\/www.gaveanews.com\/index.php\/wp-json\/wp\/v2\/comments?post=65164"}],"version-history":[{"count":0,"href":"https:\/\/www.gaveanews.com\/index.php\/wp-json\/wp\/v2\/posts\/65164\/revisions"}],"wp:featuredmedia":[{"embeddable":true,"href":"https:\/\/www.gaveanews.com\/index.php\/wp-json\/wp\/v2\/media\/52544"}],"wp:attachment":[{"href":"https:\/\/www.gaveanews.com\/index.php\/wp-json\/wp\/v2\/media?parent=65164"}],"wp:term":[{"taxonomy":"category","embeddable":true,"href":"https:\/\/www.gaveanews.com\/index.php\/wp-json\/wp\/v2\/categories?post=65164"},{"taxonomy":"post_tag","embeddable":true,"href":"https:\/\/www.gaveanews.com\/index.php\/wp-json\/wp\/v2\/tags?post=65164"}],"curies":[{"name":"wp","href":"https:\/\/api.w.org\/{rel}","templated":true}]}}